{"id":283718,"date":"2020-02-27T09:01:29","date_gmt":"2020-02-27T08:01:29","guid":{"rendered":"http:\/\/kapitalis.com\/tunisie\/?p=283718"},"modified":"2020-02-27T09:02:16","modified_gmt":"2020-02-27T08:02:16","slug":"tunisie-les-societes-privees-seront-dorenavant-autorisees-a-produire-de-lelectricite","status":"publish","type":"post","link":"https:\/\/kapitalis.com\/tunisie\/2020\/02\/27\/tunisie-les-societes-privees-seront-dorenavant-autorisees-a-produire-de-lelectricite\/","title":{"rendered":"Tunisie : les soci\u00e9t\u00e9s priv\u00e9es autoris\u00e9es \u00e0 produire et \u00e0 vendre de l&rsquo;\u00e9lectricit\u00e9"},"content":{"rendered":"\n<figure class=\"wp-block-image size-large\"><img decoding=\"async\" src=\"http:\/\/kapitalis.com\/tunisie\/wp-content\/uploads\/2016\/07\/Energies-renouvelables.jpg\" alt=\"\" class=\"wp-image-57601\"\/><\/figure>\n\n\n\n<p><strong><em>La <a rel=\"noreferrer noopener\" aria-label=\"Pr\u00e9sidence du gouvernement  (s\u2019ouvre dans un nouvel onglet)\" href=\"https:\/\/www.facebook.com\/notes\/pr%C3%A9sidence-du-gouvernement-tunisien-%D8%B1%D8%A6%D8%A7%D8%B3%D8%A9-%D8%A7%D9%84%D8%AD%D9%83%D9%88%D9%85%D8%A9-%D8%A7%D9%84%D8%AA%D9%88%D9%86%D8%B3%D9%8A%D8%A9\/%D8%A8%D9%84%D8%A7%D8%BA\/3397044973644299\/\" target=\"_blank\">pr\u00e9sidence du gouvernement <\/a>a publi\u00e9,<\/em><\/strong> <em style=\"font-weight: bold;\"> mercredi 26 f\u00e9vrier 2020<\/em>,<strong><em> un d\u00e9cret gouvernemental permettant aux entreprises priv\u00e9es de produire de l&rsquo;\u00e9lectricit\u00e9 \u00e0 partir d&rsquo;\u00e9nergies renouvelables, de la vendre aux gros consommateurs, et de b\u00e9n\u00e9ficier du droit de la transf\u00e9rer via le r\u00e9seau national de la<\/em><\/strong> <strong><em>Soci\u00e9t\u00e9 nationale d&rsquo;\u00e9lectricit\u00e9 et de gaz (Steg).<\/em><\/strong><\/p>\n\n\n\n<!--more-->\n\n\n\n<p>Le d\u00e9cret gouvernemental est publi\u00e9 sur la base de l&rsquo;article 9 de la loi n\u00b0 2015-12 du 11 mai 2015 portant sur la production d&rsquo;\u00e9lectricit\u00e9 \u00e0 partir d&rsquo;\u00e9nergies renouvelables. Il r\u00e9glemente les conditions et proc\u00e9dures d&rsquo;octroi d&rsquo;agr\u00e9ments pour la cr\u00e9ation de l&rsquo;entreprise d&rsquo;auto-production d&rsquo;\u00e9nergie, les conditions de sa transmission, et de la vente des exc\u00e9dents \u00e0 la Steg.<\/p>\n\n\n\n<p>Le d\u00e9cret entre dans le cadre de la poursuite des investissements dans ce type d&rsquo;\u00e9nergies consid\u00e9r\u00e9es comme une des futures alternatives, les plus importantes actuellement disponibles, pour r\u00e9aliser le d\u00e9veloppement durable du pays. <\/p>\n\n\n\n<p>Cette nouvelle mesure permettra de renouveler les investissements des centrales de production d&rsquo;\u00e9lectricit\u00e9 \u00e0 partir d&rsquo;\u00e9nergies renouvelables d&rsquo;une part, et d&rsquo;autre part aux grands consommateurs d&rsquo;\u00e9lectricit\u00e9 de s\u00e9curiser une part importante de leurs besoins en \u00e9nergie \u00e0 un co\u00fbt faible et stable, ce qui contribuera \u00e0 am\u00e9liorer n\u00e9cessairement leur comp\u00e9titivit\u00e9. <\/p>\n\n\n\n<p>En plus de l&rsquo;impact sur la grande rentabilit\u00e9 au niveau national repr\u00e9sent\u00e9e par le renforcement de la confiance des investisseurs dans le march\u00e9 tunisien, cette mesure est de nature \u00e0 faciliter la cr\u00e9ation de nouvelles opportunit\u00e9s d&#8217;emploi pour les jeunes, notamment les dipl\u00f4m\u00e9s du sup\u00e9rieur, et contribuerait \u00e0 baisser les prix des diff\u00e9rents produits industriels \u00e0 fort contenu \u00e9nerg\u00e9tique.<\/p>\n\n\n\n<p class=\"has-text-align-right\"><strong>A. M.<\/strong><\/p>\n","protected":false},"excerpt":{"rendered":"<p>La pr\u00e9sidence du gouvernement a publi\u00e9, mercredi 26 f\u00e9vrier 2020, un d\u00e9cret gouvernemental permettant aux entreprises priv\u00e9es de produire de l&rsquo;\u00e9lectricit\u00e9 \u00e0 partir d&rsquo;\u00e9nergies renouvelables, de la vendre aux gros consommateurs, et de b\u00e9n\u00e9ficier du droit de la transf\u00e9rer via le r\u00e9seau national de la Soci\u00e9t\u00e9 nationale d&rsquo;\u00e9lectricit\u00e9 et de gaz (Steg).<\/p>\n","protected":false},"author":22,"featured_media":0,"comment_status":"open","ping_status":"open","sticky":false,"template":"","format":"standard","meta":{"footnotes":""},"categories":[995,2433],"tags":[75497,4792,3763],"class_list":["post-283718","post","type-post","status-publish","format-standard","hentry","category-economie","category-tunisie","tag-loi-2015-12-du-11-mai-2015","tag-presidence-du-gouvernement","tag-steg"],"yoast_head":"<!-- This site is optimized with the Yoast SEO plugin v26.6 - https:\/\/yoast.com\/wordpress\/plugins\/seo\/ -->\n<title>Tunisie : les soci\u00e9t\u00e9s priv\u00e9es autoris\u00e9es \u00e0 produire et \u00e0 vendre de l&#039;\u00e9lectricit\u00e9 - Kapitalis<\/title>\n<meta name=\"robots\" content=\"index, follow, max-snippet:-1, max-image-preview:large, max-video-preview:-1\" \/>\n<link rel=\"canonical\" href=\"https:\/\/kapitalis.com\/tunisie\/2020\/02\/27\/tunisie-les-societes-privees-seront-dorenavant-autorisees-a-produire-de-lelectricite\/\" \/>\n<meta property=\"og:locale\" content=\"fr_FR\" \/>\n<meta property=\"og:type\" content=\"article\" \/>\n<meta property=\"og:title\" content=\"Tunisie : les soci\u00e9t\u00e9s priv\u00e9es autoris\u00e9es \u00e0 produire et \u00e0 vendre de l&#039;\u00e9lectricit\u00e9 - Kapitalis\" \/>\n<meta property=\"og:description\" content=\"La pr\u00e9sidence du gouvernement a publi\u00e9, mercredi 26 f\u00e9vrier 2020, un d\u00e9cret gouvernemental permettant aux entreprises priv\u00e9es de produire de l&rsquo;\u00e9lectricit\u00e9 \u00e0 partir d&rsquo;\u00e9nergies renouvelables, de la vendre aux gros consommateurs, et de b\u00e9n\u00e9ficier du droit de la transf\u00e9rer via le r\u00e9seau national de la Soci\u00e9t\u00e9 nationale d&rsquo;\u00e9lectricit\u00e9 et de gaz (Steg).\" \/>\n<meta property=\"og:url\" content=\"https:\/\/kapitalis.com\/tunisie\/2020\/02\/27\/tunisie-les-societes-privees-seront-dorenavant-autorisees-a-produire-de-lelectricite\/\" \/>\n<meta property=\"og:site_name\" content=\"Kapitalis\" \/>\n<meta property=\"article:publisher\" content=\"https:\/\/www.facebook.com\/KapitalisInfo\/\" \/>\n<meta property=\"article:published_time\" content=\"2020-02-27T08:01:29+00:00\" \/>\n<meta property=\"article:modified_time\" content=\"2020-02-27T08:02:16+00:00\" \/>\n<meta property=\"og:image\" content=\"http:\/\/kapitalis.com\/tunisie\/wp-content\/uploads\/2016\/07\/Energies-renouvelables.jpg\" \/>\n<meta name=\"author\" content=\"Amina Mkada\" \/>\n<meta name=\"twitter:card\" content=\"summary_large_image\" \/>\n<meta name=\"twitter:creator\" content=\"@KapitalisInfo\" \/>\n<meta name=\"twitter:site\" content=\"@KapitalisInfo\" \/>\n<meta name=\"twitter:label1\" content=\"\u00c9crit par\" \/>\n\t<meta name=\"twitter:data1\" content=\"Amina Mkada\" \/>\n\t<meta name=\"twitter:label2\" content=\"Dur\u00e9e de lecture estim\u00e9e\" \/>\n\t<meta name=\"twitter:data2\" content=\"1 minute\" \/>\n<script type=\"application\/ld+json\" class=\"yoast-schema-graph\">{\"@context\":\"https:\/\/schema.org\",\"@graph\":[{\"@type\":\"Article\",\"@id\":\"https:\/\/kapitalis.com\/tunisie\/2020\/02\/27\/tunisie-les-societes-privees-seront-dorenavant-autorisees-a-produire-de-lelectricite\/#article\",\"isPartOf\":{\"@id\":\"https:\/\/kapitalis.com\/tunisie\/2020\/02\/27\/tunisie-les-societes-privees-seront-dorenavant-autorisees-a-produire-de-lelectricite\/\"},\"author\":{\"name\":\"Amina Mkada\",\"@id\":\"https:\/\/kapitalis.com\/tunisie\/#\/schema\/person\/093913313d3017554cb3ad077fff3fbd\"},\"headline\":\"Tunisie : les soci\u00e9t\u00e9s priv\u00e9es autoris\u00e9es \u00e0 produire et \u00e0 vendre de l&rsquo;\u00e9lectricit\u00e9\",\"datePublished\":\"2020-02-27T08:01:29+00:00\",\"dateModified\":\"2020-02-27T08:02:16+00:00\",\"mainEntityOfPage\":{\"@id\":\"https:\/\/kapitalis.com\/tunisie\/2020\/02\/27\/tunisie-les-societes-privees-seront-dorenavant-autorisees-a-produire-de-lelectricite\/\"},\"wordCount\":299,\"commentCount\":0,\"publisher\":{\"@id\":\"https:\/\/kapitalis.com\/tunisie\/#organization\"},\"image\":{\"@id\":\"https:\/\/kapitalis.com\/tunisie\/2020\/02\/27\/tunisie-les-societes-privees-seront-dorenavant-autorisees-a-produire-de-lelectricite\/#primaryimage\"},\"thumbnailUrl\":\"http:\/\/kapitalis.com\/tunisie\/wp-content\/uploads\/2016\/07\/Energies-renouvelables.jpg\",\"keywords\":[\"Loi 2015-12 du 11 mai 2015\",\"pr\u00e9sidence du gouvernement\",\"Steg\"],\"articleSection\":[\"ECONOMIE\",\"Tunisie\"],\"inLanguage\":\"fr-FR\",\"potentialAction\":[{\"@type\":\"CommentAction\",\"name\":\"Comment\",\"target\":[\"https:\/\/kapitalis.com\/tunisie\/2020\/02\/27\/tunisie-les-societes-privees-seront-dorenavant-autorisees-a-produire-de-lelectricite\/#respond\"]}]},{\"@type\":\"WebPage\",\"@id\":\"https:\/\/kapitalis.com\/tunisie\/2020\/02\/27\/tunisie-les-societes-privees-seront-dorenavant-autorisees-a-produire-de-lelectricite\/\",\"url\":\"https:\/\/kapitalis.com\/tunisie\/2020\/02\/27\/tunisie-les-societes-privees-seront-dorenavant-autorisees-a-produire-de-lelectricite\/\",\"name\":\"Tunisie : les soci\u00e9t\u00e9s priv\u00e9es autoris\u00e9es \u00e0 produire et \u00e0 vendre de l'\u00e9lectricit\u00e9 - Kapitalis\",\"isPartOf\":{\"@id\":\"https:\/\/kapitalis.com\/tunisie\/#website\"},\"primaryImageOfPage\":{\"@id\":\"https:\/\/kapitalis.com\/tunisie\/2020\/02\/27\/tunisie-les-societes-privees-seront-dorenavant-autorisees-a-produire-de-lelectricite\/#primaryimage\"},\"image\":{\"@id\":\"https:\/\/kapitalis.com\/tunisie\/2020\/02\/27\/tunisie-les-societes-privees-seront-dorenavant-autorisees-a-produire-de-lelectricite\/#primaryimage\"},\"thumbnailUrl\":\"http:\/\/kapitalis.com\/tunisie\/wp-content\/uploads\/2016\/07\/Energies-renouvelables.jpg\",\"datePublished\":\"2020-02-27T08:01:29+00:00\",\"dateModified\":\"2020-02-27T08:02:16+00:00\",\"breadcrumb\":{\"@id\":\"https:\/\/kapitalis.com\/tunisie\/2020\/02\/27\/tunisie-les-societes-privees-seront-dorenavant-autorisees-a-produire-de-lelectricite\/#breadcrumb\"},\"inLanguage\":\"fr-FR\",\"potentialAction\":[{\"@type\":\"ReadAction\",\"target\":[\"https:\/\/kapitalis.com\/tunisie\/2020\/02\/27\/tunisie-les-societes-privees-seront-dorenavant-autorisees-a-produire-de-lelectricite\/\"]}]},{\"@type\":\"ImageObject\",\"inLanguage\":\"fr-FR\",\"@id\":\"https:\/\/kapitalis.com\/tunisie\/2020\/02\/27\/tunisie-les-societes-privees-seront-dorenavant-autorisees-a-produire-de-lelectricite\/#primaryimage\",\"url\":\"http:\/\/kapitalis.com\/tunisie\/wp-content\/uploads\/2016\/07\/Energies-renouvelables.jpg\",\"contentUrl\":\"http:\/\/kapitalis.com\/tunisie\/wp-content\/uploads\/2016\/07\/Energies-renouvelables.jpg\"},{\"@type\":\"BreadcrumbList\",\"@id\":\"https:\/\/kapitalis.com\/tunisie\/2020\/02\/27\/tunisie-les-societes-privees-seront-dorenavant-autorisees-a-produire-de-lelectricite\/#breadcrumb\",\"itemListElement\":[{\"@type\":\"ListItem\",\"position\":1,\"name\":\"Accueil\",\"item\":\"https:\/\/kapitalis.com\/tunisie\/\"},{\"@type\":\"ListItem\",\"position\":2,\"name\":\"Tunisie : les soci\u00e9t\u00e9s priv\u00e9es autoris\u00e9es \u00e0 produire et \u00e0 vendre de l&rsquo;\u00e9lectricit\u00e9\"}]},{\"@type\":\"WebSite\",\"@id\":\"https:\/\/kapitalis.com\/tunisie\/#website\",\"url\":\"https:\/\/kapitalis.com\/tunisie\/\",\"name\":\"Kapitalis\",\"description\":\"L&#039;actualit\u00e9 en Tunisie et dans le monde\",\"publisher\":{\"@id\":\"https:\/\/kapitalis.com\/tunisie\/#organization\"},\"potentialAction\":[{\"@type\":\"SearchAction\",\"target\":{\"@type\":\"EntryPoint\",\"urlTemplate\":\"https:\/\/kapitalis.com\/tunisie\/?s={search_term_string}\"},\"query-input\":{\"@type\":\"PropertyValueSpecification\",\"valueRequired\":true,\"valueName\":\"search_term_string\"}}],\"inLanguage\":\"fr-FR\"},{\"@type\":\"Organization\",\"@id\":\"https:\/\/kapitalis.com\/tunisie\/#organization\",\"name\":\"Kapitalis\",\"url\":\"https:\/\/kapitalis.com\/tunisie\/\",\"logo\":{\"@type\":\"ImageObject\",\"inLanguage\":\"fr-FR\",\"@id\":\"https:\/\/kapitalis.com\/tunisie\/#\/schema\/logo\/image\/\",\"url\":\"https:\/\/kapitalis.com\/tunisie\/wp-content\/uploads\/2022\/05\/Kapitalis-big-size.png\",\"contentUrl\":\"https:\/\/kapitalis.com\/tunisie\/wp-content\/uploads\/2022\/05\/Kapitalis-big-size.png\",\"width\":5000,\"height\":1500,\"caption\":\"Kapitalis\"},\"image\":{\"@id\":\"https:\/\/kapitalis.com\/tunisie\/#\/schema\/logo\/image\/\"},\"sameAs\":[\"https:\/\/www.facebook.com\/KapitalisInfo\/\",\"https:\/\/x.com\/KapitalisInfo\",\"https:\/\/www.youtube.com\/channel\/UC-yDYrHyfFBWWZaOw3FPg9Q\"]},{\"@type\":\"Person\",\"@id\":\"https:\/\/kapitalis.com\/tunisie\/#\/schema\/person\/093913313d3017554cb3ad077fff3fbd\",\"name\":\"Amina Mkada\",\"url\":\"https:\/\/kapitalis.com\/tunisie\/author\/amina\/\"}]}<\/script>\n<!-- \/ Yoast SEO plugin. -->","yoast_head_json":{"title":"Tunisie : les soci\u00e9t\u00e9s priv\u00e9es autoris\u00e9es \u00e0 produire et \u00e0 vendre de l'\u00e9lectricit\u00e9 - Kapitalis","robots":{"index":"index","follow":"follow","max-snippet":"max-snippet:-1","max-image-preview":"max-image-preview:large","max-video-preview":"max-video-preview:-1"},"canonical":"https:\/\/kapitalis.com\/tunisie\/2020\/02\/27\/tunisie-les-societes-privees-seront-dorenavant-autorisees-a-produire-de-lelectricite\/","og_locale":"fr_FR","og_type":"article","og_title":"Tunisie : les soci\u00e9t\u00e9s priv\u00e9es autoris\u00e9es \u00e0 produire et \u00e0 vendre de l'\u00e9lectricit\u00e9 - Kapitalis","og_description":"La pr\u00e9sidence du gouvernement a publi\u00e9, mercredi 26 f\u00e9vrier 2020, un d\u00e9cret gouvernemental permettant aux entreprises priv\u00e9es de produire de l&rsquo;\u00e9lectricit\u00e9 \u00e0 partir d&rsquo;\u00e9nergies renouvelables, de la vendre aux gros consommateurs, et de b\u00e9n\u00e9ficier du droit de la transf\u00e9rer via le r\u00e9seau national de la Soci\u00e9t\u00e9 nationale d&rsquo;\u00e9lectricit\u00e9 et de gaz (Steg).","og_url":"https:\/\/kapitalis.com\/tunisie\/2020\/02\/27\/tunisie-les-societes-privees-seront-dorenavant-autorisees-a-produire-de-lelectricite\/","og_site_name":"Kapitalis","article_publisher":"https:\/\/www.facebook.com\/KapitalisInfo\/","article_published_time":"2020-02-27T08:01:29+00:00","article_modified_time":"2020-02-27T08:02:16+00:00","og_image":[{"url":"http:\/\/kapitalis.com\/tunisie\/wp-content\/uploads\/2016\/07\/Energies-renouvelables.jpg","type":"","width":"","height":""}],"author":"Amina Mkada","twitter_card":"summary_large_image","twitter_creator":"@KapitalisInfo","twitter_site":"@KapitalisInfo","twitter_misc":{"\u00c9crit par":"Amina Mkada","Dur\u00e9e de lecture estim\u00e9e":"1 minute"},"schema":{"@context":"https:\/\/schema.org","@graph":[{"@type":"Article","@id":"https:\/\/kapitalis.com\/tunisie\/2020\/02\/27\/tunisie-les-societes-privees-seront-dorenavant-autorisees-a-produire-de-lelectricite\/#article","isPartOf":{"@id":"https:\/\/kapitalis.com\/tunisie\/2020\/02\/27\/tunisie-les-societes-privees-seront-dorenavant-autorisees-a-produire-de-lelectricite\/"},"author":{"name":"Amina Mkada","@id":"https:\/\/kapitalis.com\/tunisie\/#\/schema\/person\/093913313d3017554cb3ad077fff3fbd"},"headline":"Tunisie : les soci\u00e9t\u00e9s priv\u00e9es autoris\u00e9es \u00e0 produire et \u00e0 vendre de l&rsquo;\u00e9lectricit\u00e9","datePublished":"2020-02-27T08:01:29+00:00","dateModified":"2020-02-27T08:02:16+00:00","mainEntityOfPage":{"@id":"https:\/\/kapitalis.com\/tunisie\/2020\/02\/27\/tunisie-les-societes-privees-seront-dorenavant-autorisees-a-produire-de-lelectricite\/"},"wordCount":299,"commentCount":0,"publisher":{"@id":"https:\/\/kapitalis.com\/tunisie\/#organization"},"image":{"@id":"https:\/\/kapitalis.com\/tunisie\/2020\/02\/27\/tunisie-les-societes-privees-seront-dorenavant-autorisees-a-produire-de-lelectricite\/#primaryimage"},"thumbnailUrl":"http:\/\/kapitalis.com\/tunisie\/wp-content\/uploads\/2016\/07\/Energies-renouvelables.jpg","keywords":["Loi 2015-12 du 11 mai 2015","pr\u00e9sidence du gouvernement","Steg"],"articleSection":["ECONOMIE","Tunisie"],"inLanguage":"fr-FR","potentialAction":[{"@type":"CommentAction","name":"Comment","target":["https:\/\/kapitalis.com\/tunisie\/2020\/02\/27\/tunisie-les-societes-privees-seront-dorenavant-autorisees-a-produire-de-lelectricite\/#respond"]}]},{"@type":"WebPage","@id":"https:\/\/kapitalis.com\/tunisie\/2020\/02\/27\/tunisie-les-societes-privees-seront-dorenavant-autorisees-a-produire-de-lelectricite\/","url":"https:\/\/kapitalis.com\/tunisie\/2020\/02\/27\/tunisie-les-societes-privees-seront-dorenavant-autorisees-a-produire-de-lelectricite\/","name":"Tunisie : les soci\u00e9t\u00e9s priv\u00e9es autoris\u00e9es \u00e0 produire et \u00e0 vendre de l'\u00e9lectricit\u00e9 - Kapitalis","isPartOf":{"@id":"https:\/\/kapitalis.com\/tunisie\/#website"},"primaryImageOfPage":{"@id":"https:\/\/kapitalis.com\/tunisie\/2020\/02\/27\/tunisie-les-societes-privees-seront-dorenavant-autorisees-a-produire-de-lelectricite\/#primaryimage"},"image":{"@id":"https:\/\/kapitalis.com\/tunisie\/2020\/02\/27\/tunisie-les-societes-privees-seront-dorenavant-autorisees-a-produire-de-lelectricite\/#primaryimage"},"thumbnailUrl":"http:\/\/kapitalis.com\/tunisie\/wp-content\/uploads\/2016\/07\/Energies-renouvelables.jpg","datePublished":"2020-02-27T08:01:29+00:00","dateModified":"2020-02-27T08:02:16+00:00","breadcrumb":{"@id":"https:\/\/kapitalis.com\/tunisie\/2020\/02\/27\/tunisie-les-societes-privees-seront-dorenavant-autorisees-a-produire-de-lelectricite\/#breadcrumb"},"inLanguage":"fr-FR","potentialAction":[{"@type":"ReadAction","target":["https:\/\/kapitalis.com\/tunisie\/2020\/02\/27\/tunisie-les-societes-privees-seront-dorenavant-autorisees-a-produire-de-lelectricite\/"]}]},{"@type":"ImageObject","inLanguage":"fr-FR","@id":"https:\/\/kapitalis.com\/tunisie\/2020\/02\/27\/tunisie-les-societes-privees-seront-dorenavant-autorisees-a-produire-de-lelectricite\/#primaryimage","url":"http:\/\/kapitalis.com\/tunisie\/wp-content\/uploads\/2016\/07\/Energies-renouvelables.jpg","contentUrl":"http:\/\/kapitalis.com\/tunisie\/wp-content\/uploads\/2016\/07\/Energies-renouvelables.jpg"},{"@type":"BreadcrumbList","@id":"https:\/\/kapitalis.com\/tunisie\/2020\/02\/27\/tunisie-les-societes-privees-seront-dorenavant-autorisees-a-produire-de-lelectricite\/#breadcrumb","itemListElement":[{"@type":"ListItem","position":1,"name":"Accueil","item":"https:\/\/kapitalis.com\/tunisie\/"},{"@type":"ListItem","position":2,"name":"Tunisie : les soci\u00e9t\u00e9s priv\u00e9es autoris\u00e9es \u00e0 produire et \u00e0 vendre de l&rsquo;\u00e9lectricit\u00e9"}]},{"@type":"WebSite","@id":"https:\/\/kapitalis.com\/tunisie\/#website","url":"https:\/\/kapitalis.com\/tunisie\/","name":"Kapitalis","description":"L&#039;actualit\u00e9 en Tunisie et dans le monde","publisher":{"@id":"https:\/\/kapitalis.com\/tunisie\/#organization"},"potentialAction":[{"@type":"SearchAction","target":{"@type":"EntryPoint","urlTemplate":"https:\/\/kapitalis.com\/tunisie\/?s={search_term_string}"},"query-input":{"@type":"PropertyValueSpecification","valueRequired":true,"valueName":"search_term_string"}}],"inLanguage":"fr-FR"},{"@type":"Organization","@id":"https:\/\/kapitalis.com\/tunisie\/#organization","name":"Kapitalis","url":"https:\/\/kapitalis.com\/tunisie\/","logo":{"@type":"ImageObject","inLanguage":"fr-FR","@id":"https:\/\/kapitalis.com\/tunisie\/#\/schema\/logo\/image\/","url":"https:\/\/kapitalis.com\/tunisie\/wp-content\/uploads\/2022\/05\/Kapitalis-big-size.png","contentUrl":"https:\/\/kapitalis.com\/tunisie\/wp-content\/uploads\/2022\/05\/Kapitalis-big-size.png","width":5000,"height":1500,"caption":"Kapitalis"},"image":{"@id":"https:\/\/kapitalis.com\/tunisie\/#\/schema\/logo\/image\/"},"sameAs":["https:\/\/www.facebook.com\/KapitalisInfo\/","https:\/\/x.com\/KapitalisInfo","https:\/\/www.youtube.com\/channel\/UC-yDYrHyfFBWWZaOw3FPg9Q"]},{"@type":"Person","@id":"https:\/\/kapitalis.com\/tunisie\/#\/schema\/person\/093913313d3017554cb3ad077fff3fbd","name":"Amina Mkada","url":"https:\/\/kapitalis.com\/tunisie\/author\/amina\/"}]}},"_links":{"self":[{"href":"https:\/\/kapitalis.com\/tunisie\/wp-json\/wp\/v2\/posts\/283718","targetHints":{"allow":["GET"]}}],"collection":[{"href":"https:\/\/kapitalis.com\/tunisie\/wp-json\/wp\/v2\/posts"}],"about":[{"href":"https:\/\/kapitalis.com\/tunisie\/wp-json\/wp\/v2\/types\/post"}],"author":[{"embeddable":true,"href":"https:\/\/kapitalis.com\/tunisie\/wp-json\/wp\/v2\/users\/22"}],"replies":[{"embeddable":true,"href":"https:\/\/kapitalis.com\/tunisie\/wp-json\/wp\/v2\/comments?post=283718"}],"version-history":[{"count":0,"href":"https:\/\/kapitalis.com\/tunisie\/wp-json\/wp\/v2\/posts\/283718\/revisions"}],"wp:attachment":[{"href":"https:\/\/kapitalis.com\/tunisie\/wp-json\/wp\/v2\/media?parent=283718"}],"wp:term":[{"taxonomy":"category","embeddable":true,"href":"https:\/\/kapitalis.com\/tunisie\/wp-json\/wp\/v2\/categories?post=283718"},{"taxonomy":"post_tag","embeddable":true,"href":"https:\/\/kapitalis.com\/tunisie\/wp-json\/wp\/v2\/tags?post=283718"}],"curies":[{"name":"wp","href":"https:\/\/api.w.org\/{rel}","templated":true}]}}