{"id":2838749,"date":"2022-08-06T09:09:54","date_gmt":"2022-08-06T08:09:54","guid":{"rendered":"https:\/\/kapitalis.com\/tunisie\/?p=2838749"},"modified":"2022-08-06T09:09:55","modified_gmt":"2022-08-06T08:09:55","slug":"kais-saied-la-tunisie-prete-ses-talents-et-ses-cerveaux-aux-autres-pays","status":"publish","type":"post","link":"https:\/\/kapitalis.com\/tunisie\/2022\/08\/06\/kais-saied-la-tunisie-prete-ses-talents-et-ses-cerveaux-aux-autres-pays\/","title":{"rendered":"Ka\u00efs Sa\u00efed\u00a0: \u00abLa Tunisie\u00a0pr\u00eate ses talents et ses cerveaux aux autres pays\u00bb \u00a0"},"content":{"rendered":"\n<p><strong><em>Le pr\u00e9sident de la r\u00e9publique, Ka\u00efs Sa\u00efed, a d\u00e9clar\u00e9, vendredi 5 ao\u00fbt 2022, lors de la c\u00e9r\u00e9monie officielle de la Journ\u00e9e du Savoir marquant la fin de l\u2019ann\u00e9e scolaire et universitaire, que \u00ables dipl\u00f4m\u00e9s de haut niveau partent \u00e0 l\u2019\u00e9tranger en raison des perspectives limit\u00e9es et de l\u2019absence d\u2019un climat propice \u00e0 la recherche en Tunisie et des incitations et encouragements qu\u2019ils trouvent \u00e0 l\u2019\u00e9tranger, ce qui requiert l\u2019ouverture des horizons et l\u2019aplanissement des obstacles.\u00bb<\/em><\/strong><\/p>\n\n\n\n<!--more-->\n\n\n\n<p>M. Sa\u00efed a ajout\u00e9, dans l\u2019allocution qu\u2019il a prononc\u00e9 en pr\u00e9sence de la Premi\u00e8re ministre Najla Bouden, des membres du gouvernement et d\u2019un certain nombre d\u2019\u00e9tudiant(e)s et de leurs parents, qu\u2019il n\u2019a cess\u00e9, lors de r\u00e9unions internationales, de rappeler \u00e0 ses pairs que la Tunisie<em> \u00abpr\u00eate \u00e0 certains pays des talents et des cerveaux qui ne sont pas valoris\u00e9<\/em>s (dans leur propre pays, Ndlr) <em>et dont la valeur ne saurait \u00eatre estim\u00e9e par les banques du monde entier\u00bb<\/em>, tout en soulignant l\u2019importance de ce capital humain, qu\u2019il a qualifie de <em>\u00abrichesse r\u00e9elle et in\u00e9puisable\u00bb<\/em>, en raison de sa capacit\u00e9 \u00e0 innover et \u00e0 inventer dans tous les domaines, malgr\u00e9 des moyens mat\u00e9riels limit\u00e9s.<\/p>\n\n\n\n<figure class=\"wp-block-embed is-type-wp-embed is-provider-kapitalis wp-block-embed-kapitalis\"><div class=\"wp-block-embed__wrapper\">\n<blockquote class=\"wp-embedded-content\" data-secret=\"NP08abRtso\"><a href=\"https:\/\/kapitalis.com\/tunisie\/2022\/07\/01\/une-vision-de-la-reforme-de-lenseignement-en-tunisie\/\">Une vision de la r\u00e9forme de l&rsquo;enseignement en Tunisie<\/a><\/blockquote><iframe loading=\"lazy\" class=\"wp-embedded-content\" sandbox=\"allow-scripts\" security=\"restricted\" style=\"position: absolute; clip: rect(1px, 1px, 1px, 1px);\" title=\"\u00ab\u00a0Une vision de la r\u00e9forme de l&rsquo;enseignement en Tunisie\u00a0\u00bb &#8212; Kapitalis\" src=\"https:\/\/kapitalis.com\/tunisie\/2022\/07\/01\/une-vision-de-la-reforme-de-lenseignement-en-tunisie\/embed\/#?secret=gYD8pIX6Pv#?secret=NP08abRtso\" data-secret=\"NP08abRtso\" width=\"600\" height=\"338\" frameborder=\"0\" marginwidth=\"0\" marginheight=\"0\" scrolling=\"no\"><\/iframe>\n<\/div><\/figure>\n\n\n\n<p>Apr\u00e8s avoir pass\u00e9 en revue les grandes r\u00e9formes de l\u2019enseignement en Tunisie depuis le milieu du 19<sup>e<\/sup> si\u00e8cle et en passant par la r\u00e9forme de 1958, lanc\u00e9e au lendemain de l\u2019ind\u00e9pendance du pays, le chef de l\u2019Etat a d\u00e9clar\u00e9 que la r\u00e9forme de l\u2019\u00e9ducation ne consiste pas \u00e0 lancer un dialogue sp\u00e9cialis\u00e9 anim\u00e9 par des experts, mais elle devait \u00eatre laiss\u00e9e aux \u00e9ducateurs eux-m\u00eames, en rappelant que la nouvelle constitution, adopt\u00e9e par r\u00e9f\u00e9rendum le 25 ,juillet dernier, pr\u00e9voit la cr\u00e9ation d&rsquo;un Conseil sup\u00e9rieur de l\u2019\u00e9ducation dont le but est d\u2019\u00ab\u00e9loigner les jeunes, les \u00e9tudiants et les chercheurs des calculs politiques\u00bb, et en mettant en garde contre ce qu\u2019il a appel\u00e9 <em>\u00abla politisation\u00a0rampante\u00bb<\/em> dans les \u00e9coles et les lyc\u00e9es, l\u2019objectif \u00e9tant devenu de d\u00e9velopper des programmes cr\u00e9ant des \u00e9quilibres politiques au sein de la soci\u00e9t\u00e9.<\/p>\n\n\n\n<figure class=\"wp-block-embed is-type-wp-embed is-provider-kapitalis wp-block-embed-kapitalis\"><div class=\"wp-block-embed__wrapper\">\n<blockquote class=\"wp-embedded-content\" data-secret=\"qgParRhY7s\"><a href=\"https:\/\/kapitalis.com\/tunisie\/2021\/09\/17\/tunisie-des-etudiants-candidats-au-chomage\/\">Tunisie : des \u00e9tudiants candidats au&#8230; ch\u00f4mage !<\/a><\/blockquote><iframe loading=\"lazy\" class=\"wp-embedded-content\" sandbox=\"allow-scripts\" security=\"restricted\" style=\"position: absolute; clip: rect(1px, 1px, 1px, 1px);\" title=\"\u00ab\u00a0Tunisie : des \u00e9tudiants candidats au&#8230; ch\u00f4mage !\u00a0\u00bb &#8212; Kapitalis\" src=\"https:\/\/kapitalis.com\/tunisie\/2021\/09\/17\/tunisie-des-etudiants-candidats-au-chomage\/embed\/#?secret=Nkfne9CZFs#?secret=qgParRhY7s\" data-secret=\"qgParRhY7s\" width=\"600\" height=\"338\" frameborder=\"0\" marginwidth=\"0\" marginheight=\"0\" scrolling=\"no\"><\/iframe>\n<\/div><\/figure>\n\n\n\n<p><em>\u00abL\u2019un des plus graves crimes commis contre le peuple est de vider les esprits de la facult\u00e9 de penser et de critiquer\u00bb<\/em>, a d\u00e9clar\u00e9 le chef de l\u2019Etat, estimant que l\u2019ignorance intellectuelle n\u2019est pas moins avilissante que la mis\u00e8re \u00e9conomique et sociale, en soulignant la n\u00e9cessit\u00e9 d\u2019instaurer <em>\u00abl\u2019\u00e9galit\u00e9 des chances dans l\u2019\u00e9ducation pour tous\u00bb<\/em>.<\/p>\n\n\n\n<p class=\"has-text-align-right\"><strong>I. B.<\/strong><\/p>\n\n\n\n<figure class=\"wp-block-embed is-type-wp-embed is-provider-kapitalis wp-block-embed-kapitalis\"><div class=\"wp-block-embed__wrapper\">\n<blockquote class=\"wp-embedded-content\" data-secret=\"VNC3olvzQr\"><a href=\"https:\/\/kapitalis.com\/tunisie\/2015\/08\/27\/suggestions-pour-la-reforme-de-lenseignement-en-tunisie\/\">Suggestions pour la r\u00e9forme de l&rsquo;enseignement en Tunisie<\/a><\/blockquote><iframe loading=\"lazy\" class=\"wp-embedded-content\" sandbox=\"allow-scripts\" security=\"restricted\" style=\"position: absolute; clip: rect(1px, 1px, 1px, 1px);\" title=\"\u00ab\u00a0Suggestions pour la r\u00e9forme de l&rsquo;enseignement en Tunisie\u00a0\u00bb &#8212; Kapitalis\" src=\"https:\/\/kapitalis.com\/tunisie\/2015\/08\/27\/suggestions-pour-la-reforme-de-lenseignement-en-tunisie\/embed\/#?secret=MiWpJrQKck#?secret=VNC3olvzQr\" data-secret=\"VNC3olvzQr\" width=\"600\" height=\"338\" frameborder=\"0\" marginwidth=\"0\" marginheight=\"0\" scrolling=\"no\"><\/iframe>\n<\/div><\/figure>\n","protected":false},"excerpt":{"rendered":"<p>\u00abLa Tunisie pr\u00eate \u00e0 certains pays des talents et des cerveaux qui ne sont pas valoris\u00e9s dans leur propre pays et dont la valeur ne saurait \u00eatre estim\u00e9e par les banques du monde entier\u00bb, d\u00e9clare Ka\u00efs Sa\u00efed<\/p>\n","protected":false},"author":8,"featured_media":2838903,"comment_status":"open","ping_status":"open","sticky":false,"template":"","format":"standard","meta":{"footnotes":""},"categories":[997,998,2433],"tags":[101871,12235,93702,11258,62643],"class_list":["post-2838749","post","type-post","status-publish","format-standard","has-post-thumbnail","hentry","category-politique","category-societe","category-tunisie","tag-journee-du-savoir","tag-kais-saied","tag-najla-bouden","tag-reforme-de-lenseignement","tag-tunisie"],"yoast_head":"<!-- This site is optimized with the Yoast SEO plugin v26.6 - https:\/\/yoast.com\/wordpress\/plugins\/seo\/ -->\n<title>Ka\u00efs Sa\u00efed\u00a0: \u00abLa Tunisie\u00a0pr\u00eate ses talents et ses cerveaux aux autres pays\u00bb \u00a0 - Kapitalis<\/title>\n<meta name=\"robots\" content=\"index, follow, max-snippet:-1, max-image-preview:large, max-video-preview:-1\" \/>\n<link rel=\"canonical\" href=\"https:\/\/kapitalis.com\/tunisie\/2022\/08\/06\/kais-saied-la-tunisie-prete-ses-talents-et-ses-cerveaux-aux-autres-pays\/\" \/>\n<meta property=\"og:locale\" content=\"fr_FR\" \/>\n<meta property=\"og:type\" content=\"article\" \/>\n<meta property=\"og:title\" content=\"Ka\u00efs Sa\u00efed\u00a0: \u00abLa Tunisie\u00a0pr\u00eate ses talents et ses cerveaux aux autres pays\u00bb \u00a0 - Kapitalis\" \/>\n<meta property=\"og:description\" content=\"\u00abLa Tunisie pr\u00eate \u00e0 certains pays des talents et des cerveaux qui ne sont pas valoris\u00e9s dans leur propre pays et dont la valeur ne saurait \u00eatre estim\u00e9e par les banques du monde entier\u00bb, d\u00e9clare Ka\u00efs Sa\u00efed\" \/>\n<meta property=\"og:url\" content=\"https:\/\/kapitalis.com\/tunisie\/2022\/08\/06\/kais-saied-la-tunisie-prete-ses-talents-et-ses-cerveaux-aux-autres-pays\/\" \/>\n<meta property=\"og:site_name\" content=\"Kapitalis\" \/>\n<meta property=\"article:publisher\" content=\"https:\/\/www.facebook.com\/KapitalisInfo\/\" \/>\n<meta property=\"article:published_time\" content=\"2022-08-06T08:09:54+00:00\" \/>\n<meta property=\"article:modified_time\" content=\"2022-08-06T08:09:55+00:00\" \/>\n<meta property=\"og:image\" content=\"https:\/\/kapitalis.com\/tunisie\/wp-content\/uploads\/2022\/08\/Kais-Saied-Journee-du-savoir-2022.jpg\" \/>\n\t<meta property=\"og:image:width\" content=\"1200\" \/>\n\t<meta property=\"og:image:height\" content=\"630\" \/>\n\t<meta property=\"og:image:type\" content=\"image\/jpeg\" \/>\n<meta name=\"author\" content=\"webmaster kapitalis\" \/>\n<meta name=\"twitter:card\" content=\"summary_large_image\" \/>\n<meta name=\"twitter:creator\" content=\"@KapitalisInfo\" \/>\n<meta name=\"twitter:site\" content=\"@KapitalisInfo\" \/>\n<meta name=\"twitter:label1\" content=\"\u00c9crit par\" \/>\n\t<meta name=\"twitter:data1\" content=\"webmaster kapitalis\" \/>\n\t<meta name=\"twitter:label2\" content=\"Dur\u00e9e de lecture estim\u00e9e\" \/>\n\t<meta name=\"twitter:data2\" content=\"2 minutes\" \/>\n<script type=\"application\/ld+json\" class=\"yoast-schema-graph\">{\"@context\":\"https:\/\/schema.org\",\"@graph\":[{\"@type\":\"Article\",\"@id\":\"https:\/\/kapitalis.com\/tunisie\/2022\/08\/06\/kais-saied-la-tunisie-prete-ses-talents-et-ses-cerveaux-aux-autres-pays\/#article\",\"isPartOf\":{\"@id\":\"https:\/\/kapitalis.com\/tunisie\/2022\/08\/06\/kais-saied-la-tunisie-prete-ses-talents-et-ses-cerveaux-aux-autres-pays\/\"},\"author\":{\"name\":\"webmaster kapitalis\",\"@id\":\"https:\/\/kapitalis.com\/tunisie\/#\/schema\/person\/d71f33a9ca44f7bad4698210b480c8e9\"},\"headline\":\"Ka\u00efs Sa\u00efed\u00a0: \u00abLa Tunisie\u00a0pr\u00eate ses talents et ses cerveaux aux autres pays\u00bb \u00a0\",\"datePublished\":\"2022-08-06T08:09:54+00:00\",\"dateModified\":\"2022-08-06T08:09:55+00:00\",\"mainEntityOfPage\":{\"@id\":\"https:\/\/kapitalis.com\/tunisie\/2022\/08\/06\/kais-saied-la-tunisie-prete-ses-talents-et-ses-cerveaux-aux-autres-pays\/\"},\"wordCount\":479,\"commentCount\":10,\"publisher\":{\"@id\":\"https:\/\/kapitalis.com\/tunisie\/#organization\"},\"image\":{\"@id\":\"https:\/\/kapitalis.com\/tunisie\/2022\/08\/06\/kais-saied-la-tunisie-prete-ses-talents-et-ses-cerveaux-aux-autres-pays\/#primaryimage\"},\"thumbnailUrl\":\"https:\/\/kapitalis.com\/tunisie\/wp-content\/uploads\/2022\/08\/Kais-Saied-Journee-du-savoir-2022.jpg\",\"keywords\":[\"Journ\u00e9e du Savoir\",\"Ka\u00efs Saied\",\"Najla Bouden\",\"r\u00e9forme de l'enseignement\",\"Tunisie\"],\"articleSection\":[\"POLITIQUE\",\"SOCIETE\",\"Tunisie\"],\"inLanguage\":\"fr-FR\",\"potentialAction\":[{\"@type\":\"CommentAction\",\"name\":\"Comment\",\"target\":[\"https:\/\/kapitalis.com\/tunisie\/2022\/08\/06\/kais-saied-la-tunisie-prete-ses-talents-et-ses-cerveaux-aux-autres-pays\/#respond\"]}]},{\"@type\":\"WebPage\",\"@id\":\"https:\/\/kapitalis.com\/tunisie\/2022\/08\/06\/kais-saied-la-tunisie-prete-ses-talents-et-ses-cerveaux-aux-autres-pays\/\",\"url\":\"https:\/\/kapitalis.com\/tunisie\/2022\/08\/06\/kais-saied-la-tunisie-prete-ses-talents-et-ses-cerveaux-aux-autres-pays\/\",\"name\":\"Ka\u00efs Sa\u00efed\u00a0: \u00abLa Tunisie\u00a0pr\u00eate ses talents et ses cerveaux aux autres pays\u00bb \u00a0 - Kapitalis\",\"isPartOf\":{\"@id\":\"https:\/\/kapitalis.com\/tunisie\/#website\"},\"primaryImageOfPage\":{\"@id\":\"https:\/\/kapitalis.com\/tunisie\/2022\/08\/06\/kais-saied-la-tunisie-prete-ses-talents-et-ses-cerveaux-aux-autres-pays\/#primaryimage\"},\"image\":{\"@id\":\"https:\/\/kapitalis.com\/tunisie\/2022\/08\/06\/kais-saied-la-tunisie-prete-ses-talents-et-ses-cerveaux-aux-autres-pays\/#primaryimage\"},\"thumbnailUrl\":\"https:\/\/kapitalis.com\/tunisie\/wp-content\/uploads\/2022\/08\/Kais-Saied-Journee-du-savoir-2022.jpg\",\"datePublished\":\"2022-08-06T08:09:54+00:00\",\"dateModified\":\"2022-08-06T08:09:55+00:00\",\"breadcrumb\":{\"@id\":\"https:\/\/kapitalis.com\/tunisie\/2022\/08\/06\/kais-saied-la-tunisie-prete-ses-talents-et-ses-cerveaux-aux-autres-pays\/#breadcrumb\"},\"inLanguage\":\"fr-FR\",\"potentialAction\":[{\"@type\":\"ReadAction\",\"target\":[\"https:\/\/kapitalis.com\/tunisie\/2022\/08\/06\/kais-saied-la-tunisie-prete-ses-talents-et-ses-cerveaux-aux-autres-pays\/\"]}]},{\"@type\":\"ImageObject\",\"inLanguage\":\"fr-FR\",\"@id\":\"https:\/\/kapitalis.com\/tunisie\/2022\/08\/06\/kais-saied-la-tunisie-prete-ses-talents-et-ses-cerveaux-aux-autres-pays\/#primaryimage\",\"url\":\"https:\/\/kapitalis.com\/tunisie\/wp-content\/uploads\/2022\/08\/Kais-Saied-Journee-du-savoir-2022.jpg\",\"contentUrl\":\"https:\/\/kapitalis.com\/tunisie\/wp-content\/uploads\/2022\/08\/Kais-Saied-Journee-du-savoir-2022.jpg\",\"width\":1200,\"height\":630},{\"@type\":\"BreadcrumbList\",\"@id\":\"https:\/\/kapitalis.com\/tunisie\/2022\/08\/06\/kais-saied-la-tunisie-prete-ses-talents-et-ses-cerveaux-aux-autres-pays\/#breadcrumb\",\"itemListElement\":[{\"@type\":\"ListItem\",\"position\":1,\"name\":\"Accueil\",\"item\":\"https:\/\/kapitalis.com\/tunisie\/\"},{\"@type\":\"ListItem\",\"position\":2,\"name\":\"Ka\u00efs Sa\u00efed\u00a0: \u00abLa Tunisie\u00a0pr\u00eate ses talents et ses cerveaux aux autres pays\u00bb \u00a0\"}]},{\"@type\":\"WebSite\",\"@id\":\"https:\/\/kapitalis.com\/tunisie\/#website\",\"url\":\"https:\/\/kapitalis.com\/tunisie\/\",\"name\":\"Kapitalis\",\"description\":\"L&#039;actualit\u00e9 en Tunisie et dans le monde\",\"publisher\":{\"@id\":\"https:\/\/kapitalis.com\/tunisie\/#organization\"},\"potentialAction\":[{\"@type\":\"SearchAction\",\"target\":{\"@type\":\"EntryPoint\",\"urlTemplate\":\"https:\/\/kapitalis.com\/tunisie\/?s={search_term_string}\"},\"query-input\":{\"@type\":\"PropertyValueSpecification\",\"valueRequired\":true,\"valueName\":\"search_term_string\"}}],\"inLanguage\":\"fr-FR\"},{\"@type\":\"Organization\",\"@id\":\"https:\/\/kapitalis.com\/tunisie\/#organization\",\"name\":\"Kapitalis\",\"url\":\"https:\/\/kapitalis.com\/tunisie\/\",\"logo\":{\"@type\":\"ImageObject\",\"inLanguage\":\"fr-FR\",\"@id\":\"https:\/\/kapitalis.com\/tunisie\/#\/schema\/logo\/image\/\",\"url\":\"https:\/\/kapitalis.com\/tunisie\/wp-content\/uploads\/2022\/05\/Kapitalis-big-size.png\",\"contentUrl\":\"https:\/\/kapitalis.com\/tunisie\/wp-content\/uploads\/2022\/05\/Kapitalis-big-size.png\",\"width\":5000,\"height\":1500,\"caption\":\"Kapitalis\"},\"image\":{\"@id\":\"https:\/\/kapitalis.com\/tunisie\/#\/schema\/logo\/image\/\"},\"sameAs\":[\"https:\/\/www.facebook.com\/KapitalisInfo\/\",\"https:\/\/x.com\/KapitalisInfo\",\"https:\/\/www.youtube.com\/channel\/UC-yDYrHyfFBWWZaOw3FPg9Q\"]},{\"@type\":\"Person\",\"@id\":\"https:\/\/kapitalis.com\/tunisie\/#\/schema\/person\/d71f33a9ca44f7bad4698210b480c8e9\",\"name\":\"webmaster kapitalis\",\"url\":\"https:\/\/kapitalis.com\/tunisie\/author\/webmaster-kapitalis\/\"}]}<\/script>\n<!-- \/ Yoast SEO plugin. -->","yoast_head_json":{"title":"Ka\u00efs Sa\u00efed\u00a0: \u00abLa Tunisie\u00a0pr\u00eate ses talents et ses cerveaux aux autres pays\u00bb \u00a0 - Kapitalis","robots":{"index":"index","follow":"follow","max-snippet":"max-snippet:-1","max-image-preview":"max-image-preview:large","max-video-preview":"max-video-preview:-1"},"canonical":"https:\/\/kapitalis.com\/tunisie\/2022\/08\/06\/kais-saied-la-tunisie-prete-ses-talents-et-ses-cerveaux-aux-autres-pays\/","og_locale":"fr_FR","og_type":"article","og_title":"Ka\u00efs Sa\u00efed\u00a0: \u00abLa Tunisie\u00a0pr\u00eate ses talents et ses cerveaux aux autres pays\u00bb \u00a0 - Kapitalis","og_description":"\u00abLa Tunisie pr\u00eate \u00e0 certains pays des talents et des cerveaux qui ne sont pas valoris\u00e9s dans leur propre pays et dont la valeur ne saurait \u00eatre estim\u00e9e par les banques du monde entier\u00bb, d\u00e9clare Ka\u00efs Sa\u00efed","og_url":"https:\/\/kapitalis.com\/tunisie\/2022\/08\/06\/kais-saied-la-tunisie-prete-ses-talents-et-ses-cerveaux-aux-autres-pays\/","og_site_name":"Kapitalis","article_publisher":"https:\/\/www.facebook.com\/KapitalisInfo\/","article_published_time":"2022-08-06T08:09:54+00:00","article_modified_time":"2022-08-06T08:09:55+00:00","og_image":[{"width":1200,"height":630,"url":"https:\/\/kapitalis.com\/tunisie\/wp-content\/uploads\/2022\/08\/Kais-Saied-Journee-du-savoir-2022.jpg","type":"image\/jpeg"}],"author":"webmaster kapitalis","twitter_card":"summary_large_image","twitter_creator":"@KapitalisInfo","twitter_site":"@KapitalisInfo","twitter_misc":{"\u00c9crit par":"webmaster kapitalis","Dur\u00e9e de lecture estim\u00e9e":"2 minutes"},"schema":{"@context":"https:\/\/schema.org","@graph":[{"@type":"Article","@id":"https:\/\/kapitalis.com\/tunisie\/2022\/08\/06\/kais-saied-la-tunisie-prete-ses-talents-et-ses-cerveaux-aux-autres-pays\/#article","isPartOf":{"@id":"https:\/\/kapitalis.com\/tunisie\/2022\/08\/06\/kais-saied-la-tunisie-prete-ses-talents-et-ses-cerveaux-aux-autres-pays\/"},"author":{"name":"webmaster kapitalis","@id":"https:\/\/kapitalis.com\/tunisie\/#\/schema\/person\/d71f33a9ca44f7bad4698210b480c8e9"},"headline":"Ka\u00efs Sa\u00efed\u00a0: \u00abLa Tunisie\u00a0pr\u00eate ses talents et ses cerveaux aux autres pays\u00bb \u00a0","datePublished":"2022-08-06T08:09:54+00:00","dateModified":"2022-08-06T08:09:55+00:00","mainEntityOfPage":{"@id":"https:\/\/kapitalis.com\/tunisie\/2022\/08\/06\/kais-saied-la-tunisie-prete-ses-talents-et-ses-cerveaux-aux-autres-pays\/"},"wordCount":479,"commentCount":10,"publisher":{"@id":"https:\/\/kapitalis.com\/tunisie\/#organization"},"image":{"@id":"https:\/\/kapitalis.com\/tunisie\/2022\/08\/06\/kais-saied-la-tunisie-prete-ses-talents-et-ses-cerveaux-aux-autres-pays\/#primaryimage"},"thumbnailUrl":"https:\/\/kapitalis.com\/tunisie\/wp-content\/uploads\/2022\/08\/Kais-Saied-Journee-du-savoir-2022.jpg","keywords":["Journ\u00e9e du Savoir","Ka\u00efs Saied","Najla Bouden","r\u00e9forme de l'enseignement","Tunisie"],"articleSection":["POLITIQUE","SOCIETE","Tunisie"],"inLanguage":"fr-FR","potentialAction":[{"@type":"CommentAction","name":"Comment","target":["https:\/\/kapitalis.com\/tunisie\/2022\/08\/06\/kais-saied-la-tunisie-prete-ses-talents-et-ses-cerveaux-aux-autres-pays\/#respond"]}]},{"@type":"WebPage","@id":"https:\/\/kapitalis.com\/tunisie\/2022\/08\/06\/kais-saied-la-tunisie-prete-ses-talents-et-ses-cerveaux-aux-autres-pays\/","url":"https:\/\/kapitalis.com\/tunisie\/2022\/08\/06\/kais-saied-la-tunisie-prete-ses-talents-et-ses-cerveaux-aux-autres-pays\/","name":"Ka\u00efs Sa\u00efed\u00a0: \u00abLa Tunisie\u00a0pr\u00eate ses talents et ses cerveaux aux autres pays\u00bb \u00a0 - Kapitalis","isPartOf":{"@id":"https:\/\/kapitalis.com\/tunisie\/#website"},"primaryImageOfPage":{"@id":"https:\/\/kapitalis.com\/tunisie\/2022\/08\/06\/kais-saied-la-tunisie-prete-ses-talents-et-ses-cerveaux-aux-autres-pays\/#primaryimage"},"image":{"@id":"https:\/\/kapitalis.com\/tunisie\/2022\/08\/06\/kais-saied-la-tunisie-prete-ses-talents-et-ses-cerveaux-aux-autres-pays\/#primaryimage"},"thumbnailUrl":"https:\/\/kapitalis.com\/tunisie\/wp-content\/uploads\/2022\/08\/Kais-Saied-Journee-du-savoir-2022.jpg","datePublished":"2022-08-06T08:09:54+00:00","dateModified":"2022-08-06T08:09:55+00:00","breadcrumb":{"@id":"https:\/\/kapitalis.com\/tunisie\/2022\/08\/06\/kais-saied-la-tunisie-prete-ses-talents-et-ses-cerveaux-aux-autres-pays\/#breadcrumb"},"inLanguage":"fr-FR","potentialAction":[{"@type":"ReadAction","target":["https:\/\/kapitalis.com\/tunisie\/2022\/08\/06\/kais-saied-la-tunisie-prete-ses-talents-et-ses-cerveaux-aux-autres-pays\/"]}]},{"@type":"ImageObject","inLanguage":"fr-FR","@id":"https:\/\/kapitalis.com\/tunisie\/2022\/08\/06\/kais-saied-la-tunisie-prete-ses-talents-et-ses-cerveaux-aux-autres-pays\/#primaryimage","url":"https:\/\/kapitalis.com\/tunisie\/wp-content\/uploads\/2022\/08\/Kais-Saied-Journee-du-savoir-2022.jpg","contentUrl":"https:\/\/kapitalis.com\/tunisie\/wp-content\/uploads\/2022\/08\/Kais-Saied-Journee-du-savoir-2022.jpg","width":1200,"height":630},{"@type":"BreadcrumbList","@id":"https:\/\/kapitalis.com\/tunisie\/2022\/08\/06\/kais-saied-la-tunisie-prete-ses-talents-et-ses-cerveaux-aux-autres-pays\/#breadcrumb","itemListElement":[{"@type":"ListItem","position":1,"name":"Accueil","item":"https:\/\/kapitalis.com\/tunisie\/"},{"@type":"ListItem","position":2,"name":"Ka\u00efs Sa\u00efed\u00a0: \u00abLa Tunisie\u00a0pr\u00eate ses talents et ses cerveaux aux autres pays\u00bb \u00a0"}]},{"@type":"WebSite","@id":"https:\/\/kapitalis.com\/tunisie\/#website","url":"https:\/\/kapitalis.com\/tunisie\/","name":"Kapitalis","description":"L&#039;actualit\u00e9 en Tunisie et dans le monde","publisher":{"@id":"https:\/\/kapitalis.com\/tunisie\/#organization"},"potentialAction":[{"@type":"SearchAction","target":{"@type":"EntryPoint","urlTemplate":"https:\/\/kapitalis.com\/tunisie\/?s={search_term_string}"},"query-input":{"@type":"PropertyValueSpecification","valueRequired":true,"valueName":"search_term_string"}}],"inLanguage":"fr-FR"},{"@type":"Organization","@id":"https:\/\/kapitalis.com\/tunisie\/#organization","name":"Kapitalis","url":"https:\/\/kapitalis.com\/tunisie\/","logo":{"@type":"ImageObject","inLanguage":"fr-FR","@id":"https:\/\/kapitalis.com\/tunisie\/#\/schema\/logo\/image\/","url":"https:\/\/kapitalis.com\/tunisie\/wp-content\/uploads\/2022\/05\/Kapitalis-big-size.png","contentUrl":"https:\/\/kapitalis.com\/tunisie\/wp-content\/uploads\/2022\/05\/Kapitalis-big-size.png","width":5000,"height":1500,"caption":"Kapitalis"},"image":{"@id":"https:\/\/kapitalis.com\/tunisie\/#\/schema\/logo\/image\/"},"sameAs":["https:\/\/www.facebook.com\/KapitalisInfo\/","https:\/\/x.com\/KapitalisInfo","https:\/\/www.youtube.com\/channel\/UC-yDYrHyfFBWWZaOw3FPg9Q"]},{"@type":"Person","@id":"https:\/\/kapitalis.com\/tunisie\/#\/schema\/person\/d71f33a9ca44f7bad4698210b480c8e9","name":"webmaster kapitalis","url":"https:\/\/kapitalis.com\/tunisie\/author\/webmaster-kapitalis\/"}]}},"_links":{"self":[{"href":"https:\/\/kapitalis.com\/tunisie\/wp-json\/wp\/v2\/posts\/2838749","targetHints":{"allow":["GET"]}}],"collection":[{"href":"https:\/\/kapitalis.com\/tunisie\/wp-json\/wp\/v2\/posts"}],"about":[{"href":"https:\/\/kapitalis.com\/tunisie\/wp-json\/wp\/v2\/types\/post"}],"author":[{"embeddable":true,"href":"https:\/\/kapitalis.com\/tunisie\/wp-json\/wp\/v2\/users\/8"}],"replies":[{"embeddable":true,"href":"https:\/\/kapitalis.com\/tunisie\/wp-json\/wp\/v2\/comments?post=2838749"}],"version-history":[{"count":0,"href":"https:\/\/kapitalis.com\/tunisie\/wp-json\/wp\/v2\/posts\/2838749\/revisions"}],"wp:featuredmedia":[{"embeddable":true,"href":"https:\/\/kapitalis.com\/tunisie\/wp-json\/wp\/v2\/media\/2838903"}],"wp:attachment":[{"href":"https:\/\/kapitalis.com\/tunisie\/wp-json\/wp\/v2\/media?parent=2838749"}],"wp:term":[{"taxonomy":"category","embeddable":true,"href":"https:\/\/kapitalis.com\/tunisie\/wp-json\/wp\/v2\/categories?post=2838749"},{"taxonomy":"post_tag","embeddable":true,"href":"https:\/\/kapitalis.com\/tunisie\/wp-json\/wp\/v2\/tags?post=2838749"}],"curies":[{"name":"wp","href":"https:\/\/api.w.org\/{rel}","templated":true}]}}