{"id":283914,"date":"2020-02-27T11:04:07","date_gmt":"2020-02-27T10:04:07","guid":{"rendered":"http:\/\/kapitalis.com\/tunisie\/?p=283914"},"modified":"2020-02-27T11:04:12","modified_gmt":"2020-02-27T10:04:12","slug":"tunisie-le-plastique-au-banc-des-accuses-le-3-mars-2020","status":"publish","type":"post","link":"https:\/\/kapitalis.com\/tunisie\/2020\/02\/27\/tunisie-le-plastique-au-banc-des-accuses-le-3-mars-2020\/","title":{"rendered":"Tunisie : Le plastique au banc des accus\u00e9s, le 3 mars 2020"},"content":{"rendered":"\n<figure class=\"wp-block-image size-large\"><img decoding=\"async\" src=\"http:\/\/kapitalis.com\/tunisie\/wp-content\/uploads\/2020\/02\/green-lectures-.jpg\" alt=\"\" class=\"wp-image-283925\"\/><\/figure>\n\n\n\n<p><strong><em>La Fondation Heinrich B\u00f6ll Stiftung Tunisie organise son traditionnel rendez-vous \u00abGreen Lectures\u00bb pour soulever le probl\u00e8me du plastique en Tunisie, \u00e0 la Cit\u00e9 de la Culture, Th\u00e9\u00e2tre des jeunes cr\u00e9ateurs, le mardi 3 mars 2020 \u00e0 18:00. <\/em><\/strong><\/p>\n\n\n\n<!--more-->\n\n\n\n<p>Portant sur le th\u00e8me \u00ab<em>Vers la fin de la pollution par le plastique en Tunisie !<\/em>\u00bb, le d\u00e9bat, lors de cette 5e \u00e9dition de Green Lectures, sera ax\u00e9 sur le nouvel Atlas du Plastique.<\/p>\n\n\n\n<p>M\u00eame s&rsquo;il est devenu indispensable dans la vie quotidienne, le plastique pose \u00e9galement de graves probl\u00e8mes environnementaux aussi bien en Tunisie que partout dans le monde. <\/p>\n\n\n\n<p>Aussi, la solution qui s&rsquo;impose est-elle de r\u00e9duire son usage. C&rsquo;est ce que propose le nouvel Atlas du Plastique de la fondation, qui a pour but d&rsquo;\u00e9clairer l&rsquo;opinion publique tunisienne sur les \u00e9normes dimensions de cette crise du plastique, et sur les possibles pistes d&rsquo;action.<\/p>\n\n\n\n<p>Le programme de la journ\u00e9e du 3 mars, qui sera ouvert par Dr. Heike L\u00f6schmann, directrice de Heinrich B\u00f6ll Stiftung (HBS-Tunis), pr\u00e9voit ainsi un panel qui mettra en lien les enjeux et les cons\u00e9quences qui d\u00e9coulent de la d\u00e9pendance au plastique de la soci\u00e9t\u00e9 tunisienne. Suivra un d\u00e9bat sur la perspective africaine (et k\u00e9nyane \u00e0 travers le fameux expert environnemental k\u00e9nyan Griffins Ochieng Ochola) de la lutte contre le plastique. <\/p>\n\n\n\n<p>Invit\u00e9 de cette \u00e9dition, M. Ochieng Ochola est directeur ex\u00e9cutif du Centre pour la justice environnementale et de d\u00e9veloppement (CEJAD), une organisation non gouvernementale d&rsquo;int\u00e9r\u00eat public travaillant sur la gestion des produits chimiques et des d\u00e9chets au Kenya et une organisation (accr\u00e9dit\u00e9e du PNUE, Onu Environnement).  M. Ochieng Ochola est aussi membre du Comit\u00e9 de facilitation des grands groupes (MGFC), au PNUE, o\u00f9 il est actuellement copr\u00e9sident du grand groupe des ONGs.<\/p>\n\n\n\n<p>La Fondation Heinrich B\u00f6ll, affili\u00e9e au parti vert allemand et pr\u00e9sente en Tunisie depuis 2013, est un \u00ab<em>think and do tank<\/em>\u00bb (pool de r\u00e9flexion et d&rsquo;action), traitant des r\u00e9formes politiques et des visions vertes.<\/p>\n\n\n\n<p class=\"has-text-align-right\"><strong>A. M.<\/strong><\/p>\n","protected":false},"excerpt":{"rendered":"<p>La Fondation Heinrich B\u00f6ll Stiftung Tunisie organise son traditionnel rendez-vous \u00abGreen Lectures\u00bb pour soulever le probl\u00e8me du plastique en Tunisie, \u00e0 la Cit\u00e9 de la Culture, Th\u00e9\u00e2tre des jeunes cr\u00e9ateurs, le mardi 3 mars 2020 \u00e0 18:00.<\/p>\n","protected":false},"author":22,"featured_media":283925,"comment_status":"open","ping_status":"open","sticky":false,"template":"","format":"standard","meta":{"footnotes":""},"categories":[995,2433],"tags":[43554],"class_list":["post-283914","post","type-post","status-publish","format-standard","has-post-thumbnail","hentry","category-economie","category-tunisie","tag-cite-de-la-culture-de-tunis"],"yoast_head":"<!-- This site is optimized with the Yoast SEO plugin v26.6 - https:\/\/yoast.com\/wordpress\/plugins\/seo\/ -->\n<title>Tunisie : Le plastique au banc des accus\u00e9s, le 3 mars 2020 - Kapitalis<\/title>\n<meta name=\"robots\" content=\"index, follow, max-snippet:-1, max-image-preview:large, max-video-preview:-1\" \/>\n<link rel=\"canonical\" href=\"https:\/\/kapitalis.com\/tunisie\/2020\/02\/27\/tunisie-le-plastique-au-banc-des-accuses-le-3-mars-2020\/\" \/>\n<meta property=\"og:locale\" content=\"fr_FR\" \/>\n<meta property=\"og:type\" content=\"article\" \/>\n<meta property=\"og:title\" content=\"Tunisie : Le plastique au banc des accus\u00e9s, le 3 mars 2020 - Kapitalis\" \/>\n<meta property=\"og:description\" content=\"La Fondation Heinrich B\u00f6ll Stiftung Tunisie organise son traditionnel rendez-vous \u00abGreen Lectures\u00bb pour soulever le probl\u00e8me du plastique en Tunisie, \u00e0 la Cit\u00e9 de la Culture, Th\u00e9\u00e2tre des jeunes cr\u00e9ateurs, le mardi 3 mars 2020 \u00e0 18:00.\" \/>\n<meta property=\"og:url\" content=\"https:\/\/kapitalis.com\/tunisie\/2020\/02\/27\/tunisie-le-plastique-au-banc-des-accuses-le-3-mars-2020\/\" \/>\n<meta property=\"og:site_name\" content=\"Kapitalis\" \/>\n<meta property=\"article:publisher\" content=\"https:\/\/www.facebook.com\/KapitalisInfo\/\" \/>\n<meta property=\"article:published_time\" content=\"2020-02-27T10:04:07+00:00\" \/>\n<meta property=\"article:modified_time\" content=\"2020-02-27T10:04:12+00:00\" \/>\n<meta property=\"og:image\" content=\"https:\/\/kapitalis.com\/tunisie\/wp-content\/uploads\/2022\/05\/kapitalis-logo-fb.png\" \/>\n\t<meta property=\"og:image:width\" content=\"1200\" \/>\n\t<meta property=\"og:image:height\" content=\"630\" \/>\n\t<meta property=\"og:image:type\" content=\"image\/png\" \/>\n<meta name=\"author\" content=\"Amina Mkada\" \/>\n<meta name=\"twitter:card\" content=\"summary_large_image\" \/>\n<meta name=\"twitter:creator\" content=\"@KapitalisInfo\" \/>\n<meta name=\"twitter:site\" content=\"@KapitalisInfo\" \/>\n<meta name=\"twitter:label1\" content=\"\u00c9crit par\" \/>\n\t<meta name=\"twitter:data1\" content=\"Amina Mkada\" \/>\n\t<meta name=\"twitter:label2\" content=\"Dur\u00e9e de lecture estim\u00e9e\" \/>\n\t<meta name=\"twitter:data2\" content=\"2 minutes\" \/>\n<script type=\"application\/ld+json\" class=\"yoast-schema-graph\">{\"@context\":\"https:\/\/schema.org\",\"@graph\":[{\"@type\":\"Article\",\"@id\":\"https:\/\/kapitalis.com\/tunisie\/2020\/02\/27\/tunisie-le-plastique-au-banc-des-accuses-le-3-mars-2020\/#article\",\"isPartOf\":{\"@id\":\"https:\/\/kapitalis.com\/tunisie\/2020\/02\/27\/tunisie-le-plastique-au-banc-des-accuses-le-3-mars-2020\/\"},\"author\":{\"name\":\"Amina Mkada\",\"@id\":\"https:\/\/kapitalis.com\/tunisie\/#\/schema\/person\/093913313d3017554cb3ad077fff3fbd\"},\"headline\":\"Tunisie : Le plastique au banc des accus\u00e9s, le 3 mars 2020\",\"datePublished\":\"2020-02-27T10:04:07+00:00\",\"dateModified\":\"2020-02-27T10:04:12+00:00\",\"mainEntityOfPage\":{\"@id\":\"https:\/\/kapitalis.com\/tunisie\/2020\/02\/27\/tunisie-le-plastique-au-banc-des-accuses-le-3-mars-2020\/\"},\"wordCount\":355,\"commentCount\":1,\"publisher\":{\"@id\":\"https:\/\/kapitalis.com\/tunisie\/#organization\"},\"image\":{\"@id\":\"https:\/\/kapitalis.com\/tunisie\/2020\/02\/27\/tunisie-le-plastique-au-banc-des-accuses-le-3-mars-2020\/#primaryimage\"},\"thumbnailUrl\":\"\",\"keywords\":[\"Cit\u00e9 de la Culture de Tunis\"],\"articleSection\":[\"ECONOMIE\",\"Tunisie\"],\"inLanguage\":\"fr-FR\",\"potentialAction\":[{\"@type\":\"CommentAction\",\"name\":\"Comment\",\"target\":[\"https:\/\/kapitalis.com\/tunisie\/2020\/02\/27\/tunisie-le-plastique-au-banc-des-accuses-le-3-mars-2020\/#respond\"]}]},{\"@type\":\"WebPage\",\"@id\":\"https:\/\/kapitalis.com\/tunisie\/2020\/02\/27\/tunisie-le-plastique-au-banc-des-accuses-le-3-mars-2020\/\",\"url\":\"https:\/\/kapitalis.com\/tunisie\/2020\/02\/27\/tunisie-le-plastique-au-banc-des-accuses-le-3-mars-2020\/\",\"name\":\"Tunisie : Le plastique au banc des accus\u00e9s, le 3 mars 2020 - Kapitalis\",\"isPartOf\":{\"@id\":\"https:\/\/kapitalis.com\/tunisie\/#website\"},\"primaryImageOfPage\":{\"@id\":\"https:\/\/kapitalis.com\/tunisie\/2020\/02\/27\/tunisie-le-plastique-au-banc-des-accuses-le-3-mars-2020\/#primaryimage\"},\"image\":{\"@id\":\"https:\/\/kapitalis.com\/tunisie\/2020\/02\/27\/tunisie-le-plastique-au-banc-des-accuses-le-3-mars-2020\/#primaryimage\"},\"thumbnailUrl\":\"\",\"datePublished\":\"2020-02-27T10:04:07+00:00\",\"dateModified\":\"2020-02-27T10:04:12+00:00\",\"breadcrumb\":{\"@id\":\"https:\/\/kapitalis.com\/tunisie\/2020\/02\/27\/tunisie-le-plastique-au-banc-des-accuses-le-3-mars-2020\/#breadcrumb\"},\"inLanguage\":\"fr-FR\",\"potentialAction\":[{\"@type\":\"ReadAction\",\"target\":[\"https:\/\/kapitalis.com\/tunisie\/2020\/02\/27\/tunisie-le-plastique-au-banc-des-accuses-le-3-mars-2020\/\"]}]},{\"@type\":\"ImageObject\",\"inLanguage\":\"fr-FR\",\"@id\":\"https:\/\/kapitalis.com\/tunisie\/2020\/02\/27\/tunisie-le-plastique-au-banc-des-accuses-le-3-mars-2020\/#primaryimage\",\"url\":\"\",\"contentUrl\":\"\"},{\"@type\":\"BreadcrumbList\",\"@id\":\"https:\/\/kapitalis.com\/tunisie\/2020\/02\/27\/tunisie-le-plastique-au-banc-des-accuses-le-3-mars-2020\/#breadcrumb\",\"itemListElement\":[{\"@type\":\"ListItem\",\"position\":1,\"name\":\"Accueil\",\"item\":\"https:\/\/kapitalis.com\/tunisie\/\"},{\"@type\":\"ListItem\",\"position\":2,\"name\":\"Tunisie : Le plastique au banc des accus\u00e9s, le 3 mars 2020\"}]},{\"@type\":\"WebSite\",\"@id\":\"https:\/\/kapitalis.com\/tunisie\/#website\",\"url\":\"https:\/\/kapitalis.com\/tunisie\/\",\"name\":\"Kapitalis\",\"description\":\"L&#039;actualit\u00e9 en Tunisie et dans le monde\",\"publisher\":{\"@id\":\"https:\/\/kapitalis.com\/tunisie\/#organization\"},\"potentialAction\":[{\"@type\":\"SearchAction\",\"target\":{\"@type\":\"EntryPoint\",\"urlTemplate\":\"https:\/\/kapitalis.com\/tunisie\/?s={search_term_string}\"},\"query-input\":{\"@type\":\"PropertyValueSpecification\",\"valueRequired\":true,\"valueName\":\"search_term_string\"}}],\"inLanguage\":\"fr-FR\"},{\"@type\":\"Organization\",\"@id\":\"https:\/\/kapitalis.com\/tunisie\/#organization\",\"name\":\"Kapitalis\",\"url\":\"https:\/\/kapitalis.com\/tunisie\/\",\"logo\":{\"@type\":\"ImageObject\",\"inLanguage\":\"fr-FR\",\"@id\":\"https:\/\/kapitalis.com\/tunisie\/#\/schema\/logo\/image\/\",\"url\":\"https:\/\/kapitalis.com\/tunisie\/wp-content\/uploads\/2022\/05\/Kapitalis-big-size.png\",\"contentUrl\":\"https:\/\/kapitalis.com\/tunisie\/wp-content\/uploads\/2022\/05\/Kapitalis-big-size.png\",\"width\":5000,\"height\":1500,\"caption\":\"Kapitalis\"},\"image\":{\"@id\":\"https:\/\/kapitalis.com\/tunisie\/#\/schema\/logo\/image\/\"},\"sameAs\":[\"https:\/\/www.facebook.com\/KapitalisInfo\/\",\"https:\/\/x.com\/KapitalisInfo\",\"https:\/\/www.youtube.com\/channel\/UC-yDYrHyfFBWWZaOw3FPg9Q\"]},{\"@type\":\"Person\",\"@id\":\"https:\/\/kapitalis.com\/tunisie\/#\/schema\/person\/093913313d3017554cb3ad077fff3fbd\",\"name\":\"Amina Mkada\",\"url\":\"https:\/\/kapitalis.com\/tunisie\/author\/amina\/\"}]}<\/script>\n<!-- \/ Yoast SEO plugin. -->","yoast_head_json":{"title":"Tunisie : Le plastique au banc des accus\u00e9s, le 3 mars 2020 - Kapitalis","robots":{"index":"index","follow":"follow","max-snippet":"max-snippet:-1","max-image-preview":"max-image-preview:large","max-video-preview":"max-video-preview:-1"},"canonical":"https:\/\/kapitalis.com\/tunisie\/2020\/02\/27\/tunisie-le-plastique-au-banc-des-accuses-le-3-mars-2020\/","og_locale":"fr_FR","og_type":"article","og_title":"Tunisie : Le plastique au banc des accus\u00e9s, le 3 mars 2020 - Kapitalis","og_description":"La Fondation Heinrich B\u00f6ll Stiftung Tunisie organise son traditionnel rendez-vous \u00abGreen Lectures\u00bb pour soulever le probl\u00e8me du plastique en Tunisie, \u00e0 la Cit\u00e9 de la Culture, Th\u00e9\u00e2tre des jeunes cr\u00e9ateurs, le mardi 3 mars 2020 \u00e0 18:00.","og_url":"https:\/\/kapitalis.com\/tunisie\/2020\/02\/27\/tunisie-le-plastique-au-banc-des-accuses-le-3-mars-2020\/","og_site_name":"Kapitalis","article_publisher":"https:\/\/www.facebook.com\/KapitalisInfo\/","article_published_time":"2020-02-27T10:04:07+00:00","article_modified_time":"2020-02-27T10:04:12+00:00","og_image":[{"width":1200,"height":630,"url":"https:\/\/kapitalis.com\/tunisie\/wp-content\/uploads\/2022\/05\/kapitalis-logo-fb.png","type":"image\/png"}],"author":"Amina Mkada","twitter_card":"summary_large_image","twitter_creator":"@KapitalisInfo","twitter_site":"@KapitalisInfo","twitter_misc":{"\u00c9crit par":"Amina Mkada","Dur\u00e9e de lecture estim\u00e9e":"2 minutes"},"schema":{"@context":"https:\/\/schema.org","@graph":[{"@type":"Article","@id":"https:\/\/kapitalis.com\/tunisie\/2020\/02\/27\/tunisie-le-plastique-au-banc-des-accuses-le-3-mars-2020\/#article","isPartOf":{"@id":"https:\/\/kapitalis.com\/tunisie\/2020\/02\/27\/tunisie-le-plastique-au-banc-des-accuses-le-3-mars-2020\/"},"author":{"name":"Amina Mkada","@id":"https:\/\/kapitalis.com\/tunisie\/#\/schema\/person\/093913313d3017554cb3ad077fff3fbd"},"headline":"Tunisie : Le plastique au banc des accus\u00e9s, le 3 mars 2020","datePublished":"2020-02-27T10:04:07+00:00","dateModified":"2020-02-27T10:04:12+00:00","mainEntityOfPage":{"@id":"https:\/\/kapitalis.com\/tunisie\/2020\/02\/27\/tunisie-le-plastique-au-banc-des-accuses-le-3-mars-2020\/"},"wordCount":355,"commentCount":1,"publisher":{"@id":"https:\/\/kapitalis.com\/tunisie\/#organization"},"image":{"@id":"https:\/\/kapitalis.com\/tunisie\/2020\/02\/27\/tunisie-le-plastique-au-banc-des-accuses-le-3-mars-2020\/#primaryimage"},"thumbnailUrl":"","keywords":["Cit\u00e9 de la Culture de Tunis"],"articleSection":["ECONOMIE","Tunisie"],"inLanguage":"fr-FR","potentialAction":[{"@type":"CommentAction","name":"Comment","target":["https:\/\/kapitalis.com\/tunisie\/2020\/02\/27\/tunisie-le-plastique-au-banc-des-accuses-le-3-mars-2020\/#respond"]}]},{"@type":"WebPage","@id":"https:\/\/kapitalis.com\/tunisie\/2020\/02\/27\/tunisie-le-plastique-au-banc-des-accuses-le-3-mars-2020\/","url":"https:\/\/kapitalis.com\/tunisie\/2020\/02\/27\/tunisie-le-plastique-au-banc-des-accuses-le-3-mars-2020\/","name":"Tunisie : Le plastique au banc des accus\u00e9s, le 3 mars 2020 - Kapitalis","isPartOf":{"@id":"https:\/\/kapitalis.com\/tunisie\/#website"},"primaryImageOfPage":{"@id":"https:\/\/kapitalis.com\/tunisie\/2020\/02\/27\/tunisie-le-plastique-au-banc-des-accuses-le-3-mars-2020\/#primaryimage"},"image":{"@id":"https:\/\/kapitalis.com\/tunisie\/2020\/02\/27\/tunisie-le-plastique-au-banc-des-accuses-le-3-mars-2020\/#primaryimage"},"thumbnailUrl":"","datePublished":"2020-02-27T10:04:07+00:00","dateModified":"2020-02-27T10:04:12+00:00","breadcrumb":{"@id":"https:\/\/kapitalis.com\/tunisie\/2020\/02\/27\/tunisie-le-plastique-au-banc-des-accuses-le-3-mars-2020\/#breadcrumb"},"inLanguage":"fr-FR","potentialAction":[{"@type":"ReadAction","target":["https:\/\/kapitalis.com\/tunisie\/2020\/02\/27\/tunisie-le-plastique-au-banc-des-accuses-le-3-mars-2020\/"]}]},{"@type":"ImageObject","inLanguage":"fr-FR","@id":"https:\/\/kapitalis.com\/tunisie\/2020\/02\/27\/tunisie-le-plastique-au-banc-des-accuses-le-3-mars-2020\/#primaryimage","url":"","contentUrl":""},{"@type":"BreadcrumbList","@id":"https:\/\/kapitalis.com\/tunisie\/2020\/02\/27\/tunisie-le-plastique-au-banc-des-accuses-le-3-mars-2020\/#breadcrumb","itemListElement":[{"@type":"ListItem","position":1,"name":"Accueil","item":"https:\/\/kapitalis.com\/tunisie\/"},{"@type":"ListItem","position":2,"name":"Tunisie : Le plastique au banc des accus\u00e9s, le 3 mars 2020"}]},{"@type":"WebSite","@id":"https:\/\/kapitalis.com\/tunisie\/#website","url":"https:\/\/kapitalis.com\/tunisie\/","name":"Kapitalis","description":"L&#039;actualit\u00e9 en Tunisie et dans le monde","publisher":{"@id":"https:\/\/kapitalis.com\/tunisie\/#organization"},"potentialAction":[{"@type":"SearchAction","target":{"@type":"EntryPoint","urlTemplate":"https:\/\/kapitalis.com\/tunisie\/?s={search_term_string}"},"query-input":{"@type":"PropertyValueSpecification","valueRequired":true,"valueName":"search_term_string"}}],"inLanguage":"fr-FR"},{"@type":"Organization","@id":"https:\/\/kapitalis.com\/tunisie\/#organization","name":"Kapitalis","url":"https:\/\/kapitalis.com\/tunisie\/","logo":{"@type":"ImageObject","inLanguage":"fr-FR","@id":"https:\/\/kapitalis.com\/tunisie\/#\/schema\/logo\/image\/","url":"https:\/\/kapitalis.com\/tunisie\/wp-content\/uploads\/2022\/05\/Kapitalis-big-size.png","contentUrl":"https:\/\/kapitalis.com\/tunisie\/wp-content\/uploads\/2022\/05\/Kapitalis-big-size.png","width":5000,"height":1500,"caption":"Kapitalis"},"image":{"@id":"https:\/\/kapitalis.com\/tunisie\/#\/schema\/logo\/image\/"},"sameAs":["https:\/\/www.facebook.com\/KapitalisInfo\/","https:\/\/x.com\/KapitalisInfo","https:\/\/www.youtube.com\/channel\/UC-yDYrHyfFBWWZaOw3FPg9Q"]},{"@type":"Person","@id":"https:\/\/kapitalis.com\/tunisie\/#\/schema\/person\/093913313d3017554cb3ad077fff3fbd","name":"Amina Mkada","url":"https:\/\/kapitalis.com\/tunisie\/author\/amina\/"}]}},"_links":{"self":[{"href":"https:\/\/kapitalis.com\/tunisie\/wp-json\/wp\/v2\/posts\/283914","targetHints":{"allow":["GET"]}}],"collection":[{"href":"https:\/\/kapitalis.com\/tunisie\/wp-json\/wp\/v2\/posts"}],"about":[{"href":"https:\/\/kapitalis.com\/tunisie\/wp-json\/wp\/v2\/types\/post"}],"author":[{"embeddable":true,"href":"https:\/\/kapitalis.com\/tunisie\/wp-json\/wp\/v2\/users\/22"}],"replies":[{"embeddable":true,"href":"https:\/\/kapitalis.com\/tunisie\/wp-json\/wp\/v2\/comments?post=283914"}],"version-history":[{"count":0,"href":"https:\/\/kapitalis.com\/tunisie\/wp-json\/wp\/v2\/posts\/283914\/revisions"}],"wp:featuredmedia":[{"embeddable":true,"href":"https:\/\/kapitalis.com\/tunisie\/wp-json\/wp\/v2\/media\/283925"}],"wp:attachment":[{"href":"https:\/\/kapitalis.com\/tunisie\/wp-json\/wp\/v2\/media?parent=283914"}],"wp:term":[{"taxonomy":"category","embeddable":true,"href":"https:\/\/kapitalis.com\/tunisie\/wp-json\/wp\/v2\/categories?post=283914"},{"taxonomy":"post_tag","embeddable":true,"href":"https:\/\/kapitalis.com\/tunisie\/wp-json\/wp\/v2\/tags?post=283914"}],"curies":[{"name":"wp","href":"https:\/\/api.w.org\/{rel}","templated":true}]}}