{"id":283988,"date":"2020-02-27T14:27:56","date_gmt":"2020-02-27T13:27:56","guid":{"rendered":"http:\/\/kapitalis.com\/tunisie\/?p=283988"},"modified":"2020-02-27T14:27:58","modified_gmt":"2020-02-27T13:27:58","slug":"ghannouchi-a-des-moments-on-a-craint-que-le-gouvernement-fakhfakh-ne-puisse-pas-avoir-la-confiance-de-lassemblee","status":"publish","type":"post","link":"https:\/\/kapitalis.com\/tunisie\/2020\/02\/27\/ghannouchi-a-des-moments-on-a-craint-que-le-gouvernement-fakhfakh-ne-puisse-pas-avoir-la-confiance-de-lassemblee\/","title":{"rendered":"Ghannouchi : \u00abA des moments, on a craint que le gouvernement Fakhfakh ne puisse pas avoir la confiance de l&rsquo;Assembl\u00e9e\u00bb"},"content":{"rendered":"\n<figure class=\"wp-block-image size-large\"><img decoding=\"async\" src=\"http:\/\/kapitalis.com\/tunisie\/wp-content\/uploads\/2020\/02\/fakhfakh-ghannouchi-1.jpg\" alt=\"\" class=\"wp-image-280429\"\/><\/figure>\n\n\n\n<p><em><strong>Commentant, t\u00f4t ce matin, les r\u00e9sultats du vote de confiance au gouvernement d&rsquo;Ely\u00e8s Fakhfakh, Rached Ghannouchi s&rsquo;est f\u00e9licit\u00e9 de<\/strong> \u00ab<strong>la tournure positive que les choses ont prise<\/strong>\u00bb<strong> et que le chef de gouvernement d\u00e9sign\u00e9 ait r\u00e9ussi cette \u00e9preuve. Feignant un certain soulagement, il s&rsquo;est voulu rassurant: <\/strong>\u00ab<strong>il n&rsquo;y a pas de crainte \u00e0 avoir, car pour l&rsquo;adoption de nouvelles lois, le contexte sera totalement diff\u00e9rent&#8230;<\/strong>\u00bb <\/em><\/p>\n\n\n\n<!--more-->\n\n\n\n<p>Dans une rencontre avec les m\u00e9dias t\u00f4t aujourd&rsquo;hui, jeudi 27 f\u00e9vrier 2020, le pr\u00e9sident de l&rsquo;Assembl\u00e9e des repr\u00e9sentants du peuple (ARP) et du parti Ennahdha a pr\u00e9sent\u00e9 ses \u00ab<em>f\u00e9licitations, aux noms de l&rsquo;Assembl\u00e9e et d&rsquo;Ennahdha, au nouveau chef du gouvernement Ely\u00e8s<\/em> [Fakhfakh]* <em>pour le vote de confiance parlementaire qui lui a \u00e9t\u00e9 accord\u00e9. C&rsquo;est un succ\u00e8s, c&rsquo;est un bon r\u00e9sultat qu&rsquo;il vient ainsi de r\u00e9aliser. C&rsquo;est une r\u00e9ussite honorable lorsque l&rsquo;on prend en consid\u00e9ration les difficult\u00e9s auxquelles il a \u00e9t\u00e9 confront\u00e9 &#8211; les longues tractations, les interminables consultations, les surench\u00e8res et autres tiraillements&#8230;<\/em>\u00bb<\/p>\n\n\n\n<p>Avec la gravit\u00e9 et l&rsquo;aust\u00e9rit\u00e9 auxquelles il nous a habitu\u00e9s, le gourou de Montplaisir a pr\u00e9tendu qu&rsquo;\u00ab<em>il y a eu des moments o\u00f9 l&rsquo;on a craint le pire -o\u00f9 l&rsquo;on a craint que le chef de gouvernement d\u00e9sign\u00e9 ne puisse pas atteindre le nombre de voix requis&#8230;<\/em>\u00bb, a-t-il ajout\u00e9, sans vouloir pr\u00e9ciser la ou les parties qui auraient pu, par leurs jeux vicieux, entra\u00eener le pays dans le pr\u00e9cipice catastrophique d&rsquo;une dissolution de l&rsquo;ARP et de la tenue de l\u00e9gislatives anticip\u00e9es&#8230;<\/p>\n\n\n\n<p>Se montrant rassurant &#8211; mais sans convaincre! -, Rached Ghannouchi pr\u00e9tend qu&rsquo;\u00ab<em>\u00e0 l&rsquo;avenir, \u00e0 l&rsquo;Assembl\u00e9e, les choses se d\u00e9rouleront diff\u00e9remment. Il n&rsquo;y a plus de crainte \u00e0 avoir. Il ne s&rsquo;agira pas de la m\u00eame d\u00e9marche, car le contexte sera tout autre&#8230; La majorit\u00e9 qui a accord\u00e9 la confiance au nouveau gouvernement ne sera pas la m\u00eame que celle qui votera les lois..<\/em>.\u00bb<\/p>\n\n\n\n<p>Ne cherchons pas \u00e0 comprendre cette distinction que le chef islamiste tente d&rsquo;\u00e9tablir entre la s\u00e9ance pl\u00e9ni\u00e8re de l&rsquo;ARP d&rsquo;hier et ce qui se passera dans l&rsquo;h\u00e9micycle durant le reste du quinquennat parlementaire. Par contre, il y a une certitude ind\u00e9niable: cette capacit\u00e9 qu&rsquo;ont les Nahdhaouis \u00e0 jouer sur deux ou trois registres \u00e0 la fois; cette capacit\u00e9 qu&rsquo;ils ont \u00e0 se jouer de tout le monde&#8230; et du peuple tout entier. Et fausset\u00e9 l\u00e9gendaire!<\/p>\n\n\n\n<p>Aujourd&rsquo;hui, par exemple, ils souhaitent faire croire qu&rsquo;ils soutiennent Qalb Tounes. Souvenons-nous de ce qu&rsquo;Ennahdha disait du parti de Nabil Karoui et de ce que cet homme repr\u00e9sentait, durant les campagnes pr\u00e9sidentielle et l\u00e9gislatives&#8230; Puis, d&rsquo;un seul coup, la page est tourn\u00e9e, Qalb Tounes vote en faveur de Rached Ghannouchi, pour la pr\u00e9sidence de l&rsquo;ARP, et Ennahdha devient le d\u00e9fenseur du principe de la formation d&rsquo;un gouvernement d&rsquo;union nationale&#8230; pour trouver une place \u00e0 Qalb Tounes dans le nouveau gouvernement&#8230;<\/p>\n\n\n\n<p>Tout cela n&rsquo;est qu&rsquo;enfumage. Les Nahdhaouis, ces hommes qui pr\u00e9tendent  <em>\u00abcraindre Dieu\u00bb,<\/em> ne craignent  que les principes&#8230; parce qu&rsquo;ils n&rsquo;en ont pas et n&rsquo;en ont jamais eu.  <\/p>\n\n\n\n<p class=\"has-text-align-right\"><strong>M. Ch.<\/strong><\/p>\n\n\n\n<p><em>* Rached Ghannouchi s&rsquo;adresse ou parle du nouveau chef du gouvernement Ely\u00e8s Fakhfakh en l&rsquo;appelant par son pr\u00e9nom. Cet \u00e9cart est inacceptable m\u00eame de la part d&rsquo;un cheikh (!).  <\/em><\/p>\n","protected":false},"excerpt":{"rendered":"<p>Commentant, t\u00f4t ce matin, les r\u00e9sultats du vote de confiance au gouvernement d&rsquo;Ely\u00e8s Fakhfakh, Rached Ghannouchi s&rsquo;est f\u00e9licit\u00e9 de \u00abla tournure positive que les choses ont prise\u00bb et que le chef de gouvernement d\u00e9sign\u00e9 ait r\u00e9ussi cette \u00e9preuve. Feignant un certain soulagement, il s&rsquo;est voulu rassurant: \u00abil n&rsquo;y a pas de crainte \u00e0 avoir, car&#8230;<\/p>\n","protected":false},"author":25,"featured_media":0,"comment_status":"open","ping_status":"open","sticky":false,"template":"","format":"standard","meta":{"footnotes":""},"categories":[997,2433],"tags":[84,63723,49543,4273,651,61989,758],"class_list":["post-283988","post","type-post","status-publish","format-standard","hentry","category-politique","category-tunisie","tag-arp","tag-elyes-fakhfakh","tag-ennahdha","tag-montplaisir","tag-nabil-karoui","tag-qalb-tounes","tag-rached-ghannouchi"],"yoast_head":"<!-- This site is optimized with the Yoast SEO plugin v26.6 - https:\/\/yoast.com\/wordpress\/plugins\/seo\/ -->\n<title>Ghannouchi : \u00abA des moments, on a craint que le gouvernement Fakhfakh ne puisse pas avoir la confiance de l&#039;Assembl\u00e9e\u00bb - Kapitalis<\/title>\n<meta name=\"robots\" content=\"index, follow, max-snippet:-1, max-image-preview:large, max-video-preview:-1\" \/>\n<link rel=\"canonical\" href=\"https:\/\/kapitalis.com\/tunisie\/2020\/02\/27\/ghannouchi-a-des-moments-on-a-craint-que-le-gouvernement-fakhfakh-ne-puisse-pas-avoir-la-confiance-de-lassemblee\/\" \/>\n<meta property=\"og:locale\" content=\"fr_FR\" \/>\n<meta property=\"og:type\" content=\"article\" \/>\n<meta property=\"og:title\" content=\"Ghannouchi : \u00abA des moments, on a craint que le gouvernement Fakhfakh ne puisse pas avoir la confiance de l&#039;Assembl\u00e9e\u00bb - Kapitalis\" \/>\n<meta property=\"og:description\" content=\"Commentant, t\u00f4t ce matin, les r\u00e9sultats du vote de confiance au gouvernement d&rsquo;Ely\u00e8s Fakhfakh, Rached Ghannouchi s&rsquo;est f\u00e9licit\u00e9 de \u00abla tournure positive que les choses ont prise\u00bb et que le chef de gouvernement d\u00e9sign\u00e9 ait r\u00e9ussi cette \u00e9preuve. Feignant un certain soulagement, il s&rsquo;est voulu rassurant: \u00abil n&rsquo;y a pas de crainte \u00e0 avoir, car...\" \/>\n<meta property=\"og:url\" content=\"https:\/\/kapitalis.com\/tunisie\/2020\/02\/27\/ghannouchi-a-des-moments-on-a-craint-que-le-gouvernement-fakhfakh-ne-puisse-pas-avoir-la-confiance-de-lassemblee\/\" \/>\n<meta property=\"og:site_name\" content=\"Kapitalis\" \/>\n<meta property=\"article:publisher\" content=\"https:\/\/www.facebook.com\/KapitalisInfo\/\" \/>\n<meta property=\"article:published_time\" content=\"2020-02-27T13:27:56+00:00\" \/>\n<meta property=\"article:modified_time\" content=\"2020-02-27T13:27:58+00:00\" \/>\n<meta property=\"og:image\" content=\"http:\/\/kapitalis.com\/tunisie\/wp-content\/uploads\/2020\/02\/fakhfakh-ghannouchi-1.jpg\" \/>\n<meta name=\"author\" content=\"Moncef Dhambri\" \/>\n<meta name=\"twitter:card\" content=\"summary_large_image\" \/>\n<meta name=\"twitter:creator\" content=\"@KapitalisInfo\" \/>\n<meta name=\"twitter:site\" content=\"@KapitalisInfo\" \/>\n<meta name=\"twitter:label1\" content=\"\u00c9crit par\" \/>\n\t<meta name=\"twitter:data1\" content=\"Moncef Dhambri\" \/>\n\t<meta name=\"twitter:label2\" content=\"Dur\u00e9e de lecture estim\u00e9e\" \/>\n\t<meta name=\"twitter:data2\" content=\"3 minutes\" \/>\n<script type=\"application\/ld+json\" class=\"yoast-schema-graph\">{\"@context\":\"https:\/\/schema.org\",\"@graph\":[{\"@type\":\"Article\",\"@id\":\"https:\/\/kapitalis.com\/tunisie\/2020\/02\/27\/ghannouchi-a-des-moments-on-a-craint-que-le-gouvernement-fakhfakh-ne-puisse-pas-avoir-la-confiance-de-lassemblee\/#article\",\"isPartOf\":{\"@id\":\"https:\/\/kapitalis.com\/tunisie\/2020\/02\/27\/ghannouchi-a-des-moments-on-a-craint-que-le-gouvernement-fakhfakh-ne-puisse-pas-avoir-la-confiance-de-lassemblee\/\"},\"author\":{\"name\":\"Moncef Dhambri\",\"@id\":\"https:\/\/kapitalis.com\/tunisie\/#\/schema\/person\/48fdbea283a929dd284e69d21e31a3d1\"},\"headline\":\"Ghannouchi : \u00abA des moments, on a craint que le gouvernement Fakhfakh ne puisse pas avoir la confiance de l&rsquo;Assembl\u00e9e\u00bb\",\"datePublished\":\"2020-02-27T13:27:56+00:00\",\"dateModified\":\"2020-02-27T13:27:58+00:00\",\"mainEntityOfPage\":{\"@id\":\"https:\/\/kapitalis.com\/tunisie\/2020\/02\/27\/ghannouchi-a-des-moments-on-a-craint-que-le-gouvernement-fakhfakh-ne-puisse-pas-avoir-la-confiance-de-lassemblee\/\"},\"wordCount\":581,\"commentCount\":0,\"publisher\":{\"@id\":\"https:\/\/kapitalis.com\/tunisie\/#organization\"},\"image\":{\"@id\":\"https:\/\/kapitalis.com\/tunisie\/2020\/02\/27\/ghannouchi-a-des-moments-on-a-craint-que-le-gouvernement-fakhfakh-ne-puisse-pas-avoir-la-confiance-de-lassemblee\/#primaryimage\"},\"thumbnailUrl\":\"http:\/\/kapitalis.com\/tunisie\/wp-content\/uploads\/2020\/02\/fakhfakh-ghannouchi-1.jpg\",\"keywords\":[\"ARP\",\"Ely\u00e8s Fakhfakh\",\"Ennahdha\",\"Montplaisir\",\"Nabil Karoui\",\"Qalb Tounes\",\"Rached Ghannouchi\"],\"articleSection\":[\"POLITIQUE\",\"Tunisie\"],\"inLanguage\":\"fr-FR\",\"potentialAction\":[{\"@type\":\"CommentAction\",\"name\":\"Comment\",\"target\":[\"https:\/\/kapitalis.com\/tunisie\/2020\/02\/27\/ghannouchi-a-des-moments-on-a-craint-que-le-gouvernement-fakhfakh-ne-puisse-pas-avoir-la-confiance-de-lassemblee\/#respond\"]}]},{\"@type\":\"WebPage\",\"@id\":\"https:\/\/kapitalis.com\/tunisie\/2020\/02\/27\/ghannouchi-a-des-moments-on-a-craint-que-le-gouvernement-fakhfakh-ne-puisse-pas-avoir-la-confiance-de-lassemblee\/\",\"url\":\"https:\/\/kapitalis.com\/tunisie\/2020\/02\/27\/ghannouchi-a-des-moments-on-a-craint-que-le-gouvernement-fakhfakh-ne-puisse-pas-avoir-la-confiance-de-lassemblee\/\",\"name\":\"Ghannouchi : \u00abA des moments, on a craint que le gouvernement Fakhfakh ne puisse pas avoir la confiance de l'Assembl\u00e9e\u00bb - Kapitalis\",\"isPartOf\":{\"@id\":\"https:\/\/kapitalis.com\/tunisie\/#website\"},\"primaryImageOfPage\":{\"@id\":\"https:\/\/kapitalis.com\/tunisie\/2020\/02\/27\/ghannouchi-a-des-moments-on-a-craint-que-le-gouvernement-fakhfakh-ne-puisse-pas-avoir-la-confiance-de-lassemblee\/#primaryimage\"},\"image\":{\"@id\":\"https:\/\/kapitalis.com\/tunisie\/2020\/02\/27\/ghannouchi-a-des-moments-on-a-craint-que-le-gouvernement-fakhfakh-ne-puisse-pas-avoir-la-confiance-de-lassemblee\/#primaryimage\"},\"thumbnailUrl\":\"http:\/\/kapitalis.com\/tunisie\/wp-content\/uploads\/2020\/02\/fakhfakh-ghannouchi-1.jpg\",\"datePublished\":\"2020-02-27T13:27:56+00:00\",\"dateModified\":\"2020-02-27T13:27:58+00:00\",\"breadcrumb\":{\"@id\":\"https:\/\/kapitalis.com\/tunisie\/2020\/02\/27\/ghannouchi-a-des-moments-on-a-craint-que-le-gouvernement-fakhfakh-ne-puisse-pas-avoir-la-confiance-de-lassemblee\/#breadcrumb\"},\"inLanguage\":\"fr-FR\",\"potentialAction\":[{\"@type\":\"ReadAction\",\"target\":[\"https:\/\/kapitalis.com\/tunisie\/2020\/02\/27\/ghannouchi-a-des-moments-on-a-craint-que-le-gouvernement-fakhfakh-ne-puisse-pas-avoir-la-confiance-de-lassemblee\/\"]}]},{\"@type\":\"ImageObject\",\"inLanguage\":\"fr-FR\",\"@id\":\"https:\/\/kapitalis.com\/tunisie\/2020\/02\/27\/ghannouchi-a-des-moments-on-a-craint-que-le-gouvernement-fakhfakh-ne-puisse-pas-avoir-la-confiance-de-lassemblee\/#primaryimage\",\"url\":\"\",\"contentUrl\":\"\"},{\"@type\":\"BreadcrumbList\",\"@id\":\"https:\/\/kapitalis.com\/tunisie\/2020\/02\/27\/ghannouchi-a-des-moments-on-a-craint-que-le-gouvernement-fakhfakh-ne-puisse-pas-avoir-la-confiance-de-lassemblee\/#breadcrumb\",\"itemListElement\":[{\"@type\":\"ListItem\",\"position\":1,\"name\":\"Accueil\",\"item\":\"https:\/\/kapitalis.com\/tunisie\/\"},{\"@type\":\"ListItem\",\"position\":2,\"name\":\"Ghannouchi : \u00abA des moments, on a craint que le gouvernement Fakhfakh ne puisse pas avoir la confiance de l&rsquo;Assembl\u00e9e\u00bb\"}]},{\"@type\":\"WebSite\",\"@id\":\"https:\/\/kapitalis.com\/tunisie\/#website\",\"url\":\"https:\/\/kapitalis.com\/tunisie\/\",\"name\":\"Kapitalis\",\"description\":\"L&#039;actualit\u00e9 en Tunisie et dans le monde\",\"publisher\":{\"@id\":\"https:\/\/kapitalis.com\/tunisie\/#organization\"},\"potentialAction\":[{\"@type\":\"SearchAction\",\"target\":{\"@type\":\"EntryPoint\",\"urlTemplate\":\"https:\/\/kapitalis.com\/tunisie\/?s={search_term_string}\"},\"query-input\":{\"@type\":\"PropertyValueSpecification\",\"valueRequired\":true,\"valueName\":\"search_term_string\"}}],\"inLanguage\":\"fr-FR\"},{\"@type\":\"Organization\",\"@id\":\"https:\/\/kapitalis.com\/tunisie\/#organization\",\"name\":\"Kapitalis\",\"url\":\"https:\/\/kapitalis.com\/tunisie\/\",\"logo\":{\"@type\":\"ImageObject\",\"inLanguage\":\"fr-FR\",\"@id\":\"https:\/\/kapitalis.com\/tunisie\/#\/schema\/logo\/image\/\",\"url\":\"https:\/\/kapitalis.com\/tunisie\/wp-content\/uploads\/2022\/05\/Kapitalis-big-size.png\",\"contentUrl\":\"https:\/\/kapitalis.com\/tunisie\/wp-content\/uploads\/2022\/05\/Kapitalis-big-size.png\",\"width\":5000,\"height\":1500,\"caption\":\"Kapitalis\"},\"image\":{\"@id\":\"https:\/\/kapitalis.com\/tunisie\/#\/schema\/logo\/image\/\"},\"sameAs\":[\"https:\/\/www.facebook.com\/KapitalisInfo\/\",\"https:\/\/x.com\/KapitalisInfo\",\"https:\/\/www.youtube.com\/channel\/UC-yDYrHyfFBWWZaOw3FPg9Q\"]},{\"@type\":\"Person\",\"@id\":\"https:\/\/kapitalis.com\/tunisie\/#\/schema\/person\/48fdbea283a929dd284e69d21e31a3d1\",\"name\":\"Moncef Dhambri\",\"url\":\"https:\/\/kapitalis.com\/tunisie\/author\/moncef\/\"}]}<\/script>\n<!-- \/ Yoast SEO plugin. -->","yoast_head_json":{"title":"Ghannouchi : \u00abA des moments, on a craint que le gouvernement Fakhfakh ne puisse pas avoir la confiance de l'Assembl\u00e9e\u00bb - Kapitalis","robots":{"index":"index","follow":"follow","max-snippet":"max-snippet:-1","max-image-preview":"max-image-preview:large","max-video-preview":"max-video-preview:-1"},"canonical":"https:\/\/kapitalis.com\/tunisie\/2020\/02\/27\/ghannouchi-a-des-moments-on-a-craint-que-le-gouvernement-fakhfakh-ne-puisse-pas-avoir-la-confiance-de-lassemblee\/","og_locale":"fr_FR","og_type":"article","og_title":"Ghannouchi : \u00abA des moments, on a craint que le gouvernement Fakhfakh ne puisse pas avoir la confiance de l'Assembl\u00e9e\u00bb - Kapitalis","og_description":"Commentant, t\u00f4t ce matin, les r\u00e9sultats du vote de confiance au gouvernement d&rsquo;Ely\u00e8s Fakhfakh, Rached Ghannouchi s&rsquo;est f\u00e9licit\u00e9 de \u00abla tournure positive que les choses ont prise\u00bb et que le chef de gouvernement d\u00e9sign\u00e9 ait r\u00e9ussi cette \u00e9preuve. Feignant un certain soulagement, il s&rsquo;est voulu rassurant: \u00abil n&rsquo;y a pas de crainte \u00e0 avoir, car...","og_url":"https:\/\/kapitalis.com\/tunisie\/2020\/02\/27\/ghannouchi-a-des-moments-on-a-craint-que-le-gouvernement-fakhfakh-ne-puisse-pas-avoir-la-confiance-de-lassemblee\/","og_site_name":"Kapitalis","article_publisher":"https:\/\/www.facebook.com\/KapitalisInfo\/","article_published_time":"2020-02-27T13:27:56+00:00","article_modified_time":"2020-02-27T13:27:58+00:00","og_image":[{"url":"http:\/\/kapitalis.com\/tunisie\/wp-content\/uploads\/2020\/02\/fakhfakh-ghannouchi-1.jpg","type":"","width":"","height":""}],"author":"Moncef Dhambri","twitter_card":"summary_large_image","twitter_creator":"@KapitalisInfo","twitter_site":"@KapitalisInfo","twitter_misc":{"\u00c9crit par":"Moncef Dhambri","Dur\u00e9e de lecture estim\u00e9e":"3 minutes"},"schema":{"@context":"https:\/\/schema.org","@graph":[{"@type":"Article","@id":"https:\/\/kapitalis.com\/tunisie\/2020\/02\/27\/ghannouchi-a-des-moments-on-a-craint-que-le-gouvernement-fakhfakh-ne-puisse-pas-avoir-la-confiance-de-lassemblee\/#article","isPartOf":{"@id":"https:\/\/kapitalis.com\/tunisie\/2020\/02\/27\/ghannouchi-a-des-moments-on-a-craint-que-le-gouvernement-fakhfakh-ne-puisse-pas-avoir-la-confiance-de-lassemblee\/"},"author":{"name":"Moncef Dhambri","@id":"https:\/\/kapitalis.com\/tunisie\/#\/schema\/person\/48fdbea283a929dd284e69d21e31a3d1"},"headline":"Ghannouchi : \u00abA des moments, on a craint que le gouvernement Fakhfakh ne puisse pas avoir la confiance de l&rsquo;Assembl\u00e9e\u00bb","datePublished":"2020-02-27T13:27:56+00:00","dateModified":"2020-02-27T13:27:58+00:00","mainEntityOfPage":{"@id":"https:\/\/kapitalis.com\/tunisie\/2020\/02\/27\/ghannouchi-a-des-moments-on-a-craint-que-le-gouvernement-fakhfakh-ne-puisse-pas-avoir-la-confiance-de-lassemblee\/"},"wordCount":581,"commentCount":0,"publisher":{"@id":"https:\/\/kapitalis.com\/tunisie\/#organization"},"image":{"@id":"https:\/\/kapitalis.com\/tunisie\/2020\/02\/27\/ghannouchi-a-des-moments-on-a-craint-que-le-gouvernement-fakhfakh-ne-puisse-pas-avoir-la-confiance-de-lassemblee\/#primaryimage"},"thumbnailUrl":"http:\/\/kapitalis.com\/tunisie\/wp-content\/uploads\/2020\/02\/fakhfakh-ghannouchi-1.jpg","keywords":["ARP","Ely\u00e8s Fakhfakh","Ennahdha","Montplaisir","Nabil Karoui","Qalb Tounes","Rached Ghannouchi"],"articleSection":["POLITIQUE","Tunisie"],"inLanguage":"fr-FR","potentialAction":[{"@type":"CommentAction","name":"Comment","target":["https:\/\/kapitalis.com\/tunisie\/2020\/02\/27\/ghannouchi-a-des-moments-on-a-craint-que-le-gouvernement-fakhfakh-ne-puisse-pas-avoir-la-confiance-de-lassemblee\/#respond"]}]},{"@type":"WebPage","@id":"https:\/\/kapitalis.com\/tunisie\/2020\/02\/27\/ghannouchi-a-des-moments-on-a-craint-que-le-gouvernement-fakhfakh-ne-puisse-pas-avoir-la-confiance-de-lassemblee\/","url":"https:\/\/kapitalis.com\/tunisie\/2020\/02\/27\/ghannouchi-a-des-moments-on-a-craint-que-le-gouvernement-fakhfakh-ne-puisse-pas-avoir-la-confiance-de-lassemblee\/","name":"Ghannouchi : \u00abA des moments, on a craint que le gouvernement Fakhfakh ne puisse pas avoir la confiance de l'Assembl\u00e9e\u00bb - Kapitalis","isPartOf":{"@id":"https:\/\/kapitalis.com\/tunisie\/#website"},"primaryImageOfPage":{"@id":"https:\/\/kapitalis.com\/tunisie\/2020\/02\/27\/ghannouchi-a-des-moments-on-a-craint-que-le-gouvernement-fakhfakh-ne-puisse-pas-avoir-la-confiance-de-lassemblee\/#primaryimage"},"image":{"@id":"https:\/\/kapitalis.com\/tunisie\/2020\/02\/27\/ghannouchi-a-des-moments-on-a-craint-que-le-gouvernement-fakhfakh-ne-puisse-pas-avoir-la-confiance-de-lassemblee\/#primaryimage"},"thumbnailUrl":"http:\/\/kapitalis.com\/tunisie\/wp-content\/uploads\/2020\/02\/fakhfakh-ghannouchi-1.jpg","datePublished":"2020-02-27T13:27:56+00:00","dateModified":"2020-02-27T13:27:58+00:00","breadcrumb":{"@id":"https:\/\/kapitalis.com\/tunisie\/2020\/02\/27\/ghannouchi-a-des-moments-on-a-craint-que-le-gouvernement-fakhfakh-ne-puisse-pas-avoir-la-confiance-de-lassemblee\/#breadcrumb"},"inLanguage":"fr-FR","potentialAction":[{"@type":"ReadAction","target":["https:\/\/kapitalis.com\/tunisie\/2020\/02\/27\/ghannouchi-a-des-moments-on-a-craint-que-le-gouvernement-fakhfakh-ne-puisse-pas-avoir-la-confiance-de-lassemblee\/"]}]},{"@type":"ImageObject","inLanguage":"fr-FR","@id":"https:\/\/kapitalis.com\/tunisie\/2020\/02\/27\/ghannouchi-a-des-moments-on-a-craint-que-le-gouvernement-fakhfakh-ne-puisse-pas-avoir-la-confiance-de-lassemblee\/#primaryimage","url":"","contentUrl":""},{"@type":"BreadcrumbList","@id":"https:\/\/kapitalis.com\/tunisie\/2020\/02\/27\/ghannouchi-a-des-moments-on-a-craint-que-le-gouvernement-fakhfakh-ne-puisse-pas-avoir-la-confiance-de-lassemblee\/#breadcrumb","itemListElement":[{"@type":"ListItem","position":1,"name":"Accueil","item":"https:\/\/kapitalis.com\/tunisie\/"},{"@type":"ListItem","position":2,"name":"Ghannouchi : \u00abA des moments, on a craint que le gouvernement Fakhfakh ne puisse pas avoir la confiance de l&rsquo;Assembl\u00e9e\u00bb"}]},{"@type":"WebSite","@id":"https:\/\/kapitalis.com\/tunisie\/#website","url":"https:\/\/kapitalis.com\/tunisie\/","name":"Kapitalis","description":"L&#039;actualit\u00e9 en Tunisie et dans le monde","publisher":{"@id":"https:\/\/kapitalis.com\/tunisie\/#organization"},"potentialAction":[{"@type":"SearchAction","target":{"@type":"EntryPoint","urlTemplate":"https:\/\/kapitalis.com\/tunisie\/?s={search_term_string}"},"query-input":{"@type":"PropertyValueSpecification","valueRequired":true,"valueName":"search_term_string"}}],"inLanguage":"fr-FR"},{"@type":"Organization","@id":"https:\/\/kapitalis.com\/tunisie\/#organization","name":"Kapitalis","url":"https:\/\/kapitalis.com\/tunisie\/","logo":{"@type":"ImageObject","inLanguage":"fr-FR","@id":"https:\/\/kapitalis.com\/tunisie\/#\/schema\/logo\/image\/","url":"https:\/\/kapitalis.com\/tunisie\/wp-content\/uploads\/2022\/05\/Kapitalis-big-size.png","contentUrl":"https:\/\/kapitalis.com\/tunisie\/wp-content\/uploads\/2022\/05\/Kapitalis-big-size.png","width":5000,"height":1500,"caption":"Kapitalis"},"image":{"@id":"https:\/\/kapitalis.com\/tunisie\/#\/schema\/logo\/image\/"},"sameAs":["https:\/\/www.facebook.com\/KapitalisInfo\/","https:\/\/x.com\/KapitalisInfo","https:\/\/www.youtube.com\/channel\/UC-yDYrHyfFBWWZaOw3FPg9Q"]},{"@type":"Person","@id":"https:\/\/kapitalis.com\/tunisie\/#\/schema\/person\/48fdbea283a929dd284e69d21e31a3d1","name":"Moncef Dhambri","url":"https:\/\/kapitalis.com\/tunisie\/author\/moncef\/"}]}},"_links":{"self":[{"href":"https:\/\/kapitalis.com\/tunisie\/wp-json\/wp\/v2\/posts\/283988","targetHints":{"allow":["GET"]}}],"collection":[{"href":"https:\/\/kapitalis.com\/tunisie\/wp-json\/wp\/v2\/posts"}],"about":[{"href":"https:\/\/kapitalis.com\/tunisie\/wp-json\/wp\/v2\/types\/post"}],"author":[{"embeddable":true,"href":"https:\/\/kapitalis.com\/tunisie\/wp-json\/wp\/v2\/users\/25"}],"replies":[{"embeddable":true,"href":"https:\/\/kapitalis.com\/tunisie\/wp-json\/wp\/v2\/comments?post=283988"}],"version-history":[{"count":0,"href":"https:\/\/kapitalis.com\/tunisie\/wp-json\/wp\/v2\/posts\/283988\/revisions"}],"wp:attachment":[{"href":"https:\/\/kapitalis.com\/tunisie\/wp-json\/wp\/v2\/media?parent=283988"}],"wp:term":[{"taxonomy":"category","embeddable":true,"href":"https:\/\/kapitalis.com\/tunisie\/wp-json\/wp\/v2\/categories?post=283988"},{"taxonomy":"post_tag","embeddable":true,"href":"https:\/\/kapitalis.com\/tunisie\/wp-json\/wp\/v2\/tags?post=283988"}],"curies":[{"name":"wp","href":"https:\/\/api.w.org\/{rel}","templated":true}]}}