{"id":284113,"date":"2020-02-27T17:38:42","date_gmt":"2020-02-27T16:38:42","guid":{"rendered":"http:\/\/kapitalis.com\/tunisie\/?p=284113"},"modified":"2020-02-27T17:42:50","modified_gmt":"2020-02-27T16:42:50","slug":"omra-le-post-de-tristesse-mais-aussi-de-profonde-spiritualite-damel-karboul","status":"publish","type":"post","link":"https:\/\/kapitalis.com\/tunisie\/2020\/02\/27\/omra-le-post-de-tristesse-mais-aussi-de-profonde-spiritualite-damel-karboul\/","title":{"rendered":"Amel Karboul partage l&rsquo;\u00e9motion de son petit p\u00e8lerinage avec ses amis sur les r\u00e9seaux sociaux (photos)"},"content":{"rendered":"\n<figure class=\"wp-block-image size-large\"><img decoding=\"async\" src=\"http:\/\/kapitalis.com\/tunisie\/wp-content\/uploads\/2020\/02\/Amel-Karboul-omra.jpg\" alt=\"\" class=\"wp-image-284127\"\/><\/figure>\n\n\n\n<p><em style=\"\"><b>L&rsquo;ancienne ministre du Tourisme <a rel=\"noreferrer noopener\" aria-label=\"Amel Karboul (s\u2019ouvre dans un nouvel onglet)\" href=\"https:\/\/www.facebook.com\/AmelKarboulOfficiel\/?__tn__=kC-R&amp;eid=ARCMk0xcrr74ka81UMbl6etJTR-DAjhXmf4jkjTfi1L43XuvuO4VHPlEZj-dbJvLSGCEUu0MD8nPTwOz&amp;hc_ref=ARSOsWn77J5Zwi_QSKLoOTJTRmHDyjZ-yHQKvyM8XSATB4bHNXQTqZQDXPPvzzPjcqg&amp;fref=nf&amp;__xts__[0]=68.ARAo92PHnIZbAn4L8bUtIHCb6YNvdSYHNat7e7xI97EHGvtO6vm5yVcKPTUuBJ9T0Eo_IqrkY-zxU-dyhuhnaSjGmmgxYM8gWj8fIShbBrBSGPSq3QjSi1tVIDETH_ki9rotdvBIhVbe-SNlxRE7OC8C_PDC9IRGL-21rMo21SQBGhtvaNuFY-5oKVdDkXmVv7PvqrwZJJtNMNggCMotds_PCHj_xEKTMnVMl5pErTuS1AqGh_WkLsZLs0Pg-GCH3Uj2Y-Nnkzw8Wtuli8718jDW6fA9Bc6IlB4cBJVIIPK_EDEhtfS5xkoqOD47vRTVcicCd57Sf9bDH95E108ECPRl6tSm\" target=\"_blank\">Amel Karboul<\/a> se d\u00e9sole, dans un post facebook publi\u00e9 aujourd&rsquo;hui, jeudi 27 f\u00e9vrier 2020, que les autorit\u00e9s saoudiennes aient d\u00e9cid\u00e9 &#8211; \u00e0 juste titre &#8211; de suspendre la \u00ab\u00a0\u00f4mra\u00a0\u00bb (petit p\u00e8lerinage \u00e0 la Mec<\/b><\/em><em><strong>qu<\/strong><\/em><strong><em>e<\/em><\/strong><em style=\"\"><b>) et les visites des lieux saints jusqu\u2019\u00e0 nouvel ordre (photos)<\/b><\/em><strong><em>.<\/em><\/strong><\/p>\n\n\n\n<!--more-->\n\n\n\n<p>La semaine avait commenc\u00e9 pour Amel Karboul, par une exp\u00e9rience spirituelle et \u00e9motionnelle, qu&rsquo;elle qualifie d&rsquo;extraordinaire. Et pour cause! C&rsquo;est qu&rsquo;elle avait accompli le rituel de la \u00f4mra, avant ses rencontres professionnelles avec ses partenaires r\u00e9gionaux, pour soutenir l\u2019apprentissage de tous les enfants en Afrique et au Moyen Orient.<\/p>\n\n\n\n<figure class=\"wp-block-gallery columns-2 is-cropped wp-block-gallery-1 is-layout-flex wp-block-gallery-is-layout-flex\"><ul class=\"blocks-gallery-grid\"><li class=\"blocks-gallery-item\"><figure><img decoding=\"async\" src=\"http:\/\/kapitalis.com\/tunisie\/wp-content\/uploads\/2020\/02\/amel-karboul-3.jpg\" alt=\"\" data-id=\"284120\" data-link=\"http:\/\/kapitalis.com\/tunisie\/?attachment_id=284120\" class=\"wp-image-284120\"\/><\/figure><\/li><li class=\"blocks-gallery-item\"><figure><img decoding=\"async\" src=\"http:\/\/kapitalis.com\/tunisie\/wp-content\/uploads\/2020\/02\/amel-karboul-5.jpg\" alt=\"\" data-id=\"284122\" data-link=\"http:\/\/kapitalis.com\/tunisie\/?attachment_id=284122\" class=\"wp-image-284122\"\/><\/figure><\/li><li class=\"blocks-gallery-item\"><figure><img decoding=\"async\" src=\"http:\/\/kapitalis.com\/tunisie\/wp-content\/uploads\/2020\/02\/amel-karboul-4.jpg\" alt=\"\" data-id=\"284123\" data-link=\"http:\/\/kapitalis.com\/tunisie\/?attachment_id=284123\" class=\"wp-image-284123\"\/><\/figure><\/li><li class=\"blocks-gallery-item\"><figure><img decoding=\"async\" src=\"http:\/\/kapitalis.com\/tunisie\/wp-content\/uploads\/2020\/02\/amel-karboul-2.jpg\" alt=\"\" data-id=\"284124\" data-full-url=\"http:\/\/kapitalis.com\/tunisie\/wp-content\/uploads\/2020\/02\/amel-karboul-2.jpg\" data-link=\"http:\/\/kapitalis.com\/tunisie\/?attachment_id=284124\" class=\"wp-image-284124\"\/><\/figure><\/li><\/ul><\/figure>\n\n\n\n<p>L&rsquo;\u00e9motion qu&rsquo;elle a ressentie -et que l&rsquo;on peut d\u00e9celer \u00e0 travers son r\u00e9cit- est des plus touchantes. Elle y parle du profond sentiment de paix, que l&rsquo;on a envie de partager pour qu&rsquo;il atteigne le monde entier.<\/p>\n\n\n\n<p>Amel Karboul a eu le privil\u00e8ge, \u00f4 combien pr\u00e9cieux, d&rsquo;assister \u00e0 la pose d&rsquo;une partie du rev\u00eatement de la Kaaba, et de poser son front sur ce monument religieux, ce qui, on peut le comprendre, est un moment \u00e9mouvant pour un grand nombre de p\u00e8lerins. Un moment d&rsquo;intense spiritualit\u00e9 qu&rsquo;Amel Karboul n&rsquo;est pas pr\u00e8s d&rsquo;oublier. Et qu&rsquo;elle a tenu \u00e0 partager avec ses amis sur les r\u00e9seaux sociaux.<\/p>\n\n\n\n<p>Rappelons qu&rsquo;Amel Karboul est chef d&rsquo;entreprise, femme politique, auteure et conf\u00e9renci\u00e8re tunisienne. C&rsquo;est la 1\u00e8re Tunisienne \u00e0 avoir occup\u00e9 le poste de ministre du Tourisme, au sein du gouvernement de Mehdi Jomaa, de janvier \u00e0 d\u00e9cembre 2014.<\/p>\n\n\n\n<p class=\"has-text-align-right\"><strong>A. M.<\/strong><\/p>\n","protected":false},"excerpt":{"rendered":"<p>L&rsquo;ancienne ministre du Tourisme Amel Karboul se d\u00e9sole, dans un post facebook publi\u00e9 aujourd&rsquo;hui, jeudi 27 f\u00e9vrier 2020, que les autorit\u00e9s saoudiennes aient d\u00e9cid\u00e9 &#8211; \u00e0 juste titre &#8211; de suspendre la \u00ab\u00a0\u00f4mra\u00a0\u00bb (petit p\u00e8lerinage \u00e0 la Mecque) et les visites des lieux saints jusqu\u2019\u00e0 nouvel ordre (photos).<\/p>\n","protected":false},"author":22,"featured_media":284120,"comment_status":"open","ping_status":"open","sticky":false,"template":"","format":"standard","meta":{"footnotes":""},"categories":[998,2433],"tags":[41,3785,2965,4278,2637],"class_list":["post-284113","post","type-post","status-publish","format-standard","has-post-thumbnail","hentry","category-societe","category-tunisie","tag-afrique","tag-amel-karboul","tag-mehdi-jomaa","tag-moyen-orient","tag-omra"],"yoast_head":"<!-- This site is optimized with the Yoast SEO plugin v26.6 - https:\/\/yoast.com\/wordpress\/plugins\/seo\/ -->\n<title>Amel Karboul partage l&#039;\u00e9motion de son petit p\u00e8lerinage avec ses amis sur les r\u00e9seaux sociaux (photos) - Kapitalis<\/title>\n<meta name=\"robots\" content=\"index, follow, max-snippet:-1, max-image-preview:large, max-video-preview:-1\" \/>\n<link rel=\"canonical\" href=\"https:\/\/kapitalis.com\/tunisie\/2020\/02\/27\/omra-le-post-de-tristesse-mais-aussi-de-profonde-spiritualite-damel-karboul\/\" \/>\n<meta property=\"og:locale\" content=\"fr_FR\" \/>\n<meta property=\"og:type\" content=\"article\" \/>\n<meta property=\"og:title\" content=\"Amel Karboul partage l&#039;\u00e9motion de son petit p\u00e8lerinage avec ses amis sur les r\u00e9seaux sociaux (photos) - Kapitalis\" \/>\n<meta property=\"og:description\" content=\"L&rsquo;ancienne ministre du Tourisme Amel Karboul se d\u00e9sole, dans un post facebook publi\u00e9 aujourd&rsquo;hui, jeudi 27 f\u00e9vrier 2020, que les autorit\u00e9s saoudiennes aient d\u00e9cid\u00e9 &#8211; \u00e0 juste titre &#8211; de suspendre la \u00ab\u00a0\u00f4mra\u00a0\u00bb (petit p\u00e8lerinage \u00e0 la Mecque) et les visites des lieux saints jusqu\u2019\u00e0 nouvel ordre (photos).\" \/>\n<meta property=\"og:url\" content=\"https:\/\/kapitalis.com\/tunisie\/2020\/02\/27\/omra-le-post-de-tristesse-mais-aussi-de-profonde-spiritualite-damel-karboul\/\" \/>\n<meta property=\"og:site_name\" content=\"Kapitalis\" \/>\n<meta property=\"article:publisher\" content=\"https:\/\/www.facebook.com\/KapitalisInfo\/\" \/>\n<meta property=\"article:published_time\" content=\"2020-02-27T16:38:42+00:00\" \/>\n<meta property=\"article:modified_time\" content=\"2020-02-27T16:42:50+00:00\" \/>\n<meta property=\"og:image\" content=\"https:\/\/kapitalis.com\/tunisie\/wp-content\/uploads\/2022\/05\/kapitalis-logo-fb.png\" \/>\n\t<meta property=\"og:image:width\" content=\"1200\" \/>\n\t<meta property=\"og:image:height\" content=\"630\" \/>\n\t<meta property=\"og:image:type\" content=\"image\/png\" \/>\n<meta name=\"author\" content=\"Amina Mkada\" \/>\n<meta name=\"twitter:card\" content=\"summary_large_image\" \/>\n<meta name=\"twitter:creator\" content=\"@KapitalisInfo\" \/>\n<meta name=\"twitter:site\" content=\"@KapitalisInfo\" \/>\n<meta name=\"twitter:label1\" content=\"\u00c9crit par\" \/>\n\t<meta name=\"twitter:data1\" content=\"Amina Mkada\" \/>\n\t<meta name=\"twitter:label2\" content=\"Dur\u00e9e de lecture estim\u00e9e\" \/>\n\t<meta name=\"twitter:data2\" content=\"1 minute\" \/>\n<script type=\"application\/ld+json\" class=\"yoast-schema-graph\">{\"@context\":\"https:\/\/schema.org\",\"@graph\":[{\"@type\":\"Article\",\"@id\":\"https:\/\/kapitalis.com\/tunisie\/2020\/02\/27\/omra-le-post-de-tristesse-mais-aussi-de-profonde-spiritualite-damel-karboul\/#article\",\"isPartOf\":{\"@id\":\"https:\/\/kapitalis.com\/tunisie\/2020\/02\/27\/omra-le-post-de-tristesse-mais-aussi-de-profonde-spiritualite-damel-karboul\/\"},\"author\":{\"name\":\"Amina Mkada\",\"@id\":\"https:\/\/kapitalis.com\/tunisie\/#\/schema\/person\/093913313d3017554cb3ad077fff3fbd\"},\"headline\":\"Amel Karboul partage l&rsquo;\u00e9motion de son petit p\u00e8lerinage avec ses amis sur les r\u00e9seaux sociaux (photos)\",\"datePublished\":\"2020-02-27T16:38:42+00:00\",\"dateModified\":\"2020-02-27T16:42:50+00:00\",\"mainEntityOfPage\":{\"@id\":\"https:\/\/kapitalis.com\/tunisie\/2020\/02\/27\/omra-le-post-de-tristesse-mais-aussi-de-profonde-spiritualite-damel-karboul\/\"},\"wordCount\":271,\"commentCount\":5,\"publisher\":{\"@id\":\"https:\/\/kapitalis.com\/tunisie\/#organization\"},\"image\":{\"@id\":\"https:\/\/kapitalis.com\/tunisie\/2020\/02\/27\/omra-le-post-de-tristesse-mais-aussi-de-profonde-spiritualite-damel-karboul\/#primaryimage\"},\"thumbnailUrl\":\"\",\"keywords\":[\"Afrique\",\"Amel Karboul\",\"Mehdi Jomaa\",\"Moyen Orient\",\"omra\"],\"articleSection\":[\"SOCIETE\",\"Tunisie\"],\"inLanguage\":\"fr-FR\",\"potentialAction\":[{\"@type\":\"CommentAction\",\"name\":\"Comment\",\"target\":[\"https:\/\/kapitalis.com\/tunisie\/2020\/02\/27\/omra-le-post-de-tristesse-mais-aussi-de-profonde-spiritualite-damel-karboul\/#respond\"]}]},{\"@type\":\"WebPage\",\"@id\":\"https:\/\/kapitalis.com\/tunisie\/2020\/02\/27\/omra-le-post-de-tristesse-mais-aussi-de-profonde-spiritualite-damel-karboul\/\",\"url\":\"https:\/\/kapitalis.com\/tunisie\/2020\/02\/27\/omra-le-post-de-tristesse-mais-aussi-de-profonde-spiritualite-damel-karboul\/\",\"name\":\"Amel Karboul partage l'\u00e9motion de son petit p\u00e8lerinage avec ses amis sur les r\u00e9seaux sociaux (photos) - Kapitalis\",\"isPartOf\":{\"@id\":\"https:\/\/kapitalis.com\/tunisie\/#website\"},\"primaryImageOfPage\":{\"@id\":\"https:\/\/kapitalis.com\/tunisie\/2020\/02\/27\/omra-le-post-de-tristesse-mais-aussi-de-profonde-spiritualite-damel-karboul\/#primaryimage\"},\"image\":{\"@id\":\"https:\/\/kapitalis.com\/tunisie\/2020\/02\/27\/omra-le-post-de-tristesse-mais-aussi-de-profonde-spiritualite-damel-karboul\/#primaryimage\"},\"thumbnailUrl\":\"\",\"datePublished\":\"2020-02-27T16:38:42+00:00\",\"dateModified\":\"2020-02-27T16:42:50+00:00\",\"breadcrumb\":{\"@id\":\"https:\/\/kapitalis.com\/tunisie\/2020\/02\/27\/omra-le-post-de-tristesse-mais-aussi-de-profonde-spiritualite-damel-karboul\/#breadcrumb\"},\"inLanguage\":\"fr-FR\",\"potentialAction\":[{\"@type\":\"ReadAction\",\"target\":[\"https:\/\/kapitalis.com\/tunisie\/2020\/02\/27\/omra-le-post-de-tristesse-mais-aussi-de-profonde-spiritualite-damel-karboul\/\"]}]},{\"@type\":\"ImageObject\",\"inLanguage\":\"fr-FR\",\"@id\":\"https:\/\/kapitalis.com\/tunisie\/2020\/02\/27\/omra-le-post-de-tristesse-mais-aussi-de-profonde-spiritualite-damel-karboul\/#primaryimage\",\"url\":\"\",\"contentUrl\":\"\"},{\"@type\":\"BreadcrumbList\",\"@id\":\"https:\/\/kapitalis.com\/tunisie\/2020\/02\/27\/omra-le-post-de-tristesse-mais-aussi-de-profonde-spiritualite-damel-karboul\/#breadcrumb\",\"itemListElement\":[{\"@type\":\"ListItem\",\"position\":1,\"name\":\"Accueil\",\"item\":\"https:\/\/kapitalis.com\/tunisie\/\"},{\"@type\":\"ListItem\",\"position\":2,\"name\":\"Amel Karboul partage l&rsquo;\u00e9motion de son petit p\u00e8lerinage avec ses amis sur les r\u00e9seaux sociaux (photos)\"}]},{\"@type\":\"WebSite\",\"@id\":\"https:\/\/kapitalis.com\/tunisie\/#website\",\"url\":\"https:\/\/kapitalis.com\/tunisie\/\",\"name\":\"Kapitalis\",\"description\":\"L&#039;actualit\u00e9 en Tunisie et dans le monde\",\"publisher\":{\"@id\":\"https:\/\/kapitalis.com\/tunisie\/#organization\"},\"potentialAction\":[{\"@type\":\"SearchAction\",\"target\":{\"@type\":\"EntryPoint\",\"urlTemplate\":\"https:\/\/kapitalis.com\/tunisie\/?s={search_term_string}\"},\"query-input\":{\"@type\":\"PropertyValueSpecification\",\"valueRequired\":true,\"valueName\":\"search_term_string\"}}],\"inLanguage\":\"fr-FR\"},{\"@type\":\"Organization\",\"@id\":\"https:\/\/kapitalis.com\/tunisie\/#organization\",\"name\":\"Kapitalis\",\"url\":\"https:\/\/kapitalis.com\/tunisie\/\",\"logo\":{\"@type\":\"ImageObject\",\"inLanguage\":\"fr-FR\",\"@id\":\"https:\/\/kapitalis.com\/tunisie\/#\/schema\/logo\/image\/\",\"url\":\"https:\/\/kapitalis.com\/tunisie\/wp-content\/uploads\/2022\/05\/Kapitalis-big-size.png\",\"contentUrl\":\"https:\/\/kapitalis.com\/tunisie\/wp-content\/uploads\/2022\/05\/Kapitalis-big-size.png\",\"width\":5000,\"height\":1500,\"caption\":\"Kapitalis\"},\"image\":{\"@id\":\"https:\/\/kapitalis.com\/tunisie\/#\/schema\/logo\/image\/\"},\"sameAs\":[\"https:\/\/www.facebook.com\/KapitalisInfo\/\",\"https:\/\/x.com\/KapitalisInfo\",\"https:\/\/www.youtube.com\/channel\/UC-yDYrHyfFBWWZaOw3FPg9Q\"]},{\"@type\":\"Person\",\"@id\":\"https:\/\/kapitalis.com\/tunisie\/#\/schema\/person\/093913313d3017554cb3ad077fff3fbd\",\"name\":\"Amina Mkada\",\"url\":\"https:\/\/kapitalis.com\/tunisie\/author\/amina\/\"}]}<\/script>\n<!-- \/ Yoast SEO plugin. -->","yoast_head_json":{"title":"Amel Karboul partage l'\u00e9motion de son petit p\u00e8lerinage avec ses amis sur les r\u00e9seaux sociaux (photos) - Kapitalis","robots":{"index":"index","follow":"follow","max-snippet":"max-snippet:-1","max-image-preview":"max-image-preview:large","max-video-preview":"max-video-preview:-1"},"canonical":"https:\/\/kapitalis.com\/tunisie\/2020\/02\/27\/omra-le-post-de-tristesse-mais-aussi-de-profonde-spiritualite-damel-karboul\/","og_locale":"fr_FR","og_type":"article","og_title":"Amel Karboul partage l'\u00e9motion de son petit p\u00e8lerinage avec ses amis sur les r\u00e9seaux sociaux (photos) - Kapitalis","og_description":"L&rsquo;ancienne ministre du Tourisme Amel Karboul se d\u00e9sole, dans un post facebook publi\u00e9 aujourd&rsquo;hui, jeudi 27 f\u00e9vrier 2020, que les autorit\u00e9s saoudiennes aient d\u00e9cid\u00e9 &#8211; \u00e0 juste titre &#8211; de suspendre la \u00ab\u00a0\u00f4mra\u00a0\u00bb (petit p\u00e8lerinage \u00e0 la Mecque) et les visites des lieux saints jusqu\u2019\u00e0 nouvel ordre (photos).","og_url":"https:\/\/kapitalis.com\/tunisie\/2020\/02\/27\/omra-le-post-de-tristesse-mais-aussi-de-profonde-spiritualite-damel-karboul\/","og_site_name":"Kapitalis","article_publisher":"https:\/\/www.facebook.com\/KapitalisInfo\/","article_published_time":"2020-02-27T16:38:42+00:00","article_modified_time":"2020-02-27T16:42:50+00:00","og_image":[{"width":1200,"height":630,"url":"https:\/\/kapitalis.com\/tunisie\/wp-content\/uploads\/2022\/05\/kapitalis-logo-fb.png","type":"image\/png"}],"author":"Amina Mkada","twitter_card":"summary_large_image","twitter_creator":"@KapitalisInfo","twitter_site":"@KapitalisInfo","twitter_misc":{"\u00c9crit par":"Amina Mkada","Dur\u00e9e de lecture estim\u00e9e":"1 minute"},"schema":{"@context":"https:\/\/schema.org","@graph":[{"@type":"Article","@id":"https:\/\/kapitalis.com\/tunisie\/2020\/02\/27\/omra-le-post-de-tristesse-mais-aussi-de-profonde-spiritualite-damel-karboul\/#article","isPartOf":{"@id":"https:\/\/kapitalis.com\/tunisie\/2020\/02\/27\/omra-le-post-de-tristesse-mais-aussi-de-profonde-spiritualite-damel-karboul\/"},"author":{"name":"Amina Mkada","@id":"https:\/\/kapitalis.com\/tunisie\/#\/schema\/person\/093913313d3017554cb3ad077fff3fbd"},"headline":"Amel Karboul partage l&rsquo;\u00e9motion de son petit p\u00e8lerinage avec ses amis sur les r\u00e9seaux sociaux (photos)","datePublished":"2020-02-27T16:38:42+00:00","dateModified":"2020-02-27T16:42:50+00:00","mainEntityOfPage":{"@id":"https:\/\/kapitalis.com\/tunisie\/2020\/02\/27\/omra-le-post-de-tristesse-mais-aussi-de-profonde-spiritualite-damel-karboul\/"},"wordCount":271,"commentCount":5,"publisher":{"@id":"https:\/\/kapitalis.com\/tunisie\/#organization"},"image":{"@id":"https:\/\/kapitalis.com\/tunisie\/2020\/02\/27\/omra-le-post-de-tristesse-mais-aussi-de-profonde-spiritualite-damel-karboul\/#primaryimage"},"thumbnailUrl":"","keywords":["Afrique","Amel Karboul","Mehdi Jomaa","Moyen Orient","omra"],"articleSection":["SOCIETE","Tunisie"],"inLanguage":"fr-FR","potentialAction":[{"@type":"CommentAction","name":"Comment","target":["https:\/\/kapitalis.com\/tunisie\/2020\/02\/27\/omra-le-post-de-tristesse-mais-aussi-de-profonde-spiritualite-damel-karboul\/#respond"]}]},{"@type":"WebPage","@id":"https:\/\/kapitalis.com\/tunisie\/2020\/02\/27\/omra-le-post-de-tristesse-mais-aussi-de-profonde-spiritualite-damel-karboul\/","url":"https:\/\/kapitalis.com\/tunisie\/2020\/02\/27\/omra-le-post-de-tristesse-mais-aussi-de-profonde-spiritualite-damel-karboul\/","name":"Amel Karboul partage l'\u00e9motion de son petit p\u00e8lerinage avec ses amis sur les r\u00e9seaux sociaux (photos) - Kapitalis","isPartOf":{"@id":"https:\/\/kapitalis.com\/tunisie\/#website"},"primaryImageOfPage":{"@id":"https:\/\/kapitalis.com\/tunisie\/2020\/02\/27\/omra-le-post-de-tristesse-mais-aussi-de-profonde-spiritualite-damel-karboul\/#primaryimage"},"image":{"@id":"https:\/\/kapitalis.com\/tunisie\/2020\/02\/27\/omra-le-post-de-tristesse-mais-aussi-de-profonde-spiritualite-damel-karboul\/#primaryimage"},"thumbnailUrl":"","datePublished":"2020-02-27T16:38:42+00:00","dateModified":"2020-02-27T16:42:50+00:00","breadcrumb":{"@id":"https:\/\/kapitalis.com\/tunisie\/2020\/02\/27\/omra-le-post-de-tristesse-mais-aussi-de-profonde-spiritualite-damel-karboul\/#breadcrumb"},"inLanguage":"fr-FR","potentialAction":[{"@type":"ReadAction","target":["https:\/\/kapitalis.com\/tunisie\/2020\/02\/27\/omra-le-post-de-tristesse-mais-aussi-de-profonde-spiritualite-damel-karboul\/"]}]},{"@type":"ImageObject","inLanguage":"fr-FR","@id":"https:\/\/kapitalis.com\/tunisie\/2020\/02\/27\/omra-le-post-de-tristesse-mais-aussi-de-profonde-spiritualite-damel-karboul\/#primaryimage","url":"","contentUrl":""},{"@type":"BreadcrumbList","@id":"https:\/\/kapitalis.com\/tunisie\/2020\/02\/27\/omra-le-post-de-tristesse-mais-aussi-de-profonde-spiritualite-damel-karboul\/#breadcrumb","itemListElement":[{"@type":"ListItem","position":1,"name":"Accueil","item":"https:\/\/kapitalis.com\/tunisie\/"},{"@type":"ListItem","position":2,"name":"Amel Karboul partage l&rsquo;\u00e9motion de son petit p\u00e8lerinage avec ses amis sur les r\u00e9seaux sociaux (photos)"}]},{"@type":"WebSite","@id":"https:\/\/kapitalis.com\/tunisie\/#website","url":"https:\/\/kapitalis.com\/tunisie\/","name":"Kapitalis","description":"L&#039;actualit\u00e9 en Tunisie et dans le monde","publisher":{"@id":"https:\/\/kapitalis.com\/tunisie\/#organization"},"potentialAction":[{"@type":"SearchAction","target":{"@type":"EntryPoint","urlTemplate":"https:\/\/kapitalis.com\/tunisie\/?s={search_term_string}"},"query-input":{"@type":"PropertyValueSpecification","valueRequired":true,"valueName":"search_term_string"}}],"inLanguage":"fr-FR"},{"@type":"Organization","@id":"https:\/\/kapitalis.com\/tunisie\/#organization","name":"Kapitalis","url":"https:\/\/kapitalis.com\/tunisie\/","logo":{"@type":"ImageObject","inLanguage":"fr-FR","@id":"https:\/\/kapitalis.com\/tunisie\/#\/schema\/logo\/image\/","url":"https:\/\/kapitalis.com\/tunisie\/wp-content\/uploads\/2022\/05\/Kapitalis-big-size.png","contentUrl":"https:\/\/kapitalis.com\/tunisie\/wp-content\/uploads\/2022\/05\/Kapitalis-big-size.png","width":5000,"height":1500,"caption":"Kapitalis"},"image":{"@id":"https:\/\/kapitalis.com\/tunisie\/#\/schema\/logo\/image\/"},"sameAs":["https:\/\/www.facebook.com\/KapitalisInfo\/","https:\/\/x.com\/KapitalisInfo","https:\/\/www.youtube.com\/channel\/UC-yDYrHyfFBWWZaOw3FPg9Q"]},{"@type":"Person","@id":"https:\/\/kapitalis.com\/tunisie\/#\/schema\/person\/093913313d3017554cb3ad077fff3fbd","name":"Amina Mkada","url":"https:\/\/kapitalis.com\/tunisie\/author\/amina\/"}]}},"_links":{"self":[{"href":"https:\/\/kapitalis.com\/tunisie\/wp-json\/wp\/v2\/posts\/284113","targetHints":{"allow":["GET"]}}],"collection":[{"href":"https:\/\/kapitalis.com\/tunisie\/wp-json\/wp\/v2\/posts"}],"about":[{"href":"https:\/\/kapitalis.com\/tunisie\/wp-json\/wp\/v2\/types\/post"}],"author":[{"embeddable":true,"href":"https:\/\/kapitalis.com\/tunisie\/wp-json\/wp\/v2\/users\/22"}],"replies":[{"embeddable":true,"href":"https:\/\/kapitalis.com\/tunisie\/wp-json\/wp\/v2\/comments?post=284113"}],"version-history":[{"count":0,"href":"https:\/\/kapitalis.com\/tunisie\/wp-json\/wp\/v2\/posts\/284113\/revisions"}],"wp:featuredmedia":[{"embeddable":true,"href":"https:\/\/kapitalis.com\/tunisie\/wp-json\/wp\/v2\/media\/284120"}],"wp:attachment":[{"href":"https:\/\/kapitalis.com\/tunisie\/wp-json\/wp\/v2\/media?parent=284113"}],"wp:term":[{"taxonomy":"category","embeddable":true,"href":"https:\/\/kapitalis.com\/tunisie\/wp-json\/wp\/v2\/categories?post=284113"},{"taxonomy":"post_tag","embeddable":true,"href":"https:\/\/kapitalis.com\/tunisie\/wp-json\/wp\/v2\/tags?post=284113"}],"curies":[{"name":"wp","href":"https:\/\/api.w.org\/{rel}","templated":true}]}}