{"id":284217,"date":"2020-02-28T10:32:36","date_gmt":"2020-02-28T09:32:36","guid":{"rendered":"http:\/\/kapitalis.com\/tunisie\/?p=284217"},"modified":"2020-02-28T10:32:40","modified_gmt":"2020-02-28T09:32:40","slug":"gazelle-run-les-tunisiennes-courront-pour-leurs-droits-et-libertes","status":"publish","type":"post","link":"https:\/\/kapitalis.com\/tunisie\/2020\/02\/28\/gazelle-run-les-tunisiennes-courront-pour-leurs-droits-et-libertes\/","title":{"rendered":"Gazelle Run : Les Tunisiennes courront pour leurs droits et libert\u00e9s"},"content":{"rendered":"\n<figure class=\"wp-block-image size-large\"><img decoding=\"async\" src=\"http:\/\/kapitalis.com\/tunisie\/wp-content\/uploads\/2020\/02\/Gazelle-Tunisienne-Run.jpg\" alt=\"\" class=\"wp-image-284224\"\/><\/figure>\n\n\n\n<p><strong><em>\u00ab\u00a0La Tunisienne Gazelle Run\u00a0\u00bb est une course de femmes qui aura lieu le dimanche 8 mars 2020, Journ\u00e9e internationale de la femme. Les gazelles courront pour leurs droits et leurs libert\u00e9s. <\/em><\/strong><\/p>\n\n\n\n<!--more-->\n\n\n\n<p>La Gazelle Tunisienne Run est la premi\u00e8re course en Tunisie pour d\u00e9fendre les droits des femmes, \u00e0 laquelle prendront part 300 participantes sur une distance de 6 \u00e0 7 km du c\u00f4t\u00e9 de Sidi Bou Said, Carthage et La Marsa, de 10:00 \u00e0 14:00. Le d\u00e9part est pr\u00e9vu devant le Phenix de Carhage.<\/p>\n\n\n\n<p>Ce sera une occasion de c\u00e9l\u00e9brer la modernit\u00e9 de la femme tunisienne, qui viendra courir pour que le vent de la libert\u00e9 continue de souffler fort en Tunisie. <\/p>\n\n\n\n<p class=\"has-text-align-right\"><strong>A. M. <\/strong><\/p>\n","protected":false},"excerpt":{"rendered":"<p>\u00ab\u00a0La Tunisienne Gazelle Run\u00a0\u00bb est une course de femmes qui aura lieu le dimanche 8 mars 2020, Journ\u00e9e internationale de la femme. Les gazelles courront pour leurs droits et leurs libert\u00e9s.<\/p>\n","protected":false},"author":22,"featured_media":284224,"comment_status":"open","ping_status":"open","sticky":false,"template":"","format":"standard","meta":{"footnotes":""},"categories":[998,2433],"tags":[1234,75604,75602,2991,75603,827],"class_list":["post-284217","post","type-post","status-publish","format-standard","has-post-thumbnail","hentry","category-societe","category-tunisie","tag-carthage","tag-courir-pour-la-tunisie","tag-la-gazelle-tunisienne-run","tag-la-marsa","tag-marathons-tunisiens","tag-sidi-bou-said"],"yoast_head":"<!-- This site is optimized with the Yoast SEO plugin v26.6 - https:\/\/yoast.com\/wordpress\/plugins\/seo\/ -->\n<title>Gazelle Run : Les Tunisiennes courront pour leurs droits et libert\u00e9s - Kapitalis<\/title>\n<meta name=\"robots\" content=\"index, follow, max-snippet:-1, max-image-preview:large, max-video-preview:-1\" \/>\n<link rel=\"canonical\" href=\"https:\/\/kapitalis.com\/tunisie\/2020\/02\/28\/gazelle-run-les-tunisiennes-courront-pour-leurs-droits-et-libertes\/\" \/>\n<meta property=\"og:locale\" content=\"fr_FR\" \/>\n<meta property=\"og:type\" content=\"article\" \/>\n<meta property=\"og:title\" content=\"Gazelle Run : Les Tunisiennes courront pour leurs droits et libert\u00e9s - Kapitalis\" \/>\n<meta property=\"og:description\" content=\"\u00ab\u00a0La Tunisienne Gazelle Run\u00a0\u00bb est une course de femmes qui aura lieu le dimanche 8 mars 2020, Journ\u00e9e internationale de la femme. Les gazelles courront pour leurs droits et leurs libert\u00e9s.\" \/>\n<meta property=\"og:url\" content=\"https:\/\/kapitalis.com\/tunisie\/2020\/02\/28\/gazelle-run-les-tunisiennes-courront-pour-leurs-droits-et-libertes\/\" \/>\n<meta property=\"og:site_name\" content=\"Kapitalis\" \/>\n<meta property=\"article:publisher\" content=\"https:\/\/www.facebook.com\/KapitalisInfo\/\" \/>\n<meta property=\"article:published_time\" content=\"2020-02-28T09:32:36+00:00\" \/>\n<meta property=\"article:modified_time\" content=\"2020-02-28T09:32:40+00:00\" \/>\n<meta property=\"og:image\" content=\"https:\/\/kapitalis.com\/tunisie\/wp-content\/uploads\/2022\/05\/kapitalis-logo-fb.png\" \/>\n\t<meta property=\"og:image:width\" content=\"1200\" \/>\n\t<meta property=\"og:image:height\" content=\"630\" \/>\n\t<meta property=\"og:image:type\" content=\"image\/png\" \/>\n<meta name=\"author\" content=\"Amina Mkada\" \/>\n<meta name=\"twitter:card\" content=\"summary_large_image\" \/>\n<meta name=\"twitter:creator\" content=\"@KapitalisInfo\" \/>\n<meta name=\"twitter:site\" content=\"@KapitalisInfo\" \/>\n<meta name=\"twitter:label1\" content=\"\u00c9crit par\" \/>\n\t<meta name=\"twitter:data1\" content=\"Amina Mkada\" \/>\n\t<meta name=\"twitter:label2\" content=\"Dur\u00e9e de lecture estim\u00e9e\" \/>\n\t<meta name=\"twitter:data2\" content=\"1 minute\" \/>\n<script type=\"application\/ld+json\" class=\"yoast-schema-graph\">{\"@context\":\"https:\/\/schema.org\",\"@graph\":[{\"@type\":\"Article\",\"@id\":\"https:\/\/kapitalis.com\/tunisie\/2020\/02\/28\/gazelle-run-les-tunisiennes-courront-pour-leurs-droits-et-libertes\/#article\",\"isPartOf\":{\"@id\":\"https:\/\/kapitalis.com\/tunisie\/2020\/02\/28\/gazelle-run-les-tunisiennes-courront-pour-leurs-droits-et-libertes\/\"},\"author\":{\"name\":\"Amina Mkada\",\"@id\":\"https:\/\/kapitalis.com\/tunisie\/#\/schema\/person\/093913313d3017554cb3ad077fff3fbd\"},\"headline\":\"Gazelle Run : Les Tunisiennes courront pour leurs droits et libert\u00e9s\",\"datePublished\":\"2020-02-28T09:32:36+00:00\",\"dateModified\":\"2020-02-28T09:32:40+00:00\",\"mainEntityOfPage\":{\"@id\":\"https:\/\/kapitalis.com\/tunisie\/2020\/02\/28\/gazelle-run-les-tunisiennes-courront-pour-leurs-droits-et-libertes\/\"},\"wordCount\":124,\"commentCount\":4,\"publisher\":{\"@id\":\"https:\/\/kapitalis.com\/tunisie\/#organization\"},\"image\":{\"@id\":\"https:\/\/kapitalis.com\/tunisie\/2020\/02\/28\/gazelle-run-les-tunisiennes-courront-pour-leurs-droits-et-libertes\/#primaryimage\"},\"thumbnailUrl\":\"\",\"keywords\":[\"Carthage\",\"Courir pour la Tunisie\",\"La Gazelle Tunisienne Run\",\"La Marsa\",\"Marathons Tunisiens\",\"Sidi Bou Sa\u00efd\"],\"articleSection\":[\"SOCIETE\",\"Tunisie\"],\"inLanguage\":\"fr-FR\",\"potentialAction\":[{\"@type\":\"CommentAction\",\"name\":\"Comment\",\"target\":[\"https:\/\/kapitalis.com\/tunisie\/2020\/02\/28\/gazelle-run-les-tunisiennes-courront-pour-leurs-droits-et-libertes\/#respond\"]}]},{\"@type\":\"WebPage\",\"@id\":\"https:\/\/kapitalis.com\/tunisie\/2020\/02\/28\/gazelle-run-les-tunisiennes-courront-pour-leurs-droits-et-libertes\/\",\"url\":\"https:\/\/kapitalis.com\/tunisie\/2020\/02\/28\/gazelle-run-les-tunisiennes-courront-pour-leurs-droits-et-libertes\/\",\"name\":\"Gazelle Run : Les Tunisiennes courront pour leurs droits et libert\u00e9s - Kapitalis\",\"isPartOf\":{\"@id\":\"https:\/\/kapitalis.com\/tunisie\/#website\"},\"primaryImageOfPage\":{\"@id\":\"https:\/\/kapitalis.com\/tunisie\/2020\/02\/28\/gazelle-run-les-tunisiennes-courront-pour-leurs-droits-et-libertes\/#primaryimage\"},\"image\":{\"@id\":\"https:\/\/kapitalis.com\/tunisie\/2020\/02\/28\/gazelle-run-les-tunisiennes-courront-pour-leurs-droits-et-libertes\/#primaryimage\"},\"thumbnailUrl\":\"\",\"datePublished\":\"2020-02-28T09:32:36+00:00\",\"dateModified\":\"2020-02-28T09:32:40+00:00\",\"breadcrumb\":{\"@id\":\"https:\/\/kapitalis.com\/tunisie\/2020\/02\/28\/gazelle-run-les-tunisiennes-courront-pour-leurs-droits-et-libertes\/#breadcrumb\"},\"inLanguage\":\"fr-FR\",\"potentialAction\":[{\"@type\":\"ReadAction\",\"target\":[\"https:\/\/kapitalis.com\/tunisie\/2020\/02\/28\/gazelle-run-les-tunisiennes-courront-pour-leurs-droits-et-libertes\/\"]}]},{\"@type\":\"ImageObject\",\"inLanguage\":\"fr-FR\",\"@id\":\"https:\/\/kapitalis.com\/tunisie\/2020\/02\/28\/gazelle-run-les-tunisiennes-courront-pour-leurs-droits-et-libertes\/#primaryimage\",\"url\":\"\",\"contentUrl\":\"\"},{\"@type\":\"BreadcrumbList\",\"@id\":\"https:\/\/kapitalis.com\/tunisie\/2020\/02\/28\/gazelle-run-les-tunisiennes-courront-pour-leurs-droits-et-libertes\/#breadcrumb\",\"itemListElement\":[{\"@type\":\"ListItem\",\"position\":1,\"name\":\"Accueil\",\"item\":\"https:\/\/kapitalis.com\/tunisie\/\"},{\"@type\":\"ListItem\",\"position\":2,\"name\":\"Gazelle Run : Les Tunisiennes courront pour leurs droits et libert\u00e9s\"}]},{\"@type\":\"WebSite\",\"@id\":\"https:\/\/kapitalis.com\/tunisie\/#website\",\"url\":\"https:\/\/kapitalis.com\/tunisie\/\",\"name\":\"Kapitalis\",\"description\":\"L&#039;actualit\u00e9 en Tunisie et dans le monde\",\"publisher\":{\"@id\":\"https:\/\/kapitalis.com\/tunisie\/#organization\"},\"potentialAction\":[{\"@type\":\"SearchAction\",\"target\":{\"@type\":\"EntryPoint\",\"urlTemplate\":\"https:\/\/kapitalis.com\/tunisie\/?s={search_term_string}\"},\"query-input\":{\"@type\":\"PropertyValueSpecification\",\"valueRequired\":true,\"valueName\":\"search_term_string\"}}],\"inLanguage\":\"fr-FR\"},{\"@type\":\"Organization\",\"@id\":\"https:\/\/kapitalis.com\/tunisie\/#organization\",\"name\":\"Kapitalis\",\"url\":\"https:\/\/kapitalis.com\/tunisie\/\",\"logo\":{\"@type\":\"ImageObject\",\"inLanguage\":\"fr-FR\",\"@id\":\"https:\/\/kapitalis.com\/tunisie\/#\/schema\/logo\/image\/\",\"url\":\"https:\/\/kapitalis.com\/tunisie\/wp-content\/uploads\/2022\/05\/Kapitalis-big-size.png\",\"contentUrl\":\"https:\/\/kapitalis.com\/tunisie\/wp-content\/uploads\/2022\/05\/Kapitalis-big-size.png\",\"width\":5000,\"height\":1500,\"caption\":\"Kapitalis\"},\"image\":{\"@id\":\"https:\/\/kapitalis.com\/tunisie\/#\/schema\/logo\/image\/\"},\"sameAs\":[\"https:\/\/www.facebook.com\/KapitalisInfo\/\",\"https:\/\/x.com\/KapitalisInfo\",\"https:\/\/www.youtube.com\/channel\/UC-yDYrHyfFBWWZaOw3FPg9Q\"]},{\"@type\":\"Person\",\"@id\":\"https:\/\/kapitalis.com\/tunisie\/#\/schema\/person\/093913313d3017554cb3ad077fff3fbd\",\"name\":\"Amina Mkada\",\"url\":\"https:\/\/kapitalis.com\/tunisie\/author\/amina\/\"}]}<\/script>\n<!-- \/ Yoast SEO plugin. -->","yoast_head_json":{"title":"Gazelle Run : Les Tunisiennes courront pour leurs droits et libert\u00e9s - Kapitalis","robots":{"index":"index","follow":"follow","max-snippet":"max-snippet:-1","max-image-preview":"max-image-preview:large","max-video-preview":"max-video-preview:-1"},"canonical":"https:\/\/kapitalis.com\/tunisie\/2020\/02\/28\/gazelle-run-les-tunisiennes-courront-pour-leurs-droits-et-libertes\/","og_locale":"fr_FR","og_type":"article","og_title":"Gazelle Run : Les Tunisiennes courront pour leurs droits et libert\u00e9s - Kapitalis","og_description":"\u00ab\u00a0La Tunisienne Gazelle Run\u00a0\u00bb est une course de femmes qui aura lieu le dimanche 8 mars 2020, Journ\u00e9e internationale de la femme. Les gazelles courront pour leurs droits et leurs libert\u00e9s.","og_url":"https:\/\/kapitalis.com\/tunisie\/2020\/02\/28\/gazelle-run-les-tunisiennes-courront-pour-leurs-droits-et-libertes\/","og_site_name":"Kapitalis","article_publisher":"https:\/\/www.facebook.com\/KapitalisInfo\/","article_published_time":"2020-02-28T09:32:36+00:00","article_modified_time":"2020-02-28T09:32:40+00:00","og_image":[{"width":1200,"height":630,"url":"https:\/\/kapitalis.com\/tunisie\/wp-content\/uploads\/2022\/05\/kapitalis-logo-fb.png","type":"image\/png"}],"author":"Amina Mkada","twitter_card":"summary_large_image","twitter_creator":"@KapitalisInfo","twitter_site":"@KapitalisInfo","twitter_misc":{"\u00c9crit par":"Amina Mkada","Dur\u00e9e de lecture estim\u00e9e":"1 minute"},"schema":{"@context":"https:\/\/schema.org","@graph":[{"@type":"Article","@id":"https:\/\/kapitalis.com\/tunisie\/2020\/02\/28\/gazelle-run-les-tunisiennes-courront-pour-leurs-droits-et-libertes\/#article","isPartOf":{"@id":"https:\/\/kapitalis.com\/tunisie\/2020\/02\/28\/gazelle-run-les-tunisiennes-courront-pour-leurs-droits-et-libertes\/"},"author":{"name":"Amina Mkada","@id":"https:\/\/kapitalis.com\/tunisie\/#\/schema\/person\/093913313d3017554cb3ad077fff3fbd"},"headline":"Gazelle Run : Les Tunisiennes courront pour leurs droits et libert\u00e9s","datePublished":"2020-02-28T09:32:36+00:00","dateModified":"2020-02-28T09:32:40+00:00","mainEntityOfPage":{"@id":"https:\/\/kapitalis.com\/tunisie\/2020\/02\/28\/gazelle-run-les-tunisiennes-courront-pour-leurs-droits-et-libertes\/"},"wordCount":124,"commentCount":4,"publisher":{"@id":"https:\/\/kapitalis.com\/tunisie\/#organization"},"image":{"@id":"https:\/\/kapitalis.com\/tunisie\/2020\/02\/28\/gazelle-run-les-tunisiennes-courront-pour-leurs-droits-et-libertes\/#primaryimage"},"thumbnailUrl":"","keywords":["Carthage","Courir pour la Tunisie","La Gazelle Tunisienne Run","La Marsa","Marathons Tunisiens","Sidi Bou Sa\u00efd"],"articleSection":["SOCIETE","Tunisie"],"inLanguage":"fr-FR","potentialAction":[{"@type":"CommentAction","name":"Comment","target":["https:\/\/kapitalis.com\/tunisie\/2020\/02\/28\/gazelle-run-les-tunisiennes-courront-pour-leurs-droits-et-libertes\/#respond"]}]},{"@type":"WebPage","@id":"https:\/\/kapitalis.com\/tunisie\/2020\/02\/28\/gazelle-run-les-tunisiennes-courront-pour-leurs-droits-et-libertes\/","url":"https:\/\/kapitalis.com\/tunisie\/2020\/02\/28\/gazelle-run-les-tunisiennes-courront-pour-leurs-droits-et-libertes\/","name":"Gazelle Run : Les Tunisiennes courront pour leurs droits et libert\u00e9s - Kapitalis","isPartOf":{"@id":"https:\/\/kapitalis.com\/tunisie\/#website"},"primaryImageOfPage":{"@id":"https:\/\/kapitalis.com\/tunisie\/2020\/02\/28\/gazelle-run-les-tunisiennes-courront-pour-leurs-droits-et-libertes\/#primaryimage"},"image":{"@id":"https:\/\/kapitalis.com\/tunisie\/2020\/02\/28\/gazelle-run-les-tunisiennes-courront-pour-leurs-droits-et-libertes\/#primaryimage"},"thumbnailUrl":"","datePublished":"2020-02-28T09:32:36+00:00","dateModified":"2020-02-28T09:32:40+00:00","breadcrumb":{"@id":"https:\/\/kapitalis.com\/tunisie\/2020\/02\/28\/gazelle-run-les-tunisiennes-courront-pour-leurs-droits-et-libertes\/#breadcrumb"},"inLanguage":"fr-FR","potentialAction":[{"@type":"ReadAction","target":["https:\/\/kapitalis.com\/tunisie\/2020\/02\/28\/gazelle-run-les-tunisiennes-courront-pour-leurs-droits-et-libertes\/"]}]},{"@type":"ImageObject","inLanguage":"fr-FR","@id":"https:\/\/kapitalis.com\/tunisie\/2020\/02\/28\/gazelle-run-les-tunisiennes-courront-pour-leurs-droits-et-libertes\/#primaryimage","url":"","contentUrl":""},{"@type":"BreadcrumbList","@id":"https:\/\/kapitalis.com\/tunisie\/2020\/02\/28\/gazelle-run-les-tunisiennes-courront-pour-leurs-droits-et-libertes\/#breadcrumb","itemListElement":[{"@type":"ListItem","position":1,"name":"Accueil","item":"https:\/\/kapitalis.com\/tunisie\/"},{"@type":"ListItem","position":2,"name":"Gazelle Run : Les Tunisiennes courront pour leurs droits et libert\u00e9s"}]},{"@type":"WebSite","@id":"https:\/\/kapitalis.com\/tunisie\/#website","url":"https:\/\/kapitalis.com\/tunisie\/","name":"Kapitalis","description":"L&#039;actualit\u00e9 en Tunisie et dans le monde","publisher":{"@id":"https:\/\/kapitalis.com\/tunisie\/#organization"},"potentialAction":[{"@type":"SearchAction","target":{"@type":"EntryPoint","urlTemplate":"https:\/\/kapitalis.com\/tunisie\/?s={search_term_string}"},"query-input":{"@type":"PropertyValueSpecification","valueRequired":true,"valueName":"search_term_string"}}],"inLanguage":"fr-FR"},{"@type":"Organization","@id":"https:\/\/kapitalis.com\/tunisie\/#organization","name":"Kapitalis","url":"https:\/\/kapitalis.com\/tunisie\/","logo":{"@type":"ImageObject","inLanguage":"fr-FR","@id":"https:\/\/kapitalis.com\/tunisie\/#\/schema\/logo\/image\/","url":"https:\/\/kapitalis.com\/tunisie\/wp-content\/uploads\/2022\/05\/Kapitalis-big-size.png","contentUrl":"https:\/\/kapitalis.com\/tunisie\/wp-content\/uploads\/2022\/05\/Kapitalis-big-size.png","width":5000,"height":1500,"caption":"Kapitalis"},"image":{"@id":"https:\/\/kapitalis.com\/tunisie\/#\/schema\/logo\/image\/"},"sameAs":["https:\/\/www.facebook.com\/KapitalisInfo\/","https:\/\/x.com\/KapitalisInfo","https:\/\/www.youtube.com\/channel\/UC-yDYrHyfFBWWZaOw3FPg9Q"]},{"@type":"Person","@id":"https:\/\/kapitalis.com\/tunisie\/#\/schema\/person\/093913313d3017554cb3ad077fff3fbd","name":"Amina Mkada","url":"https:\/\/kapitalis.com\/tunisie\/author\/amina\/"}]}},"_links":{"self":[{"href":"https:\/\/kapitalis.com\/tunisie\/wp-json\/wp\/v2\/posts\/284217","targetHints":{"allow":["GET"]}}],"collection":[{"href":"https:\/\/kapitalis.com\/tunisie\/wp-json\/wp\/v2\/posts"}],"about":[{"href":"https:\/\/kapitalis.com\/tunisie\/wp-json\/wp\/v2\/types\/post"}],"author":[{"embeddable":true,"href":"https:\/\/kapitalis.com\/tunisie\/wp-json\/wp\/v2\/users\/22"}],"replies":[{"embeddable":true,"href":"https:\/\/kapitalis.com\/tunisie\/wp-json\/wp\/v2\/comments?post=284217"}],"version-history":[{"count":0,"href":"https:\/\/kapitalis.com\/tunisie\/wp-json\/wp\/v2\/posts\/284217\/revisions"}],"wp:featuredmedia":[{"embeddable":true,"href":"https:\/\/kapitalis.com\/tunisie\/wp-json\/wp\/v2\/media\/284224"}],"wp:attachment":[{"href":"https:\/\/kapitalis.com\/tunisie\/wp-json\/wp\/v2\/media?parent=284217"}],"wp:term":[{"taxonomy":"category","embeddable":true,"href":"https:\/\/kapitalis.com\/tunisie\/wp-json\/wp\/v2\/categories?post=284217"},{"taxonomy":"post_tag","embeddable":true,"href":"https:\/\/kapitalis.com\/tunisie\/wp-json\/wp\/v2\/tags?post=284217"}],"curies":[{"name":"wp","href":"https:\/\/api.w.org\/{rel}","templated":true}]}}