{"id":284339,"date":"2020-02-28T15:37:45","date_gmt":"2020-02-28T14:37:45","guid":{"rendered":"http:\/\/kapitalis.com\/tunisie\/?p=284339"},"modified":"2020-02-28T20:37:54","modified_gmt":"2020-02-28T19:37:54","slug":"esperance-zamalek-match-aller-ligue-des-champions-caf","status":"publish","type":"post","link":"https:\/\/kapitalis.com\/tunisie\/2020\/02\/28\/esperance-zamalek-match-aller-ligue-des-champions-caf\/","title":{"rendered":"Esp\u00e9rance-Zamalek match aller Ligue des Champions CAF"},"content":{"rendered":"\n<figure class=\"wp-block-image size-large\"><img decoding=\"async\" src=\"http:\/\/kapitalis.com\/tunisie\/wp-content\/uploads\/2020\/02\/Esp\u00e9rance-Zamalek.jpg\" alt=\"\" class=\"wp-image-284354\"\/><\/figure>\n\n\n\n<p><strong>L&rsquo;Esp\u00e9rance Sportive de Tunis se d\u00e9place \u00e0 la Capitale \u00c9gyptienne pour rencontrer pour la deuxi\u00e8me fois cette ann\u00e9e le Zamalek apr\u00e8s une d\u00e9faite \u00e0 la finale de la Supercoupe africiane au Qatar. En direct 17h heure Tunis au Stade international du Caire.<\/strong><\/p>\n\n\n\n<!--more-->\n\n\n\n<h3>Zamalek &#8211; EST : en live streaming<\/h3>\n<h4>Fin du match Zamalek 3-1 EST <\/h4>\n<div class=\"embed\">\n<div class=\"video\">\n<iframe loading=\"lazy\" width=\"560\" height=\"315\" src=\"https:\/\/www.youtube.com\/embed\/wwi6LBBR2AI?autoplay=1&#038;controls=0&amp;start=10\" frameborder=\"0\" allow=\"accelerometer; autoplay; encrypted-media; gyroscope; picture-in-picture\" allowfullscreen><\/iframe>\n<\/div>\n<\/div>\n","protected":false},"excerpt":{"rendered":"<p>L&rsquo;Esp\u00e9rance Sportive de Tunis se d\u00e9place \u00e0 la Capitale \u00c9gyptienne pour rencontrer pour la deuxi\u00e8me fois cette ann\u00e9e le Zamalek apr\u00e8s une d\u00e9faite \u00e0 la finale de la Supercoupe africiane au Qatar. En direct 17h heure Tunis au Stade international du Caire.<\/p>\n","protected":false},"author":1,"featured_media":284354,"comment_status":"open","ping_status":"open","sticky":false,"template":"","format":"standard","meta":{"footnotes":""},"categories":[999,2433],"tags":[],"class_list":["post-284339","post","type-post","status-publish","format-standard","has-post-thumbnail","hentry","category-sport","category-tunisie"],"yoast_head":"<!-- This site is optimized with the Yoast SEO plugin v26.6 - https:\/\/yoast.com\/wordpress\/plugins\/seo\/ -->\n<title>Esp\u00e9rance-Zamalek match aller Ligue des Champions CAF - Kapitalis<\/title>\n<meta name=\"robots\" content=\"index, follow, max-snippet:-1, max-image-preview:large, max-video-preview:-1\" \/>\n<link rel=\"canonical\" href=\"https:\/\/kapitalis.com\/tunisie\/2020\/02\/28\/esperance-zamalek-match-aller-ligue-des-champions-caf\/\" \/>\n<meta property=\"og:locale\" content=\"fr_FR\" \/>\n<meta property=\"og:type\" content=\"article\" \/>\n<meta property=\"og:title\" content=\"Esp\u00e9rance-Zamalek match aller Ligue des Champions CAF - Kapitalis\" \/>\n<meta property=\"og:description\" content=\"L&rsquo;Esp\u00e9rance Sportive de Tunis se d\u00e9place \u00e0 la Capitale \u00c9gyptienne pour rencontrer pour la deuxi\u00e8me fois cette ann\u00e9e le Zamalek apr\u00e8s une d\u00e9faite \u00e0 la finale de la Supercoupe africiane au Qatar. En direct 17h heure Tunis au Stade international du Caire.\" \/>\n<meta property=\"og:url\" content=\"https:\/\/kapitalis.com\/tunisie\/2020\/02\/28\/esperance-zamalek-match-aller-ligue-des-champions-caf\/\" \/>\n<meta property=\"og:site_name\" content=\"Kapitalis\" \/>\n<meta property=\"article:publisher\" content=\"https:\/\/www.facebook.com\/KapitalisInfo\/\" \/>\n<meta property=\"article:published_time\" content=\"2020-02-28T14:37:45+00:00\" \/>\n<meta property=\"article:modified_time\" content=\"2020-02-28T19:37:54+00:00\" \/>\n<meta property=\"og:image\" content=\"https:\/\/kapitalis.com\/tunisie\/wp-content\/uploads\/2022\/05\/kapitalis-logo-fb.png\" \/>\n\t<meta property=\"og:image:width\" content=\"1200\" \/>\n\t<meta property=\"og:image:height\" content=\"630\" \/>\n\t<meta property=\"og:image:type\" content=\"image\/png\" \/>\n<meta name=\"author\" content=\"mounir\" \/>\n<meta name=\"twitter:card\" content=\"summary_large_image\" \/>\n<meta name=\"twitter:creator\" content=\"@KapitalisInfo\" \/>\n<meta name=\"twitter:site\" content=\"@KapitalisInfo\" \/>\n<meta name=\"twitter:label1\" content=\"\u00c9crit par\" \/>\n\t<meta name=\"twitter:data1\" content=\"mounir\" \/>\n<script type=\"application\/ld+json\" class=\"yoast-schema-graph\">{\"@context\":\"https:\/\/schema.org\",\"@graph\":[{\"@type\":\"Article\",\"@id\":\"https:\/\/kapitalis.com\/tunisie\/2020\/02\/28\/esperance-zamalek-match-aller-ligue-des-champions-caf\/#article\",\"isPartOf\":{\"@id\":\"https:\/\/kapitalis.com\/tunisie\/2020\/02\/28\/esperance-zamalek-match-aller-ligue-des-champions-caf\/\"},\"author\":{\"name\":\"mounir\",\"@id\":\"https:\/\/kapitalis.com\/tunisie\/#\/schema\/person\/aa55121cdc1c0fa4794a24cff31f746f\"},\"headline\":\"Esp\u00e9rance-Zamalek match aller Ligue des Champions CAF\",\"datePublished\":\"2020-02-28T14:37:45+00:00\",\"dateModified\":\"2020-02-28T19:37:54+00:00\",\"mainEntityOfPage\":{\"@id\":\"https:\/\/kapitalis.com\/tunisie\/2020\/02\/28\/esperance-zamalek-match-aller-ligue-des-champions-caf\/\"},\"wordCount\":66,\"commentCount\":0,\"publisher\":{\"@id\":\"https:\/\/kapitalis.com\/tunisie\/#organization\"},\"image\":{\"@id\":\"https:\/\/kapitalis.com\/tunisie\/2020\/02\/28\/esperance-zamalek-match-aller-ligue-des-champions-caf\/#primaryimage\"},\"thumbnailUrl\":\"\",\"articleSection\":[\"SPORT\",\"Tunisie\"],\"inLanguage\":\"fr-FR\",\"potentialAction\":[{\"@type\":\"CommentAction\",\"name\":\"Comment\",\"target\":[\"https:\/\/kapitalis.com\/tunisie\/2020\/02\/28\/esperance-zamalek-match-aller-ligue-des-champions-caf\/#respond\"]}]},{\"@type\":\"WebPage\",\"@id\":\"https:\/\/kapitalis.com\/tunisie\/2020\/02\/28\/esperance-zamalek-match-aller-ligue-des-champions-caf\/\",\"url\":\"https:\/\/kapitalis.com\/tunisie\/2020\/02\/28\/esperance-zamalek-match-aller-ligue-des-champions-caf\/\",\"name\":\"Esp\u00e9rance-Zamalek match aller Ligue des Champions CAF - Kapitalis\",\"isPartOf\":{\"@id\":\"https:\/\/kapitalis.com\/tunisie\/#website\"},\"primaryImageOfPage\":{\"@id\":\"https:\/\/kapitalis.com\/tunisie\/2020\/02\/28\/esperance-zamalek-match-aller-ligue-des-champions-caf\/#primaryimage\"},\"image\":{\"@id\":\"https:\/\/kapitalis.com\/tunisie\/2020\/02\/28\/esperance-zamalek-match-aller-ligue-des-champions-caf\/#primaryimage\"},\"thumbnailUrl\":\"\",\"datePublished\":\"2020-02-28T14:37:45+00:00\",\"dateModified\":\"2020-02-28T19:37:54+00:00\",\"breadcrumb\":{\"@id\":\"https:\/\/kapitalis.com\/tunisie\/2020\/02\/28\/esperance-zamalek-match-aller-ligue-des-champions-caf\/#breadcrumb\"},\"inLanguage\":\"fr-FR\",\"potentialAction\":[{\"@type\":\"ReadAction\",\"target\":[\"https:\/\/kapitalis.com\/tunisie\/2020\/02\/28\/esperance-zamalek-match-aller-ligue-des-champions-caf\/\"]}]},{\"@type\":\"ImageObject\",\"inLanguage\":\"fr-FR\",\"@id\":\"https:\/\/kapitalis.com\/tunisie\/2020\/02\/28\/esperance-zamalek-match-aller-ligue-des-champions-caf\/#primaryimage\",\"url\":\"\",\"contentUrl\":\"\"},{\"@type\":\"BreadcrumbList\",\"@id\":\"https:\/\/kapitalis.com\/tunisie\/2020\/02\/28\/esperance-zamalek-match-aller-ligue-des-champions-caf\/#breadcrumb\",\"itemListElement\":[{\"@type\":\"ListItem\",\"position\":1,\"name\":\"Accueil\",\"item\":\"https:\/\/kapitalis.com\/tunisie\/\"},{\"@type\":\"ListItem\",\"position\":2,\"name\":\"Esp\u00e9rance-Zamalek match aller Ligue des Champions CAF\"}]},{\"@type\":\"WebSite\",\"@id\":\"https:\/\/kapitalis.com\/tunisie\/#website\",\"url\":\"https:\/\/kapitalis.com\/tunisie\/\",\"name\":\"Kapitalis\",\"description\":\"L&#039;actualit\u00e9 en Tunisie et dans le monde\",\"publisher\":{\"@id\":\"https:\/\/kapitalis.com\/tunisie\/#organization\"},\"potentialAction\":[{\"@type\":\"SearchAction\",\"target\":{\"@type\":\"EntryPoint\",\"urlTemplate\":\"https:\/\/kapitalis.com\/tunisie\/?s={search_term_string}\"},\"query-input\":{\"@type\":\"PropertyValueSpecification\",\"valueRequired\":true,\"valueName\":\"search_term_string\"}}],\"inLanguage\":\"fr-FR\"},{\"@type\":\"Organization\",\"@id\":\"https:\/\/kapitalis.com\/tunisie\/#organization\",\"name\":\"Kapitalis\",\"url\":\"https:\/\/kapitalis.com\/tunisie\/\",\"logo\":{\"@type\":\"ImageObject\",\"inLanguage\":\"fr-FR\",\"@id\":\"https:\/\/kapitalis.com\/tunisie\/#\/schema\/logo\/image\/\",\"url\":\"https:\/\/kapitalis.com\/tunisie\/wp-content\/uploads\/2022\/05\/Kapitalis-big-size.png\",\"contentUrl\":\"https:\/\/kapitalis.com\/tunisie\/wp-content\/uploads\/2022\/05\/Kapitalis-big-size.png\",\"width\":5000,\"height\":1500,\"caption\":\"Kapitalis\"},\"image\":{\"@id\":\"https:\/\/kapitalis.com\/tunisie\/#\/schema\/logo\/image\/\"},\"sameAs\":[\"https:\/\/www.facebook.com\/KapitalisInfo\/\",\"https:\/\/x.com\/KapitalisInfo\",\"https:\/\/www.youtube.com\/channel\/UC-yDYrHyfFBWWZaOw3FPg9Q\"]},{\"@type\":\"Person\",\"@id\":\"https:\/\/kapitalis.com\/tunisie\/#\/schema\/person\/aa55121cdc1c0fa4794a24cff31f746f\",\"name\":\"mounir\",\"sameAs\":[\"https:\/\/kapitalis.com\/tunisie\"],\"url\":\"https:\/\/kapitalis.com\/tunisie\/author\/mounir\/\"}]}<\/script>\n<!-- \/ Yoast SEO plugin. -->","yoast_head_json":{"title":"Esp\u00e9rance-Zamalek match aller Ligue des Champions CAF - Kapitalis","robots":{"index":"index","follow":"follow","max-snippet":"max-snippet:-1","max-image-preview":"max-image-preview:large","max-video-preview":"max-video-preview:-1"},"canonical":"https:\/\/kapitalis.com\/tunisie\/2020\/02\/28\/esperance-zamalek-match-aller-ligue-des-champions-caf\/","og_locale":"fr_FR","og_type":"article","og_title":"Esp\u00e9rance-Zamalek match aller Ligue des Champions CAF - Kapitalis","og_description":"L&rsquo;Esp\u00e9rance Sportive de Tunis se d\u00e9place \u00e0 la Capitale \u00c9gyptienne pour rencontrer pour la deuxi\u00e8me fois cette ann\u00e9e le Zamalek apr\u00e8s une d\u00e9faite \u00e0 la finale de la Supercoupe africiane au Qatar. En direct 17h heure Tunis au Stade international du Caire.","og_url":"https:\/\/kapitalis.com\/tunisie\/2020\/02\/28\/esperance-zamalek-match-aller-ligue-des-champions-caf\/","og_site_name":"Kapitalis","article_publisher":"https:\/\/www.facebook.com\/KapitalisInfo\/","article_published_time":"2020-02-28T14:37:45+00:00","article_modified_time":"2020-02-28T19:37:54+00:00","og_image":[{"width":1200,"height":630,"url":"https:\/\/kapitalis.com\/tunisie\/wp-content\/uploads\/2022\/05\/kapitalis-logo-fb.png","type":"image\/png"}],"author":"mounir","twitter_card":"summary_large_image","twitter_creator":"@KapitalisInfo","twitter_site":"@KapitalisInfo","twitter_misc":{"\u00c9crit par":"mounir"},"schema":{"@context":"https:\/\/schema.org","@graph":[{"@type":"Article","@id":"https:\/\/kapitalis.com\/tunisie\/2020\/02\/28\/esperance-zamalek-match-aller-ligue-des-champions-caf\/#article","isPartOf":{"@id":"https:\/\/kapitalis.com\/tunisie\/2020\/02\/28\/esperance-zamalek-match-aller-ligue-des-champions-caf\/"},"author":{"name":"mounir","@id":"https:\/\/kapitalis.com\/tunisie\/#\/schema\/person\/aa55121cdc1c0fa4794a24cff31f746f"},"headline":"Esp\u00e9rance-Zamalek match aller Ligue des Champions CAF","datePublished":"2020-02-28T14:37:45+00:00","dateModified":"2020-02-28T19:37:54+00:00","mainEntityOfPage":{"@id":"https:\/\/kapitalis.com\/tunisie\/2020\/02\/28\/esperance-zamalek-match-aller-ligue-des-champions-caf\/"},"wordCount":66,"commentCount":0,"publisher":{"@id":"https:\/\/kapitalis.com\/tunisie\/#organization"},"image":{"@id":"https:\/\/kapitalis.com\/tunisie\/2020\/02\/28\/esperance-zamalek-match-aller-ligue-des-champions-caf\/#primaryimage"},"thumbnailUrl":"","articleSection":["SPORT","Tunisie"],"inLanguage":"fr-FR","potentialAction":[{"@type":"CommentAction","name":"Comment","target":["https:\/\/kapitalis.com\/tunisie\/2020\/02\/28\/esperance-zamalek-match-aller-ligue-des-champions-caf\/#respond"]}]},{"@type":"WebPage","@id":"https:\/\/kapitalis.com\/tunisie\/2020\/02\/28\/esperance-zamalek-match-aller-ligue-des-champions-caf\/","url":"https:\/\/kapitalis.com\/tunisie\/2020\/02\/28\/esperance-zamalek-match-aller-ligue-des-champions-caf\/","name":"Esp\u00e9rance-Zamalek match aller Ligue des Champions CAF - Kapitalis","isPartOf":{"@id":"https:\/\/kapitalis.com\/tunisie\/#website"},"primaryImageOfPage":{"@id":"https:\/\/kapitalis.com\/tunisie\/2020\/02\/28\/esperance-zamalek-match-aller-ligue-des-champions-caf\/#primaryimage"},"image":{"@id":"https:\/\/kapitalis.com\/tunisie\/2020\/02\/28\/esperance-zamalek-match-aller-ligue-des-champions-caf\/#primaryimage"},"thumbnailUrl":"","datePublished":"2020-02-28T14:37:45+00:00","dateModified":"2020-02-28T19:37:54+00:00","breadcrumb":{"@id":"https:\/\/kapitalis.com\/tunisie\/2020\/02\/28\/esperance-zamalek-match-aller-ligue-des-champions-caf\/#breadcrumb"},"inLanguage":"fr-FR","potentialAction":[{"@type":"ReadAction","target":["https:\/\/kapitalis.com\/tunisie\/2020\/02\/28\/esperance-zamalek-match-aller-ligue-des-champions-caf\/"]}]},{"@type":"ImageObject","inLanguage":"fr-FR","@id":"https:\/\/kapitalis.com\/tunisie\/2020\/02\/28\/esperance-zamalek-match-aller-ligue-des-champions-caf\/#primaryimage","url":"","contentUrl":""},{"@type":"BreadcrumbList","@id":"https:\/\/kapitalis.com\/tunisie\/2020\/02\/28\/esperance-zamalek-match-aller-ligue-des-champions-caf\/#breadcrumb","itemListElement":[{"@type":"ListItem","position":1,"name":"Accueil","item":"https:\/\/kapitalis.com\/tunisie\/"},{"@type":"ListItem","position":2,"name":"Esp\u00e9rance-Zamalek match aller Ligue des Champions CAF"}]},{"@type":"WebSite","@id":"https:\/\/kapitalis.com\/tunisie\/#website","url":"https:\/\/kapitalis.com\/tunisie\/","name":"Kapitalis","description":"L&#039;actualit\u00e9 en Tunisie et dans le monde","publisher":{"@id":"https:\/\/kapitalis.com\/tunisie\/#organization"},"potentialAction":[{"@type":"SearchAction","target":{"@type":"EntryPoint","urlTemplate":"https:\/\/kapitalis.com\/tunisie\/?s={search_term_string}"},"query-input":{"@type":"PropertyValueSpecification","valueRequired":true,"valueName":"search_term_string"}}],"inLanguage":"fr-FR"},{"@type":"Organization","@id":"https:\/\/kapitalis.com\/tunisie\/#organization","name":"Kapitalis","url":"https:\/\/kapitalis.com\/tunisie\/","logo":{"@type":"ImageObject","inLanguage":"fr-FR","@id":"https:\/\/kapitalis.com\/tunisie\/#\/schema\/logo\/image\/","url":"https:\/\/kapitalis.com\/tunisie\/wp-content\/uploads\/2022\/05\/Kapitalis-big-size.png","contentUrl":"https:\/\/kapitalis.com\/tunisie\/wp-content\/uploads\/2022\/05\/Kapitalis-big-size.png","width":5000,"height":1500,"caption":"Kapitalis"},"image":{"@id":"https:\/\/kapitalis.com\/tunisie\/#\/schema\/logo\/image\/"},"sameAs":["https:\/\/www.facebook.com\/KapitalisInfo\/","https:\/\/x.com\/KapitalisInfo","https:\/\/www.youtube.com\/channel\/UC-yDYrHyfFBWWZaOw3FPg9Q"]},{"@type":"Person","@id":"https:\/\/kapitalis.com\/tunisie\/#\/schema\/person\/aa55121cdc1c0fa4794a24cff31f746f","name":"mounir","sameAs":["https:\/\/kapitalis.com\/tunisie"],"url":"https:\/\/kapitalis.com\/tunisie\/author\/mounir\/"}]}},"_links":{"self":[{"href":"https:\/\/kapitalis.com\/tunisie\/wp-json\/wp\/v2\/posts\/284339","targetHints":{"allow":["GET"]}}],"collection":[{"href":"https:\/\/kapitalis.com\/tunisie\/wp-json\/wp\/v2\/posts"}],"about":[{"href":"https:\/\/kapitalis.com\/tunisie\/wp-json\/wp\/v2\/types\/post"}],"author":[{"embeddable":true,"href":"https:\/\/kapitalis.com\/tunisie\/wp-json\/wp\/v2\/users\/1"}],"replies":[{"embeddable":true,"href":"https:\/\/kapitalis.com\/tunisie\/wp-json\/wp\/v2\/comments?post=284339"}],"version-history":[{"count":0,"href":"https:\/\/kapitalis.com\/tunisie\/wp-json\/wp\/v2\/posts\/284339\/revisions"}],"wp:featuredmedia":[{"embeddable":true,"href":"https:\/\/kapitalis.com\/tunisie\/wp-json\/wp\/v2\/media\/284354"}],"wp:attachment":[{"href":"https:\/\/kapitalis.com\/tunisie\/wp-json\/wp\/v2\/media?parent=284339"}],"wp:term":[{"taxonomy":"category","embeddable":true,"href":"https:\/\/kapitalis.com\/tunisie\/wp-json\/wp\/v2\/categories?post=284339"},{"taxonomy":"post_tag","embeddable":true,"href":"https:\/\/kapitalis.com\/tunisie\/wp-json\/wp\/v2\/tags?post=284339"}],"curies":[{"name":"wp","href":"https:\/\/api.w.org\/{rel}","templated":true}]}}