{"id":284378,"date":"2020-03-01T13:42:34","date_gmt":"2020-03-01T12:42:34","guid":{"rendered":"http:\/\/kapitalis.com\/tunisie\/?p=284378"},"modified":"2020-03-01T13:42:36","modified_gmt":"2020-03-01T12:42:36","slug":"la-fao-sactive-a-augmenter-linvestissement-agricole-en-tunisie","status":"publish","type":"post","link":"https:\/\/kapitalis.com\/tunisie\/2020\/03\/01\/la-fao-sactive-a-augmenter-linvestissement-agricole-en-tunisie\/","title":{"rendered":"La FAO s&rsquo;active \u00e0 augmenter l&rsquo;investissement agricole en Tunisie"},"content":{"rendered":"\n<figure class=\"wp-block-image size-large\"><img decoding=\"async\" src=\"http:\/\/kapitalis.com\/tunisie\/wp-content\/uploads\/2020\/02\/FAO-Tunisie-1.jpg\" alt=\"\" class=\"wp-image-284749\"\/><\/figure>\n\n\n\n<p><strong><em> A travers le projet de \u00abSoutien aux investissements responsables dans l\u2019agriculture et les syst\u00e8mes alimentaires\u00bb, l&rsquo;Organisation des Nations unies pour l&rsquo;alimentation et l&rsquo;agriculture (<a rel=\"noreferrer noopener\" aria-label=\" (s\u2019ouvre dans un nouvel onglet)\" href=\"https:\/\/docs.google.com\/document\/d\/1afi3m7WX4BoNLt7morLMKPK6s3_YC8X0mQtBlkq5yDQ\/edit\" target=\"_blank\">FAO<\/a>) place les jeunes, <\/em><\/strong> <strong><em> l\u2019investissement et l\u2019innovation au centre de la r\u00e9flexion en Tunisie. <\/em><\/strong><\/p>\n\n\n\n<!--more-->\n\n\n\n<p>Le projet entre dans le cadre d&rsquo;un partenariat tuniso-suisse, entre l\u2019Institut national de recherche agronomiques de Tunisie (Inrat) et l\u2019Agence de promotion des investissements agricoles (Apia) d&rsquo;un c\u00f4t\u00e9, et la Haute \u00e9cole sp\u00e9cialis\u00e9e de Berne et l\u2019Office f\u00e9d\u00e9ral de l\u2019agriculture suisse de l&rsquo;autre. <\/p>\n\n\n\n<p>Cette collaboration vise \u00e0 aboutir \u00e0 une m\u00e9thodologie adapt\u00e9e au contexte tunisien pour identifier les potentiels et proposer des solutions concr\u00e8tes aux jeunes d\u00e9sireux d\u2019investir dans la fili\u00e8re agricole.<\/p>\n\n\n\n<p> L\u2019objectif ultime du projet est d&rsquo;augmenter les investissements agricoles responsables en Tunisie, et renforcer le r\u00f4le des jeunes dans ce secteur. <\/p>\n\n\n\n<p>Les travaux ont permis de pr\u00e9senter et valider les r\u00e9sultats des analyses de l\u2019Inrat et les solutions pr\u00e9conis\u00e9es, et de compl\u00e9ter des mesures concr\u00e8tes \u00e0 mettre en \u0153uvre pour atteindre ces objectifs.<\/p>\n\n\n\n<p>Pour la Tunisie -comme partout dans le monde-, le secteur agricole renferme un potentiel d\u2019emplois pour les jeunes qui restent sous-investis.<br>Aussi, est-il primordial de renforcer leurs capacit\u00e9s \u00e0 devenir des agro-entrepreneurs capables d\u2019investir. <\/p>\n\n\n\n<p>Mais il y a de nombreux d\u00e9fis \u00e0 cela, dont le manque d\u2019attractivit\u00e9 du secteur agricole et la rel\u00e8ve, qui imposent de repenser les solutions face au manque d\u2019acc\u00e8s aux financement et \u00e0 l&rsquo;information, de r\u00e9viser les cadres l\u00e9gislatifs qui ignorent les sp\u00e9cificit\u00e9s des jeunes et leur capacit\u00e9 d\u2019innovation et d\u2019entrepreneuriat. <\/p>\n\n\n\n<p>Afin de venir \u00e0 bout de ces limites, plusieurs solutions ont \u00e9t\u00e9 soumises pour adoption, par les partenaires impliqu\u00e9s dans le projet. Il s\u2019agit notamment de mettre en place des syst\u00e8mes d\u2019information et de formation accessibles \u00e0 travers les TICs, de cr\u00e9er un cadre incitatif sp\u00e9cifique qui encourage l&rsquo;investissement des jeunes, d&rsquo;adapter la l\u00e9gislation pour qu\u2019elle tienne compte des besoins des jeunes en financement et facilitation, et de renforcer la coordination entre les diff\u00e9rentes initiatives et parties prenantes qui les ciblent.<\/p>\n\n\n\n<p class=\"has-text-align-right\"><strong>A. M.<\/strong><\/p>\n","protected":false},"excerpt":{"rendered":"<p>A travers le projet de \u00abSoutien aux investissements responsables dans l\u2019agriculture et les syst\u00e8mes alimentaires\u00bb, l&rsquo;Organisation des Nations unies pour l&rsquo;alimentation et l&rsquo;agriculture (FAO) place les jeunes, l\u2019investissement et l\u2019innovation au centre de la r\u00e9flexion en Tunisie.<\/p>\n","protected":false},"author":22,"featured_media":284748,"comment_status":"open","ping_status":"open","sticky":false,"template":"","format":"standard","meta":{"footnotes":""},"categories":[995,2433],"tags":[17204,7310,75634,75632,75633],"class_list":["post-284378","post","type-post","status-publish","format-standard","has-post-thumbnail","hentry","category-economie","category-tunisie","tag-apia","tag-fao","tag-haute-ecole-de-berne","tag-inrat","tag-office-federal-de-lagriculture-suisse"],"yoast_head":"<!-- This site is optimized with the Yoast SEO plugin v26.6 - https:\/\/yoast.com\/wordpress\/plugins\/seo\/ -->\n<title>La FAO s&#039;active \u00e0 augmenter l&#039;investissement agricole en Tunisie - Kapitalis<\/title>\n<meta name=\"robots\" content=\"index, follow, max-snippet:-1, max-image-preview:large, max-video-preview:-1\" \/>\n<link rel=\"canonical\" href=\"https:\/\/kapitalis.com\/tunisie\/2020\/03\/01\/la-fao-sactive-a-augmenter-linvestissement-agricole-en-tunisie\/\" \/>\n<meta property=\"og:locale\" content=\"fr_FR\" \/>\n<meta property=\"og:type\" content=\"article\" \/>\n<meta property=\"og:title\" content=\"La FAO s&#039;active \u00e0 augmenter l&#039;investissement agricole en Tunisie - Kapitalis\" \/>\n<meta property=\"og:description\" content=\"A travers le projet de \u00abSoutien aux investissements responsables dans l\u2019agriculture et les syst\u00e8mes alimentaires\u00bb, l&rsquo;Organisation des Nations unies pour l&rsquo;alimentation et l&rsquo;agriculture (FAO) place les jeunes, l\u2019investissement et l\u2019innovation au centre de la r\u00e9flexion en Tunisie.\" \/>\n<meta property=\"og:url\" content=\"https:\/\/kapitalis.com\/tunisie\/2020\/03\/01\/la-fao-sactive-a-augmenter-linvestissement-agricole-en-tunisie\/\" \/>\n<meta property=\"og:site_name\" content=\"Kapitalis\" \/>\n<meta property=\"article:publisher\" content=\"https:\/\/www.facebook.com\/KapitalisInfo\/\" \/>\n<meta property=\"article:published_time\" content=\"2020-03-01T12:42:34+00:00\" \/>\n<meta property=\"article:modified_time\" content=\"2020-03-01T12:42:36+00:00\" \/>\n<meta property=\"og:image\" content=\"https:\/\/kapitalis.com\/tunisie\/wp-content\/uploads\/2022\/05\/kapitalis-logo-fb.png\" \/>\n\t<meta property=\"og:image:width\" content=\"1200\" \/>\n\t<meta property=\"og:image:height\" content=\"630\" \/>\n\t<meta property=\"og:image:type\" content=\"image\/png\" \/>\n<meta name=\"author\" content=\"Amina Mkada\" \/>\n<meta name=\"twitter:card\" content=\"summary_large_image\" \/>\n<meta name=\"twitter:creator\" content=\"@KapitalisInfo\" \/>\n<meta name=\"twitter:site\" content=\"@KapitalisInfo\" \/>\n<meta name=\"twitter:label1\" content=\"\u00c9crit par\" \/>\n\t<meta name=\"twitter:data1\" content=\"Amina Mkada\" \/>\n\t<meta name=\"twitter:label2\" content=\"Dur\u00e9e de lecture estim\u00e9e\" \/>\n\t<meta name=\"twitter:data2\" content=\"2 minutes\" \/>\n<script type=\"application\/ld+json\" class=\"yoast-schema-graph\">{\"@context\":\"https:\/\/schema.org\",\"@graph\":[{\"@type\":\"Article\",\"@id\":\"https:\/\/kapitalis.com\/tunisie\/2020\/03\/01\/la-fao-sactive-a-augmenter-linvestissement-agricole-en-tunisie\/#article\",\"isPartOf\":{\"@id\":\"https:\/\/kapitalis.com\/tunisie\/2020\/03\/01\/la-fao-sactive-a-augmenter-linvestissement-agricole-en-tunisie\/\"},\"author\":{\"name\":\"Amina Mkada\",\"@id\":\"https:\/\/kapitalis.com\/tunisie\/#\/schema\/person\/093913313d3017554cb3ad077fff3fbd\"},\"headline\":\"La FAO s&rsquo;active \u00e0 augmenter l&rsquo;investissement agricole en Tunisie\",\"datePublished\":\"2020-03-01T12:42:34+00:00\",\"dateModified\":\"2020-03-01T12:42:36+00:00\",\"mainEntityOfPage\":{\"@id\":\"https:\/\/kapitalis.com\/tunisie\/2020\/03\/01\/la-fao-sactive-a-augmenter-linvestissement-agricole-en-tunisie\/\"},\"wordCount\":382,\"commentCount\":1,\"publisher\":{\"@id\":\"https:\/\/kapitalis.com\/tunisie\/#organization\"},\"image\":{\"@id\":\"https:\/\/kapitalis.com\/tunisie\/2020\/03\/01\/la-fao-sactive-a-augmenter-linvestissement-agricole-en-tunisie\/#primaryimage\"},\"thumbnailUrl\":\"\",\"keywords\":[\"Apia\",\"FAO\",\"Haute \u00e9cole de Berne\",\"INRAT\",\"Office f\u00e9d\u00e9ral de lAgriculture suisse\"],\"articleSection\":[\"ECONOMIE\",\"Tunisie\"],\"inLanguage\":\"fr-FR\",\"potentialAction\":[{\"@type\":\"CommentAction\",\"name\":\"Comment\",\"target\":[\"https:\/\/kapitalis.com\/tunisie\/2020\/03\/01\/la-fao-sactive-a-augmenter-linvestissement-agricole-en-tunisie\/#respond\"]}]},{\"@type\":\"WebPage\",\"@id\":\"https:\/\/kapitalis.com\/tunisie\/2020\/03\/01\/la-fao-sactive-a-augmenter-linvestissement-agricole-en-tunisie\/\",\"url\":\"https:\/\/kapitalis.com\/tunisie\/2020\/03\/01\/la-fao-sactive-a-augmenter-linvestissement-agricole-en-tunisie\/\",\"name\":\"La FAO s'active \u00e0 augmenter l'investissement agricole en Tunisie - Kapitalis\",\"isPartOf\":{\"@id\":\"https:\/\/kapitalis.com\/tunisie\/#website\"},\"primaryImageOfPage\":{\"@id\":\"https:\/\/kapitalis.com\/tunisie\/2020\/03\/01\/la-fao-sactive-a-augmenter-linvestissement-agricole-en-tunisie\/#primaryimage\"},\"image\":{\"@id\":\"https:\/\/kapitalis.com\/tunisie\/2020\/03\/01\/la-fao-sactive-a-augmenter-linvestissement-agricole-en-tunisie\/#primaryimage\"},\"thumbnailUrl\":\"\",\"datePublished\":\"2020-03-01T12:42:34+00:00\",\"dateModified\":\"2020-03-01T12:42:36+00:00\",\"breadcrumb\":{\"@id\":\"https:\/\/kapitalis.com\/tunisie\/2020\/03\/01\/la-fao-sactive-a-augmenter-linvestissement-agricole-en-tunisie\/#breadcrumb\"},\"inLanguage\":\"fr-FR\",\"potentialAction\":[{\"@type\":\"ReadAction\",\"target\":[\"https:\/\/kapitalis.com\/tunisie\/2020\/03\/01\/la-fao-sactive-a-augmenter-linvestissement-agricole-en-tunisie\/\"]}]},{\"@type\":\"ImageObject\",\"inLanguage\":\"fr-FR\",\"@id\":\"https:\/\/kapitalis.com\/tunisie\/2020\/03\/01\/la-fao-sactive-a-augmenter-linvestissement-agricole-en-tunisie\/#primaryimage\",\"url\":\"\",\"contentUrl\":\"\"},{\"@type\":\"BreadcrumbList\",\"@id\":\"https:\/\/kapitalis.com\/tunisie\/2020\/03\/01\/la-fao-sactive-a-augmenter-linvestissement-agricole-en-tunisie\/#breadcrumb\",\"itemListElement\":[{\"@type\":\"ListItem\",\"position\":1,\"name\":\"Accueil\",\"item\":\"https:\/\/kapitalis.com\/tunisie\/\"},{\"@type\":\"ListItem\",\"position\":2,\"name\":\"La FAO s&rsquo;active \u00e0 augmenter l&rsquo;investissement agricole en Tunisie\"}]},{\"@type\":\"WebSite\",\"@id\":\"https:\/\/kapitalis.com\/tunisie\/#website\",\"url\":\"https:\/\/kapitalis.com\/tunisie\/\",\"name\":\"Kapitalis\",\"description\":\"L&#039;actualit\u00e9 en Tunisie et dans le monde\",\"publisher\":{\"@id\":\"https:\/\/kapitalis.com\/tunisie\/#organization\"},\"potentialAction\":[{\"@type\":\"SearchAction\",\"target\":{\"@type\":\"EntryPoint\",\"urlTemplate\":\"https:\/\/kapitalis.com\/tunisie\/?s={search_term_string}\"},\"query-input\":{\"@type\":\"PropertyValueSpecification\",\"valueRequired\":true,\"valueName\":\"search_term_string\"}}],\"inLanguage\":\"fr-FR\"},{\"@type\":\"Organization\",\"@id\":\"https:\/\/kapitalis.com\/tunisie\/#organization\",\"name\":\"Kapitalis\",\"url\":\"https:\/\/kapitalis.com\/tunisie\/\",\"logo\":{\"@type\":\"ImageObject\",\"inLanguage\":\"fr-FR\",\"@id\":\"https:\/\/kapitalis.com\/tunisie\/#\/schema\/logo\/image\/\",\"url\":\"https:\/\/kapitalis.com\/tunisie\/wp-content\/uploads\/2022\/05\/Kapitalis-big-size.png\",\"contentUrl\":\"https:\/\/kapitalis.com\/tunisie\/wp-content\/uploads\/2022\/05\/Kapitalis-big-size.png\",\"width\":5000,\"height\":1500,\"caption\":\"Kapitalis\"},\"image\":{\"@id\":\"https:\/\/kapitalis.com\/tunisie\/#\/schema\/logo\/image\/\"},\"sameAs\":[\"https:\/\/www.facebook.com\/KapitalisInfo\/\",\"https:\/\/x.com\/KapitalisInfo\",\"https:\/\/www.youtube.com\/channel\/UC-yDYrHyfFBWWZaOw3FPg9Q\"]},{\"@type\":\"Person\",\"@id\":\"https:\/\/kapitalis.com\/tunisie\/#\/schema\/person\/093913313d3017554cb3ad077fff3fbd\",\"name\":\"Amina Mkada\",\"url\":\"https:\/\/kapitalis.com\/tunisie\/author\/amina\/\"}]}<\/script>\n<!-- \/ Yoast SEO plugin. -->","yoast_head_json":{"title":"La FAO s'active \u00e0 augmenter l'investissement agricole en Tunisie - Kapitalis","robots":{"index":"index","follow":"follow","max-snippet":"max-snippet:-1","max-image-preview":"max-image-preview:large","max-video-preview":"max-video-preview:-1"},"canonical":"https:\/\/kapitalis.com\/tunisie\/2020\/03\/01\/la-fao-sactive-a-augmenter-linvestissement-agricole-en-tunisie\/","og_locale":"fr_FR","og_type":"article","og_title":"La FAO s'active \u00e0 augmenter l'investissement agricole en Tunisie - Kapitalis","og_description":"A travers le projet de \u00abSoutien aux investissements responsables dans l\u2019agriculture et les syst\u00e8mes alimentaires\u00bb, l&rsquo;Organisation des Nations unies pour l&rsquo;alimentation et l&rsquo;agriculture (FAO) place les jeunes, l\u2019investissement et l\u2019innovation au centre de la r\u00e9flexion en Tunisie.","og_url":"https:\/\/kapitalis.com\/tunisie\/2020\/03\/01\/la-fao-sactive-a-augmenter-linvestissement-agricole-en-tunisie\/","og_site_name":"Kapitalis","article_publisher":"https:\/\/www.facebook.com\/KapitalisInfo\/","article_published_time":"2020-03-01T12:42:34+00:00","article_modified_time":"2020-03-01T12:42:36+00:00","og_image":[{"width":1200,"height":630,"url":"https:\/\/kapitalis.com\/tunisie\/wp-content\/uploads\/2022\/05\/kapitalis-logo-fb.png","type":"image\/png"}],"author":"Amina Mkada","twitter_card":"summary_large_image","twitter_creator":"@KapitalisInfo","twitter_site":"@KapitalisInfo","twitter_misc":{"\u00c9crit par":"Amina Mkada","Dur\u00e9e de lecture estim\u00e9e":"2 minutes"},"schema":{"@context":"https:\/\/schema.org","@graph":[{"@type":"Article","@id":"https:\/\/kapitalis.com\/tunisie\/2020\/03\/01\/la-fao-sactive-a-augmenter-linvestissement-agricole-en-tunisie\/#article","isPartOf":{"@id":"https:\/\/kapitalis.com\/tunisie\/2020\/03\/01\/la-fao-sactive-a-augmenter-linvestissement-agricole-en-tunisie\/"},"author":{"name":"Amina Mkada","@id":"https:\/\/kapitalis.com\/tunisie\/#\/schema\/person\/093913313d3017554cb3ad077fff3fbd"},"headline":"La FAO s&rsquo;active \u00e0 augmenter l&rsquo;investissement agricole en Tunisie","datePublished":"2020-03-01T12:42:34+00:00","dateModified":"2020-03-01T12:42:36+00:00","mainEntityOfPage":{"@id":"https:\/\/kapitalis.com\/tunisie\/2020\/03\/01\/la-fao-sactive-a-augmenter-linvestissement-agricole-en-tunisie\/"},"wordCount":382,"commentCount":1,"publisher":{"@id":"https:\/\/kapitalis.com\/tunisie\/#organization"},"image":{"@id":"https:\/\/kapitalis.com\/tunisie\/2020\/03\/01\/la-fao-sactive-a-augmenter-linvestissement-agricole-en-tunisie\/#primaryimage"},"thumbnailUrl":"","keywords":["Apia","FAO","Haute \u00e9cole de Berne","INRAT","Office f\u00e9d\u00e9ral de lAgriculture suisse"],"articleSection":["ECONOMIE","Tunisie"],"inLanguage":"fr-FR","potentialAction":[{"@type":"CommentAction","name":"Comment","target":["https:\/\/kapitalis.com\/tunisie\/2020\/03\/01\/la-fao-sactive-a-augmenter-linvestissement-agricole-en-tunisie\/#respond"]}]},{"@type":"WebPage","@id":"https:\/\/kapitalis.com\/tunisie\/2020\/03\/01\/la-fao-sactive-a-augmenter-linvestissement-agricole-en-tunisie\/","url":"https:\/\/kapitalis.com\/tunisie\/2020\/03\/01\/la-fao-sactive-a-augmenter-linvestissement-agricole-en-tunisie\/","name":"La FAO s'active \u00e0 augmenter l'investissement agricole en Tunisie - Kapitalis","isPartOf":{"@id":"https:\/\/kapitalis.com\/tunisie\/#website"},"primaryImageOfPage":{"@id":"https:\/\/kapitalis.com\/tunisie\/2020\/03\/01\/la-fao-sactive-a-augmenter-linvestissement-agricole-en-tunisie\/#primaryimage"},"image":{"@id":"https:\/\/kapitalis.com\/tunisie\/2020\/03\/01\/la-fao-sactive-a-augmenter-linvestissement-agricole-en-tunisie\/#primaryimage"},"thumbnailUrl":"","datePublished":"2020-03-01T12:42:34+00:00","dateModified":"2020-03-01T12:42:36+00:00","breadcrumb":{"@id":"https:\/\/kapitalis.com\/tunisie\/2020\/03\/01\/la-fao-sactive-a-augmenter-linvestissement-agricole-en-tunisie\/#breadcrumb"},"inLanguage":"fr-FR","potentialAction":[{"@type":"ReadAction","target":["https:\/\/kapitalis.com\/tunisie\/2020\/03\/01\/la-fao-sactive-a-augmenter-linvestissement-agricole-en-tunisie\/"]}]},{"@type":"ImageObject","inLanguage":"fr-FR","@id":"https:\/\/kapitalis.com\/tunisie\/2020\/03\/01\/la-fao-sactive-a-augmenter-linvestissement-agricole-en-tunisie\/#primaryimage","url":"","contentUrl":""},{"@type":"BreadcrumbList","@id":"https:\/\/kapitalis.com\/tunisie\/2020\/03\/01\/la-fao-sactive-a-augmenter-linvestissement-agricole-en-tunisie\/#breadcrumb","itemListElement":[{"@type":"ListItem","position":1,"name":"Accueil","item":"https:\/\/kapitalis.com\/tunisie\/"},{"@type":"ListItem","position":2,"name":"La FAO s&rsquo;active \u00e0 augmenter l&rsquo;investissement agricole en Tunisie"}]},{"@type":"WebSite","@id":"https:\/\/kapitalis.com\/tunisie\/#website","url":"https:\/\/kapitalis.com\/tunisie\/","name":"Kapitalis","description":"L&#039;actualit\u00e9 en Tunisie et dans le monde","publisher":{"@id":"https:\/\/kapitalis.com\/tunisie\/#organization"},"potentialAction":[{"@type":"SearchAction","target":{"@type":"EntryPoint","urlTemplate":"https:\/\/kapitalis.com\/tunisie\/?s={search_term_string}"},"query-input":{"@type":"PropertyValueSpecification","valueRequired":true,"valueName":"search_term_string"}}],"inLanguage":"fr-FR"},{"@type":"Organization","@id":"https:\/\/kapitalis.com\/tunisie\/#organization","name":"Kapitalis","url":"https:\/\/kapitalis.com\/tunisie\/","logo":{"@type":"ImageObject","inLanguage":"fr-FR","@id":"https:\/\/kapitalis.com\/tunisie\/#\/schema\/logo\/image\/","url":"https:\/\/kapitalis.com\/tunisie\/wp-content\/uploads\/2022\/05\/Kapitalis-big-size.png","contentUrl":"https:\/\/kapitalis.com\/tunisie\/wp-content\/uploads\/2022\/05\/Kapitalis-big-size.png","width":5000,"height":1500,"caption":"Kapitalis"},"image":{"@id":"https:\/\/kapitalis.com\/tunisie\/#\/schema\/logo\/image\/"},"sameAs":["https:\/\/www.facebook.com\/KapitalisInfo\/","https:\/\/x.com\/KapitalisInfo","https:\/\/www.youtube.com\/channel\/UC-yDYrHyfFBWWZaOw3FPg9Q"]},{"@type":"Person","@id":"https:\/\/kapitalis.com\/tunisie\/#\/schema\/person\/093913313d3017554cb3ad077fff3fbd","name":"Amina Mkada","url":"https:\/\/kapitalis.com\/tunisie\/author\/amina\/"}]}},"_links":{"self":[{"href":"https:\/\/kapitalis.com\/tunisie\/wp-json\/wp\/v2\/posts\/284378","targetHints":{"allow":["GET"]}}],"collection":[{"href":"https:\/\/kapitalis.com\/tunisie\/wp-json\/wp\/v2\/posts"}],"about":[{"href":"https:\/\/kapitalis.com\/tunisie\/wp-json\/wp\/v2\/types\/post"}],"author":[{"embeddable":true,"href":"https:\/\/kapitalis.com\/tunisie\/wp-json\/wp\/v2\/users\/22"}],"replies":[{"embeddable":true,"href":"https:\/\/kapitalis.com\/tunisie\/wp-json\/wp\/v2\/comments?post=284378"}],"version-history":[{"count":0,"href":"https:\/\/kapitalis.com\/tunisie\/wp-json\/wp\/v2\/posts\/284378\/revisions"}],"wp:featuredmedia":[{"embeddable":true,"href":"https:\/\/kapitalis.com\/tunisie\/wp-json\/wp\/v2\/media\/284748"}],"wp:attachment":[{"href":"https:\/\/kapitalis.com\/tunisie\/wp-json\/wp\/v2\/media?parent=284378"}],"wp:term":[{"taxonomy":"category","embeddable":true,"href":"https:\/\/kapitalis.com\/tunisie\/wp-json\/wp\/v2\/categories?post=284378"},{"taxonomy":"post_tag","embeddable":true,"href":"https:\/\/kapitalis.com\/tunisie\/wp-json\/wp\/v2\/tags?post=284378"}],"curies":[{"name":"wp","href":"https:\/\/api.w.org\/{rel}","templated":true}]}}