{"id":284578,"date":"2020-02-29T13:16:53","date_gmt":"2020-02-29T12:16:53","guid":{"rendered":"http:\/\/kapitalis.com\/tunisie\/?p=284578"},"modified":"2020-03-01T07:56:31","modified_gmt":"2020-03-01T06:56:31","slug":"une-citoyenne-tunisienne-part-en-guerre-contre-les-nuisances-sonores-des-mosquees","status":"publish","type":"post","link":"https:\/\/kapitalis.com\/tunisie\/2020\/02\/29\/une-citoyenne-tunisienne-part-en-guerre-contre-les-nuisances-sonores-des-mosquees\/","title":{"rendered":"Une \u00abCitoyenne Tunisienne\u00bb part en guerre contre les \u00abnuisances sonores\u00bb des mosqu\u00e9es"},"content":{"rendered":"\n<figure class=\"wp-block-image size-large\"><img decoding=\"async\" src=\"http:\/\/kapitalis.com\/tunisie\/wp-content\/uploads\/2016\/05\/Haut-parleur-mosquee.jpg\" alt=\"\" class=\"wp-image-51460\"\/><\/figure>\n\n\n\n<p><strong><em> Une \u00abCitoyenne Tunisienne\u00bb \u2013 c\u2019est ainsi qu\u2019elle s\u2019appelle sous couvert de l\u2019anonymat, et cela se comprend \u2013 m\u00e8ne un combat \u00e0 coups de lettres au ministre des Affaires religieuses et de p\u00e9titions diffus\u00e9es sur les r\u00e9seaux sociaux, appelant \u00e0 faire cesser les sons forts \u00e9manant des haut-parleurs des mosqu\u00e9es, parfois en pleine nuit, et \u00e0 prot\u00e9ger le citoyen des effets sur sa sant\u00e9 de ces \u00abnuisances sonores impos\u00e9es\u00bb. <\/em><\/strong><\/p>\n\n\n\n<!--more-->\n\n\n\n<p> Tout en admettant que tout le monde ne partage pas son avis ou ne souffre pas autant qu\u2019elle de ces nuisances ou n\u2019a pas la conscience d\u2019en souffrir, notre<em> \u00abCitoyenne Tunisienne\u00bb <\/em>s\u2019adresse <em>\u00ab\u00e0 ceux qui permettent encore \u00e0 leurs cerveaux et \u00e0 leurs esprits de r\u00e9fl\u00e9chir librement, sans restriction ni autocensure ou peur\u00bb<\/em> pour qu\u2019ils partagent ses appels et imposent ce probl\u00e8me de sant\u00e9 publique au c\u0153ur du d\u00e9bat national, <em>\u00abpour qu\u2019au moins il puisse y a voir des r\u00e9actions, des d\u00e9bats, des d\u00e9cisions\u00bb<\/em>, car la situation a atteint, selon elle, un seuil critique, pour les enfants, les gens \u00e2g\u00e9s ou souffrants, et tous les travailleurs ayant besoin du sommeil r\u00e9parateur pour se reposer et \u00eatre, durant la journ\u00e9e, vigilants et productifs au travail, et non abattus et somnolents.  Nous reproduisons ci-dessous des extraits de cet appel : <\/p>\n\n\n\n<p> <em>\u00ab\u00c7a fait d\u00e9j\u00e0 longtemps, des mois et des ann\u00e9es, puisque le ph\u00e9nom\u00e8ne a \u00e9t\u00e9 lanc\u00e9 depuis la r\u00e9volution (de 2011, Ndlr), que je souffre et que beaucoup d\u2019autres souffrent de ces nuisances sonores. \u00c7a fait longtemps que je veux en parler, r\u00e9clamer, attirer l\u2019attention m\u00eame si c\u2019est tellement voyant.<\/em><\/p>\n\n\n\n<p> <em>On parle de tout dans notre pays sauf de ce qui d\u00e9range vraiment.<\/em><\/p>\n\n\n\n<p> <em>On esp\u00e8re silencieusement que quelqu\u2019un en parle et arr\u00eate tout \u00e7a.<\/em><\/p>\n\n\n\n<p><em> On attend une \u00e9lection apr\u00e8s l\u2019autre; un gouvernement apr\u00e8s l\u2019autre. Mais toujours rien.<\/em><\/p>\n\n\n\n<p> <em>On s\u2019enfonce dans la passivit\u00e9, l\u2019hypocrisie, le non-droit et l\u2019ill\u00e9galit\u00e9, la m\u00e9diocrit\u00e9 sous toutes ses formes.<\/em><\/p>\n\n\n\n<p> <em>Moi, enfin, je fais ce pas, parce que je n\u2019en peux plus. Dormir devient un calvaire plus que ne l\u2019est d\u00e9j\u00e0 toute notre vie. On arrive \u00e0 un point de ne plus avoir envie de s\u2019assoupir, craignant d\u2019\u00eatre r\u00e9veill\u00e9 par ces sons, bruits\u2026 un stress de plus dans une vie pleine de stress. <\/em><\/p>\n\n\n\n<p> <em>Un pays qui fait \u00e7a est un pays qui ne respecte pas la volont\u00e9 et la libert\u00e9 des individus et les droits de ses citoyens et qu\u2019il traite comme des personnes sous-tutelle.<\/em><\/p>\n\n\n\n<p> <em>C\u2019est un appel lanc\u00e9 aux citoyens (si seulement\u2026), aux responsables, \u00e0 la soci\u00e9t\u00e9 civile, \u00e0 la soci\u00e9t\u00e9 de droits de l&rsquo;homme, aux m\u00e9dias, aux scientifiques, aux experts (sociaux, \u00e9conomiques, etc.), aux m\u00e9decins et aux responsables de la sant\u00e9\u2026\u00bb <\/em><\/p>\n","protected":false},"excerpt":{"rendered":"<p>Une \u00abCitoyenne Tunisienne\u00bb \u2013 c\u2019est ainsi qu\u2019elle s\u2019appelle sous couvert de l\u2019anonymat, et cela se comprend \u2013 m\u00e8ne un combat \u00e0 coups de lettres au ministre des Affaires religieuses et de p\u00e9titions diffus\u00e9es sur les r\u00e9seaux sociaux, appelant \u00e0 faire cesser les sons forts \u00e9manant des haut-parleurs des mosqu\u00e9es, parfois en pleine nuit, et \u00e0&#8230;<\/p>\n","protected":false},"author":8,"featured_media":0,"comment_status":"open","ping_status":"open","sticky":false,"template":"","format":"standard","meta":{"footnotes":""},"categories":[992,998,1000,2433],"tags":[75668,1928,75667],"class_list":["post-284578","post","type-post","status-publish","format-standard","hentry","category-a-la-une","category-societe","category-tribune","category-tunisie","tag-haut-parleurs","tag-mosquees","tag-nuisances-sonores"],"yoast_head":"<!-- This site is optimized with the Yoast SEO plugin v26.6 - https:\/\/yoast.com\/wordpress\/plugins\/seo\/ -->\n<title>Une \u00abCitoyenne Tunisienne\u00bb part en guerre contre les \u00abnuisances sonores\u00bb des mosqu\u00e9es - Kapitalis<\/title>\n<meta name=\"robots\" content=\"index, follow, max-snippet:-1, max-image-preview:large, max-video-preview:-1\" \/>\n<link rel=\"canonical\" href=\"https:\/\/kapitalis.com\/tunisie\/2020\/02\/29\/une-citoyenne-tunisienne-part-en-guerre-contre-les-nuisances-sonores-des-mosquees\/\" \/>\n<meta property=\"og:locale\" content=\"fr_FR\" \/>\n<meta property=\"og:type\" content=\"article\" \/>\n<meta property=\"og:title\" content=\"Une \u00abCitoyenne Tunisienne\u00bb part en guerre contre les \u00abnuisances sonores\u00bb des mosqu\u00e9es - Kapitalis\" \/>\n<meta property=\"og:description\" content=\"Une \u00abCitoyenne Tunisienne\u00bb \u2013 c\u2019est ainsi qu\u2019elle s\u2019appelle sous couvert de l\u2019anonymat, et cela se comprend \u2013 m\u00e8ne un combat \u00e0 coups de lettres au ministre des Affaires religieuses et de p\u00e9titions diffus\u00e9es sur les r\u00e9seaux sociaux, appelant \u00e0 faire cesser les sons forts \u00e9manant des haut-parleurs des mosqu\u00e9es, parfois en pleine nuit, et \u00e0...\" \/>\n<meta property=\"og:url\" content=\"https:\/\/kapitalis.com\/tunisie\/2020\/02\/29\/une-citoyenne-tunisienne-part-en-guerre-contre-les-nuisances-sonores-des-mosquees\/\" \/>\n<meta property=\"og:site_name\" content=\"Kapitalis\" \/>\n<meta property=\"article:publisher\" content=\"https:\/\/www.facebook.com\/KapitalisInfo\/\" \/>\n<meta property=\"article:published_time\" content=\"2020-02-29T12:16:53+00:00\" \/>\n<meta property=\"article:modified_time\" content=\"2020-03-01T06:56:31+00:00\" \/>\n<meta property=\"og:image\" content=\"http:\/\/kapitalis.com\/tunisie\/wp-content\/uploads\/2016\/05\/Haut-parleur-mosquee.jpg\" \/>\n<meta name=\"author\" content=\"webmaster kapitalis\" \/>\n<meta name=\"twitter:card\" content=\"summary_large_image\" \/>\n<meta name=\"twitter:creator\" content=\"@KapitalisInfo\" \/>\n<meta name=\"twitter:site\" content=\"@KapitalisInfo\" \/>\n<meta name=\"twitter:label1\" content=\"\u00c9crit par\" \/>\n\t<meta name=\"twitter:data1\" content=\"webmaster kapitalis\" \/>\n\t<meta name=\"twitter:label2\" content=\"Dur\u00e9e de lecture estim\u00e9e\" \/>\n\t<meta name=\"twitter:data2\" content=\"2 minutes\" \/>\n<script type=\"application\/ld+json\" class=\"yoast-schema-graph\">{\"@context\":\"https:\/\/schema.org\",\"@graph\":[{\"@type\":\"Article\",\"@id\":\"https:\/\/kapitalis.com\/tunisie\/2020\/02\/29\/une-citoyenne-tunisienne-part-en-guerre-contre-les-nuisances-sonores-des-mosquees\/#article\",\"isPartOf\":{\"@id\":\"https:\/\/kapitalis.com\/tunisie\/2020\/02\/29\/une-citoyenne-tunisienne-part-en-guerre-contre-les-nuisances-sonores-des-mosquees\/\"},\"author\":{\"name\":\"webmaster kapitalis\",\"@id\":\"https:\/\/kapitalis.com\/tunisie\/#\/schema\/person\/d71f33a9ca44f7bad4698210b480c8e9\"},\"headline\":\"Une \u00abCitoyenne Tunisienne\u00bb part en guerre contre les \u00abnuisances sonores\u00bb des mosqu\u00e9es\",\"datePublished\":\"2020-02-29T12:16:53+00:00\",\"dateModified\":\"2020-03-01T06:56:31+00:00\",\"mainEntityOfPage\":{\"@id\":\"https:\/\/kapitalis.com\/tunisie\/2020\/02\/29\/une-citoyenne-tunisienne-part-en-guerre-contre-les-nuisances-sonores-des-mosquees\/\"},\"wordCount\":494,\"commentCount\":99,\"publisher\":{\"@id\":\"https:\/\/kapitalis.com\/tunisie\/#organization\"},\"image\":{\"@id\":\"https:\/\/kapitalis.com\/tunisie\/2020\/02\/29\/une-citoyenne-tunisienne-part-en-guerre-contre-les-nuisances-sonores-des-mosquees\/#primaryimage\"},\"thumbnailUrl\":\"http:\/\/kapitalis.com\/tunisie\/wp-content\/uploads\/2016\/05\/Haut-parleur-mosquee.jpg\",\"keywords\":[\"haut-parleurs\",\"mosqu\u00e9es\",\"nuisances sonores\"],\"articleSection\":[\"A LA UNE\",\"SOCIETE\",\"TRIBUNE\",\"Tunisie\"],\"inLanguage\":\"fr-FR\",\"potentialAction\":[{\"@type\":\"CommentAction\",\"name\":\"Comment\",\"target\":[\"https:\/\/kapitalis.com\/tunisie\/2020\/02\/29\/une-citoyenne-tunisienne-part-en-guerre-contre-les-nuisances-sonores-des-mosquees\/#respond\"]}]},{\"@type\":\"WebPage\",\"@id\":\"https:\/\/kapitalis.com\/tunisie\/2020\/02\/29\/une-citoyenne-tunisienne-part-en-guerre-contre-les-nuisances-sonores-des-mosquees\/\",\"url\":\"https:\/\/kapitalis.com\/tunisie\/2020\/02\/29\/une-citoyenne-tunisienne-part-en-guerre-contre-les-nuisances-sonores-des-mosquees\/\",\"name\":\"Une \u00abCitoyenne Tunisienne\u00bb part en guerre contre les \u00abnuisances sonores\u00bb des mosqu\u00e9es - Kapitalis\",\"isPartOf\":{\"@id\":\"https:\/\/kapitalis.com\/tunisie\/#website\"},\"primaryImageOfPage\":{\"@id\":\"https:\/\/kapitalis.com\/tunisie\/2020\/02\/29\/une-citoyenne-tunisienne-part-en-guerre-contre-les-nuisances-sonores-des-mosquees\/#primaryimage\"},\"image\":{\"@id\":\"https:\/\/kapitalis.com\/tunisie\/2020\/02\/29\/une-citoyenne-tunisienne-part-en-guerre-contre-les-nuisances-sonores-des-mosquees\/#primaryimage\"},\"thumbnailUrl\":\"http:\/\/kapitalis.com\/tunisie\/wp-content\/uploads\/2016\/05\/Haut-parleur-mosquee.jpg\",\"datePublished\":\"2020-02-29T12:16:53+00:00\",\"dateModified\":\"2020-03-01T06:56:31+00:00\",\"breadcrumb\":{\"@id\":\"https:\/\/kapitalis.com\/tunisie\/2020\/02\/29\/une-citoyenne-tunisienne-part-en-guerre-contre-les-nuisances-sonores-des-mosquees\/#breadcrumb\"},\"inLanguage\":\"fr-FR\",\"potentialAction\":[{\"@type\":\"ReadAction\",\"target\":[\"https:\/\/kapitalis.com\/tunisie\/2020\/02\/29\/une-citoyenne-tunisienne-part-en-guerre-contre-les-nuisances-sonores-des-mosquees\/\"]}]},{\"@type\":\"ImageObject\",\"inLanguage\":\"fr-FR\",\"@id\":\"https:\/\/kapitalis.com\/tunisie\/2020\/02\/29\/une-citoyenne-tunisienne-part-en-guerre-contre-les-nuisances-sonores-des-mosquees\/#primaryimage\",\"url\":\"http:\/\/kapitalis.com\/tunisie\/wp-content\/uploads\/2016\/05\/Haut-parleur-mosquee.jpg\",\"contentUrl\":\"http:\/\/kapitalis.com\/tunisie\/wp-content\/uploads\/2016\/05\/Haut-parleur-mosquee.jpg\"},{\"@type\":\"BreadcrumbList\",\"@id\":\"https:\/\/kapitalis.com\/tunisie\/2020\/02\/29\/une-citoyenne-tunisienne-part-en-guerre-contre-les-nuisances-sonores-des-mosquees\/#breadcrumb\",\"itemListElement\":[{\"@type\":\"ListItem\",\"position\":1,\"name\":\"Accueil\",\"item\":\"https:\/\/kapitalis.com\/tunisie\/\"},{\"@type\":\"ListItem\",\"position\":2,\"name\":\"Une \u00abCitoyenne Tunisienne\u00bb part en guerre contre les \u00abnuisances sonores\u00bb des mosqu\u00e9es\"}]},{\"@type\":\"WebSite\",\"@id\":\"https:\/\/kapitalis.com\/tunisie\/#website\",\"url\":\"https:\/\/kapitalis.com\/tunisie\/\",\"name\":\"Kapitalis\",\"description\":\"L&#039;actualit\u00e9 en Tunisie et dans le monde\",\"publisher\":{\"@id\":\"https:\/\/kapitalis.com\/tunisie\/#organization\"},\"potentialAction\":[{\"@type\":\"SearchAction\",\"target\":{\"@type\":\"EntryPoint\",\"urlTemplate\":\"https:\/\/kapitalis.com\/tunisie\/?s={search_term_string}\"},\"query-input\":{\"@type\":\"PropertyValueSpecification\",\"valueRequired\":true,\"valueName\":\"search_term_string\"}}],\"inLanguage\":\"fr-FR\"},{\"@type\":\"Organization\",\"@id\":\"https:\/\/kapitalis.com\/tunisie\/#organization\",\"name\":\"Kapitalis\",\"url\":\"https:\/\/kapitalis.com\/tunisie\/\",\"logo\":{\"@type\":\"ImageObject\",\"inLanguage\":\"fr-FR\",\"@id\":\"https:\/\/kapitalis.com\/tunisie\/#\/schema\/logo\/image\/\",\"url\":\"https:\/\/kapitalis.com\/tunisie\/wp-content\/uploads\/2022\/05\/Kapitalis-big-size.png\",\"contentUrl\":\"https:\/\/kapitalis.com\/tunisie\/wp-content\/uploads\/2022\/05\/Kapitalis-big-size.png\",\"width\":5000,\"height\":1500,\"caption\":\"Kapitalis\"},\"image\":{\"@id\":\"https:\/\/kapitalis.com\/tunisie\/#\/schema\/logo\/image\/\"},\"sameAs\":[\"https:\/\/www.facebook.com\/KapitalisInfo\/\",\"https:\/\/x.com\/KapitalisInfo\",\"https:\/\/www.youtube.com\/channel\/UC-yDYrHyfFBWWZaOw3FPg9Q\"]},{\"@type\":\"Person\",\"@id\":\"https:\/\/kapitalis.com\/tunisie\/#\/schema\/person\/d71f33a9ca44f7bad4698210b480c8e9\",\"name\":\"webmaster kapitalis\",\"url\":\"https:\/\/kapitalis.com\/tunisie\/author\/webmaster-kapitalis\/\"}]}<\/script>\n<!-- \/ Yoast SEO plugin. -->","yoast_head_json":{"title":"Une \u00abCitoyenne Tunisienne\u00bb part en guerre contre les \u00abnuisances sonores\u00bb des mosqu\u00e9es - Kapitalis","robots":{"index":"index","follow":"follow","max-snippet":"max-snippet:-1","max-image-preview":"max-image-preview:large","max-video-preview":"max-video-preview:-1"},"canonical":"https:\/\/kapitalis.com\/tunisie\/2020\/02\/29\/une-citoyenne-tunisienne-part-en-guerre-contre-les-nuisances-sonores-des-mosquees\/","og_locale":"fr_FR","og_type":"article","og_title":"Une \u00abCitoyenne Tunisienne\u00bb part en guerre contre les \u00abnuisances sonores\u00bb des mosqu\u00e9es - Kapitalis","og_description":"Une \u00abCitoyenne Tunisienne\u00bb \u2013 c\u2019est ainsi qu\u2019elle s\u2019appelle sous couvert de l\u2019anonymat, et cela se comprend \u2013 m\u00e8ne un combat \u00e0 coups de lettres au ministre des Affaires religieuses et de p\u00e9titions diffus\u00e9es sur les r\u00e9seaux sociaux, appelant \u00e0 faire cesser les sons forts \u00e9manant des haut-parleurs des mosqu\u00e9es, parfois en pleine nuit, et \u00e0...","og_url":"https:\/\/kapitalis.com\/tunisie\/2020\/02\/29\/une-citoyenne-tunisienne-part-en-guerre-contre-les-nuisances-sonores-des-mosquees\/","og_site_name":"Kapitalis","article_publisher":"https:\/\/www.facebook.com\/KapitalisInfo\/","article_published_time":"2020-02-29T12:16:53+00:00","article_modified_time":"2020-03-01T06:56:31+00:00","og_image":[{"url":"http:\/\/kapitalis.com\/tunisie\/wp-content\/uploads\/2016\/05\/Haut-parleur-mosquee.jpg","type":"","width":"","height":""}],"author":"webmaster kapitalis","twitter_card":"summary_large_image","twitter_creator":"@KapitalisInfo","twitter_site":"@KapitalisInfo","twitter_misc":{"\u00c9crit par":"webmaster kapitalis","Dur\u00e9e de lecture estim\u00e9e":"2 minutes"},"schema":{"@context":"https:\/\/schema.org","@graph":[{"@type":"Article","@id":"https:\/\/kapitalis.com\/tunisie\/2020\/02\/29\/une-citoyenne-tunisienne-part-en-guerre-contre-les-nuisances-sonores-des-mosquees\/#article","isPartOf":{"@id":"https:\/\/kapitalis.com\/tunisie\/2020\/02\/29\/une-citoyenne-tunisienne-part-en-guerre-contre-les-nuisances-sonores-des-mosquees\/"},"author":{"name":"webmaster kapitalis","@id":"https:\/\/kapitalis.com\/tunisie\/#\/schema\/person\/d71f33a9ca44f7bad4698210b480c8e9"},"headline":"Une \u00abCitoyenne Tunisienne\u00bb part en guerre contre les \u00abnuisances sonores\u00bb des mosqu\u00e9es","datePublished":"2020-02-29T12:16:53+00:00","dateModified":"2020-03-01T06:56:31+00:00","mainEntityOfPage":{"@id":"https:\/\/kapitalis.com\/tunisie\/2020\/02\/29\/une-citoyenne-tunisienne-part-en-guerre-contre-les-nuisances-sonores-des-mosquees\/"},"wordCount":494,"commentCount":99,"publisher":{"@id":"https:\/\/kapitalis.com\/tunisie\/#organization"},"image":{"@id":"https:\/\/kapitalis.com\/tunisie\/2020\/02\/29\/une-citoyenne-tunisienne-part-en-guerre-contre-les-nuisances-sonores-des-mosquees\/#primaryimage"},"thumbnailUrl":"http:\/\/kapitalis.com\/tunisie\/wp-content\/uploads\/2016\/05\/Haut-parleur-mosquee.jpg","keywords":["haut-parleurs","mosqu\u00e9es","nuisances sonores"],"articleSection":["A LA UNE","SOCIETE","TRIBUNE","Tunisie"],"inLanguage":"fr-FR","potentialAction":[{"@type":"CommentAction","name":"Comment","target":["https:\/\/kapitalis.com\/tunisie\/2020\/02\/29\/une-citoyenne-tunisienne-part-en-guerre-contre-les-nuisances-sonores-des-mosquees\/#respond"]}]},{"@type":"WebPage","@id":"https:\/\/kapitalis.com\/tunisie\/2020\/02\/29\/une-citoyenne-tunisienne-part-en-guerre-contre-les-nuisances-sonores-des-mosquees\/","url":"https:\/\/kapitalis.com\/tunisie\/2020\/02\/29\/une-citoyenne-tunisienne-part-en-guerre-contre-les-nuisances-sonores-des-mosquees\/","name":"Une \u00abCitoyenne Tunisienne\u00bb part en guerre contre les \u00abnuisances sonores\u00bb des mosqu\u00e9es - Kapitalis","isPartOf":{"@id":"https:\/\/kapitalis.com\/tunisie\/#website"},"primaryImageOfPage":{"@id":"https:\/\/kapitalis.com\/tunisie\/2020\/02\/29\/une-citoyenne-tunisienne-part-en-guerre-contre-les-nuisances-sonores-des-mosquees\/#primaryimage"},"image":{"@id":"https:\/\/kapitalis.com\/tunisie\/2020\/02\/29\/une-citoyenne-tunisienne-part-en-guerre-contre-les-nuisances-sonores-des-mosquees\/#primaryimage"},"thumbnailUrl":"http:\/\/kapitalis.com\/tunisie\/wp-content\/uploads\/2016\/05\/Haut-parleur-mosquee.jpg","datePublished":"2020-02-29T12:16:53+00:00","dateModified":"2020-03-01T06:56:31+00:00","breadcrumb":{"@id":"https:\/\/kapitalis.com\/tunisie\/2020\/02\/29\/une-citoyenne-tunisienne-part-en-guerre-contre-les-nuisances-sonores-des-mosquees\/#breadcrumb"},"inLanguage":"fr-FR","potentialAction":[{"@type":"ReadAction","target":["https:\/\/kapitalis.com\/tunisie\/2020\/02\/29\/une-citoyenne-tunisienne-part-en-guerre-contre-les-nuisances-sonores-des-mosquees\/"]}]},{"@type":"ImageObject","inLanguage":"fr-FR","@id":"https:\/\/kapitalis.com\/tunisie\/2020\/02\/29\/une-citoyenne-tunisienne-part-en-guerre-contre-les-nuisances-sonores-des-mosquees\/#primaryimage","url":"http:\/\/kapitalis.com\/tunisie\/wp-content\/uploads\/2016\/05\/Haut-parleur-mosquee.jpg","contentUrl":"http:\/\/kapitalis.com\/tunisie\/wp-content\/uploads\/2016\/05\/Haut-parleur-mosquee.jpg"},{"@type":"BreadcrumbList","@id":"https:\/\/kapitalis.com\/tunisie\/2020\/02\/29\/une-citoyenne-tunisienne-part-en-guerre-contre-les-nuisances-sonores-des-mosquees\/#breadcrumb","itemListElement":[{"@type":"ListItem","position":1,"name":"Accueil","item":"https:\/\/kapitalis.com\/tunisie\/"},{"@type":"ListItem","position":2,"name":"Une \u00abCitoyenne Tunisienne\u00bb part en guerre contre les \u00abnuisances sonores\u00bb des mosqu\u00e9es"}]},{"@type":"WebSite","@id":"https:\/\/kapitalis.com\/tunisie\/#website","url":"https:\/\/kapitalis.com\/tunisie\/","name":"Kapitalis","description":"L&#039;actualit\u00e9 en Tunisie et dans le monde","publisher":{"@id":"https:\/\/kapitalis.com\/tunisie\/#organization"},"potentialAction":[{"@type":"SearchAction","target":{"@type":"EntryPoint","urlTemplate":"https:\/\/kapitalis.com\/tunisie\/?s={search_term_string}"},"query-input":{"@type":"PropertyValueSpecification","valueRequired":true,"valueName":"search_term_string"}}],"inLanguage":"fr-FR"},{"@type":"Organization","@id":"https:\/\/kapitalis.com\/tunisie\/#organization","name":"Kapitalis","url":"https:\/\/kapitalis.com\/tunisie\/","logo":{"@type":"ImageObject","inLanguage":"fr-FR","@id":"https:\/\/kapitalis.com\/tunisie\/#\/schema\/logo\/image\/","url":"https:\/\/kapitalis.com\/tunisie\/wp-content\/uploads\/2022\/05\/Kapitalis-big-size.png","contentUrl":"https:\/\/kapitalis.com\/tunisie\/wp-content\/uploads\/2022\/05\/Kapitalis-big-size.png","width":5000,"height":1500,"caption":"Kapitalis"},"image":{"@id":"https:\/\/kapitalis.com\/tunisie\/#\/schema\/logo\/image\/"},"sameAs":["https:\/\/www.facebook.com\/KapitalisInfo\/","https:\/\/x.com\/KapitalisInfo","https:\/\/www.youtube.com\/channel\/UC-yDYrHyfFBWWZaOw3FPg9Q"]},{"@type":"Person","@id":"https:\/\/kapitalis.com\/tunisie\/#\/schema\/person\/d71f33a9ca44f7bad4698210b480c8e9","name":"webmaster kapitalis","url":"https:\/\/kapitalis.com\/tunisie\/author\/webmaster-kapitalis\/"}]}},"_links":{"self":[{"href":"https:\/\/kapitalis.com\/tunisie\/wp-json\/wp\/v2\/posts\/284578","targetHints":{"allow":["GET"]}}],"collection":[{"href":"https:\/\/kapitalis.com\/tunisie\/wp-json\/wp\/v2\/posts"}],"about":[{"href":"https:\/\/kapitalis.com\/tunisie\/wp-json\/wp\/v2\/types\/post"}],"author":[{"embeddable":true,"href":"https:\/\/kapitalis.com\/tunisie\/wp-json\/wp\/v2\/users\/8"}],"replies":[{"embeddable":true,"href":"https:\/\/kapitalis.com\/tunisie\/wp-json\/wp\/v2\/comments?post=284578"}],"version-history":[{"count":0,"href":"https:\/\/kapitalis.com\/tunisie\/wp-json\/wp\/v2\/posts\/284578\/revisions"}],"wp:attachment":[{"href":"https:\/\/kapitalis.com\/tunisie\/wp-json\/wp\/v2\/media?parent=284578"}],"wp:term":[{"taxonomy":"category","embeddable":true,"href":"https:\/\/kapitalis.com\/tunisie\/wp-json\/wp\/v2\/categories?post=284578"},{"taxonomy":"post_tag","embeddable":true,"href":"https:\/\/kapitalis.com\/tunisie\/wp-json\/wp\/v2\/tags?post=284578"}],"curies":[{"name":"wp","href":"https:\/\/api.w.org\/{rel}","templated":true}]}}