{"id":28469,"date":"2015-12-03T09:55:12","date_gmt":"2015-12-03T08:55:12","guid":{"rendered":"http:\/\/kapitalis.com\/tunisie\/?p=28469"},"modified":"2015-12-03T10:11:22","modified_gmt":"2015-12-03T09:11:22","slug":"tourisme-295-des-nuitees-pour-les-tunisiens-en-2015","status":"publish","type":"post","link":"https:\/\/kapitalis.com\/tunisie\/2015\/12\/03\/tourisme-295-des-nuitees-pour-les-tunisiens-en-2015\/","title":{"rendered":"Tourisme\u00a0: 29,5% des nuit\u00e9es pour les Tunisiens en 2015 \u00a0"},"content":{"rendered":"<p><img loading=\"lazy\" decoding=\"async\" class=\"alignnone size-full wp-image-12474 aligncenter\" src=\"http:\/\/kapitalis.com\/tunisie\/wp-content\/uploads\/2015\/09\/Selma-Elloumi-Rekik.jpg\" alt=\"Selma-Elloumi-Rekik\" width=\"626\" height=\"380\" \/><\/p>\n<p><em><strong>Seulement 4,8 millions de touristes ont visit\u00e9 la Tunisie jusqu&rsquo;au 20 novembre, soit une baisse de 26% par rapport \u00e0 2014, a annonc\u00e9 Salma Elloumi Rekik.\u00a0<\/strong><\/em><!--more--><\/p>\n<p>La ministre du Tourisme et de l&rsquo;Artisanat, qui parlait hier, lors de la discussion du budget de son d\u00e9partement pour l&rsquo;exercice 2016 devant l&rsquo;Assembl\u00e9e des repr\u00e9sentants du peuple (ARP), a expliqu\u00e9 cette baisse par les probl\u00e8mes s\u00e9curitaires dans le pays, faisant remarquer que le nombre des touristes alg\u00e9riens a, n\u00e9anmoins, augment\u00e9 de 17,2% durant la m\u00eame p\u00e9riode.<\/p>\n<p>D&rsquo;apr\u00e8s la ministre, le nombre des nuit\u00e9es pass\u00e9es par les touristes tunisiens dans les h\u00f4tels a \u00e9volu\u00e9, atteignant, du 1er janvier au 20 novembre 2015, environ 4,4 millions (soit 29,5% du total).<\/p>\n<p>La baisse des entr\u00e9es des touristes europ\u00e9ens, principaux clients de la destination Tunisie, s&rsquo;est traduite par une baisse des recettes touristiques en devises, qui ont atteint environ 2.087,4 millions de dinars (MD), jusqu&rsquo;\u00e0 fin octobre 2015, en baisse de 33% par rapport \u00e0 l&rsquo;ann\u00e9e derni\u00e8re.<\/p>\n<p>D&rsquo;apr\u00e8s la ministre, le d\u00e9partement du Tourisme a pris des mesures en coordination avec d&rsquo;autres minist\u00e8res (l&rsquo;Int\u00e9rieur principalement) pour renforcer la protection des circuits touristiques et des unit\u00e9s h\u00f4teli\u00e8res et former des agents du secteur en mati\u00e8re de s\u00e9curit\u00e9.<\/p>\n<p>\u00ab<em>Le minist\u00e8re a ax\u00e9 ses actions sur le changement de la politique promotionnelle, notamment apr\u00e8s les attentats du Bardo et de Sousse<\/em>\u00bb, a d\u00e9clar\u00e9 la ministre.<\/p>\n<p>Pour ce qui est de\u00a0la diversification des march\u00e9s, Mme Rekik a soulign\u00e9 que des conventions ont \u00e9t\u00e9 sign\u00e9es en novembre dernier avec la Chine, l&rsquo;un des plus grands march\u00e9s touristiques au monde, pour attirer des touristes chinois vers la Tunisie.<\/p>\n<p>En ce qui concerne le march\u00e9 russe, la ministre du Tourisme a fait savoir qu&rsquo;une d\u00e9l\u00e9gation tunisienne de haut niveau effectuera une visite, le 14 d\u00e9cembre 2015, \u00e0 Moscou, pour examiner avec les autorit\u00e9s et les tours op\u00e9rateurs russes les moyens \u00e0 m\u00eame d&rsquo;attirer davantage de touristes de ce pays.<\/p>\n<p>Elle a annonc\u00e9, \u00e9galement, que son d\u00e9partement a sign\u00e9 un accord avec une agence de communication internationale pour pr\u00e9parer et diffuser, le 10 d\u00e9cembre 2015, sur les r\u00e9seaux sociaux, un film sur le prix de Nobel de la paix accord\u00e9 \u00e0 la Tunisie.<\/p>\n<p>Le d\u00e9partement du Tourisme a, \u00e9galement, conclu des conventions avec les professionnels pour que les familles tunisiennes d\u00e9sirant passer leur vacances au sud-ouest et au nord-ouest b\u00e9n\u00e9ficient de prix pr\u00e9f\u00e9rentiels.<\/p>\n<p>Six villages de l&rsquo;artisanat seront cr\u00e9\u00e9s en 2016 \u00e0 Medenine, B\u00e9ni Khedache, Kasserine, Tozeur et Kairouan pour promouvoir les produits de l&rsquo;artisanat dans les r\u00e9gions, a aussi indiqu\u00e9 la ministre du Tourisme et de l&rsquo;Artisanat, qui a rappel\u00e9 que 5 villages de l&rsquo;artisanat sont d\u00e9j\u00e0 op\u00e9rationnels dans les r\u00e9gions de Nabeul, Manouba, B\u00e9ja, le Kef et Tataouine.<\/p>\n<p style=\"text-align: right;\"><strong>A. B. M<\/strong>. <em>(avec Tap)<\/em><\/p>\n<p>&nbsp;<\/p>\n","protected":false},"excerpt":{"rendered":"<p>Seulement 4,8 millions de touristes ont visit\u00e9 la Tunisie jusqu&rsquo;au 20 novembre, soit une baisse de 26% par rapport \u00e0 2014, a annonc\u00e9 Salma Elloumi Rekik.\u00a0<\/p>\n","protected":false},"author":11,"featured_media":0,"comment_status":"open","ping_status":"open","sticky":false,"template":"","format":"standard","meta":{"footnotes":""},"categories":[995,2433],"tags":[6648,3668,277,5848,819,908,2636],"class_list":["post-28469","post","type-post","status-publish","format-standard","hentry","category-economie","category-tunisie","tag-budget-2016","tag-deputes","tag-devises","tag-parlement","tag-selma-elloumi-rekik","tag-tourisme","tag-touristes"],"yoast_head":"<!-- This site is optimized with the Yoast SEO plugin v26.6 - https:\/\/yoast.com\/wordpress\/plugins\/seo\/ -->\n<title>Tourisme\u00a0: 29,5% des nuit\u00e9es pour les Tunisiens en 2015 \u00a0 - Kapitalis<\/title>\n<meta name=\"robots\" content=\"index, follow, max-snippet:-1, max-image-preview:large, max-video-preview:-1\" \/>\n<link rel=\"canonical\" href=\"https:\/\/kapitalis.com\/tunisie\/2015\/12\/03\/tourisme-295-des-nuitees-pour-les-tunisiens-en-2015\/\" \/>\n<meta property=\"og:locale\" content=\"fr_FR\" \/>\n<meta property=\"og:type\" content=\"article\" \/>\n<meta property=\"og:title\" content=\"Tourisme\u00a0: 29,5% des nuit\u00e9es pour les Tunisiens en 2015 \u00a0 - Kapitalis\" \/>\n<meta property=\"og:description\" content=\"Seulement 4,8 millions de touristes ont visit\u00e9 la Tunisie jusqu&rsquo;au 20 novembre, soit une baisse de 26% par rapport \u00e0 2014, a annonc\u00e9 Salma Elloumi Rekik.\u00a0\" \/>\n<meta property=\"og:url\" content=\"https:\/\/kapitalis.com\/tunisie\/2015\/12\/03\/tourisme-295-des-nuitees-pour-les-tunisiens-en-2015\/\" \/>\n<meta property=\"og:site_name\" content=\"Kapitalis\" \/>\n<meta property=\"article:publisher\" content=\"https:\/\/www.facebook.com\/KapitalisInfo\/\" \/>\n<meta property=\"article:published_time\" content=\"2015-12-03T08:55:12+00:00\" \/>\n<meta property=\"article:modified_time\" content=\"2015-12-03T09:11:22+00:00\" \/>\n<meta property=\"og:image\" content=\"http:\/\/kapitalis.com\/tunisie\/wp-content\/uploads\/2015\/09\/Selma-Elloumi-Rekik.jpg\" \/>\n<meta name=\"author\" content=\"benmansour3 benmansour\" \/>\n<meta name=\"twitter:card\" content=\"summary_large_image\" \/>\n<meta name=\"twitter:creator\" content=\"@KapitalisInfo\" \/>\n<meta name=\"twitter:site\" content=\"@KapitalisInfo\" \/>\n<meta name=\"twitter:label1\" content=\"\u00c9crit par\" \/>\n\t<meta name=\"twitter:data1\" content=\"benmansour3 benmansour\" \/>\n\t<meta name=\"twitter:label2\" content=\"Dur\u00e9e de lecture estim\u00e9e\" \/>\n\t<meta name=\"twitter:data2\" content=\"2 minutes\" \/>\n<script type=\"application\/ld+json\" class=\"yoast-schema-graph\">{\"@context\":\"https:\/\/schema.org\",\"@graph\":[{\"@type\":\"Article\",\"@id\":\"https:\/\/kapitalis.com\/tunisie\/2015\/12\/03\/tourisme-295-des-nuitees-pour-les-tunisiens-en-2015\/#article\",\"isPartOf\":{\"@id\":\"https:\/\/kapitalis.com\/tunisie\/2015\/12\/03\/tourisme-295-des-nuitees-pour-les-tunisiens-en-2015\/\"},\"author\":{\"name\":\"benmansour3 benmansour\",\"@id\":\"https:\/\/kapitalis.com\/tunisie\/#\/schema\/person\/035372e645ad321edc01006468cd4c8b\"},\"headline\":\"Tourisme\u00a0: 29,5% des nuit\u00e9es pour les Tunisiens en 2015 \u00a0\",\"datePublished\":\"2015-12-03T08:55:12+00:00\",\"dateModified\":\"2015-12-03T09:11:22+00:00\",\"mainEntityOfPage\":{\"@id\":\"https:\/\/kapitalis.com\/tunisie\/2015\/12\/03\/tourisme-295-des-nuitees-pour-les-tunisiens-en-2015\/\"},\"wordCount\":490,\"commentCount\":0,\"publisher\":{\"@id\":\"https:\/\/kapitalis.com\/tunisie\/#organization\"},\"image\":{\"@id\":\"https:\/\/kapitalis.com\/tunisie\/2015\/12\/03\/tourisme-295-des-nuitees-pour-les-tunisiens-en-2015\/#primaryimage\"},\"thumbnailUrl\":\"http:\/\/kapitalis.com\/tunisie\/wp-content\/uploads\/2015\/09\/Selma-Elloumi-Rekik.jpg\",\"keywords\":[\"budget 2016\",\"d\u00e9put\u00e9s\",\"devises\",\"parlement\",\"Selma Elloumi Rekik\",\"tourisme\",\"touristes\"],\"articleSection\":[\"ECONOMIE\",\"Tunisie\"],\"inLanguage\":\"fr-FR\",\"potentialAction\":[{\"@type\":\"CommentAction\",\"name\":\"Comment\",\"target\":[\"https:\/\/kapitalis.com\/tunisie\/2015\/12\/03\/tourisme-295-des-nuitees-pour-les-tunisiens-en-2015\/#respond\"]}]},{\"@type\":\"WebPage\",\"@id\":\"https:\/\/kapitalis.com\/tunisie\/2015\/12\/03\/tourisme-295-des-nuitees-pour-les-tunisiens-en-2015\/\",\"url\":\"https:\/\/kapitalis.com\/tunisie\/2015\/12\/03\/tourisme-295-des-nuitees-pour-les-tunisiens-en-2015\/\",\"name\":\"Tourisme\u00a0: 29,5% des nuit\u00e9es pour les Tunisiens en 2015 \u00a0 - Kapitalis\",\"isPartOf\":{\"@id\":\"https:\/\/kapitalis.com\/tunisie\/#website\"},\"primaryImageOfPage\":{\"@id\":\"https:\/\/kapitalis.com\/tunisie\/2015\/12\/03\/tourisme-295-des-nuitees-pour-les-tunisiens-en-2015\/#primaryimage\"},\"image\":{\"@id\":\"https:\/\/kapitalis.com\/tunisie\/2015\/12\/03\/tourisme-295-des-nuitees-pour-les-tunisiens-en-2015\/#primaryimage\"},\"thumbnailUrl\":\"http:\/\/kapitalis.com\/tunisie\/wp-content\/uploads\/2015\/09\/Selma-Elloumi-Rekik.jpg\",\"datePublished\":\"2015-12-03T08:55:12+00:00\",\"dateModified\":\"2015-12-03T09:11:22+00:00\",\"breadcrumb\":{\"@id\":\"https:\/\/kapitalis.com\/tunisie\/2015\/12\/03\/tourisme-295-des-nuitees-pour-les-tunisiens-en-2015\/#breadcrumb\"},\"inLanguage\":\"fr-FR\",\"potentialAction\":[{\"@type\":\"ReadAction\",\"target\":[\"https:\/\/kapitalis.com\/tunisie\/2015\/12\/03\/tourisme-295-des-nuitees-pour-les-tunisiens-en-2015\/\"]}]},{\"@type\":\"ImageObject\",\"inLanguage\":\"fr-FR\",\"@id\":\"https:\/\/kapitalis.com\/tunisie\/2015\/12\/03\/tourisme-295-des-nuitees-pour-les-tunisiens-en-2015\/#primaryimage\",\"url\":\"http:\/\/kapitalis.com\/tunisie\/wp-content\/uploads\/2015\/09\/Selma-Elloumi-Rekik.jpg\",\"contentUrl\":\"http:\/\/kapitalis.com\/tunisie\/wp-content\/uploads\/2015\/09\/Selma-Elloumi-Rekik.jpg\"},{\"@type\":\"BreadcrumbList\",\"@id\":\"https:\/\/kapitalis.com\/tunisie\/2015\/12\/03\/tourisme-295-des-nuitees-pour-les-tunisiens-en-2015\/#breadcrumb\",\"itemListElement\":[{\"@type\":\"ListItem\",\"position\":1,\"name\":\"Accueil\",\"item\":\"https:\/\/kapitalis.com\/tunisie\/\"},{\"@type\":\"ListItem\",\"position\":2,\"name\":\"Tourisme\u00a0: 29,5% des nuit\u00e9es pour les Tunisiens en 2015 \u00a0\"}]},{\"@type\":\"WebSite\",\"@id\":\"https:\/\/kapitalis.com\/tunisie\/#website\",\"url\":\"https:\/\/kapitalis.com\/tunisie\/\",\"name\":\"Kapitalis\",\"description\":\"L&#039;actualit\u00e9 en Tunisie et dans le monde\",\"publisher\":{\"@id\":\"https:\/\/kapitalis.com\/tunisie\/#organization\"},\"potentialAction\":[{\"@type\":\"SearchAction\",\"target\":{\"@type\":\"EntryPoint\",\"urlTemplate\":\"https:\/\/kapitalis.com\/tunisie\/?s={search_term_string}\"},\"query-input\":{\"@type\":\"PropertyValueSpecification\",\"valueRequired\":true,\"valueName\":\"search_term_string\"}}],\"inLanguage\":\"fr-FR\"},{\"@type\":\"Organization\",\"@id\":\"https:\/\/kapitalis.com\/tunisie\/#organization\",\"name\":\"Kapitalis\",\"url\":\"https:\/\/kapitalis.com\/tunisie\/\",\"logo\":{\"@type\":\"ImageObject\",\"inLanguage\":\"fr-FR\",\"@id\":\"https:\/\/kapitalis.com\/tunisie\/#\/schema\/logo\/image\/\",\"url\":\"https:\/\/kapitalis.com\/tunisie\/wp-content\/uploads\/2022\/05\/Kapitalis-big-size.png\",\"contentUrl\":\"https:\/\/kapitalis.com\/tunisie\/wp-content\/uploads\/2022\/05\/Kapitalis-big-size.png\",\"width\":5000,\"height\":1500,\"caption\":\"Kapitalis\"},\"image\":{\"@id\":\"https:\/\/kapitalis.com\/tunisie\/#\/schema\/logo\/image\/\"},\"sameAs\":[\"https:\/\/www.facebook.com\/KapitalisInfo\/\",\"https:\/\/x.com\/KapitalisInfo\",\"https:\/\/www.youtube.com\/channel\/UC-yDYrHyfFBWWZaOw3FPg9Q\"]},{\"@type\":\"Person\",\"@id\":\"https:\/\/kapitalis.com\/tunisie\/#\/schema\/person\/035372e645ad321edc01006468cd4c8b\",\"name\":\"benmansour3 benmansour\",\"url\":\"https:\/\/kapitalis.com\/tunisie\/author\/benmansour3\/\"}]}<\/script>\n<!-- \/ Yoast SEO plugin. -->","yoast_head_json":{"title":"Tourisme\u00a0: 29,5% des nuit\u00e9es pour les Tunisiens en 2015 \u00a0 - Kapitalis","robots":{"index":"index","follow":"follow","max-snippet":"max-snippet:-1","max-image-preview":"max-image-preview:large","max-video-preview":"max-video-preview:-1"},"canonical":"https:\/\/kapitalis.com\/tunisie\/2015\/12\/03\/tourisme-295-des-nuitees-pour-les-tunisiens-en-2015\/","og_locale":"fr_FR","og_type":"article","og_title":"Tourisme\u00a0: 29,5% des nuit\u00e9es pour les Tunisiens en 2015 \u00a0 - Kapitalis","og_description":"Seulement 4,8 millions de touristes ont visit\u00e9 la Tunisie jusqu&rsquo;au 20 novembre, soit une baisse de 26% par rapport \u00e0 2014, a annonc\u00e9 Salma Elloumi Rekik.\u00a0","og_url":"https:\/\/kapitalis.com\/tunisie\/2015\/12\/03\/tourisme-295-des-nuitees-pour-les-tunisiens-en-2015\/","og_site_name":"Kapitalis","article_publisher":"https:\/\/www.facebook.com\/KapitalisInfo\/","article_published_time":"2015-12-03T08:55:12+00:00","article_modified_time":"2015-12-03T09:11:22+00:00","og_image":[{"url":"http:\/\/kapitalis.com\/tunisie\/wp-content\/uploads\/2015\/09\/Selma-Elloumi-Rekik.jpg","type":"","width":"","height":""}],"author":"benmansour3 benmansour","twitter_card":"summary_large_image","twitter_creator":"@KapitalisInfo","twitter_site":"@KapitalisInfo","twitter_misc":{"\u00c9crit par":"benmansour3 benmansour","Dur\u00e9e de lecture estim\u00e9e":"2 minutes"},"schema":{"@context":"https:\/\/schema.org","@graph":[{"@type":"Article","@id":"https:\/\/kapitalis.com\/tunisie\/2015\/12\/03\/tourisme-295-des-nuitees-pour-les-tunisiens-en-2015\/#article","isPartOf":{"@id":"https:\/\/kapitalis.com\/tunisie\/2015\/12\/03\/tourisme-295-des-nuitees-pour-les-tunisiens-en-2015\/"},"author":{"name":"benmansour3 benmansour","@id":"https:\/\/kapitalis.com\/tunisie\/#\/schema\/person\/035372e645ad321edc01006468cd4c8b"},"headline":"Tourisme\u00a0: 29,5% des nuit\u00e9es pour les Tunisiens en 2015 \u00a0","datePublished":"2015-12-03T08:55:12+00:00","dateModified":"2015-12-03T09:11:22+00:00","mainEntityOfPage":{"@id":"https:\/\/kapitalis.com\/tunisie\/2015\/12\/03\/tourisme-295-des-nuitees-pour-les-tunisiens-en-2015\/"},"wordCount":490,"commentCount":0,"publisher":{"@id":"https:\/\/kapitalis.com\/tunisie\/#organization"},"image":{"@id":"https:\/\/kapitalis.com\/tunisie\/2015\/12\/03\/tourisme-295-des-nuitees-pour-les-tunisiens-en-2015\/#primaryimage"},"thumbnailUrl":"http:\/\/kapitalis.com\/tunisie\/wp-content\/uploads\/2015\/09\/Selma-Elloumi-Rekik.jpg","keywords":["budget 2016","d\u00e9put\u00e9s","devises","parlement","Selma Elloumi Rekik","tourisme","touristes"],"articleSection":["ECONOMIE","Tunisie"],"inLanguage":"fr-FR","potentialAction":[{"@type":"CommentAction","name":"Comment","target":["https:\/\/kapitalis.com\/tunisie\/2015\/12\/03\/tourisme-295-des-nuitees-pour-les-tunisiens-en-2015\/#respond"]}]},{"@type":"WebPage","@id":"https:\/\/kapitalis.com\/tunisie\/2015\/12\/03\/tourisme-295-des-nuitees-pour-les-tunisiens-en-2015\/","url":"https:\/\/kapitalis.com\/tunisie\/2015\/12\/03\/tourisme-295-des-nuitees-pour-les-tunisiens-en-2015\/","name":"Tourisme\u00a0: 29,5% des nuit\u00e9es pour les Tunisiens en 2015 \u00a0 - Kapitalis","isPartOf":{"@id":"https:\/\/kapitalis.com\/tunisie\/#website"},"primaryImageOfPage":{"@id":"https:\/\/kapitalis.com\/tunisie\/2015\/12\/03\/tourisme-295-des-nuitees-pour-les-tunisiens-en-2015\/#primaryimage"},"image":{"@id":"https:\/\/kapitalis.com\/tunisie\/2015\/12\/03\/tourisme-295-des-nuitees-pour-les-tunisiens-en-2015\/#primaryimage"},"thumbnailUrl":"http:\/\/kapitalis.com\/tunisie\/wp-content\/uploads\/2015\/09\/Selma-Elloumi-Rekik.jpg","datePublished":"2015-12-03T08:55:12+00:00","dateModified":"2015-12-03T09:11:22+00:00","breadcrumb":{"@id":"https:\/\/kapitalis.com\/tunisie\/2015\/12\/03\/tourisme-295-des-nuitees-pour-les-tunisiens-en-2015\/#breadcrumb"},"inLanguage":"fr-FR","potentialAction":[{"@type":"ReadAction","target":["https:\/\/kapitalis.com\/tunisie\/2015\/12\/03\/tourisme-295-des-nuitees-pour-les-tunisiens-en-2015\/"]}]},{"@type":"ImageObject","inLanguage":"fr-FR","@id":"https:\/\/kapitalis.com\/tunisie\/2015\/12\/03\/tourisme-295-des-nuitees-pour-les-tunisiens-en-2015\/#primaryimage","url":"http:\/\/kapitalis.com\/tunisie\/wp-content\/uploads\/2015\/09\/Selma-Elloumi-Rekik.jpg","contentUrl":"http:\/\/kapitalis.com\/tunisie\/wp-content\/uploads\/2015\/09\/Selma-Elloumi-Rekik.jpg"},{"@type":"BreadcrumbList","@id":"https:\/\/kapitalis.com\/tunisie\/2015\/12\/03\/tourisme-295-des-nuitees-pour-les-tunisiens-en-2015\/#breadcrumb","itemListElement":[{"@type":"ListItem","position":1,"name":"Accueil","item":"https:\/\/kapitalis.com\/tunisie\/"},{"@type":"ListItem","position":2,"name":"Tourisme\u00a0: 29,5% des nuit\u00e9es pour les Tunisiens en 2015 \u00a0"}]},{"@type":"WebSite","@id":"https:\/\/kapitalis.com\/tunisie\/#website","url":"https:\/\/kapitalis.com\/tunisie\/","name":"Kapitalis","description":"L&#039;actualit\u00e9 en Tunisie et dans le monde","publisher":{"@id":"https:\/\/kapitalis.com\/tunisie\/#organization"},"potentialAction":[{"@type":"SearchAction","target":{"@type":"EntryPoint","urlTemplate":"https:\/\/kapitalis.com\/tunisie\/?s={search_term_string}"},"query-input":{"@type":"PropertyValueSpecification","valueRequired":true,"valueName":"search_term_string"}}],"inLanguage":"fr-FR"},{"@type":"Organization","@id":"https:\/\/kapitalis.com\/tunisie\/#organization","name":"Kapitalis","url":"https:\/\/kapitalis.com\/tunisie\/","logo":{"@type":"ImageObject","inLanguage":"fr-FR","@id":"https:\/\/kapitalis.com\/tunisie\/#\/schema\/logo\/image\/","url":"https:\/\/kapitalis.com\/tunisie\/wp-content\/uploads\/2022\/05\/Kapitalis-big-size.png","contentUrl":"https:\/\/kapitalis.com\/tunisie\/wp-content\/uploads\/2022\/05\/Kapitalis-big-size.png","width":5000,"height":1500,"caption":"Kapitalis"},"image":{"@id":"https:\/\/kapitalis.com\/tunisie\/#\/schema\/logo\/image\/"},"sameAs":["https:\/\/www.facebook.com\/KapitalisInfo\/","https:\/\/x.com\/KapitalisInfo","https:\/\/www.youtube.com\/channel\/UC-yDYrHyfFBWWZaOw3FPg9Q"]},{"@type":"Person","@id":"https:\/\/kapitalis.com\/tunisie\/#\/schema\/person\/035372e645ad321edc01006468cd4c8b","name":"benmansour3 benmansour","url":"https:\/\/kapitalis.com\/tunisie\/author\/benmansour3\/"}]}},"_links":{"self":[{"href":"https:\/\/kapitalis.com\/tunisie\/wp-json\/wp\/v2\/posts\/28469","targetHints":{"allow":["GET"]}}],"collection":[{"href":"https:\/\/kapitalis.com\/tunisie\/wp-json\/wp\/v2\/posts"}],"about":[{"href":"https:\/\/kapitalis.com\/tunisie\/wp-json\/wp\/v2\/types\/post"}],"author":[{"embeddable":true,"href":"https:\/\/kapitalis.com\/tunisie\/wp-json\/wp\/v2\/users\/11"}],"replies":[{"embeddable":true,"href":"https:\/\/kapitalis.com\/tunisie\/wp-json\/wp\/v2\/comments?post=28469"}],"version-history":[{"count":0,"href":"https:\/\/kapitalis.com\/tunisie\/wp-json\/wp\/v2\/posts\/28469\/revisions"}],"wp:attachment":[{"href":"https:\/\/kapitalis.com\/tunisie\/wp-json\/wp\/v2\/media?parent=28469"}],"wp:term":[{"taxonomy":"category","embeddable":true,"href":"https:\/\/kapitalis.com\/tunisie\/wp-json\/wp\/v2\/categories?post=28469"},{"taxonomy":"post_tag","embeddable":true,"href":"https:\/\/kapitalis.com\/tunisie\/wp-json\/wp\/v2\/tags?post=28469"}],"curies":[{"name":"wp","href":"https:\/\/api.w.org\/{rel}","templated":true}]}}