{"id":284725,"date":"2020-03-01T09:28:08","date_gmt":"2020-03-01T08:28:08","guid":{"rendered":"http:\/\/kapitalis.com\/tunisie\/?p=284725"},"modified":"2020-03-01T09:28:09","modified_gmt":"2020-03-01T08:28:09","slug":"le-poeme-du-dimanche-la-mort-du-poete-de-mikhail-lermontov","status":"publish","type":"post","link":"https:\/\/kapitalis.com\/tunisie\/2020\/03\/01\/le-poeme-du-dimanche-la-mort-du-poete-de-mikhail-lermontov\/","title":{"rendered":"Le po\u00e8me du dimanche: \u2018\u2018La mort du po\u00e8te\u2019\u2019 de Mikha\u00efl Lermontov"},"content":{"rendered":"\n<figure class=\"wp-block-image size-large\"><img decoding=\"async\" src=\"http:\/\/kapitalis.com\/tunisie\/wp-content\/uploads\/2020\/03\/Mikhail-Lermontov.jpg\" alt=\"\" class=\"wp-image-284726\"\/><\/figure>\n\n\n\n<p> <strong><em>N\u00e9 le 3 octobre 1814 \u00e0 Moscou et d\u00e9c\u00e9d\u00e9 le 15 juillet 1841 \u00e0 Piatigorsk, Mikha\u00efl Iourievitch Lermontov est un grand po\u00e8te russe, surnomm\u00e9 \u00abLe po\u00e8te du Caucase\u00bb. Ce po\u00e8me (traduit du russe par Jacques David) est consacr\u00e9 \u00e0 la fin tragique d\u2019un autre grand po\u00e8te russe, <a href=\"http:\/\/kapitalis.com\/tunisie\/2018\/10\/14\/le-poeme-du-dimanche-le-prophete-dalexandre-pouchkine\/\" target=\"_blank\" rel=\"noreferrer noopener\" aria-label=\"Alexandre Pouchkine (s\u2019ouvre dans un nouvel onglet)\">Alexandre Pouchkine<\/a>, et sur le m\u00e9pris que lui avait alors manifest\u00e9 la haute soci\u00e9t\u00e9. Il lui vaudra d\u2019\u00eatre banni de Saint-P\u00e9tersbourg et d\u2019\u00eatre envoy\u00e9 sur le front au Caucase. <\/em><\/strong><\/p>\n\n\n\n<!--more-->\n\n\n\n<p> Fils d\u2019un nobliau, capitaine en retraite; orphelin de m\u00e8re \u00e0 moins de trois ans, il est \u00e9lev\u00e9 par sa grand-m\u00e8re maternelle, riche aristocrate. Il re\u00e7oit une brillante \u00e9ducation qu\u2019il poursuit \u00e0 la section des sciences morales et politiques de l\u2019Universit\u00e9 de Moscou, foyer militant de pens\u00e9e lib\u00e9rale \u00e0 l\u2019\u00e9poque de la r\u00e9action qui suit l\u2019\u00e9crasement des d\u00e9cembristes.<\/p>\n\n\n\n<p> Officier de hussards \u00e0 Tsarko\u00e9-S\u00e9lo (ville se situant dans la banlieue de Saint-P\u00e9tersboug qui fut jadis une enclave de la famille Romanov et depuis rebaptis\u00e9e Pouchkine), il partage la vie mondaine et tumultueuse de ses camarades. Boulevers\u00e9 par la mort de Pouchkine en 1837, il \u00e9crit un po\u00e8me qui lui vaut d\u2019\u00eatre arr\u00eat\u00e9, puis envoy\u00e9 sur le front du Caucase. <\/p>\n\n\n\n<p> Lermontov se distingua lors d&rsquo;op\u00e9rations militaires contre les montagnards et participa aux batailles les plus sanglantes de 1840. Son sup\u00e9rieur direct sollicita son retour dans la garde, ce qui, en fait, \u00e9quivalait \u00e0 demander sa gr\u00e2ce. <em>\u2018\u2018Un h\u00e9ros de notre temps\u2019\u2019<\/em>, publi\u00e9 au printemps 1840, conna\u00eet un succ\u00e8s imm\u00e9diat.<\/p>\n\n\n\n<p> En 1841, le tsar ne lui accorda qu\u2019un cong\u00e9 de deux mois. Lorsque celui-ci prit fin, le tsar refusa de confirmer les d\u00e9corations qui avaient \u00e9t\u00e9 propos\u00e9es pour Lermontov au Caucase, et le g\u00e9n\u00e9ral Kleinmichel exigea son retour imm\u00e9diat au Caucase. Le 14 avril 1841, Lermontov quitta Saint-P\u00e9tersbourg. Il ne lui restait que trois mois \u00e0 vivre. Il fut tu\u00e9 en duel par Nikola\u00ef Martynov, \u00e0 l\u2019\u00e2ge de 27 ans.<\/p>\n\n\n\n<p> Il laisse une \u0153uvre abondante et vari\u00e9e, qui peut \u00eatre consid\u00e9r\u00e9e comme le sommet du romantisme russe. Elle comporte essentiellement des vers, dont les premiers remontent \u00e0 son adolescence (po\u00e9sies lyriques, po\u00e8mes : <em>\u2018\u2018Le D\u00e9mon\u2019\u2019, \u2018\u2018Le Novice\u2019\u2019<\/em>), mais aussi des drames, comme <em>\u2018\u2018La Mascarade\u2019\u2019 <\/em>et de la prose : <em>\u2018\u2018Un h\u00e9ros de notre temps\u2019\u2019.<\/em><\/p>\n\n\n\n<p> Le romantisme de Lermontov exprime la r\u00e9volte et l\u2019amertume de toute une g\u00e9n\u00e9ration. Son inspiration fougueuse, la violence de sa lucidit\u00e9, enfin les qualit\u00e9s plastiques et musicales de sa langue en font une des figures les plus hautes de la litt\u00e9rature russe. Mais il a disparu avant d\u2019avoir pu montrer toute l\u2019ampleur de son g\u00e9nie. Grand po\u00e8te, il fut aussi un remarquable prosateur. \u00c0 la fois fin styliste et cr\u00e9ateur du roman psychologique, il est le pr\u00e9curseur de Tolsto\u00ef et de Dosto\u00efevski.<\/p>\n\n\n\n<p> <em>Le po\u00e8te est mort, de l\u2019honneur esclave;<br> Diffam\u00e9 par l\u2019opinion, il emporte<br> Au c\u0153ur ce plomb\u2026 et sa soif de revanche<br> Ayant inclin\u00e9 son front orgueilleux.<br> Oui, l\u2019\u00e2me du po\u00e8te a succomb\u00e9<br> \u00c0 l\u2019infamie de mesquines offenses;<br> Il s\u2019\u00e9tait dress\u00e9 contre l\u2019opinion,<br> Tout seul, comme toujours\u2026 il fut vaincu,<br> Vaincu !\u2026 \u00c0 quoi bon d\u00e8s lors les sanglots,<br> L\u2019inutile ch\u0153ur des \u00e9loges vides,<br> Les balbutiements qui r\u00e9habilitent ?<br> Du sort la sentence a trouv\u00e9 son heure !<br> Ne f\u00fbtes-vous pas toujours les premiers<br> \u00c0 bafouer ses dons hardis et libres,<br> N\u2019attisiez-vous pas, pour vous en distraire,<br> L\u2019intime incendie qu\u2019il cachait si mal ?<br> Alors ? R\u00e9jouissez-vous\u2026 Il n\u2019a point pu<br> Porter le fardeau des derniers outrages,<br> \u00c9tonnant g\u00e9nie, flambeau qui s\u2019\u00e9teint,<br> Superbe couronne \u00e0 pr\u00e9sent fl\u00e9trie.<br> Le meurtrier lui a, plein de sang-froid,<br> Port\u00e9 un coup qui ne pardonne point :<br> Son c\u0153ur est vide et bat d\u2019un rythme \u00e9gal :<br> La main qui tient le pistolet est ferme.<br> Comment s\u2019\u00e9tonner ?\u2026 D\u2019un pays lointain<br> Il vient, pareil \u00e0 tant de fugitifs,<br> Dans sa chasse au bonheur, aux dignit\u00e9s,<br> Jet\u00e9 chez nous par le vouloir du sort.<br> Effront\u00e9ment m\u00e9prisant, il se moque<br> De notre langue ainsi que de nos m\u0153urs ;<br> Comment \u00e9pargnerait-il donc nos gloires,<br> Et saurait-il, en cet instant sanglant,<br> Sur quoi il vient d\u2019oser lever la main ?<\/em><\/p>\n\n\n\n<p><em>Le po\u00e8te est mort, le tombeau l\u2019a pris,<br> Pareil \u00e0 cet a\u00e8de inconnu* mais aimable <br> Proie de la sourde jalousie,<br> Qu\u2019il c\u00e9l\u00e8bre avec tant de merveilleuse force,<br> Et frapp\u00e9 comme lui d\u2019une main sans piti\u00e9.<br> Quittant paisibles joies et sinc\u00e8re amiti\u00e9,<br> Pourquoi donc entra-t-il en un monde d\u2019envie<br> O\u00f9 tout p\u00e8se au c\u0153ur libre, aux passions de flamme?<br> Pourquoi tendre sa main aux vils calomniateurs,<br> Pourquoi pr\u00eater sa foi aux serments insinc\u00e8res,<br> Lui qui si jeune encore avait connu les hommes!<br> Ayant pris sa couronne, ils ceignirent ses tempes<br> De lauriers entrelac\u00e9s d\u2019\u00e9pines;<br> Mais cruellement leurs aiguilles<br> Blessaient en secret son front noble\u2026<br> Par de grossiers railleurs ses ultimes instants<br> Furent empoisonn\u00e9s d\u2019allusions perfides,<br> Puis il mourut sur sa vaine soif de revanche,<br> Dans le d\u00e9pit secret de ses espoirs trahis\u2026<br> L\u2019accent de ses chants magiques s\u2019est tu,<br> Et plus jamais il ne retentira :<br> Du chanteur l\u2019asile est \u00e9troit, aust\u00e8re,<br> Un sceau pour toujours vint clore ses l\u00e8vres!<\/em><\/p>\n\n\n\n<p><em>Et vous, descendants insolents de p\u00e8res<br> Que l\u2019infamie notoire a rendus trop c\u00e9l\u00e8bres,<br> Vous dont le pied servile a foul\u00e9 les vestiges<br> Des familles bless\u00e9es par le jeu du Destin,<br> Vous, les ambitieux, en foule autour du tr\u00f4ne,<br> Les bourreaux du g\u00e9nie, et de la libert\u00e9!<br> Vous vous cachez dans l\u2019ombre de la loi,<br> Devant vous, tribunaux et v\u00e9rit\u00e9 se taisent.<br> Oui, mais le Tribunal divin, \u00f4 d\u00e9prav\u00e9s,<br> Le Juge redoutable, il vous attend,<br> Il est inaccessible au son de l\u2019or,<br> \u00c0 l\u2019avance il conna\u00eet les pens\u00e9es et les causes.<br> Alors vous pourrez bien user de calomnie :<br> Cela ne vous sera d\u2019aucun secours.<br> Vous ne laverez point de tout votre sang noir<br> Tout le juste sang du Po\u00e8te.<\/em><\/p>\n\n\n\n<p><em>* Cet a\u00e8de inconnu: c\u2019est Lenski, l\u2019un des h\u00e9ros du roman de Pouchkine <\/em>\u2018\u2018Eug\u00e8ne On\u00e9guine\u2019\u2019<em>, qui succombe dans un duel contre On\u00e9guine.<\/em><\/p>\n\n\n\n<figure class=\"wp-block-embed-wordpress wp-block-embed is-type-wp-embed is-provider-kapitalis\"><div class=\"wp-block-embed__wrapper\">\n<blockquote class=\"wp-embedded-content\" data-secret=\"ZCtHSDL9h4\"><a href=\"https:\/\/kapitalis.com\/tunisie\/2018\/10\/14\/le-poeme-du-dimanche-le-prophete-dalexandre-pouchkine\/\">Le po\u00e8me du dimanche : \u2018\u2018Le Proph\u00e8te\u2019\u2019 d\u2019Alexandre Pouchkine<\/a><\/blockquote><iframe loading=\"lazy\" class=\"wp-embedded-content\" sandbox=\"allow-scripts\" security=\"restricted\" style=\"position: absolute; clip: rect(1px, 1px, 1px, 1px);\" title=\"\u00ab\u00a0Le po\u00e8me du dimanche : \u2018\u2018Le Proph\u00e8te\u2019\u2019 d\u2019Alexandre Pouchkine\u00a0\u00bb &#8212; Kapitalis\" src=\"https:\/\/kapitalis.com\/tunisie\/2018\/10\/14\/le-poeme-du-dimanche-le-prophete-dalexandre-pouchkine\/embed\/#?secret=2O9tfMy9gu#?secret=ZCtHSDL9h4\" data-secret=\"ZCtHSDL9h4\" width=\"600\" height=\"338\" frameborder=\"0\" marginwidth=\"0\" marginheight=\"0\" scrolling=\"no\"><\/iframe>\n<\/div><\/figure>\n\n\n\n<figure class=\"wp-block-embed-wordpress wp-block-embed is-type-wp-embed is-provider-kapitalis\"><div class=\"wp-block-embed__wrapper\">\n<blockquote class=\"wp-embedded-content\" data-secret=\"L7MLl14F4B\"><a href=\"https:\/\/kapitalis.com\/tunisie\/2018\/12\/02\/le-poeme-du-dimanche-a-la-mort-danna-akhmatova\/\">Le po\u00e8me du dimanche: \u2018\u2018A la mort\u2019\u2019 d\u2019Anna Akhmatova<\/a><\/blockquote><iframe loading=\"lazy\" class=\"wp-embedded-content\" sandbox=\"allow-scripts\" security=\"restricted\" style=\"position: absolute; clip: rect(1px, 1px, 1px, 1px);\" title=\"\u00ab\u00a0Le po\u00e8me du dimanche: \u2018\u2018A la mort\u2019\u2019 d\u2019Anna Akhmatova\u00a0\u00bb &#8212; Kapitalis\" src=\"https:\/\/kapitalis.com\/tunisie\/2018\/12\/02\/le-poeme-du-dimanche-a-la-mort-danna-akhmatova\/embed\/#?secret=iYVhqBvYMd#?secret=L7MLl14F4B\" data-secret=\"L7MLl14F4B\" width=\"600\" height=\"338\" frameborder=\"0\" marginwidth=\"0\" marginheight=\"0\" scrolling=\"no\"><\/iframe>\n<\/div><\/figure>\n\n\n\n<figure class=\"wp-block-embed-wordpress wp-block-embed is-type-wp-embed is-provider-kapitalis\"><div class=\"wp-block-embed__wrapper\">\n<blockquote class=\"wp-embedded-content\" data-secret=\"LQaUwov73p\"><a href=\"https:\/\/kapitalis.com\/tunisie\/2020\/02\/23\/le-poeme-du-dimanche-epigramme-contre-staline-dossip-mandelstam\/\">Le po\u00e8me du dimanche: \u2018\u2018\u00c9pigramme contre Staline\u2019\u2019 d\u2019Ossip Mandelstam<\/a><\/blockquote><iframe loading=\"lazy\" class=\"wp-embedded-content\" sandbox=\"allow-scripts\" security=\"restricted\" style=\"position: absolute; clip: rect(1px, 1px, 1px, 1px);\" title=\"\u00ab\u00a0Le po\u00e8me du dimanche: \u2018\u2018\u00c9pigramme contre Staline\u2019\u2019 d\u2019Ossip Mandelstam\u00a0\u00bb &#8212; Kapitalis\" src=\"https:\/\/kapitalis.com\/tunisie\/2020\/02\/23\/le-poeme-du-dimanche-epigramme-contre-staline-dossip-mandelstam\/embed\/#?secret=ozx6Z906mE#?secret=LQaUwov73p\" data-secret=\"LQaUwov73p\" width=\"600\" height=\"338\" frameborder=\"0\" marginwidth=\"0\" marginheight=\"0\" scrolling=\"no\"><\/iframe>\n<\/div><\/figure>\n","protected":false},"excerpt":{"rendered":"<p>N\u00e9 le 3 octobre 1814 \u00e0 Moscou et d\u00e9c\u00e9d\u00e9 le 15 juillet 1841 \u00e0 Piatigorsk, Mikha\u00efl Iourievitch Lermontov est un grand po\u00e8te russe, surnomm\u00e9 \u00abLe po\u00e8te du Caucase\u00bb. Ce po\u00e8me (traduit du russe par Jacques David) est consacr\u00e9 \u00e0 la fin tragique d\u2019un autre grand po\u00e8te russe, Alexandre Pouchkine, et sur le m\u00e9pris que lui&#8230;<\/p>\n","protected":false},"author":8,"featured_media":284726,"comment_status":"open","ping_status":"open","sticky":false,"template":"","format":"standard","meta":{"footnotes":""},"categories":[992,994],"tags":[75699,75700,75698,75701],"class_list":["post-284725","post","type-post","status-publish","format-standard","has-post-thumbnail","hentry","category-a-la-une","category-culture","tag-alexandre-pouchkine","tag-caucase","tag-mikhail-lermontov","tag-saint-petersbourg"],"yoast_head":"<!-- This site is optimized with the Yoast SEO plugin v26.6 - https:\/\/yoast.com\/wordpress\/plugins\/seo\/ -->\n<title>Le po\u00e8me du dimanche: \u2018\u2018La mort du po\u00e8te\u2019\u2019 de Mikha\u00efl Lermontov - Kapitalis<\/title>\n<meta name=\"robots\" content=\"index, follow, max-snippet:-1, max-image-preview:large, max-video-preview:-1\" \/>\n<link rel=\"canonical\" href=\"https:\/\/kapitalis.com\/tunisie\/2020\/03\/01\/le-poeme-du-dimanche-la-mort-du-poete-de-mikhail-lermontov\/\" \/>\n<meta property=\"og:locale\" content=\"fr_FR\" \/>\n<meta property=\"og:type\" content=\"article\" \/>\n<meta property=\"og:title\" content=\"Le po\u00e8me du dimanche: \u2018\u2018La mort du po\u00e8te\u2019\u2019 de Mikha\u00efl Lermontov - Kapitalis\" \/>\n<meta property=\"og:description\" content=\"N\u00e9 le 3 octobre 1814 \u00e0 Moscou et d\u00e9c\u00e9d\u00e9 le 15 juillet 1841 \u00e0 Piatigorsk, Mikha\u00efl Iourievitch Lermontov est un grand po\u00e8te russe, surnomm\u00e9 \u00abLe po\u00e8te du Caucase\u00bb. Ce po\u00e8me (traduit du russe par Jacques David) est consacr\u00e9 \u00e0 la fin tragique d\u2019un autre grand po\u00e8te russe, Alexandre Pouchkine, et sur le m\u00e9pris que lui...\" \/>\n<meta property=\"og:url\" content=\"https:\/\/kapitalis.com\/tunisie\/2020\/03\/01\/le-poeme-du-dimanche-la-mort-du-poete-de-mikhail-lermontov\/\" \/>\n<meta property=\"og:site_name\" content=\"Kapitalis\" \/>\n<meta property=\"article:publisher\" content=\"https:\/\/www.facebook.com\/KapitalisInfo\/\" \/>\n<meta property=\"article:published_time\" content=\"2020-03-01T08:28:08+00:00\" \/>\n<meta property=\"article:modified_time\" content=\"2020-03-01T08:28:09+00:00\" \/>\n<meta property=\"og:image\" content=\"https:\/\/kapitalis.com\/tunisie\/wp-content\/uploads\/2022\/05\/kapitalis-logo-fb.png\" \/>\n\t<meta property=\"og:image:width\" content=\"1200\" \/>\n\t<meta property=\"og:image:height\" content=\"630\" \/>\n\t<meta property=\"og:image:type\" content=\"image\/png\" \/>\n<meta name=\"author\" content=\"webmaster kapitalis\" \/>\n<meta name=\"twitter:card\" content=\"summary_large_image\" \/>\n<meta name=\"twitter:creator\" content=\"@KapitalisInfo\" \/>\n<meta name=\"twitter:site\" content=\"@KapitalisInfo\" \/>\n<meta name=\"twitter:label1\" content=\"\u00c9crit par\" \/>\n\t<meta name=\"twitter:data1\" content=\"webmaster kapitalis\" \/>\n\t<meta name=\"twitter:label2\" content=\"Dur\u00e9e de lecture estim\u00e9e\" \/>\n\t<meta name=\"twitter:data2\" content=\"5 minutes\" \/>\n<script type=\"application\/ld+json\" class=\"yoast-schema-graph\">{\"@context\":\"https:\/\/schema.org\",\"@graph\":[{\"@type\":\"Article\",\"@id\":\"https:\/\/kapitalis.com\/tunisie\/2020\/03\/01\/le-poeme-du-dimanche-la-mort-du-poete-de-mikhail-lermontov\/#article\",\"isPartOf\":{\"@id\":\"https:\/\/kapitalis.com\/tunisie\/2020\/03\/01\/le-poeme-du-dimanche-la-mort-du-poete-de-mikhail-lermontov\/\"},\"author\":{\"name\":\"webmaster kapitalis\",\"@id\":\"https:\/\/kapitalis.com\/tunisie\/#\/schema\/person\/d71f33a9ca44f7bad4698210b480c8e9\"},\"headline\":\"Le po\u00e8me du dimanche: \u2018\u2018La mort du po\u00e8te\u2019\u2019 de Mikha\u00efl Lermontov\",\"datePublished\":\"2020-03-01T08:28:08+00:00\",\"dateModified\":\"2020-03-01T08:28:09+00:00\",\"mainEntityOfPage\":{\"@id\":\"https:\/\/kapitalis.com\/tunisie\/2020\/03\/01\/le-poeme-du-dimanche-la-mort-du-poete-de-mikhail-lermontov\/\"},\"wordCount\":1098,\"commentCount\":0,\"publisher\":{\"@id\":\"https:\/\/kapitalis.com\/tunisie\/#organization\"},\"image\":{\"@id\":\"https:\/\/kapitalis.com\/tunisie\/2020\/03\/01\/le-poeme-du-dimanche-la-mort-du-poete-de-mikhail-lermontov\/#primaryimage\"},\"thumbnailUrl\":\"\",\"keywords\":[\"Alexandre Pouchkine\",\"Caucase\",\"Mikha\u00efl Lermontov\",\"Saint-P\u00e9tersbourg\"],\"articleSection\":[\"A LA UNE\",\"CULTURE\"],\"inLanguage\":\"fr-FR\",\"potentialAction\":[{\"@type\":\"CommentAction\",\"name\":\"Comment\",\"target\":[\"https:\/\/kapitalis.com\/tunisie\/2020\/03\/01\/le-poeme-du-dimanche-la-mort-du-poete-de-mikhail-lermontov\/#respond\"]}]},{\"@type\":\"WebPage\",\"@id\":\"https:\/\/kapitalis.com\/tunisie\/2020\/03\/01\/le-poeme-du-dimanche-la-mort-du-poete-de-mikhail-lermontov\/\",\"url\":\"https:\/\/kapitalis.com\/tunisie\/2020\/03\/01\/le-poeme-du-dimanche-la-mort-du-poete-de-mikhail-lermontov\/\",\"name\":\"Le po\u00e8me du dimanche: \u2018\u2018La mort du po\u00e8te\u2019\u2019 de Mikha\u00efl Lermontov - Kapitalis\",\"isPartOf\":{\"@id\":\"https:\/\/kapitalis.com\/tunisie\/#website\"},\"primaryImageOfPage\":{\"@id\":\"https:\/\/kapitalis.com\/tunisie\/2020\/03\/01\/le-poeme-du-dimanche-la-mort-du-poete-de-mikhail-lermontov\/#primaryimage\"},\"image\":{\"@id\":\"https:\/\/kapitalis.com\/tunisie\/2020\/03\/01\/le-poeme-du-dimanche-la-mort-du-poete-de-mikhail-lermontov\/#primaryimage\"},\"thumbnailUrl\":\"\",\"datePublished\":\"2020-03-01T08:28:08+00:00\",\"dateModified\":\"2020-03-01T08:28:09+00:00\",\"breadcrumb\":{\"@id\":\"https:\/\/kapitalis.com\/tunisie\/2020\/03\/01\/le-poeme-du-dimanche-la-mort-du-poete-de-mikhail-lermontov\/#breadcrumb\"},\"inLanguage\":\"fr-FR\",\"potentialAction\":[{\"@type\":\"ReadAction\",\"target\":[\"https:\/\/kapitalis.com\/tunisie\/2020\/03\/01\/le-poeme-du-dimanche-la-mort-du-poete-de-mikhail-lermontov\/\"]}]},{\"@type\":\"ImageObject\",\"inLanguage\":\"fr-FR\",\"@id\":\"https:\/\/kapitalis.com\/tunisie\/2020\/03\/01\/le-poeme-du-dimanche-la-mort-du-poete-de-mikhail-lermontov\/#primaryimage\",\"url\":\"\",\"contentUrl\":\"\"},{\"@type\":\"BreadcrumbList\",\"@id\":\"https:\/\/kapitalis.com\/tunisie\/2020\/03\/01\/le-poeme-du-dimanche-la-mort-du-poete-de-mikhail-lermontov\/#breadcrumb\",\"itemListElement\":[{\"@type\":\"ListItem\",\"position\":1,\"name\":\"Accueil\",\"item\":\"https:\/\/kapitalis.com\/tunisie\/\"},{\"@type\":\"ListItem\",\"position\":2,\"name\":\"Le po\u00e8me du dimanche: \u2018\u2018La mort du po\u00e8te\u2019\u2019 de Mikha\u00efl Lermontov\"}]},{\"@type\":\"WebSite\",\"@id\":\"https:\/\/kapitalis.com\/tunisie\/#website\",\"url\":\"https:\/\/kapitalis.com\/tunisie\/\",\"name\":\"Kapitalis\",\"description\":\"L&#039;actualit\u00e9 en Tunisie et dans le monde\",\"publisher\":{\"@id\":\"https:\/\/kapitalis.com\/tunisie\/#organization\"},\"potentialAction\":[{\"@type\":\"SearchAction\",\"target\":{\"@type\":\"EntryPoint\",\"urlTemplate\":\"https:\/\/kapitalis.com\/tunisie\/?s={search_term_string}\"},\"query-input\":{\"@type\":\"PropertyValueSpecification\",\"valueRequired\":true,\"valueName\":\"search_term_string\"}}],\"inLanguage\":\"fr-FR\"},{\"@type\":\"Organization\",\"@id\":\"https:\/\/kapitalis.com\/tunisie\/#organization\",\"name\":\"Kapitalis\",\"url\":\"https:\/\/kapitalis.com\/tunisie\/\",\"logo\":{\"@type\":\"ImageObject\",\"inLanguage\":\"fr-FR\",\"@id\":\"https:\/\/kapitalis.com\/tunisie\/#\/schema\/logo\/image\/\",\"url\":\"https:\/\/kapitalis.com\/tunisie\/wp-content\/uploads\/2022\/05\/Kapitalis-big-size.png\",\"contentUrl\":\"https:\/\/kapitalis.com\/tunisie\/wp-content\/uploads\/2022\/05\/Kapitalis-big-size.png\",\"width\":5000,\"height\":1500,\"caption\":\"Kapitalis\"},\"image\":{\"@id\":\"https:\/\/kapitalis.com\/tunisie\/#\/schema\/logo\/image\/\"},\"sameAs\":[\"https:\/\/www.facebook.com\/KapitalisInfo\/\",\"https:\/\/x.com\/KapitalisInfo\",\"https:\/\/www.youtube.com\/channel\/UC-yDYrHyfFBWWZaOw3FPg9Q\"]},{\"@type\":\"Person\",\"@id\":\"https:\/\/kapitalis.com\/tunisie\/#\/schema\/person\/d71f33a9ca44f7bad4698210b480c8e9\",\"name\":\"webmaster kapitalis\",\"url\":\"https:\/\/kapitalis.com\/tunisie\/author\/webmaster-kapitalis\/\"}]}<\/script>\n<!-- \/ Yoast SEO plugin. -->","yoast_head_json":{"title":"Le po\u00e8me du dimanche: \u2018\u2018La mort du po\u00e8te\u2019\u2019 de Mikha\u00efl Lermontov - Kapitalis","robots":{"index":"index","follow":"follow","max-snippet":"max-snippet:-1","max-image-preview":"max-image-preview:large","max-video-preview":"max-video-preview:-1"},"canonical":"https:\/\/kapitalis.com\/tunisie\/2020\/03\/01\/le-poeme-du-dimanche-la-mort-du-poete-de-mikhail-lermontov\/","og_locale":"fr_FR","og_type":"article","og_title":"Le po\u00e8me du dimanche: \u2018\u2018La mort du po\u00e8te\u2019\u2019 de Mikha\u00efl Lermontov - Kapitalis","og_description":"N\u00e9 le 3 octobre 1814 \u00e0 Moscou et d\u00e9c\u00e9d\u00e9 le 15 juillet 1841 \u00e0 Piatigorsk, Mikha\u00efl Iourievitch Lermontov est un grand po\u00e8te russe, surnomm\u00e9 \u00abLe po\u00e8te du Caucase\u00bb. Ce po\u00e8me (traduit du russe par Jacques David) est consacr\u00e9 \u00e0 la fin tragique d\u2019un autre grand po\u00e8te russe, Alexandre Pouchkine, et sur le m\u00e9pris que lui...","og_url":"https:\/\/kapitalis.com\/tunisie\/2020\/03\/01\/le-poeme-du-dimanche-la-mort-du-poete-de-mikhail-lermontov\/","og_site_name":"Kapitalis","article_publisher":"https:\/\/www.facebook.com\/KapitalisInfo\/","article_published_time":"2020-03-01T08:28:08+00:00","article_modified_time":"2020-03-01T08:28:09+00:00","og_image":[{"width":1200,"height":630,"url":"https:\/\/kapitalis.com\/tunisie\/wp-content\/uploads\/2022\/05\/kapitalis-logo-fb.png","type":"image\/png"}],"author":"webmaster kapitalis","twitter_card":"summary_large_image","twitter_creator":"@KapitalisInfo","twitter_site":"@KapitalisInfo","twitter_misc":{"\u00c9crit par":"webmaster kapitalis","Dur\u00e9e de lecture estim\u00e9e":"5 minutes"},"schema":{"@context":"https:\/\/schema.org","@graph":[{"@type":"Article","@id":"https:\/\/kapitalis.com\/tunisie\/2020\/03\/01\/le-poeme-du-dimanche-la-mort-du-poete-de-mikhail-lermontov\/#article","isPartOf":{"@id":"https:\/\/kapitalis.com\/tunisie\/2020\/03\/01\/le-poeme-du-dimanche-la-mort-du-poete-de-mikhail-lermontov\/"},"author":{"name":"webmaster kapitalis","@id":"https:\/\/kapitalis.com\/tunisie\/#\/schema\/person\/d71f33a9ca44f7bad4698210b480c8e9"},"headline":"Le po\u00e8me du dimanche: \u2018\u2018La mort du po\u00e8te\u2019\u2019 de Mikha\u00efl Lermontov","datePublished":"2020-03-01T08:28:08+00:00","dateModified":"2020-03-01T08:28:09+00:00","mainEntityOfPage":{"@id":"https:\/\/kapitalis.com\/tunisie\/2020\/03\/01\/le-poeme-du-dimanche-la-mort-du-poete-de-mikhail-lermontov\/"},"wordCount":1098,"commentCount":0,"publisher":{"@id":"https:\/\/kapitalis.com\/tunisie\/#organization"},"image":{"@id":"https:\/\/kapitalis.com\/tunisie\/2020\/03\/01\/le-poeme-du-dimanche-la-mort-du-poete-de-mikhail-lermontov\/#primaryimage"},"thumbnailUrl":"","keywords":["Alexandre Pouchkine","Caucase","Mikha\u00efl Lermontov","Saint-P\u00e9tersbourg"],"articleSection":["A LA UNE","CULTURE"],"inLanguage":"fr-FR","potentialAction":[{"@type":"CommentAction","name":"Comment","target":["https:\/\/kapitalis.com\/tunisie\/2020\/03\/01\/le-poeme-du-dimanche-la-mort-du-poete-de-mikhail-lermontov\/#respond"]}]},{"@type":"WebPage","@id":"https:\/\/kapitalis.com\/tunisie\/2020\/03\/01\/le-poeme-du-dimanche-la-mort-du-poete-de-mikhail-lermontov\/","url":"https:\/\/kapitalis.com\/tunisie\/2020\/03\/01\/le-poeme-du-dimanche-la-mort-du-poete-de-mikhail-lermontov\/","name":"Le po\u00e8me du dimanche: \u2018\u2018La mort du po\u00e8te\u2019\u2019 de Mikha\u00efl Lermontov - Kapitalis","isPartOf":{"@id":"https:\/\/kapitalis.com\/tunisie\/#website"},"primaryImageOfPage":{"@id":"https:\/\/kapitalis.com\/tunisie\/2020\/03\/01\/le-poeme-du-dimanche-la-mort-du-poete-de-mikhail-lermontov\/#primaryimage"},"image":{"@id":"https:\/\/kapitalis.com\/tunisie\/2020\/03\/01\/le-poeme-du-dimanche-la-mort-du-poete-de-mikhail-lermontov\/#primaryimage"},"thumbnailUrl":"","datePublished":"2020-03-01T08:28:08+00:00","dateModified":"2020-03-01T08:28:09+00:00","breadcrumb":{"@id":"https:\/\/kapitalis.com\/tunisie\/2020\/03\/01\/le-poeme-du-dimanche-la-mort-du-poete-de-mikhail-lermontov\/#breadcrumb"},"inLanguage":"fr-FR","potentialAction":[{"@type":"ReadAction","target":["https:\/\/kapitalis.com\/tunisie\/2020\/03\/01\/le-poeme-du-dimanche-la-mort-du-poete-de-mikhail-lermontov\/"]}]},{"@type":"ImageObject","inLanguage":"fr-FR","@id":"https:\/\/kapitalis.com\/tunisie\/2020\/03\/01\/le-poeme-du-dimanche-la-mort-du-poete-de-mikhail-lermontov\/#primaryimage","url":"","contentUrl":""},{"@type":"BreadcrumbList","@id":"https:\/\/kapitalis.com\/tunisie\/2020\/03\/01\/le-poeme-du-dimanche-la-mort-du-poete-de-mikhail-lermontov\/#breadcrumb","itemListElement":[{"@type":"ListItem","position":1,"name":"Accueil","item":"https:\/\/kapitalis.com\/tunisie\/"},{"@type":"ListItem","position":2,"name":"Le po\u00e8me du dimanche: \u2018\u2018La mort du po\u00e8te\u2019\u2019 de Mikha\u00efl Lermontov"}]},{"@type":"WebSite","@id":"https:\/\/kapitalis.com\/tunisie\/#website","url":"https:\/\/kapitalis.com\/tunisie\/","name":"Kapitalis","description":"L&#039;actualit\u00e9 en Tunisie et dans le monde","publisher":{"@id":"https:\/\/kapitalis.com\/tunisie\/#organization"},"potentialAction":[{"@type":"SearchAction","target":{"@type":"EntryPoint","urlTemplate":"https:\/\/kapitalis.com\/tunisie\/?s={search_term_string}"},"query-input":{"@type":"PropertyValueSpecification","valueRequired":true,"valueName":"search_term_string"}}],"inLanguage":"fr-FR"},{"@type":"Organization","@id":"https:\/\/kapitalis.com\/tunisie\/#organization","name":"Kapitalis","url":"https:\/\/kapitalis.com\/tunisie\/","logo":{"@type":"ImageObject","inLanguage":"fr-FR","@id":"https:\/\/kapitalis.com\/tunisie\/#\/schema\/logo\/image\/","url":"https:\/\/kapitalis.com\/tunisie\/wp-content\/uploads\/2022\/05\/Kapitalis-big-size.png","contentUrl":"https:\/\/kapitalis.com\/tunisie\/wp-content\/uploads\/2022\/05\/Kapitalis-big-size.png","width":5000,"height":1500,"caption":"Kapitalis"},"image":{"@id":"https:\/\/kapitalis.com\/tunisie\/#\/schema\/logo\/image\/"},"sameAs":["https:\/\/www.facebook.com\/KapitalisInfo\/","https:\/\/x.com\/KapitalisInfo","https:\/\/www.youtube.com\/channel\/UC-yDYrHyfFBWWZaOw3FPg9Q"]},{"@type":"Person","@id":"https:\/\/kapitalis.com\/tunisie\/#\/schema\/person\/d71f33a9ca44f7bad4698210b480c8e9","name":"webmaster kapitalis","url":"https:\/\/kapitalis.com\/tunisie\/author\/webmaster-kapitalis\/"}]}},"_links":{"self":[{"href":"https:\/\/kapitalis.com\/tunisie\/wp-json\/wp\/v2\/posts\/284725","targetHints":{"allow":["GET"]}}],"collection":[{"href":"https:\/\/kapitalis.com\/tunisie\/wp-json\/wp\/v2\/posts"}],"about":[{"href":"https:\/\/kapitalis.com\/tunisie\/wp-json\/wp\/v2\/types\/post"}],"author":[{"embeddable":true,"href":"https:\/\/kapitalis.com\/tunisie\/wp-json\/wp\/v2\/users\/8"}],"replies":[{"embeddable":true,"href":"https:\/\/kapitalis.com\/tunisie\/wp-json\/wp\/v2\/comments?post=284725"}],"version-history":[{"count":0,"href":"https:\/\/kapitalis.com\/tunisie\/wp-json\/wp\/v2\/posts\/284725\/revisions"}],"wp:featuredmedia":[{"embeddable":true,"href":"https:\/\/kapitalis.com\/tunisie\/wp-json\/wp\/v2\/media\/284726"}],"wp:attachment":[{"href":"https:\/\/kapitalis.com\/tunisie\/wp-json\/wp\/v2\/media?parent=284725"}],"wp:term":[{"taxonomy":"category","embeddable":true,"href":"https:\/\/kapitalis.com\/tunisie\/wp-json\/wp\/v2\/categories?post=284725"},{"taxonomy":"post_tag","embeddable":true,"href":"https:\/\/kapitalis.com\/tunisie\/wp-json\/wp\/v2\/tags?post=284725"}],"curies":[{"name":"wp","href":"https:\/\/api.w.org\/{rel}","templated":true}]}}