{"id":284808,"date":"2020-03-02T10:40:39","date_gmt":"2020-03-02T09:40:39","guid":{"rendered":"http:\/\/kapitalis.com\/tunisie\/?p=284808"},"modified":"2020-03-02T10:40:41","modified_gmt":"2020-03-02T09:40:41","slug":"sousse-2020-les-etudes-majeures-de-developpement-urbain-bientot-lancees","status":"publish","type":"post","link":"https:\/\/kapitalis.com\/tunisie\/2020\/03\/02\/sousse-2020-les-etudes-majeures-de-developpement-urbain-bientot-lancees\/","title":{"rendered":"Sousse 2020 : les \u00e9tudes majeures de d\u00e9veloppement urbain bient\u00f4t lanc\u00e9es"},"content":{"rendered":"\n<figure class=\"wp-block-image size-large\"><img decoding=\"async\" src=\"http:\/\/kapitalis.com\/tunisie\/wp-content\/uploads\/2020\/03\/PDUI-Sousse.jpg\" alt=\"\" class=\"wp-image-284826\"\/><\/figure>\n\n\n\n<p><em><strong>L&rsquo;atelier de lancement des \u00e9tudes majeures du Programme de d\u00e9veloppement urbain int\u00e9gr\u00e9 (PDUI) 2020 de la ville de Sousse<\/strong> <strong>aura lieu \u00e0 Dar Echaraa, Driba, dans la M\u00e9dina de Sousse, le 3 mars 2020<\/strong>.<\/em><\/p>\n\n\n\n<!--more-->\n\n\n\n<p>L&rsquo;atelier sera compos\u00e9 de 2 \u00e9v\u00e9nements majeurs : le lancement de plusieurs \u00e9tudes de r\u00e9f\u00e9rence pour le devenir de l&rsquo;agglom\u00e9ration de Sousse, et la tenue du comit\u00e9 de pilotage 2020 du PDUI.<\/p>\n\n\n\n<p>Il est mis en oeuvre par un groupement compos\u00e9 d&rsquo;Urbaplan, Transitec, Planair, Inser et Sides, \u00e0 la suite d&rsquo;un appel d&rsquo;offres international. La 2e \u00e9dition du comit\u00e9 de pilotage est assur\u00e9 par le minist\u00e8re des Affaires locales et de l&rsquo;Environnement (MALE).<\/p>\n\n\n\n<p>Le PDUI articule les enjeux d\u2019am\u00e9nagement, de mobilit\u00e9 urbaine, de circulation et de gestion durable des \u00e9nergies, et s&rsquo;appuie sur des SIG (syst\u00e8mes d&rsquo;information g\u00e9ographique) novateurs. Il lance simultan\u00e9ment des \u00e9tudes d&rsquo;envergure sur des enjeux strat\u00e9giques de l&rsquo;agglom\u00e9ration de Sousse, et des <em>quick-wins<\/em> (actions concr\u00e8tes, f\u00e9d\u00e9ratrices \u00e0 forte visibilit\u00e9 et \u00e0 impacts rapides).<\/p>\n\n\n\n<p>Ces \u00e9tudes et <em>quick-wins<\/em> sont r\u00e9parties sur 4 composantes compl\u00e9mentaires, \u00e0 savoir l&rsquo;urbanisation, la mobilit\u00e9 urbaine, la gestion durable des \u00e9nergies, et les SIG.<\/p>\n\n\n\n<p>Lors de cette journ\u00e9e du 3 mars, plusieurs d\u00e9l\u00e9gations de haut niveau du MALE et du secr\u00e9tariat d&rsquo;Etat \u00e0 l&rsquo;Economie (Seco) du gouvernement suisse seront pr\u00e9sentes.<\/p>\n\n\n\n<p> B\u00e9n\u00e9ficiant d&rsquo;une subvention d&rsquo;environ 7 millions de dinars tunisiens (MDT) du gouvernement suisse (Seco), le PDUI d&rsquo;une dur\u00e9e de 3 ans (2018-2021) a pour ambition de f\u00e9d\u00e9rer tous les acteurs de l&rsquo;urbain, \u00e0 l&rsquo;\u00e9chelle d&rsquo;une agglom\u00e9ration tunisienne. <\/p>\n\n\n\n<p class=\"has-text-align-right\"><strong>A. M.  <\/strong><\/p>\n","protected":false},"excerpt":{"rendered":"<p>L&rsquo;atelier de lancement des \u00e9tudes majeures du Programme de d\u00e9veloppement urbain int\u00e9gr\u00e9 (PDUI) 2020 de la ville de Sousse aura lieu \u00e0 Dar Echaraa, Driba, dans la M\u00e9dina de Sousse, le 3 mars 2020.<\/p>\n","protected":false},"author":22,"featured_media":284826,"comment_status":"open","ping_status":"open","sticky":false,"template":"","format":"standard","meta":{"footnotes":""},"categories":[995,2433],"tags":[75724,75730,72681,75722,75729,6941,75731,75725,854,75728,75727],"class_list":["post-284808","post","type-post","status-publish","format-standard","has-post-thumbnail","hentry","category-economie","category-tunisie","tag-gouvernement-suisse","tag-inser","tag-ministere-des-affaires-locales-et-de-lenvironnement","tag-pdui","tag-planair","tag-seco","tag-sides","tag-sig","tag-sousse","tag-transitec","tag-urbaplan"],"yoast_head":"<!-- This site is optimized with the Yoast SEO plugin v26.6 - https:\/\/yoast.com\/wordpress\/plugins\/seo\/ -->\n<title>Sousse 2020 : les \u00e9tudes majeures de d\u00e9veloppement urbain bient\u00f4t lanc\u00e9es - Kapitalis<\/title>\n<meta name=\"robots\" content=\"index, follow, max-snippet:-1, max-image-preview:large, max-video-preview:-1\" \/>\n<link rel=\"canonical\" href=\"https:\/\/kapitalis.com\/tunisie\/2020\/03\/02\/sousse-2020-les-etudes-majeures-de-developpement-urbain-bientot-lancees\/\" \/>\n<meta property=\"og:locale\" content=\"fr_FR\" \/>\n<meta property=\"og:type\" content=\"article\" \/>\n<meta property=\"og:title\" content=\"Sousse 2020 : les \u00e9tudes majeures de d\u00e9veloppement urbain bient\u00f4t lanc\u00e9es - Kapitalis\" \/>\n<meta property=\"og:description\" content=\"L&rsquo;atelier de lancement des \u00e9tudes majeures du Programme de d\u00e9veloppement urbain int\u00e9gr\u00e9 (PDUI) 2020 de la ville de Sousse aura lieu \u00e0 Dar Echaraa, Driba, dans la M\u00e9dina de Sousse, le 3 mars 2020.\" \/>\n<meta property=\"og:url\" content=\"https:\/\/kapitalis.com\/tunisie\/2020\/03\/02\/sousse-2020-les-etudes-majeures-de-developpement-urbain-bientot-lancees\/\" \/>\n<meta property=\"og:site_name\" content=\"Kapitalis\" \/>\n<meta property=\"article:publisher\" content=\"https:\/\/www.facebook.com\/KapitalisInfo\/\" \/>\n<meta property=\"article:published_time\" content=\"2020-03-02T09:40:39+00:00\" \/>\n<meta property=\"article:modified_time\" content=\"2020-03-02T09:40:41+00:00\" \/>\n<meta property=\"og:image\" content=\"https:\/\/kapitalis.com\/tunisie\/wp-content\/uploads\/2022\/05\/kapitalis-logo-fb.png\" \/>\n\t<meta property=\"og:image:width\" content=\"1200\" \/>\n\t<meta property=\"og:image:height\" content=\"630\" \/>\n\t<meta property=\"og:image:type\" content=\"image\/png\" \/>\n<meta name=\"author\" content=\"Amina Mkada\" \/>\n<meta name=\"twitter:card\" content=\"summary_large_image\" \/>\n<meta name=\"twitter:creator\" content=\"@KapitalisInfo\" \/>\n<meta name=\"twitter:site\" content=\"@KapitalisInfo\" \/>\n<meta name=\"twitter:label1\" content=\"\u00c9crit par\" \/>\n\t<meta name=\"twitter:data1\" content=\"Amina Mkada\" \/>\n\t<meta name=\"twitter:label2\" content=\"Dur\u00e9e de lecture estim\u00e9e\" \/>\n\t<meta name=\"twitter:data2\" content=\"1 minute\" \/>\n<script type=\"application\/ld+json\" class=\"yoast-schema-graph\">{\"@context\":\"https:\/\/schema.org\",\"@graph\":[{\"@type\":\"Article\",\"@id\":\"https:\/\/kapitalis.com\/tunisie\/2020\/03\/02\/sousse-2020-les-etudes-majeures-de-developpement-urbain-bientot-lancees\/#article\",\"isPartOf\":{\"@id\":\"https:\/\/kapitalis.com\/tunisie\/2020\/03\/02\/sousse-2020-les-etudes-majeures-de-developpement-urbain-bientot-lancees\/\"},\"author\":{\"name\":\"Amina Mkada\",\"@id\":\"https:\/\/kapitalis.com\/tunisie\/#\/schema\/person\/093913313d3017554cb3ad077fff3fbd\"},\"headline\":\"Sousse 2020 : les \u00e9tudes majeures de d\u00e9veloppement urbain bient\u00f4t lanc\u00e9es\",\"datePublished\":\"2020-03-02T09:40:39+00:00\",\"dateModified\":\"2020-03-02T09:40:41+00:00\",\"mainEntityOfPage\":{\"@id\":\"https:\/\/kapitalis.com\/tunisie\/2020\/03\/02\/sousse-2020-les-etudes-majeures-de-developpement-urbain-bientot-lancees\/\"},\"wordCount\":276,\"commentCount\":0,\"publisher\":{\"@id\":\"https:\/\/kapitalis.com\/tunisie\/#organization\"},\"image\":{\"@id\":\"https:\/\/kapitalis.com\/tunisie\/2020\/03\/02\/sousse-2020-les-etudes-majeures-de-developpement-urbain-bientot-lancees\/#primaryimage\"},\"thumbnailUrl\":\"\",\"keywords\":[\"gouvernement suisse\",\"Inser\",\"minist\u00e8re des affaires locales et de lenvironnement\",\"PDUI\",\"Planair\",\"Seco\",\"Sides\",\"SIG\",\"Sousse\",\"Transitec\",\"Urbaplan\"],\"articleSection\":[\"ECONOMIE\",\"Tunisie\"],\"inLanguage\":\"fr-FR\",\"potentialAction\":[{\"@type\":\"CommentAction\",\"name\":\"Comment\",\"target\":[\"https:\/\/kapitalis.com\/tunisie\/2020\/03\/02\/sousse-2020-les-etudes-majeures-de-developpement-urbain-bientot-lancees\/#respond\"]}]},{\"@type\":\"WebPage\",\"@id\":\"https:\/\/kapitalis.com\/tunisie\/2020\/03\/02\/sousse-2020-les-etudes-majeures-de-developpement-urbain-bientot-lancees\/\",\"url\":\"https:\/\/kapitalis.com\/tunisie\/2020\/03\/02\/sousse-2020-les-etudes-majeures-de-developpement-urbain-bientot-lancees\/\",\"name\":\"Sousse 2020 : les \u00e9tudes majeures de d\u00e9veloppement urbain bient\u00f4t lanc\u00e9es - Kapitalis\",\"isPartOf\":{\"@id\":\"https:\/\/kapitalis.com\/tunisie\/#website\"},\"primaryImageOfPage\":{\"@id\":\"https:\/\/kapitalis.com\/tunisie\/2020\/03\/02\/sousse-2020-les-etudes-majeures-de-developpement-urbain-bientot-lancees\/#primaryimage\"},\"image\":{\"@id\":\"https:\/\/kapitalis.com\/tunisie\/2020\/03\/02\/sousse-2020-les-etudes-majeures-de-developpement-urbain-bientot-lancees\/#primaryimage\"},\"thumbnailUrl\":\"\",\"datePublished\":\"2020-03-02T09:40:39+00:00\",\"dateModified\":\"2020-03-02T09:40:41+00:00\",\"breadcrumb\":{\"@id\":\"https:\/\/kapitalis.com\/tunisie\/2020\/03\/02\/sousse-2020-les-etudes-majeures-de-developpement-urbain-bientot-lancees\/#breadcrumb\"},\"inLanguage\":\"fr-FR\",\"potentialAction\":[{\"@type\":\"ReadAction\",\"target\":[\"https:\/\/kapitalis.com\/tunisie\/2020\/03\/02\/sousse-2020-les-etudes-majeures-de-developpement-urbain-bientot-lancees\/\"]}]},{\"@type\":\"ImageObject\",\"inLanguage\":\"fr-FR\",\"@id\":\"https:\/\/kapitalis.com\/tunisie\/2020\/03\/02\/sousse-2020-les-etudes-majeures-de-developpement-urbain-bientot-lancees\/#primaryimage\",\"url\":\"\",\"contentUrl\":\"\"},{\"@type\":\"BreadcrumbList\",\"@id\":\"https:\/\/kapitalis.com\/tunisie\/2020\/03\/02\/sousse-2020-les-etudes-majeures-de-developpement-urbain-bientot-lancees\/#breadcrumb\",\"itemListElement\":[{\"@type\":\"ListItem\",\"position\":1,\"name\":\"Accueil\",\"item\":\"https:\/\/kapitalis.com\/tunisie\/\"},{\"@type\":\"ListItem\",\"position\":2,\"name\":\"Sousse 2020 : les \u00e9tudes majeures de d\u00e9veloppement urbain bient\u00f4t lanc\u00e9es\"}]},{\"@type\":\"WebSite\",\"@id\":\"https:\/\/kapitalis.com\/tunisie\/#website\",\"url\":\"https:\/\/kapitalis.com\/tunisie\/\",\"name\":\"Kapitalis\",\"description\":\"L&#039;actualit\u00e9 en Tunisie et dans le monde\",\"publisher\":{\"@id\":\"https:\/\/kapitalis.com\/tunisie\/#organization\"},\"potentialAction\":[{\"@type\":\"SearchAction\",\"target\":{\"@type\":\"EntryPoint\",\"urlTemplate\":\"https:\/\/kapitalis.com\/tunisie\/?s={search_term_string}\"},\"query-input\":{\"@type\":\"PropertyValueSpecification\",\"valueRequired\":true,\"valueName\":\"search_term_string\"}}],\"inLanguage\":\"fr-FR\"},{\"@type\":\"Organization\",\"@id\":\"https:\/\/kapitalis.com\/tunisie\/#organization\",\"name\":\"Kapitalis\",\"url\":\"https:\/\/kapitalis.com\/tunisie\/\",\"logo\":{\"@type\":\"ImageObject\",\"inLanguage\":\"fr-FR\",\"@id\":\"https:\/\/kapitalis.com\/tunisie\/#\/schema\/logo\/image\/\",\"url\":\"https:\/\/kapitalis.com\/tunisie\/wp-content\/uploads\/2022\/05\/Kapitalis-big-size.png\",\"contentUrl\":\"https:\/\/kapitalis.com\/tunisie\/wp-content\/uploads\/2022\/05\/Kapitalis-big-size.png\",\"width\":5000,\"height\":1500,\"caption\":\"Kapitalis\"},\"image\":{\"@id\":\"https:\/\/kapitalis.com\/tunisie\/#\/schema\/logo\/image\/\"},\"sameAs\":[\"https:\/\/www.facebook.com\/KapitalisInfo\/\",\"https:\/\/x.com\/KapitalisInfo\",\"https:\/\/www.youtube.com\/channel\/UC-yDYrHyfFBWWZaOw3FPg9Q\"]},{\"@type\":\"Person\",\"@id\":\"https:\/\/kapitalis.com\/tunisie\/#\/schema\/person\/093913313d3017554cb3ad077fff3fbd\",\"name\":\"Amina Mkada\",\"url\":\"https:\/\/kapitalis.com\/tunisie\/author\/amina\/\"}]}<\/script>\n<!-- \/ Yoast SEO plugin. -->","yoast_head_json":{"title":"Sousse 2020 : les \u00e9tudes majeures de d\u00e9veloppement urbain bient\u00f4t lanc\u00e9es - Kapitalis","robots":{"index":"index","follow":"follow","max-snippet":"max-snippet:-1","max-image-preview":"max-image-preview:large","max-video-preview":"max-video-preview:-1"},"canonical":"https:\/\/kapitalis.com\/tunisie\/2020\/03\/02\/sousse-2020-les-etudes-majeures-de-developpement-urbain-bientot-lancees\/","og_locale":"fr_FR","og_type":"article","og_title":"Sousse 2020 : les \u00e9tudes majeures de d\u00e9veloppement urbain bient\u00f4t lanc\u00e9es - Kapitalis","og_description":"L&rsquo;atelier de lancement des \u00e9tudes majeures du Programme de d\u00e9veloppement urbain int\u00e9gr\u00e9 (PDUI) 2020 de la ville de Sousse aura lieu \u00e0 Dar Echaraa, Driba, dans la M\u00e9dina de Sousse, le 3 mars 2020.","og_url":"https:\/\/kapitalis.com\/tunisie\/2020\/03\/02\/sousse-2020-les-etudes-majeures-de-developpement-urbain-bientot-lancees\/","og_site_name":"Kapitalis","article_publisher":"https:\/\/www.facebook.com\/KapitalisInfo\/","article_published_time":"2020-03-02T09:40:39+00:00","article_modified_time":"2020-03-02T09:40:41+00:00","og_image":[{"width":1200,"height":630,"url":"https:\/\/kapitalis.com\/tunisie\/wp-content\/uploads\/2022\/05\/kapitalis-logo-fb.png","type":"image\/png"}],"author":"Amina Mkada","twitter_card":"summary_large_image","twitter_creator":"@KapitalisInfo","twitter_site":"@KapitalisInfo","twitter_misc":{"\u00c9crit par":"Amina Mkada","Dur\u00e9e de lecture estim\u00e9e":"1 minute"},"schema":{"@context":"https:\/\/schema.org","@graph":[{"@type":"Article","@id":"https:\/\/kapitalis.com\/tunisie\/2020\/03\/02\/sousse-2020-les-etudes-majeures-de-developpement-urbain-bientot-lancees\/#article","isPartOf":{"@id":"https:\/\/kapitalis.com\/tunisie\/2020\/03\/02\/sousse-2020-les-etudes-majeures-de-developpement-urbain-bientot-lancees\/"},"author":{"name":"Amina Mkada","@id":"https:\/\/kapitalis.com\/tunisie\/#\/schema\/person\/093913313d3017554cb3ad077fff3fbd"},"headline":"Sousse 2020 : les \u00e9tudes majeures de d\u00e9veloppement urbain bient\u00f4t lanc\u00e9es","datePublished":"2020-03-02T09:40:39+00:00","dateModified":"2020-03-02T09:40:41+00:00","mainEntityOfPage":{"@id":"https:\/\/kapitalis.com\/tunisie\/2020\/03\/02\/sousse-2020-les-etudes-majeures-de-developpement-urbain-bientot-lancees\/"},"wordCount":276,"commentCount":0,"publisher":{"@id":"https:\/\/kapitalis.com\/tunisie\/#organization"},"image":{"@id":"https:\/\/kapitalis.com\/tunisie\/2020\/03\/02\/sousse-2020-les-etudes-majeures-de-developpement-urbain-bientot-lancees\/#primaryimage"},"thumbnailUrl":"","keywords":["gouvernement suisse","Inser","minist\u00e8re des affaires locales et de lenvironnement","PDUI","Planair","Seco","Sides","SIG","Sousse","Transitec","Urbaplan"],"articleSection":["ECONOMIE","Tunisie"],"inLanguage":"fr-FR","potentialAction":[{"@type":"CommentAction","name":"Comment","target":["https:\/\/kapitalis.com\/tunisie\/2020\/03\/02\/sousse-2020-les-etudes-majeures-de-developpement-urbain-bientot-lancees\/#respond"]}]},{"@type":"WebPage","@id":"https:\/\/kapitalis.com\/tunisie\/2020\/03\/02\/sousse-2020-les-etudes-majeures-de-developpement-urbain-bientot-lancees\/","url":"https:\/\/kapitalis.com\/tunisie\/2020\/03\/02\/sousse-2020-les-etudes-majeures-de-developpement-urbain-bientot-lancees\/","name":"Sousse 2020 : les \u00e9tudes majeures de d\u00e9veloppement urbain bient\u00f4t lanc\u00e9es - Kapitalis","isPartOf":{"@id":"https:\/\/kapitalis.com\/tunisie\/#website"},"primaryImageOfPage":{"@id":"https:\/\/kapitalis.com\/tunisie\/2020\/03\/02\/sousse-2020-les-etudes-majeures-de-developpement-urbain-bientot-lancees\/#primaryimage"},"image":{"@id":"https:\/\/kapitalis.com\/tunisie\/2020\/03\/02\/sousse-2020-les-etudes-majeures-de-developpement-urbain-bientot-lancees\/#primaryimage"},"thumbnailUrl":"","datePublished":"2020-03-02T09:40:39+00:00","dateModified":"2020-03-02T09:40:41+00:00","breadcrumb":{"@id":"https:\/\/kapitalis.com\/tunisie\/2020\/03\/02\/sousse-2020-les-etudes-majeures-de-developpement-urbain-bientot-lancees\/#breadcrumb"},"inLanguage":"fr-FR","potentialAction":[{"@type":"ReadAction","target":["https:\/\/kapitalis.com\/tunisie\/2020\/03\/02\/sousse-2020-les-etudes-majeures-de-developpement-urbain-bientot-lancees\/"]}]},{"@type":"ImageObject","inLanguage":"fr-FR","@id":"https:\/\/kapitalis.com\/tunisie\/2020\/03\/02\/sousse-2020-les-etudes-majeures-de-developpement-urbain-bientot-lancees\/#primaryimage","url":"","contentUrl":""},{"@type":"BreadcrumbList","@id":"https:\/\/kapitalis.com\/tunisie\/2020\/03\/02\/sousse-2020-les-etudes-majeures-de-developpement-urbain-bientot-lancees\/#breadcrumb","itemListElement":[{"@type":"ListItem","position":1,"name":"Accueil","item":"https:\/\/kapitalis.com\/tunisie\/"},{"@type":"ListItem","position":2,"name":"Sousse 2020 : les \u00e9tudes majeures de d\u00e9veloppement urbain bient\u00f4t lanc\u00e9es"}]},{"@type":"WebSite","@id":"https:\/\/kapitalis.com\/tunisie\/#website","url":"https:\/\/kapitalis.com\/tunisie\/","name":"Kapitalis","description":"L&#039;actualit\u00e9 en Tunisie et dans le monde","publisher":{"@id":"https:\/\/kapitalis.com\/tunisie\/#organization"},"potentialAction":[{"@type":"SearchAction","target":{"@type":"EntryPoint","urlTemplate":"https:\/\/kapitalis.com\/tunisie\/?s={search_term_string}"},"query-input":{"@type":"PropertyValueSpecification","valueRequired":true,"valueName":"search_term_string"}}],"inLanguage":"fr-FR"},{"@type":"Organization","@id":"https:\/\/kapitalis.com\/tunisie\/#organization","name":"Kapitalis","url":"https:\/\/kapitalis.com\/tunisie\/","logo":{"@type":"ImageObject","inLanguage":"fr-FR","@id":"https:\/\/kapitalis.com\/tunisie\/#\/schema\/logo\/image\/","url":"https:\/\/kapitalis.com\/tunisie\/wp-content\/uploads\/2022\/05\/Kapitalis-big-size.png","contentUrl":"https:\/\/kapitalis.com\/tunisie\/wp-content\/uploads\/2022\/05\/Kapitalis-big-size.png","width":5000,"height":1500,"caption":"Kapitalis"},"image":{"@id":"https:\/\/kapitalis.com\/tunisie\/#\/schema\/logo\/image\/"},"sameAs":["https:\/\/www.facebook.com\/KapitalisInfo\/","https:\/\/x.com\/KapitalisInfo","https:\/\/www.youtube.com\/channel\/UC-yDYrHyfFBWWZaOw3FPg9Q"]},{"@type":"Person","@id":"https:\/\/kapitalis.com\/tunisie\/#\/schema\/person\/093913313d3017554cb3ad077fff3fbd","name":"Amina Mkada","url":"https:\/\/kapitalis.com\/tunisie\/author\/amina\/"}]}},"_links":{"self":[{"href":"https:\/\/kapitalis.com\/tunisie\/wp-json\/wp\/v2\/posts\/284808","targetHints":{"allow":["GET"]}}],"collection":[{"href":"https:\/\/kapitalis.com\/tunisie\/wp-json\/wp\/v2\/posts"}],"about":[{"href":"https:\/\/kapitalis.com\/tunisie\/wp-json\/wp\/v2\/types\/post"}],"author":[{"embeddable":true,"href":"https:\/\/kapitalis.com\/tunisie\/wp-json\/wp\/v2\/users\/22"}],"replies":[{"embeddable":true,"href":"https:\/\/kapitalis.com\/tunisie\/wp-json\/wp\/v2\/comments?post=284808"}],"version-history":[{"count":0,"href":"https:\/\/kapitalis.com\/tunisie\/wp-json\/wp\/v2\/posts\/284808\/revisions"}],"wp:featuredmedia":[{"embeddable":true,"href":"https:\/\/kapitalis.com\/tunisie\/wp-json\/wp\/v2\/media\/284826"}],"wp:attachment":[{"href":"https:\/\/kapitalis.com\/tunisie\/wp-json\/wp\/v2\/media?parent=284808"}],"wp:term":[{"taxonomy":"category","embeddable":true,"href":"https:\/\/kapitalis.com\/tunisie\/wp-json\/wp\/v2\/categories?post=284808"},{"taxonomy":"post_tag","embeddable":true,"href":"https:\/\/kapitalis.com\/tunisie\/wp-json\/wp\/v2\/tags?post=284808"}],"curies":[{"name":"wp","href":"https:\/\/api.w.org\/{rel}","templated":true}]}}