{"id":284934,"date":"2020-03-02T13:13:55","date_gmt":"2020-03-02T12:13:55","guid":{"rendered":"http:\/\/kapitalis.com\/tunisie\/?p=284934"},"modified":"2020-03-02T14:16:58","modified_gmt":"2020-03-02T13:16:58","slug":"sousse-destruction-de-tombes-au-cimetiere-israelite","status":"publish","type":"post","link":"https:\/\/kapitalis.com\/tunisie\/2020\/03\/02\/sousse-destruction-de-tombes-au-cimetiere-israelite\/","title":{"rendered":"Sousse : Destruction de tombes au cimeti\u00e8re isra\u00e9lite"},"content":{"rendered":"\n<figure class=\"wp-block-image size-large\"><img decoding=\"async\" src=\"http:\/\/kapitalis.com\/tunisie\/wp-content\/uploads\/2020\/03\/cimeti\u00e8re-isra\u00e9lite.jpg\" alt=\"\" class=\"wp-image-284948\"\/><\/figure>\n\n\n\n<p><strong><em>L&rsquo;avocat tunisien de confession juive, Yves Kamhi, a d\u00e9plor\u00e9 hier, 1er mars 2020, via un post facebook, la profanation des tombes du cimeti\u00e8re isra\u00e9lite de Sousse, tout en publiant plusieurs photos montrant les d\u00e9g\u00e2ts qui leur ont \u00e9t\u00e9 apport\u00e9s.<\/em><\/strong><\/p>\n\n\n\n<!--more-->\n\n\n\n<p>\u00ab<em>Apr\u00e8s chaque d\u00e9c\u00e8s, on ressent l\u2019amertume du d\u00e9part et \u00e9galement l\u2019amertume de la destruction des tombes de nos parents. Qu\u2019ont-ils fait pour qu\u2019on marchande avec leur sommeil \u00e9ternel ?<\/em>\u00bb, s&rsquo;est-il indign\u00e9, tout en comparant ces actes barbares \u00e0 la sorcellerie et au commerce de marbre.&nbsp;<\/p>\n\n\n\n<figure class=\"wp-block-gallery columns-3 is-cropped wp-block-gallery-1 is-layout-flex wp-block-gallery-is-layout-flex\"><ul class=\"blocks-gallery-grid\"><li class=\"blocks-gallery-item\"><figure><img decoding=\"async\" src=\"http:\/\/kapitalis.com\/tunisie\/wp-content\/uploads\/2020\/03\/cimeti\u00e8re-isra\u00e9lite-10.jpg\" alt=\"\" data-id=\"284949\" data-full-url=\"http:\/\/kapitalis.com\/tunisie\/wp-content\/uploads\/2020\/03\/cimeti\u00e8re-isra\u00e9lite-10.jpg\" data-link=\"http:\/\/kapitalis.com\/tunisie\/?attachment_id=284949\" class=\"wp-image-284949\"\/><\/figure><\/li><li class=\"blocks-gallery-item\"><figure><img decoding=\"async\" src=\"http:\/\/kapitalis.com\/tunisie\/wp-content\/uploads\/2020\/03\/cimeti\u00e8re-isra\u00e9lite-9.jpg\" alt=\"\" data-id=\"284950\" data-full-url=\"http:\/\/kapitalis.com\/tunisie\/wp-content\/uploads\/2020\/03\/cimeti\u00e8re-isra\u00e9lite-9.jpg\" data-link=\"http:\/\/kapitalis.com\/tunisie\/?attachment_id=284950\" class=\"wp-image-284950\"\/><\/figure><\/li><li class=\"blocks-gallery-item\"><figure><img decoding=\"async\" src=\"http:\/\/kapitalis.com\/tunisie\/wp-content\/uploads\/2020\/03\/cimeti\u00e8re-isra\u00e9lite-5.jpg\" alt=\"\" data-id=\"284953\" data-full-url=\"http:\/\/kapitalis.com\/tunisie\/wp-content\/uploads\/2020\/03\/cimeti\u00e8re-isra\u00e9lite-5.jpg\" data-link=\"http:\/\/kapitalis.com\/tunisie\/?attachment_id=284953\" class=\"wp-image-284953\"\/><\/figure><\/li><li class=\"blocks-gallery-item\"><figure><img decoding=\"async\" src=\"http:\/\/kapitalis.com\/tunisie\/wp-content\/uploads\/2020\/03\/cimeti\u00e8re-isra\u00e9lite-3.jpg\" alt=\"\" data-id=\"284955\" data-full-url=\"http:\/\/kapitalis.com\/tunisie\/wp-content\/uploads\/2020\/03\/cimeti\u00e8re-isra\u00e9lite-3.jpg\" data-link=\"http:\/\/kapitalis.com\/tunisie\/?attachment_id=284955\" class=\"wp-image-284955\"\/><\/figure><\/li><li class=\"blocks-gallery-item\"><figure><img decoding=\"async\" src=\"http:\/\/kapitalis.com\/tunisie\/wp-content\/uploads\/2020\/03\/cimeti\u00e8re-isra\u00e9lite-2.jpg\" alt=\"\" data-id=\"284956\" data-full-url=\"http:\/\/kapitalis.com\/tunisie\/wp-content\/uploads\/2020\/03\/cimeti\u00e8re-isra\u00e9lite-2.jpg\" data-link=\"http:\/\/kapitalis.com\/tunisie\/?attachment_id=284956\" class=\"wp-image-284956\"\/><\/figure><\/li><\/ul><\/figure>\n\n\n\n<p>Mais ces actes refl\u00e8tent surtout, du moins chez certains, une hostilit\u00e9 raciste chez beaucoup de Tunisiens de confession musulmane envers tout ce qui se rapporte aux juifs ou aux fid\u00e8les des autres religions.<\/p>\n\n\n\n<p class=\"has-text-align-right\"><strong>C. B. Y.<\/strong><\/p>\n","protected":false},"excerpt":{"rendered":"<p>L&rsquo;avocat tunisien de confession juive, Yves Kamhi, a d\u00e9plor\u00e9 hier, 1er mars 2020, via un post facebook, la profanation des tombes du cimeti\u00e8re isra\u00e9lite de Sousse, tout en publiant plusieurs photos montrant les d\u00e9g\u00e2ts qui leur ont \u00e9t\u00e9 apport\u00e9s.<\/p>\n","protected":false},"author":24,"featured_media":284948,"comment_status":"open","ping_status":"open","sticky":false,"template":"","format":"standard","meta":{"footnotes":""},"categories":[998,2433],"tags":[75743,75744],"class_list":["post-284934","post","type-post","status-publish","format-standard","has-post-thumbnail","hentry","category-societe","category-tunisie","tag-cimetiere-israelite","tag-yves-kamhi"],"yoast_head":"<!-- This site is optimized with the Yoast SEO plugin v26.6 - https:\/\/yoast.com\/wordpress\/plugins\/seo\/ -->\n<title>Sousse : Destruction de tombes au cimeti\u00e8re isra\u00e9lite - Kapitalis<\/title>\n<meta name=\"robots\" content=\"index, follow, max-snippet:-1, max-image-preview:large, max-video-preview:-1\" \/>\n<link rel=\"canonical\" href=\"https:\/\/kapitalis.com\/tunisie\/2020\/03\/02\/sousse-destruction-de-tombes-au-cimetiere-israelite\/\" \/>\n<meta property=\"og:locale\" content=\"fr_FR\" \/>\n<meta property=\"og:type\" content=\"article\" \/>\n<meta property=\"og:title\" content=\"Sousse : Destruction de tombes au cimeti\u00e8re isra\u00e9lite - Kapitalis\" \/>\n<meta property=\"og:description\" content=\"L&rsquo;avocat tunisien de confession juive, Yves Kamhi, a d\u00e9plor\u00e9 hier, 1er mars 2020, via un post facebook, la profanation des tombes du cimeti\u00e8re isra\u00e9lite de Sousse, tout en publiant plusieurs photos montrant les d\u00e9g\u00e2ts qui leur ont \u00e9t\u00e9 apport\u00e9s.\" \/>\n<meta property=\"og:url\" content=\"https:\/\/kapitalis.com\/tunisie\/2020\/03\/02\/sousse-destruction-de-tombes-au-cimetiere-israelite\/\" \/>\n<meta property=\"og:site_name\" content=\"Kapitalis\" \/>\n<meta property=\"article:publisher\" content=\"https:\/\/www.facebook.com\/KapitalisInfo\/\" \/>\n<meta property=\"article:published_time\" content=\"2020-03-02T12:13:55+00:00\" \/>\n<meta property=\"article:modified_time\" content=\"2020-03-02T13:16:58+00:00\" \/>\n<meta property=\"og:image\" content=\"https:\/\/kapitalis.com\/tunisie\/wp-content\/uploads\/2022\/05\/kapitalis-logo-fb.png\" \/>\n\t<meta property=\"og:image:width\" content=\"1200\" \/>\n\t<meta property=\"og:image:height\" content=\"630\" \/>\n\t<meta property=\"og:image:type\" content=\"image\/png\" \/>\n<meta name=\"author\" content=\"Cherif Benyounes\" \/>\n<meta name=\"twitter:card\" content=\"summary_large_image\" \/>\n<meta name=\"twitter:creator\" content=\"@KapitalisInfo\" \/>\n<meta name=\"twitter:site\" content=\"@KapitalisInfo\" \/>\n<meta name=\"twitter:label1\" content=\"\u00c9crit par\" \/>\n\t<meta name=\"twitter:data1\" content=\"Cherif Benyounes\" \/>\n\t<meta name=\"twitter:label2\" content=\"Dur\u00e9e de lecture estim\u00e9e\" \/>\n\t<meta name=\"twitter:data2\" content=\"1 minute\" \/>\n<script type=\"application\/ld+json\" class=\"yoast-schema-graph\">{\"@context\":\"https:\/\/schema.org\",\"@graph\":[{\"@type\":\"Article\",\"@id\":\"https:\/\/kapitalis.com\/tunisie\/2020\/03\/02\/sousse-destruction-de-tombes-au-cimetiere-israelite\/#article\",\"isPartOf\":{\"@id\":\"https:\/\/kapitalis.com\/tunisie\/2020\/03\/02\/sousse-destruction-de-tombes-au-cimetiere-israelite\/\"},\"author\":{\"name\":\"Cherif Benyounes\",\"@id\":\"https:\/\/kapitalis.com\/tunisie\/#\/schema\/person\/b35b8d631961131107263178aeb8019e\"},\"headline\":\"Sousse : Destruction de tombes au cimeti\u00e8re isra\u00e9lite\",\"datePublished\":\"2020-03-02T12:13:55+00:00\",\"dateModified\":\"2020-03-02T13:16:58+00:00\",\"mainEntityOfPage\":{\"@id\":\"https:\/\/kapitalis.com\/tunisie\/2020\/03\/02\/sousse-destruction-de-tombes-au-cimetiere-israelite\/\"},\"wordCount\":143,\"commentCount\":10,\"publisher\":{\"@id\":\"https:\/\/kapitalis.com\/tunisie\/#organization\"},\"image\":{\"@id\":\"https:\/\/kapitalis.com\/tunisie\/2020\/03\/02\/sousse-destruction-de-tombes-au-cimetiere-israelite\/#primaryimage\"},\"thumbnailUrl\":\"\",\"keywords\":[\"cimeti\u00e8re isra\u00e9lite\",\"Yves Kamhi\"],\"articleSection\":[\"SOCIETE\",\"Tunisie\"],\"inLanguage\":\"fr-FR\",\"potentialAction\":[{\"@type\":\"CommentAction\",\"name\":\"Comment\",\"target\":[\"https:\/\/kapitalis.com\/tunisie\/2020\/03\/02\/sousse-destruction-de-tombes-au-cimetiere-israelite\/#respond\"]}]},{\"@type\":\"WebPage\",\"@id\":\"https:\/\/kapitalis.com\/tunisie\/2020\/03\/02\/sousse-destruction-de-tombes-au-cimetiere-israelite\/\",\"url\":\"https:\/\/kapitalis.com\/tunisie\/2020\/03\/02\/sousse-destruction-de-tombes-au-cimetiere-israelite\/\",\"name\":\"Sousse : Destruction de tombes au cimeti\u00e8re isra\u00e9lite - Kapitalis\",\"isPartOf\":{\"@id\":\"https:\/\/kapitalis.com\/tunisie\/#website\"},\"primaryImageOfPage\":{\"@id\":\"https:\/\/kapitalis.com\/tunisie\/2020\/03\/02\/sousse-destruction-de-tombes-au-cimetiere-israelite\/#primaryimage\"},\"image\":{\"@id\":\"https:\/\/kapitalis.com\/tunisie\/2020\/03\/02\/sousse-destruction-de-tombes-au-cimetiere-israelite\/#primaryimage\"},\"thumbnailUrl\":\"\",\"datePublished\":\"2020-03-02T12:13:55+00:00\",\"dateModified\":\"2020-03-02T13:16:58+00:00\",\"breadcrumb\":{\"@id\":\"https:\/\/kapitalis.com\/tunisie\/2020\/03\/02\/sousse-destruction-de-tombes-au-cimetiere-israelite\/#breadcrumb\"},\"inLanguage\":\"fr-FR\",\"potentialAction\":[{\"@type\":\"ReadAction\",\"target\":[\"https:\/\/kapitalis.com\/tunisie\/2020\/03\/02\/sousse-destruction-de-tombes-au-cimetiere-israelite\/\"]}]},{\"@type\":\"ImageObject\",\"inLanguage\":\"fr-FR\",\"@id\":\"https:\/\/kapitalis.com\/tunisie\/2020\/03\/02\/sousse-destruction-de-tombes-au-cimetiere-israelite\/#primaryimage\",\"url\":\"\",\"contentUrl\":\"\"},{\"@type\":\"BreadcrumbList\",\"@id\":\"https:\/\/kapitalis.com\/tunisie\/2020\/03\/02\/sousse-destruction-de-tombes-au-cimetiere-israelite\/#breadcrumb\",\"itemListElement\":[{\"@type\":\"ListItem\",\"position\":1,\"name\":\"Accueil\",\"item\":\"https:\/\/kapitalis.com\/tunisie\/\"},{\"@type\":\"ListItem\",\"position\":2,\"name\":\"Sousse : Destruction de tombes au cimeti\u00e8re isra\u00e9lite\"}]},{\"@type\":\"WebSite\",\"@id\":\"https:\/\/kapitalis.com\/tunisie\/#website\",\"url\":\"https:\/\/kapitalis.com\/tunisie\/\",\"name\":\"Kapitalis\",\"description\":\"L&#039;actualit\u00e9 en Tunisie et dans le monde\",\"publisher\":{\"@id\":\"https:\/\/kapitalis.com\/tunisie\/#organization\"},\"potentialAction\":[{\"@type\":\"SearchAction\",\"target\":{\"@type\":\"EntryPoint\",\"urlTemplate\":\"https:\/\/kapitalis.com\/tunisie\/?s={search_term_string}\"},\"query-input\":{\"@type\":\"PropertyValueSpecification\",\"valueRequired\":true,\"valueName\":\"search_term_string\"}}],\"inLanguage\":\"fr-FR\"},{\"@type\":\"Organization\",\"@id\":\"https:\/\/kapitalis.com\/tunisie\/#organization\",\"name\":\"Kapitalis\",\"url\":\"https:\/\/kapitalis.com\/tunisie\/\",\"logo\":{\"@type\":\"ImageObject\",\"inLanguage\":\"fr-FR\",\"@id\":\"https:\/\/kapitalis.com\/tunisie\/#\/schema\/logo\/image\/\",\"url\":\"https:\/\/kapitalis.com\/tunisie\/wp-content\/uploads\/2022\/05\/Kapitalis-big-size.png\",\"contentUrl\":\"https:\/\/kapitalis.com\/tunisie\/wp-content\/uploads\/2022\/05\/Kapitalis-big-size.png\",\"width\":5000,\"height\":1500,\"caption\":\"Kapitalis\"},\"image\":{\"@id\":\"https:\/\/kapitalis.com\/tunisie\/#\/schema\/logo\/image\/\"},\"sameAs\":[\"https:\/\/www.facebook.com\/KapitalisInfo\/\",\"https:\/\/x.com\/KapitalisInfo\",\"https:\/\/www.youtube.com\/channel\/UC-yDYrHyfFBWWZaOw3FPg9Q\"]},{\"@type\":\"Person\",\"@id\":\"https:\/\/kapitalis.com\/tunisie\/#\/schema\/person\/b35b8d631961131107263178aeb8019e\",\"name\":\"Cherif Benyounes\",\"url\":\"https:\/\/kapitalis.com\/tunisie\/author\/cherif\/\"}]}<\/script>\n<!-- \/ Yoast SEO plugin. -->","yoast_head_json":{"title":"Sousse : Destruction de tombes au cimeti\u00e8re isra\u00e9lite - Kapitalis","robots":{"index":"index","follow":"follow","max-snippet":"max-snippet:-1","max-image-preview":"max-image-preview:large","max-video-preview":"max-video-preview:-1"},"canonical":"https:\/\/kapitalis.com\/tunisie\/2020\/03\/02\/sousse-destruction-de-tombes-au-cimetiere-israelite\/","og_locale":"fr_FR","og_type":"article","og_title":"Sousse : Destruction de tombes au cimeti\u00e8re isra\u00e9lite - Kapitalis","og_description":"L&rsquo;avocat tunisien de confession juive, Yves Kamhi, a d\u00e9plor\u00e9 hier, 1er mars 2020, via un post facebook, la profanation des tombes du cimeti\u00e8re isra\u00e9lite de Sousse, tout en publiant plusieurs photos montrant les d\u00e9g\u00e2ts qui leur ont \u00e9t\u00e9 apport\u00e9s.","og_url":"https:\/\/kapitalis.com\/tunisie\/2020\/03\/02\/sousse-destruction-de-tombes-au-cimetiere-israelite\/","og_site_name":"Kapitalis","article_publisher":"https:\/\/www.facebook.com\/KapitalisInfo\/","article_published_time":"2020-03-02T12:13:55+00:00","article_modified_time":"2020-03-02T13:16:58+00:00","og_image":[{"width":1200,"height":630,"url":"https:\/\/kapitalis.com\/tunisie\/wp-content\/uploads\/2022\/05\/kapitalis-logo-fb.png","type":"image\/png"}],"author":"Cherif Benyounes","twitter_card":"summary_large_image","twitter_creator":"@KapitalisInfo","twitter_site":"@KapitalisInfo","twitter_misc":{"\u00c9crit par":"Cherif Benyounes","Dur\u00e9e de lecture estim\u00e9e":"1 minute"},"schema":{"@context":"https:\/\/schema.org","@graph":[{"@type":"Article","@id":"https:\/\/kapitalis.com\/tunisie\/2020\/03\/02\/sousse-destruction-de-tombes-au-cimetiere-israelite\/#article","isPartOf":{"@id":"https:\/\/kapitalis.com\/tunisie\/2020\/03\/02\/sousse-destruction-de-tombes-au-cimetiere-israelite\/"},"author":{"name":"Cherif Benyounes","@id":"https:\/\/kapitalis.com\/tunisie\/#\/schema\/person\/b35b8d631961131107263178aeb8019e"},"headline":"Sousse : Destruction de tombes au cimeti\u00e8re isra\u00e9lite","datePublished":"2020-03-02T12:13:55+00:00","dateModified":"2020-03-02T13:16:58+00:00","mainEntityOfPage":{"@id":"https:\/\/kapitalis.com\/tunisie\/2020\/03\/02\/sousse-destruction-de-tombes-au-cimetiere-israelite\/"},"wordCount":143,"commentCount":10,"publisher":{"@id":"https:\/\/kapitalis.com\/tunisie\/#organization"},"image":{"@id":"https:\/\/kapitalis.com\/tunisie\/2020\/03\/02\/sousse-destruction-de-tombes-au-cimetiere-israelite\/#primaryimage"},"thumbnailUrl":"","keywords":["cimeti\u00e8re isra\u00e9lite","Yves Kamhi"],"articleSection":["SOCIETE","Tunisie"],"inLanguage":"fr-FR","potentialAction":[{"@type":"CommentAction","name":"Comment","target":["https:\/\/kapitalis.com\/tunisie\/2020\/03\/02\/sousse-destruction-de-tombes-au-cimetiere-israelite\/#respond"]}]},{"@type":"WebPage","@id":"https:\/\/kapitalis.com\/tunisie\/2020\/03\/02\/sousse-destruction-de-tombes-au-cimetiere-israelite\/","url":"https:\/\/kapitalis.com\/tunisie\/2020\/03\/02\/sousse-destruction-de-tombes-au-cimetiere-israelite\/","name":"Sousse : Destruction de tombes au cimeti\u00e8re isra\u00e9lite - Kapitalis","isPartOf":{"@id":"https:\/\/kapitalis.com\/tunisie\/#website"},"primaryImageOfPage":{"@id":"https:\/\/kapitalis.com\/tunisie\/2020\/03\/02\/sousse-destruction-de-tombes-au-cimetiere-israelite\/#primaryimage"},"image":{"@id":"https:\/\/kapitalis.com\/tunisie\/2020\/03\/02\/sousse-destruction-de-tombes-au-cimetiere-israelite\/#primaryimage"},"thumbnailUrl":"","datePublished":"2020-03-02T12:13:55+00:00","dateModified":"2020-03-02T13:16:58+00:00","breadcrumb":{"@id":"https:\/\/kapitalis.com\/tunisie\/2020\/03\/02\/sousse-destruction-de-tombes-au-cimetiere-israelite\/#breadcrumb"},"inLanguage":"fr-FR","potentialAction":[{"@type":"ReadAction","target":["https:\/\/kapitalis.com\/tunisie\/2020\/03\/02\/sousse-destruction-de-tombes-au-cimetiere-israelite\/"]}]},{"@type":"ImageObject","inLanguage":"fr-FR","@id":"https:\/\/kapitalis.com\/tunisie\/2020\/03\/02\/sousse-destruction-de-tombes-au-cimetiere-israelite\/#primaryimage","url":"","contentUrl":""},{"@type":"BreadcrumbList","@id":"https:\/\/kapitalis.com\/tunisie\/2020\/03\/02\/sousse-destruction-de-tombes-au-cimetiere-israelite\/#breadcrumb","itemListElement":[{"@type":"ListItem","position":1,"name":"Accueil","item":"https:\/\/kapitalis.com\/tunisie\/"},{"@type":"ListItem","position":2,"name":"Sousse : Destruction de tombes au cimeti\u00e8re isra\u00e9lite"}]},{"@type":"WebSite","@id":"https:\/\/kapitalis.com\/tunisie\/#website","url":"https:\/\/kapitalis.com\/tunisie\/","name":"Kapitalis","description":"L&#039;actualit\u00e9 en Tunisie et dans le monde","publisher":{"@id":"https:\/\/kapitalis.com\/tunisie\/#organization"},"potentialAction":[{"@type":"SearchAction","target":{"@type":"EntryPoint","urlTemplate":"https:\/\/kapitalis.com\/tunisie\/?s={search_term_string}"},"query-input":{"@type":"PropertyValueSpecification","valueRequired":true,"valueName":"search_term_string"}}],"inLanguage":"fr-FR"},{"@type":"Organization","@id":"https:\/\/kapitalis.com\/tunisie\/#organization","name":"Kapitalis","url":"https:\/\/kapitalis.com\/tunisie\/","logo":{"@type":"ImageObject","inLanguage":"fr-FR","@id":"https:\/\/kapitalis.com\/tunisie\/#\/schema\/logo\/image\/","url":"https:\/\/kapitalis.com\/tunisie\/wp-content\/uploads\/2022\/05\/Kapitalis-big-size.png","contentUrl":"https:\/\/kapitalis.com\/tunisie\/wp-content\/uploads\/2022\/05\/Kapitalis-big-size.png","width":5000,"height":1500,"caption":"Kapitalis"},"image":{"@id":"https:\/\/kapitalis.com\/tunisie\/#\/schema\/logo\/image\/"},"sameAs":["https:\/\/www.facebook.com\/KapitalisInfo\/","https:\/\/x.com\/KapitalisInfo","https:\/\/www.youtube.com\/channel\/UC-yDYrHyfFBWWZaOw3FPg9Q"]},{"@type":"Person","@id":"https:\/\/kapitalis.com\/tunisie\/#\/schema\/person\/b35b8d631961131107263178aeb8019e","name":"Cherif Benyounes","url":"https:\/\/kapitalis.com\/tunisie\/author\/cherif\/"}]}},"_links":{"self":[{"href":"https:\/\/kapitalis.com\/tunisie\/wp-json\/wp\/v2\/posts\/284934","targetHints":{"allow":["GET"]}}],"collection":[{"href":"https:\/\/kapitalis.com\/tunisie\/wp-json\/wp\/v2\/posts"}],"about":[{"href":"https:\/\/kapitalis.com\/tunisie\/wp-json\/wp\/v2\/types\/post"}],"author":[{"embeddable":true,"href":"https:\/\/kapitalis.com\/tunisie\/wp-json\/wp\/v2\/users\/24"}],"replies":[{"embeddable":true,"href":"https:\/\/kapitalis.com\/tunisie\/wp-json\/wp\/v2\/comments?post=284934"}],"version-history":[{"count":0,"href":"https:\/\/kapitalis.com\/tunisie\/wp-json\/wp\/v2\/posts\/284934\/revisions"}],"wp:featuredmedia":[{"embeddable":true,"href":"https:\/\/kapitalis.com\/tunisie\/wp-json\/wp\/v2\/media\/284948"}],"wp:attachment":[{"href":"https:\/\/kapitalis.com\/tunisie\/wp-json\/wp\/v2\/media?parent=284934"}],"wp:term":[{"taxonomy":"category","embeddable":true,"href":"https:\/\/kapitalis.com\/tunisie\/wp-json\/wp\/v2\/categories?post=284934"},{"taxonomy":"post_tag","embeddable":true,"href":"https:\/\/kapitalis.com\/tunisie\/wp-json\/wp\/v2\/tags?post=284934"}],"curies":[{"name":"wp","href":"https:\/\/api.w.org\/{rel}","templated":true}]}}