{"id":28508,"date":"2015-12-03T11:52:53","date_gmt":"2015-12-03T10:52:53","guid":{"rendered":"http:\/\/kapitalis.com\/tunisie\/?p=28508"},"modified":"2015-12-03T13:07:50","modified_gmt":"2015-12-03T12:07:50","slug":"heurts-entre-police-et-agents-de-la-municipalite-de-sfax-en-greve","status":"publish","type":"post","link":"https:\/\/kapitalis.com\/tunisie\/2015\/12\/03\/heurts-entre-police-et-agents-de-la-municipalite-de-sfax-en-greve\/","title":{"rendered":"Heurts entre police et agents de la municipalit\u00e9 de Sfax en gr\u00e8ve"},"content":{"rendered":"<p><img loading=\"lazy\" decoding=\"async\" class=\"alignnone size-full wp-image-28517 aligncenter\" src=\"http:\/\/kapitalis.com\/tunisie\/wp-content\/uploads\/2015\/12\/municipalit\u00e9-de-Sfax.jpg\" alt=\"municipalit\u00e9 de Sfax\" width=\"626\" height=\"380\" \/><\/p>\n<p style=\"text-align: center;\"><em>H\u00f4tel de ville de Sfax.<\/em><\/p>\n<p><em><strong>Des heurts ont \u00e9clat\u00e9, aujourd\u2019hui, entre\u00a0la police et les agents de la municipalit\u00e9, \u00e0 l\u2019Avenue Habib Bourguiba \u00e0 Sfax.<\/strong><\/em><br \/>\n<!--more--><\/p>\n<p>Les agents se sont rassembl\u00e9s devant la municipalit\u00e9 de Sfax pour protester contre la non-d\u00e9claration de certains salari\u00e9s et la non-titularisation d\u2019autres travaillant depuis des ann\u00e9es. Ces derniers sont, par ailleurs, en gr\u00e8ve depuis hier.<\/p>\n<p>Les forces de l\u2019ordre ont somm\u00e9 les\u00a0protestataires de lever le rassemblement, mais ils ont refus\u00e9 avan\u00e7ant qu\u2019il s\u2019agit d\u2019une protestation pacifique. Des heurts ont alors \u00e9clat\u00e9 et la police a eu recours au gaz lacrymog\u00e8ne pour disperser la foule.<\/p>\n<p>Le pr\u00e9sident de la d\u00e9l\u00e9gation sp\u00e9ciale de Sfax, Mabrouk Ksontini, a \u00e9t\u00e9 agress\u00e9 par des protestataires qui ont voulu l\u2019emp\u00eacher de rejoindre son bureau. Il a d\u2019ailleurs\u00a0indiqu\u00e9 qu&rsquo;il portera plainte contre ses agresseurs.<\/p>\n<p>Des policiers ont \u00e9galement \u00e9t\u00e9 agress\u00e9s et des agents de la municipalit\u00e9 bless\u00e9s ont \u00e9t\u00e9 conduits \u00e0 l\u2019h\u00f4pital. Ce qui donne une id\u00e9e sur l&rsquo;\u00e2pret\u00e9 de ces heurts.<\/p>\n<p style=\"text-align: right;\"><strong>Y. N.<\/strong><\/p>\n","protected":false},"excerpt":{"rendered":"<p>H\u00f4tel de ville de Sfax. Des heurts ont \u00e9clat\u00e9, aujourd\u2019hui, entre\u00a0la police et les agents de la municipalit\u00e9, \u00e0 l\u2019Avenue Habib Bourguiba \u00e0 Sfax.<\/p>\n","protected":false},"author":11,"featured_media":28517,"comment_status":"open","ping_status":"open","sticky":false,"template":"","format":"standard","meta":{"footnotes":""},"categories":[998,2433],"tags":[3363,150,425,451,5462,1120,2926,767],"class_list":["post-28508","post","type-post","status-publish","format-standard","has-post-thumbnail","hentry","category-societe","category-tunisie","tag-agresse","tag-blesse","tag-greve","tag-hopital","tag-manifestants","tag-municipalite","tag-protestation","tag-rassemblement"],"yoast_head":"<!-- This site is optimized with the Yoast SEO plugin v26.6 - https:\/\/yoast.com\/wordpress\/plugins\/seo\/ -->\n<title>Heurts entre police et agents de la municipalit\u00e9 de Sfax en gr\u00e8ve - Kapitalis<\/title>\n<meta name=\"robots\" content=\"index, follow, max-snippet:-1, max-image-preview:large, max-video-preview:-1\" \/>\n<link rel=\"canonical\" href=\"https:\/\/kapitalis.com\/tunisie\/2015\/12\/03\/heurts-entre-police-et-agents-de-la-municipalite-de-sfax-en-greve\/\" \/>\n<meta property=\"og:locale\" content=\"fr_FR\" \/>\n<meta property=\"og:type\" content=\"article\" \/>\n<meta property=\"og:title\" content=\"Heurts entre police et agents de la municipalit\u00e9 de Sfax en gr\u00e8ve - Kapitalis\" \/>\n<meta property=\"og:description\" content=\"H\u00f4tel de ville de Sfax. Des heurts ont \u00e9clat\u00e9, aujourd\u2019hui, entre\u00a0la police et les agents de la municipalit\u00e9, \u00e0 l\u2019Avenue Habib Bourguiba \u00e0 Sfax.\" \/>\n<meta property=\"og:url\" content=\"https:\/\/kapitalis.com\/tunisie\/2015\/12\/03\/heurts-entre-police-et-agents-de-la-municipalite-de-sfax-en-greve\/\" \/>\n<meta property=\"og:site_name\" content=\"Kapitalis\" \/>\n<meta property=\"article:publisher\" content=\"https:\/\/www.facebook.com\/KapitalisInfo\/\" \/>\n<meta property=\"article:published_time\" content=\"2015-12-03T10:52:53+00:00\" \/>\n<meta property=\"article:modified_time\" content=\"2015-12-03T12:07:50+00:00\" \/>\n<meta property=\"og:image\" content=\"https:\/\/kapitalis.com\/tunisie\/wp-content\/uploads\/2022\/05\/kapitalis-logo-fb.png\" \/>\n\t<meta property=\"og:image:width\" content=\"1200\" \/>\n\t<meta property=\"og:image:height\" content=\"630\" \/>\n\t<meta property=\"og:image:type\" content=\"image\/png\" \/>\n<meta name=\"author\" content=\"benmansour3 benmansour\" \/>\n<meta name=\"twitter:card\" content=\"summary_large_image\" \/>\n<meta name=\"twitter:creator\" content=\"@KapitalisInfo\" \/>\n<meta name=\"twitter:site\" content=\"@KapitalisInfo\" \/>\n<meta name=\"twitter:label1\" content=\"\u00c9crit par\" \/>\n\t<meta name=\"twitter:data1\" content=\"benmansour3 benmansour\" \/>\n\t<meta name=\"twitter:label2\" content=\"Dur\u00e9e de lecture estim\u00e9e\" \/>\n\t<meta name=\"twitter:data2\" content=\"1 minute\" \/>\n<script type=\"application\/ld+json\" class=\"yoast-schema-graph\">{\"@context\":\"https:\/\/schema.org\",\"@graph\":[{\"@type\":\"Article\",\"@id\":\"https:\/\/kapitalis.com\/tunisie\/2015\/12\/03\/heurts-entre-police-et-agents-de-la-municipalite-de-sfax-en-greve\/#article\",\"isPartOf\":{\"@id\":\"https:\/\/kapitalis.com\/tunisie\/2015\/12\/03\/heurts-entre-police-et-agents-de-la-municipalite-de-sfax-en-greve\/\"},\"author\":{\"name\":\"benmansour3 benmansour\",\"@id\":\"https:\/\/kapitalis.com\/tunisie\/#\/schema\/person\/035372e645ad321edc01006468cd4c8b\"},\"headline\":\"Heurts entre police et agents de la municipalit\u00e9 de Sfax en gr\u00e8ve\",\"datePublished\":\"2015-12-03T10:52:53+00:00\",\"dateModified\":\"2015-12-03T12:07:50+00:00\",\"mainEntityOfPage\":{\"@id\":\"https:\/\/kapitalis.com\/tunisie\/2015\/12\/03\/heurts-entre-police-et-agents-de-la-municipalite-de-sfax-en-greve\/\"},\"wordCount\":202,\"commentCount\":1,\"publisher\":{\"@id\":\"https:\/\/kapitalis.com\/tunisie\/#organization\"},\"image\":{\"@id\":\"https:\/\/kapitalis.com\/tunisie\/2015\/12\/03\/heurts-entre-police-et-agents-de-la-municipalite-de-sfax-en-greve\/#primaryimage\"},\"thumbnailUrl\":\"\",\"keywords\":[\"agress\u00e9\",\"bless\u00e9\",\"gr\u00e8ve\",\"h\u00f4pital\",\"manifestants\",\"municipalit\u00e9\",\"protestation\",\"rassemblement\"],\"articleSection\":[\"SOCIETE\",\"Tunisie\"],\"inLanguage\":\"fr-FR\",\"potentialAction\":[{\"@type\":\"CommentAction\",\"name\":\"Comment\",\"target\":[\"https:\/\/kapitalis.com\/tunisie\/2015\/12\/03\/heurts-entre-police-et-agents-de-la-municipalite-de-sfax-en-greve\/#respond\"]}]},{\"@type\":\"WebPage\",\"@id\":\"https:\/\/kapitalis.com\/tunisie\/2015\/12\/03\/heurts-entre-police-et-agents-de-la-municipalite-de-sfax-en-greve\/\",\"url\":\"https:\/\/kapitalis.com\/tunisie\/2015\/12\/03\/heurts-entre-police-et-agents-de-la-municipalite-de-sfax-en-greve\/\",\"name\":\"Heurts entre police et agents de la municipalit\u00e9 de Sfax en gr\u00e8ve - Kapitalis\",\"isPartOf\":{\"@id\":\"https:\/\/kapitalis.com\/tunisie\/#website\"},\"primaryImageOfPage\":{\"@id\":\"https:\/\/kapitalis.com\/tunisie\/2015\/12\/03\/heurts-entre-police-et-agents-de-la-municipalite-de-sfax-en-greve\/#primaryimage\"},\"image\":{\"@id\":\"https:\/\/kapitalis.com\/tunisie\/2015\/12\/03\/heurts-entre-police-et-agents-de-la-municipalite-de-sfax-en-greve\/#primaryimage\"},\"thumbnailUrl\":\"\",\"datePublished\":\"2015-12-03T10:52:53+00:00\",\"dateModified\":\"2015-12-03T12:07:50+00:00\",\"breadcrumb\":{\"@id\":\"https:\/\/kapitalis.com\/tunisie\/2015\/12\/03\/heurts-entre-police-et-agents-de-la-municipalite-de-sfax-en-greve\/#breadcrumb\"},\"inLanguage\":\"fr-FR\",\"potentialAction\":[{\"@type\":\"ReadAction\",\"target\":[\"https:\/\/kapitalis.com\/tunisie\/2015\/12\/03\/heurts-entre-police-et-agents-de-la-municipalite-de-sfax-en-greve\/\"]}]},{\"@type\":\"ImageObject\",\"inLanguage\":\"fr-FR\",\"@id\":\"https:\/\/kapitalis.com\/tunisie\/2015\/12\/03\/heurts-entre-police-et-agents-de-la-municipalite-de-sfax-en-greve\/#primaryimage\",\"url\":\"\",\"contentUrl\":\"\"},{\"@type\":\"BreadcrumbList\",\"@id\":\"https:\/\/kapitalis.com\/tunisie\/2015\/12\/03\/heurts-entre-police-et-agents-de-la-municipalite-de-sfax-en-greve\/#breadcrumb\",\"itemListElement\":[{\"@type\":\"ListItem\",\"position\":1,\"name\":\"Accueil\",\"item\":\"https:\/\/kapitalis.com\/tunisie\/\"},{\"@type\":\"ListItem\",\"position\":2,\"name\":\"Heurts entre police et agents de la municipalit\u00e9 de Sfax en gr\u00e8ve\"}]},{\"@type\":\"WebSite\",\"@id\":\"https:\/\/kapitalis.com\/tunisie\/#website\",\"url\":\"https:\/\/kapitalis.com\/tunisie\/\",\"name\":\"Kapitalis\",\"description\":\"L&#039;actualit\u00e9 en Tunisie et dans le monde\",\"publisher\":{\"@id\":\"https:\/\/kapitalis.com\/tunisie\/#organization\"},\"potentialAction\":[{\"@type\":\"SearchAction\",\"target\":{\"@type\":\"EntryPoint\",\"urlTemplate\":\"https:\/\/kapitalis.com\/tunisie\/?s={search_term_string}\"},\"query-input\":{\"@type\":\"PropertyValueSpecification\",\"valueRequired\":true,\"valueName\":\"search_term_string\"}}],\"inLanguage\":\"fr-FR\"},{\"@type\":\"Organization\",\"@id\":\"https:\/\/kapitalis.com\/tunisie\/#organization\",\"name\":\"Kapitalis\",\"url\":\"https:\/\/kapitalis.com\/tunisie\/\",\"logo\":{\"@type\":\"ImageObject\",\"inLanguage\":\"fr-FR\",\"@id\":\"https:\/\/kapitalis.com\/tunisie\/#\/schema\/logo\/image\/\",\"url\":\"https:\/\/kapitalis.com\/tunisie\/wp-content\/uploads\/2022\/05\/Kapitalis-big-size.png\",\"contentUrl\":\"https:\/\/kapitalis.com\/tunisie\/wp-content\/uploads\/2022\/05\/Kapitalis-big-size.png\",\"width\":5000,\"height\":1500,\"caption\":\"Kapitalis\"},\"image\":{\"@id\":\"https:\/\/kapitalis.com\/tunisie\/#\/schema\/logo\/image\/\"},\"sameAs\":[\"https:\/\/www.facebook.com\/KapitalisInfo\/\",\"https:\/\/x.com\/KapitalisInfo\",\"https:\/\/www.youtube.com\/channel\/UC-yDYrHyfFBWWZaOw3FPg9Q\"]},{\"@type\":\"Person\",\"@id\":\"https:\/\/kapitalis.com\/tunisie\/#\/schema\/person\/035372e645ad321edc01006468cd4c8b\",\"name\":\"benmansour3 benmansour\",\"url\":\"https:\/\/kapitalis.com\/tunisie\/author\/benmansour3\/\"}]}<\/script>\n<!-- \/ Yoast SEO plugin. -->","yoast_head_json":{"title":"Heurts entre police et agents de la municipalit\u00e9 de Sfax en gr\u00e8ve - Kapitalis","robots":{"index":"index","follow":"follow","max-snippet":"max-snippet:-1","max-image-preview":"max-image-preview:large","max-video-preview":"max-video-preview:-1"},"canonical":"https:\/\/kapitalis.com\/tunisie\/2015\/12\/03\/heurts-entre-police-et-agents-de-la-municipalite-de-sfax-en-greve\/","og_locale":"fr_FR","og_type":"article","og_title":"Heurts entre police et agents de la municipalit\u00e9 de Sfax en gr\u00e8ve - Kapitalis","og_description":"H\u00f4tel de ville de Sfax. Des heurts ont \u00e9clat\u00e9, aujourd\u2019hui, entre\u00a0la police et les agents de la municipalit\u00e9, \u00e0 l\u2019Avenue Habib Bourguiba \u00e0 Sfax.","og_url":"https:\/\/kapitalis.com\/tunisie\/2015\/12\/03\/heurts-entre-police-et-agents-de-la-municipalite-de-sfax-en-greve\/","og_site_name":"Kapitalis","article_publisher":"https:\/\/www.facebook.com\/KapitalisInfo\/","article_published_time":"2015-12-03T10:52:53+00:00","article_modified_time":"2015-12-03T12:07:50+00:00","og_image":[{"width":1200,"height":630,"url":"https:\/\/kapitalis.com\/tunisie\/wp-content\/uploads\/2022\/05\/kapitalis-logo-fb.png","type":"image\/png"}],"author":"benmansour3 benmansour","twitter_card":"summary_large_image","twitter_creator":"@KapitalisInfo","twitter_site":"@KapitalisInfo","twitter_misc":{"\u00c9crit par":"benmansour3 benmansour","Dur\u00e9e de lecture estim\u00e9e":"1 minute"},"schema":{"@context":"https:\/\/schema.org","@graph":[{"@type":"Article","@id":"https:\/\/kapitalis.com\/tunisie\/2015\/12\/03\/heurts-entre-police-et-agents-de-la-municipalite-de-sfax-en-greve\/#article","isPartOf":{"@id":"https:\/\/kapitalis.com\/tunisie\/2015\/12\/03\/heurts-entre-police-et-agents-de-la-municipalite-de-sfax-en-greve\/"},"author":{"name":"benmansour3 benmansour","@id":"https:\/\/kapitalis.com\/tunisie\/#\/schema\/person\/035372e645ad321edc01006468cd4c8b"},"headline":"Heurts entre police et agents de la municipalit\u00e9 de Sfax en gr\u00e8ve","datePublished":"2015-12-03T10:52:53+00:00","dateModified":"2015-12-03T12:07:50+00:00","mainEntityOfPage":{"@id":"https:\/\/kapitalis.com\/tunisie\/2015\/12\/03\/heurts-entre-police-et-agents-de-la-municipalite-de-sfax-en-greve\/"},"wordCount":202,"commentCount":1,"publisher":{"@id":"https:\/\/kapitalis.com\/tunisie\/#organization"},"image":{"@id":"https:\/\/kapitalis.com\/tunisie\/2015\/12\/03\/heurts-entre-police-et-agents-de-la-municipalite-de-sfax-en-greve\/#primaryimage"},"thumbnailUrl":"","keywords":["agress\u00e9","bless\u00e9","gr\u00e8ve","h\u00f4pital","manifestants","municipalit\u00e9","protestation","rassemblement"],"articleSection":["SOCIETE","Tunisie"],"inLanguage":"fr-FR","potentialAction":[{"@type":"CommentAction","name":"Comment","target":["https:\/\/kapitalis.com\/tunisie\/2015\/12\/03\/heurts-entre-police-et-agents-de-la-municipalite-de-sfax-en-greve\/#respond"]}]},{"@type":"WebPage","@id":"https:\/\/kapitalis.com\/tunisie\/2015\/12\/03\/heurts-entre-police-et-agents-de-la-municipalite-de-sfax-en-greve\/","url":"https:\/\/kapitalis.com\/tunisie\/2015\/12\/03\/heurts-entre-police-et-agents-de-la-municipalite-de-sfax-en-greve\/","name":"Heurts entre police et agents de la municipalit\u00e9 de Sfax en gr\u00e8ve - Kapitalis","isPartOf":{"@id":"https:\/\/kapitalis.com\/tunisie\/#website"},"primaryImageOfPage":{"@id":"https:\/\/kapitalis.com\/tunisie\/2015\/12\/03\/heurts-entre-police-et-agents-de-la-municipalite-de-sfax-en-greve\/#primaryimage"},"image":{"@id":"https:\/\/kapitalis.com\/tunisie\/2015\/12\/03\/heurts-entre-police-et-agents-de-la-municipalite-de-sfax-en-greve\/#primaryimage"},"thumbnailUrl":"","datePublished":"2015-12-03T10:52:53+00:00","dateModified":"2015-12-03T12:07:50+00:00","breadcrumb":{"@id":"https:\/\/kapitalis.com\/tunisie\/2015\/12\/03\/heurts-entre-police-et-agents-de-la-municipalite-de-sfax-en-greve\/#breadcrumb"},"inLanguage":"fr-FR","potentialAction":[{"@type":"ReadAction","target":["https:\/\/kapitalis.com\/tunisie\/2015\/12\/03\/heurts-entre-police-et-agents-de-la-municipalite-de-sfax-en-greve\/"]}]},{"@type":"ImageObject","inLanguage":"fr-FR","@id":"https:\/\/kapitalis.com\/tunisie\/2015\/12\/03\/heurts-entre-police-et-agents-de-la-municipalite-de-sfax-en-greve\/#primaryimage","url":"","contentUrl":""},{"@type":"BreadcrumbList","@id":"https:\/\/kapitalis.com\/tunisie\/2015\/12\/03\/heurts-entre-police-et-agents-de-la-municipalite-de-sfax-en-greve\/#breadcrumb","itemListElement":[{"@type":"ListItem","position":1,"name":"Accueil","item":"https:\/\/kapitalis.com\/tunisie\/"},{"@type":"ListItem","position":2,"name":"Heurts entre police et agents de la municipalit\u00e9 de Sfax en gr\u00e8ve"}]},{"@type":"WebSite","@id":"https:\/\/kapitalis.com\/tunisie\/#website","url":"https:\/\/kapitalis.com\/tunisie\/","name":"Kapitalis","description":"L&#039;actualit\u00e9 en Tunisie et dans le monde","publisher":{"@id":"https:\/\/kapitalis.com\/tunisie\/#organization"},"potentialAction":[{"@type":"SearchAction","target":{"@type":"EntryPoint","urlTemplate":"https:\/\/kapitalis.com\/tunisie\/?s={search_term_string}"},"query-input":{"@type":"PropertyValueSpecification","valueRequired":true,"valueName":"search_term_string"}}],"inLanguage":"fr-FR"},{"@type":"Organization","@id":"https:\/\/kapitalis.com\/tunisie\/#organization","name":"Kapitalis","url":"https:\/\/kapitalis.com\/tunisie\/","logo":{"@type":"ImageObject","inLanguage":"fr-FR","@id":"https:\/\/kapitalis.com\/tunisie\/#\/schema\/logo\/image\/","url":"https:\/\/kapitalis.com\/tunisie\/wp-content\/uploads\/2022\/05\/Kapitalis-big-size.png","contentUrl":"https:\/\/kapitalis.com\/tunisie\/wp-content\/uploads\/2022\/05\/Kapitalis-big-size.png","width":5000,"height":1500,"caption":"Kapitalis"},"image":{"@id":"https:\/\/kapitalis.com\/tunisie\/#\/schema\/logo\/image\/"},"sameAs":["https:\/\/www.facebook.com\/KapitalisInfo\/","https:\/\/x.com\/KapitalisInfo","https:\/\/www.youtube.com\/channel\/UC-yDYrHyfFBWWZaOw3FPg9Q"]},{"@type":"Person","@id":"https:\/\/kapitalis.com\/tunisie\/#\/schema\/person\/035372e645ad321edc01006468cd4c8b","name":"benmansour3 benmansour","url":"https:\/\/kapitalis.com\/tunisie\/author\/benmansour3\/"}]}},"_links":{"self":[{"href":"https:\/\/kapitalis.com\/tunisie\/wp-json\/wp\/v2\/posts\/28508","targetHints":{"allow":["GET"]}}],"collection":[{"href":"https:\/\/kapitalis.com\/tunisie\/wp-json\/wp\/v2\/posts"}],"about":[{"href":"https:\/\/kapitalis.com\/tunisie\/wp-json\/wp\/v2\/types\/post"}],"author":[{"embeddable":true,"href":"https:\/\/kapitalis.com\/tunisie\/wp-json\/wp\/v2\/users\/11"}],"replies":[{"embeddable":true,"href":"https:\/\/kapitalis.com\/tunisie\/wp-json\/wp\/v2\/comments?post=28508"}],"version-history":[{"count":0,"href":"https:\/\/kapitalis.com\/tunisie\/wp-json\/wp\/v2\/posts\/28508\/revisions"}],"wp:featuredmedia":[{"embeddable":true,"href":"https:\/\/kapitalis.com\/tunisie\/wp-json\/wp\/v2\/media\/28517"}],"wp:attachment":[{"href":"https:\/\/kapitalis.com\/tunisie\/wp-json\/wp\/v2\/media?parent=28508"}],"wp:term":[{"taxonomy":"category","embeddable":true,"href":"https:\/\/kapitalis.com\/tunisie\/wp-json\/wp\/v2\/categories?post=28508"},{"taxonomy":"post_tag","embeddable":true,"href":"https:\/\/kapitalis.com\/tunisie\/wp-json\/wp\/v2\/tags?post=28508"}],"curies":[{"name":"wp","href":"https:\/\/api.w.org\/{rel}","templated":true}]}}