{"id":285100,"date":"2020-03-02T18:35:09","date_gmt":"2020-03-02T17:35:09","guid":{"rendered":"http:\/\/kapitalis.com\/tunisie\/?p=285100"},"modified":"2020-03-02T18:35:10","modified_gmt":"2020-03-02T17:35:10","slug":"la-nouvelle-peugeot-208-elue-car-of-the-year-2020","status":"publish","type":"post","link":"https:\/\/kapitalis.com\/tunisie\/2020\/03\/02\/la-nouvelle-peugeot-208-elue-car-of-the-year-2020\/","title":{"rendered":"La nouvelle Peugeot 208 \u00e9lue Car of the Year 2020"},"content":{"rendered":"\n<figure class=\"wp-block-image size-large\"><img decoding=\"async\" src=\"http:\/\/kapitalis.com\/tunisie\/wp-content\/uploads\/2020\/03\/Peugeot-208-Car-Of-The-Year.jpg\" alt=\"\" class=\"wp-image-285101\"\/><\/figure>\n\n\n\n<p><strong><em> Lundi 2 mars 2020 \u00e0 Gen\u00e8ve, la Nouvelle Peugeot 208 a \u00e9t\u00e9 \u00e9lue voiture de l\u2019ann\u00e9e 2020 par 60 journalistes sp\u00e9cialistes europ\u00e9ens. <\/em><\/strong><\/p>\n\n\n\n<!--more-->\n\n\n\n<p> Le jury a salu\u00e9 sa gamme de moteurs, qui offre aux clients la libert\u00e9 de choisir entre l\u2019\u00e9lectrique, l\u2019essence ou le diesel. Les jur\u00e9s ont \u00e9galement pl\u00e9biscit\u00e9 l\u2019audace de son design et de sa technologie. D\u00e9j\u00e0 un best-seller, c\u2019est aussi la premi\u00e8re <em>\u00abs\u00e9rie 2\u00bb<\/em> de Peugeot \u00e0 recevoir le prestigieux troph\u00e9e. La nouvelle 208 est la 6e Peugeot titr\u00e9e Voiture de l\u2019ann\u00e9e. <\/p>\n\n\n\n<p> La nouvelle Peugeot 208 bouscule les codes de son segment. Propos\u00e9e en \u00e9lectrique ou en thermique, elle offre la libert\u00e9 du choix \u00e0 ses futurs conducteurs. Son design int\u00e8gre les derniers codes stylistiques de la marque avec ses projecteurs avant \u00e0 LEDs \u00e0 3 griffes, tandis que ses passages de roues marqu\u00e9s et ses ailes arri\u00e8res \u00e9voquent subtilement un <em>\u00abSacr\u00e9 num\u00e9ro\u00bb.<\/em> Le Peugeot i-Cockpit \u00ae (affichage t\u00eate haute, volant compact et \u00e9cran tactile) innove avec une instrumentation 3D, s\u00e9curitaire et esth\u00e9tique. <\/p>\n\n\n\n<p> Le prix Coty 2020 couronne un best-seller. Pr\u00e8s de 110.000 clients ont command\u00e9 la nouvelle Peugeot 208 depuis son lancement d\u00e9but octobre 2019 en Europe. 15% des versions command\u00e9es sont \u00e9lectriques. En France, elle caracole en t\u00eate des immatriculations sur le march\u00e9 des V\u00e9hicules Particuliers \u00e0 fin f\u00e9vrier 2020.<\/p>\n\n\n\n<p><em> \u00abJe suis tr\u00e8s fier de recevoir le prix Coty 2020 pour la nouvelle Peugeot 208. Il r\u00e9compense l\u2019excellence du travail et l\u2019engagement de l\u2019ensemble des \u00e9quipes de Peugeot et du Groupe PSA. C\u2019est la premi\u00e8re fois qu\u2019une Peugeot \u00abS\u00e9rie 2\u00bb est couronn\u00e9e. Nous avons d\u2019ailleurs trois Peugeot \u00abvoitures de l\u2019ann\u00e9e \u00bb dans la rue, avec les 208, 3008 et 308 ! Le prix Coty 2020 l\u00e9gitime la strat\u00e9gie de la marque, le \u2018\u2018power of choice\u2019\u2019. Nos clients pourront d\u00e9sormais choisir entre la Peugeot e-208 \u00e9lectrique et la Peugeot 208 (thermique)\u00bb<\/em>, a d\u00e9clar\u00e9 Jean-Philippe Imparato, directeur de Peugeot.<\/p>\n\n\n\n<div class=\"wp-block-image\"><figure class=\"aligncenter size-large is-resized\"><img decoding=\"async\" src=\"http:\/\/kapitalis.com\/tunisie\/wp-content\/uploads\/2020\/03\/Peugeot-206-2.jpg\" alt=\"\" class=\"wp-image-285102\" width=\"500\"\/><\/figure><\/div>\n\n\n\n<p> Avec 6 titres, Peugeot int\u00e8gre le top 3 des marques les plus titr\u00e9es au palmar\u00e8s des voitures de l\u2019ann\u00e9e. La Peugeot 208, couronn\u00e9e en 2020, succ\u00e8de au SUV 3008 titr\u00e9 en 2017, \u00e0 la berline compacte 308 en 2014, \u00e0 la 307 en 2002, la 405 en 1988 et la 504 en 1969. Ce prestigieux troph\u00e9e s\u2019ajoute aux 12 prix internationaux d\u00e9j\u00e0 re\u00e7us par la Peugeot 208.<\/p>\n\n\n\n<p> Le troph\u00e9e Car of The Year est le prix le plus convoit\u00e9. Son jury se compose de 60 journalistes experts de l\u2019automobile, issus de 23 pays europ\u00e9ens. Fond\u00e9 en 1964, c\u2019est aussi le prix le plus ancien. Il est d\u00e9cern\u00e9 chaque ann\u00e9e au salon de Gen\u00e8ve. <\/p>\n\n\n\n<p><strong><em> Source<\/em><\/strong> : communiqu\u00e9. <\/p>\n","protected":false},"excerpt":{"rendered":"<p>Lundi 2 mars 2020 \u00e0 Gen\u00e8ve, la Nouvelle Peugeot 208 a \u00e9t\u00e9 \u00e9lue voiture de l\u2019ann\u00e9e 2020 par 60 journalistes sp\u00e9cialistes europ\u00e9ens.<\/p>\n","protected":false},"author":8,"featured_media":285101,"comment_status":"open","ping_status":"open","sticky":false,"template":"","format":"standard","meta":{"footnotes":""},"categories":[54707],"tags":[36463,14497],"class_list":["post-285100","post","type-post","status-publish","format-standard","has-post-thumbnail","hentry","category-auto","tag-jean-philippe-imparato","tag-peugeot-208"],"yoast_head":"<!-- This site is optimized with the Yoast SEO plugin v26.6 - https:\/\/yoast.com\/wordpress\/plugins\/seo\/ -->\n<title>La nouvelle Peugeot 208 \u00e9lue Car of the Year 2020 - Kapitalis<\/title>\n<meta name=\"robots\" content=\"index, follow, max-snippet:-1, max-image-preview:large, max-video-preview:-1\" \/>\n<link rel=\"canonical\" href=\"https:\/\/kapitalis.com\/tunisie\/2020\/03\/02\/la-nouvelle-peugeot-208-elue-car-of-the-year-2020\/\" \/>\n<meta property=\"og:locale\" content=\"fr_FR\" \/>\n<meta property=\"og:type\" content=\"article\" \/>\n<meta property=\"og:title\" content=\"La nouvelle Peugeot 208 \u00e9lue Car of the Year 2020 - Kapitalis\" \/>\n<meta property=\"og:description\" content=\"Lundi 2 mars 2020 \u00e0 Gen\u00e8ve, la Nouvelle Peugeot 208 a \u00e9t\u00e9 \u00e9lue voiture de l\u2019ann\u00e9e 2020 par 60 journalistes sp\u00e9cialistes europ\u00e9ens.\" \/>\n<meta property=\"og:url\" content=\"https:\/\/kapitalis.com\/tunisie\/2020\/03\/02\/la-nouvelle-peugeot-208-elue-car-of-the-year-2020\/\" \/>\n<meta property=\"og:site_name\" content=\"Kapitalis\" \/>\n<meta property=\"article:publisher\" content=\"https:\/\/www.facebook.com\/KapitalisInfo\/\" \/>\n<meta property=\"article:published_time\" content=\"2020-03-02T17:35:09+00:00\" \/>\n<meta property=\"article:modified_time\" content=\"2020-03-02T17:35:10+00:00\" \/>\n<meta property=\"og:image\" content=\"https:\/\/kapitalis.com\/tunisie\/wp-content\/uploads\/2022\/05\/kapitalis-logo-fb.png\" \/>\n\t<meta property=\"og:image:width\" content=\"1200\" \/>\n\t<meta property=\"og:image:height\" content=\"630\" \/>\n\t<meta property=\"og:image:type\" content=\"image\/png\" \/>\n<meta name=\"author\" content=\"webmaster kapitalis\" \/>\n<meta name=\"twitter:card\" content=\"summary_large_image\" \/>\n<meta name=\"twitter:creator\" content=\"@KapitalisInfo\" \/>\n<meta name=\"twitter:site\" content=\"@KapitalisInfo\" \/>\n<meta name=\"twitter:label1\" content=\"\u00c9crit par\" \/>\n\t<meta name=\"twitter:data1\" content=\"webmaster kapitalis\" \/>\n\t<meta name=\"twitter:label2\" content=\"Dur\u00e9e de lecture estim\u00e9e\" \/>\n\t<meta name=\"twitter:data2\" content=\"2 minutes\" \/>\n<script type=\"application\/ld+json\" class=\"yoast-schema-graph\">{\"@context\":\"https:\/\/schema.org\",\"@graph\":[{\"@type\":\"Article\",\"@id\":\"https:\/\/kapitalis.com\/tunisie\/2020\/03\/02\/la-nouvelle-peugeot-208-elue-car-of-the-year-2020\/#article\",\"isPartOf\":{\"@id\":\"https:\/\/kapitalis.com\/tunisie\/2020\/03\/02\/la-nouvelle-peugeot-208-elue-car-of-the-year-2020\/\"},\"author\":{\"name\":\"webmaster kapitalis\",\"@id\":\"https:\/\/kapitalis.com\/tunisie\/#\/schema\/person\/d71f33a9ca44f7bad4698210b480c8e9\"},\"headline\":\"La nouvelle Peugeot 208 \u00e9lue Car of the Year 2020\",\"datePublished\":\"2020-03-02T17:35:09+00:00\",\"dateModified\":\"2020-03-02T17:35:10+00:00\",\"mainEntityOfPage\":{\"@id\":\"https:\/\/kapitalis.com\/tunisie\/2020\/03\/02\/la-nouvelle-peugeot-208-elue-car-of-the-year-2020\/\"},\"wordCount\":448,\"commentCount\":0,\"publisher\":{\"@id\":\"https:\/\/kapitalis.com\/tunisie\/#organization\"},\"image\":{\"@id\":\"https:\/\/kapitalis.com\/tunisie\/2020\/03\/02\/la-nouvelle-peugeot-208-elue-car-of-the-year-2020\/#primaryimage\"},\"thumbnailUrl\":\"\",\"keywords\":[\"Jean-Philippe Imparato\",\"Peugeot 208\"],\"articleSection\":[\"AUTO\"],\"inLanguage\":\"fr-FR\",\"potentialAction\":[{\"@type\":\"CommentAction\",\"name\":\"Comment\",\"target\":[\"https:\/\/kapitalis.com\/tunisie\/2020\/03\/02\/la-nouvelle-peugeot-208-elue-car-of-the-year-2020\/#respond\"]}]},{\"@type\":\"WebPage\",\"@id\":\"https:\/\/kapitalis.com\/tunisie\/2020\/03\/02\/la-nouvelle-peugeot-208-elue-car-of-the-year-2020\/\",\"url\":\"https:\/\/kapitalis.com\/tunisie\/2020\/03\/02\/la-nouvelle-peugeot-208-elue-car-of-the-year-2020\/\",\"name\":\"La nouvelle Peugeot 208 \u00e9lue Car of the Year 2020 - Kapitalis\",\"isPartOf\":{\"@id\":\"https:\/\/kapitalis.com\/tunisie\/#website\"},\"primaryImageOfPage\":{\"@id\":\"https:\/\/kapitalis.com\/tunisie\/2020\/03\/02\/la-nouvelle-peugeot-208-elue-car-of-the-year-2020\/#primaryimage\"},\"image\":{\"@id\":\"https:\/\/kapitalis.com\/tunisie\/2020\/03\/02\/la-nouvelle-peugeot-208-elue-car-of-the-year-2020\/#primaryimage\"},\"thumbnailUrl\":\"\",\"datePublished\":\"2020-03-02T17:35:09+00:00\",\"dateModified\":\"2020-03-02T17:35:10+00:00\",\"breadcrumb\":{\"@id\":\"https:\/\/kapitalis.com\/tunisie\/2020\/03\/02\/la-nouvelle-peugeot-208-elue-car-of-the-year-2020\/#breadcrumb\"},\"inLanguage\":\"fr-FR\",\"potentialAction\":[{\"@type\":\"ReadAction\",\"target\":[\"https:\/\/kapitalis.com\/tunisie\/2020\/03\/02\/la-nouvelle-peugeot-208-elue-car-of-the-year-2020\/\"]}]},{\"@type\":\"ImageObject\",\"inLanguage\":\"fr-FR\",\"@id\":\"https:\/\/kapitalis.com\/tunisie\/2020\/03\/02\/la-nouvelle-peugeot-208-elue-car-of-the-year-2020\/#primaryimage\",\"url\":\"\",\"contentUrl\":\"\"},{\"@type\":\"BreadcrumbList\",\"@id\":\"https:\/\/kapitalis.com\/tunisie\/2020\/03\/02\/la-nouvelle-peugeot-208-elue-car-of-the-year-2020\/#breadcrumb\",\"itemListElement\":[{\"@type\":\"ListItem\",\"position\":1,\"name\":\"Accueil\",\"item\":\"https:\/\/kapitalis.com\/tunisie\/\"},{\"@type\":\"ListItem\",\"position\":2,\"name\":\"La nouvelle Peugeot 208 \u00e9lue Car of the Year 2020\"}]},{\"@type\":\"WebSite\",\"@id\":\"https:\/\/kapitalis.com\/tunisie\/#website\",\"url\":\"https:\/\/kapitalis.com\/tunisie\/\",\"name\":\"Kapitalis\",\"description\":\"L&#039;actualit\u00e9 en Tunisie et dans le monde\",\"publisher\":{\"@id\":\"https:\/\/kapitalis.com\/tunisie\/#organization\"},\"potentialAction\":[{\"@type\":\"SearchAction\",\"target\":{\"@type\":\"EntryPoint\",\"urlTemplate\":\"https:\/\/kapitalis.com\/tunisie\/?s={search_term_string}\"},\"query-input\":{\"@type\":\"PropertyValueSpecification\",\"valueRequired\":true,\"valueName\":\"search_term_string\"}}],\"inLanguage\":\"fr-FR\"},{\"@type\":\"Organization\",\"@id\":\"https:\/\/kapitalis.com\/tunisie\/#organization\",\"name\":\"Kapitalis\",\"url\":\"https:\/\/kapitalis.com\/tunisie\/\",\"logo\":{\"@type\":\"ImageObject\",\"inLanguage\":\"fr-FR\",\"@id\":\"https:\/\/kapitalis.com\/tunisie\/#\/schema\/logo\/image\/\",\"url\":\"https:\/\/kapitalis.com\/tunisie\/wp-content\/uploads\/2022\/05\/Kapitalis-big-size.png\",\"contentUrl\":\"https:\/\/kapitalis.com\/tunisie\/wp-content\/uploads\/2022\/05\/Kapitalis-big-size.png\",\"width\":5000,\"height\":1500,\"caption\":\"Kapitalis\"},\"image\":{\"@id\":\"https:\/\/kapitalis.com\/tunisie\/#\/schema\/logo\/image\/\"},\"sameAs\":[\"https:\/\/www.facebook.com\/KapitalisInfo\/\",\"https:\/\/x.com\/KapitalisInfo\",\"https:\/\/www.youtube.com\/channel\/UC-yDYrHyfFBWWZaOw3FPg9Q\"]},{\"@type\":\"Person\",\"@id\":\"https:\/\/kapitalis.com\/tunisie\/#\/schema\/person\/d71f33a9ca44f7bad4698210b480c8e9\",\"name\":\"webmaster kapitalis\",\"url\":\"https:\/\/kapitalis.com\/tunisie\/author\/webmaster-kapitalis\/\"}]}<\/script>\n<!-- \/ Yoast SEO plugin. -->","yoast_head_json":{"title":"La nouvelle Peugeot 208 \u00e9lue Car of the Year 2020 - Kapitalis","robots":{"index":"index","follow":"follow","max-snippet":"max-snippet:-1","max-image-preview":"max-image-preview:large","max-video-preview":"max-video-preview:-1"},"canonical":"https:\/\/kapitalis.com\/tunisie\/2020\/03\/02\/la-nouvelle-peugeot-208-elue-car-of-the-year-2020\/","og_locale":"fr_FR","og_type":"article","og_title":"La nouvelle Peugeot 208 \u00e9lue Car of the Year 2020 - Kapitalis","og_description":"Lundi 2 mars 2020 \u00e0 Gen\u00e8ve, la Nouvelle Peugeot 208 a \u00e9t\u00e9 \u00e9lue voiture de l\u2019ann\u00e9e 2020 par 60 journalistes sp\u00e9cialistes europ\u00e9ens.","og_url":"https:\/\/kapitalis.com\/tunisie\/2020\/03\/02\/la-nouvelle-peugeot-208-elue-car-of-the-year-2020\/","og_site_name":"Kapitalis","article_publisher":"https:\/\/www.facebook.com\/KapitalisInfo\/","article_published_time":"2020-03-02T17:35:09+00:00","article_modified_time":"2020-03-02T17:35:10+00:00","og_image":[{"width":1200,"height":630,"url":"https:\/\/kapitalis.com\/tunisie\/wp-content\/uploads\/2022\/05\/kapitalis-logo-fb.png","type":"image\/png"}],"author":"webmaster kapitalis","twitter_card":"summary_large_image","twitter_creator":"@KapitalisInfo","twitter_site":"@KapitalisInfo","twitter_misc":{"\u00c9crit par":"webmaster kapitalis","Dur\u00e9e de lecture estim\u00e9e":"2 minutes"},"schema":{"@context":"https:\/\/schema.org","@graph":[{"@type":"Article","@id":"https:\/\/kapitalis.com\/tunisie\/2020\/03\/02\/la-nouvelle-peugeot-208-elue-car-of-the-year-2020\/#article","isPartOf":{"@id":"https:\/\/kapitalis.com\/tunisie\/2020\/03\/02\/la-nouvelle-peugeot-208-elue-car-of-the-year-2020\/"},"author":{"name":"webmaster kapitalis","@id":"https:\/\/kapitalis.com\/tunisie\/#\/schema\/person\/d71f33a9ca44f7bad4698210b480c8e9"},"headline":"La nouvelle Peugeot 208 \u00e9lue Car of the Year 2020","datePublished":"2020-03-02T17:35:09+00:00","dateModified":"2020-03-02T17:35:10+00:00","mainEntityOfPage":{"@id":"https:\/\/kapitalis.com\/tunisie\/2020\/03\/02\/la-nouvelle-peugeot-208-elue-car-of-the-year-2020\/"},"wordCount":448,"commentCount":0,"publisher":{"@id":"https:\/\/kapitalis.com\/tunisie\/#organization"},"image":{"@id":"https:\/\/kapitalis.com\/tunisie\/2020\/03\/02\/la-nouvelle-peugeot-208-elue-car-of-the-year-2020\/#primaryimage"},"thumbnailUrl":"","keywords":["Jean-Philippe Imparato","Peugeot 208"],"articleSection":["AUTO"],"inLanguage":"fr-FR","potentialAction":[{"@type":"CommentAction","name":"Comment","target":["https:\/\/kapitalis.com\/tunisie\/2020\/03\/02\/la-nouvelle-peugeot-208-elue-car-of-the-year-2020\/#respond"]}]},{"@type":"WebPage","@id":"https:\/\/kapitalis.com\/tunisie\/2020\/03\/02\/la-nouvelle-peugeot-208-elue-car-of-the-year-2020\/","url":"https:\/\/kapitalis.com\/tunisie\/2020\/03\/02\/la-nouvelle-peugeot-208-elue-car-of-the-year-2020\/","name":"La nouvelle Peugeot 208 \u00e9lue Car of the Year 2020 - Kapitalis","isPartOf":{"@id":"https:\/\/kapitalis.com\/tunisie\/#website"},"primaryImageOfPage":{"@id":"https:\/\/kapitalis.com\/tunisie\/2020\/03\/02\/la-nouvelle-peugeot-208-elue-car-of-the-year-2020\/#primaryimage"},"image":{"@id":"https:\/\/kapitalis.com\/tunisie\/2020\/03\/02\/la-nouvelle-peugeot-208-elue-car-of-the-year-2020\/#primaryimage"},"thumbnailUrl":"","datePublished":"2020-03-02T17:35:09+00:00","dateModified":"2020-03-02T17:35:10+00:00","breadcrumb":{"@id":"https:\/\/kapitalis.com\/tunisie\/2020\/03\/02\/la-nouvelle-peugeot-208-elue-car-of-the-year-2020\/#breadcrumb"},"inLanguage":"fr-FR","potentialAction":[{"@type":"ReadAction","target":["https:\/\/kapitalis.com\/tunisie\/2020\/03\/02\/la-nouvelle-peugeot-208-elue-car-of-the-year-2020\/"]}]},{"@type":"ImageObject","inLanguage":"fr-FR","@id":"https:\/\/kapitalis.com\/tunisie\/2020\/03\/02\/la-nouvelle-peugeot-208-elue-car-of-the-year-2020\/#primaryimage","url":"","contentUrl":""},{"@type":"BreadcrumbList","@id":"https:\/\/kapitalis.com\/tunisie\/2020\/03\/02\/la-nouvelle-peugeot-208-elue-car-of-the-year-2020\/#breadcrumb","itemListElement":[{"@type":"ListItem","position":1,"name":"Accueil","item":"https:\/\/kapitalis.com\/tunisie\/"},{"@type":"ListItem","position":2,"name":"La nouvelle Peugeot 208 \u00e9lue Car of the Year 2020"}]},{"@type":"WebSite","@id":"https:\/\/kapitalis.com\/tunisie\/#website","url":"https:\/\/kapitalis.com\/tunisie\/","name":"Kapitalis","description":"L&#039;actualit\u00e9 en Tunisie et dans le monde","publisher":{"@id":"https:\/\/kapitalis.com\/tunisie\/#organization"},"potentialAction":[{"@type":"SearchAction","target":{"@type":"EntryPoint","urlTemplate":"https:\/\/kapitalis.com\/tunisie\/?s={search_term_string}"},"query-input":{"@type":"PropertyValueSpecification","valueRequired":true,"valueName":"search_term_string"}}],"inLanguage":"fr-FR"},{"@type":"Organization","@id":"https:\/\/kapitalis.com\/tunisie\/#organization","name":"Kapitalis","url":"https:\/\/kapitalis.com\/tunisie\/","logo":{"@type":"ImageObject","inLanguage":"fr-FR","@id":"https:\/\/kapitalis.com\/tunisie\/#\/schema\/logo\/image\/","url":"https:\/\/kapitalis.com\/tunisie\/wp-content\/uploads\/2022\/05\/Kapitalis-big-size.png","contentUrl":"https:\/\/kapitalis.com\/tunisie\/wp-content\/uploads\/2022\/05\/Kapitalis-big-size.png","width":5000,"height":1500,"caption":"Kapitalis"},"image":{"@id":"https:\/\/kapitalis.com\/tunisie\/#\/schema\/logo\/image\/"},"sameAs":["https:\/\/www.facebook.com\/KapitalisInfo\/","https:\/\/x.com\/KapitalisInfo","https:\/\/www.youtube.com\/channel\/UC-yDYrHyfFBWWZaOw3FPg9Q"]},{"@type":"Person","@id":"https:\/\/kapitalis.com\/tunisie\/#\/schema\/person\/d71f33a9ca44f7bad4698210b480c8e9","name":"webmaster kapitalis","url":"https:\/\/kapitalis.com\/tunisie\/author\/webmaster-kapitalis\/"}]}},"_links":{"self":[{"href":"https:\/\/kapitalis.com\/tunisie\/wp-json\/wp\/v2\/posts\/285100","targetHints":{"allow":["GET"]}}],"collection":[{"href":"https:\/\/kapitalis.com\/tunisie\/wp-json\/wp\/v2\/posts"}],"about":[{"href":"https:\/\/kapitalis.com\/tunisie\/wp-json\/wp\/v2\/types\/post"}],"author":[{"embeddable":true,"href":"https:\/\/kapitalis.com\/tunisie\/wp-json\/wp\/v2\/users\/8"}],"replies":[{"embeddable":true,"href":"https:\/\/kapitalis.com\/tunisie\/wp-json\/wp\/v2\/comments?post=285100"}],"version-history":[{"count":0,"href":"https:\/\/kapitalis.com\/tunisie\/wp-json\/wp\/v2\/posts\/285100\/revisions"}],"wp:featuredmedia":[{"embeddable":true,"href":"https:\/\/kapitalis.com\/tunisie\/wp-json\/wp\/v2\/media\/285101"}],"wp:attachment":[{"href":"https:\/\/kapitalis.com\/tunisie\/wp-json\/wp\/v2\/media?parent=285100"}],"wp:term":[{"taxonomy":"category","embeddable":true,"href":"https:\/\/kapitalis.com\/tunisie\/wp-json\/wp\/v2\/categories?post=285100"},{"taxonomy":"post_tag","embeddable":true,"href":"https:\/\/kapitalis.com\/tunisie\/wp-json\/wp\/v2\/tags?post=285100"}],"curies":[{"name":"wp","href":"https:\/\/api.w.org\/{rel}","templated":true}]}}