{"id":285106,"date":"2020-03-02T18:51:39","date_gmt":"2020-03-02T17:51:39","guid":{"rendered":"http:\/\/kapitalis.com\/tunisie\/?p=285106"},"modified":"2020-03-02T18:51:51","modified_gmt":"2020-03-02T17:51:51","slug":"ligue-des-champions-lesperance-veut-un-stade-habille-en-sang-et-or","status":"publish","type":"post","link":"https:\/\/kapitalis.com\/tunisie\/2020\/03\/02\/ligue-des-champions-lesperance-veut-un-stade-habille-en-sang-et-or\/","title":{"rendered":"Ligue des champions : l\u2019Esp\u00e9rance veut un stade habill\u00e9 en \u00absang et or\u00bb"},"content":{"rendered":"\n<figure class=\"wp-block-image size-large\"><img decoding=\"async\" src=\"http:\/\/kapitalis.com\/tunisie\/wp-content\/uploads\/2018\/08\/Esperance-de-Tunis-Stade-de-Rades.jpg\" alt=\"\" class=\"wp-image-170233\"\/><\/figure>\n\n\n\n<p> <strong><em>L\u2019Esp\u00e9rance sportive de Tunis (EST) d\u00e9bute aujourd&rsquo;hui, mercredi 2 mars 2020, la commercialisation des billets pour le quart de finale retour de la Ligue des champions contre Zamalek, chaque jour de 10h jusqu\u2019\u00e0 17 h jusqu&rsquo;au jour du match, vendredi 6 mars, \u00e0 partir de 20h au stade de Rad\u00e8s.<\/em><\/strong><\/p>\n\n\n\n<!--more-->\n\n\n\n<p> La vente des billets se fera dans les guichets du stade d\u2019El Menzah et du parc \u00abB\u00bb aux prix suivants : virage (10 dinars), pelouses (15 dinars), enceintes sup\u00e9rieures (20 dinars), enceintes inf\u00e9rieures (25 dinars), tribune (35 dinars). Les moins de 18 ans peuvent entrer dans le stade \u00e0 condition d&rsquo;avoir un billet.<\/p>\n\n\n\n<p> Le comit\u00e9 directeur de l\u2019EST esp\u00e8re un quart de finale \u00e0 guichet ferm\u00e9. Une demande a \u00e9t\u00e9 d\u2019ailleurs adress\u00e9e aux autorit\u00e9s s\u00e9curitaires pour autoriser la pr\u00e9sence de 50.000 spectateurs. Ce qui serait un vrai d\u00e9fi logistique. D\u2019ailleurs, les virages, longtemps ferm\u00e9s par crainte de d\u00e9bordements, pourraient \u00eatre rouverts \u00e0 cette occasion.<\/p>\n\n\n\n<p> Apr\u00e8s une d\u00e9faite par 3 buts \u00e0 1 au match-aller au Caire, l\u2019EST compte sur le soutien de ses supporteurs pour remonter cet \u00e9cart.<\/p>\n\n\n\n<p> Seulement le plus grand d\u00e9fi reste justement les supporteurs <em>\u00absang et or\u00bb <\/em>que le comit\u00e9 directeur du club de Bab Souika a appel\u00e9, aujourd\u2019hui, \u00e0 venir nombreux et \u00e0 porter tous des maillots rouge et jaune. L\u2019appel le plus important est lanc\u00e9 aux fans pour \u00e9viter tout d\u00e9bordement qui risquent d\u2019amener des sanctions graves au club. <\/p>\n\n\n\n<p class=\"has-text-align-right\"><strong> H. M.<\/strong><\/p>\n\n\n\n<figure class=\"wp-block-embed-wordpress wp-block-embed is-type-wp-embed is-provider-kapitalis\"><div class=\"wp-block-embed__wrapper\">\n<blockquote class=\"wp-embedded-content\" data-secret=\"80ihTeFSsd\"><a href=\"https:\/\/kapitalis.com\/tunisie\/2020\/03\/02\/les-supporteurs-de-lesperance-sont-invites-a-eviter-tout-message-politique-dans-les-gradins\/\">Les supporteurs de l&rsquo;Esp\u00e9rance sont invit\u00e9s \u00e0 \u00e9viter tout message politique dans les gradins<\/a><\/blockquote><iframe loading=\"lazy\" class=\"wp-embedded-content\" sandbox=\"allow-scripts\" security=\"restricted\" style=\"position: absolute; clip: rect(1px, 1px, 1px, 1px);\" title=\"\u00ab\u00a0Les supporteurs de l&rsquo;Esp\u00e9rance sont invit\u00e9s \u00e0 \u00e9viter tout message politique dans les gradins\u00a0\u00bb &#8212; Kapitalis\" src=\"https:\/\/kapitalis.com\/tunisie\/2020\/03\/02\/les-supporteurs-de-lesperance-sont-invites-a-eviter-tout-message-politique-dans-les-gradins\/embed\/#?secret=U557OvLJO1#?secret=80ihTeFSsd\" data-secret=\"80ihTeFSsd\" width=\"600\" height=\"338\" frameborder=\"0\" marginwidth=\"0\" marginheight=\"0\" scrolling=\"no\"><\/iframe>\n<\/div><\/figure>\n","protected":false},"excerpt":{"rendered":"<p>L\u2019Esp\u00e9rance sportive de Tunis (EST) d\u00e9bute aujourd&rsquo;hui, mercredi 2 mars 2020, la commercialisation des billets pour le quart de finale retour de la Ligue des champions contre Zamalek, chaque jour de 10h jusqu\u2019\u00e0 17 h jusqu&rsquo;au jour du match, vendredi 6 mars, \u00e0 partir de 20h au stade de Rad\u00e8s.<\/p>\n","protected":false},"author":8,"featured_media":0,"comment_status":"open","ping_status":"open","sticky":false,"template":"","format":"standard","meta":{"footnotes":""},"categories":[999,2433],"tags":[3261,30028,19000,66427],"class_list":["post-285106","post","type-post","status-publish","format-standard","hentry","category-sport","category-tunisie","tag-esperance-sportive-de-tunis","tag-ligue-des-champions","tag-sang-et-or","tag-zamalek-du-caire"],"yoast_head":"<!-- This site is optimized with the Yoast SEO plugin v26.6 - https:\/\/yoast.com\/wordpress\/plugins\/seo\/ -->\n<title>Ligue des champions : l\u2019Esp\u00e9rance veut un stade habill\u00e9 en \u00absang et or\u00bb - Kapitalis<\/title>\n<meta name=\"robots\" content=\"index, follow, max-snippet:-1, max-image-preview:large, max-video-preview:-1\" \/>\n<link rel=\"canonical\" href=\"https:\/\/kapitalis.com\/tunisie\/2020\/03\/02\/ligue-des-champions-lesperance-veut-un-stade-habille-en-sang-et-or\/\" \/>\n<meta property=\"og:locale\" content=\"fr_FR\" \/>\n<meta property=\"og:type\" content=\"article\" \/>\n<meta property=\"og:title\" content=\"Ligue des champions : l\u2019Esp\u00e9rance veut un stade habill\u00e9 en \u00absang et or\u00bb - Kapitalis\" \/>\n<meta property=\"og:description\" content=\"L\u2019Esp\u00e9rance sportive de Tunis (EST) d\u00e9bute aujourd&rsquo;hui, mercredi 2 mars 2020, la commercialisation des billets pour le quart de finale retour de la Ligue des champions contre Zamalek, chaque jour de 10h jusqu\u2019\u00e0 17 h jusqu&rsquo;au jour du match, vendredi 6 mars, \u00e0 partir de 20h au stade de Rad\u00e8s.\" \/>\n<meta property=\"og:url\" content=\"https:\/\/kapitalis.com\/tunisie\/2020\/03\/02\/ligue-des-champions-lesperance-veut-un-stade-habille-en-sang-et-or\/\" \/>\n<meta property=\"og:site_name\" content=\"Kapitalis\" \/>\n<meta property=\"article:publisher\" content=\"https:\/\/www.facebook.com\/KapitalisInfo\/\" \/>\n<meta property=\"article:published_time\" content=\"2020-03-02T17:51:39+00:00\" \/>\n<meta property=\"article:modified_time\" content=\"2020-03-02T17:51:51+00:00\" \/>\n<meta property=\"og:image\" content=\"http:\/\/kapitalis.com\/tunisie\/wp-content\/uploads\/2018\/08\/Esperance-de-Tunis-Stade-de-Rades.jpg\" \/>\n<meta name=\"author\" content=\"webmaster kapitalis\" \/>\n<meta name=\"twitter:card\" content=\"summary_large_image\" \/>\n<meta name=\"twitter:creator\" content=\"@KapitalisInfo\" \/>\n<meta name=\"twitter:site\" content=\"@KapitalisInfo\" \/>\n<meta name=\"twitter:label1\" content=\"\u00c9crit par\" \/>\n\t<meta name=\"twitter:data1\" content=\"webmaster kapitalis\" \/>\n\t<meta name=\"twitter:label2\" content=\"Dur\u00e9e de lecture estim\u00e9e\" \/>\n\t<meta name=\"twitter:data2\" content=\"1 minute\" \/>\n<script type=\"application\/ld+json\" class=\"yoast-schema-graph\">{\"@context\":\"https:\/\/schema.org\",\"@graph\":[{\"@type\":\"Article\",\"@id\":\"https:\/\/kapitalis.com\/tunisie\/2020\/03\/02\/ligue-des-champions-lesperance-veut-un-stade-habille-en-sang-et-or\/#article\",\"isPartOf\":{\"@id\":\"https:\/\/kapitalis.com\/tunisie\/2020\/03\/02\/ligue-des-champions-lesperance-veut-un-stade-habille-en-sang-et-or\/\"},\"author\":{\"name\":\"webmaster kapitalis\",\"@id\":\"https:\/\/kapitalis.com\/tunisie\/#\/schema\/person\/d71f33a9ca44f7bad4698210b480c8e9\"},\"headline\":\"Ligue des champions : l\u2019Esp\u00e9rance veut un stade habill\u00e9 en \u00absang et or\u00bb\",\"datePublished\":\"2020-03-02T17:51:39+00:00\",\"dateModified\":\"2020-03-02T17:51:51+00:00\",\"mainEntityOfPage\":{\"@id\":\"https:\/\/kapitalis.com\/tunisie\/2020\/03\/02\/ligue-des-champions-lesperance-veut-un-stade-habille-en-sang-et-or\/\"},\"wordCount\":260,\"commentCount\":0,\"publisher\":{\"@id\":\"https:\/\/kapitalis.com\/tunisie\/#organization\"},\"image\":{\"@id\":\"https:\/\/kapitalis.com\/tunisie\/2020\/03\/02\/ligue-des-champions-lesperance-veut-un-stade-habille-en-sang-et-or\/#primaryimage\"},\"thumbnailUrl\":\"http:\/\/kapitalis.com\/tunisie\/wp-content\/uploads\/2018\/08\/Esperance-de-Tunis-Stade-de-Rades.jpg\",\"keywords\":[\"Esp\u00e9rance sportive de Tunis\",\"Ligue des champions\",\"Sang et Or\",\"Zamalek du Caire\"],\"articleSection\":[\"SPORT\",\"Tunisie\"],\"inLanguage\":\"fr-FR\",\"potentialAction\":[{\"@type\":\"CommentAction\",\"name\":\"Comment\",\"target\":[\"https:\/\/kapitalis.com\/tunisie\/2020\/03\/02\/ligue-des-champions-lesperance-veut-un-stade-habille-en-sang-et-or\/#respond\"]}]},{\"@type\":\"WebPage\",\"@id\":\"https:\/\/kapitalis.com\/tunisie\/2020\/03\/02\/ligue-des-champions-lesperance-veut-un-stade-habille-en-sang-et-or\/\",\"url\":\"https:\/\/kapitalis.com\/tunisie\/2020\/03\/02\/ligue-des-champions-lesperance-veut-un-stade-habille-en-sang-et-or\/\",\"name\":\"Ligue des champions : l\u2019Esp\u00e9rance veut un stade habill\u00e9 en \u00absang et or\u00bb - Kapitalis\",\"isPartOf\":{\"@id\":\"https:\/\/kapitalis.com\/tunisie\/#website\"},\"primaryImageOfPage\":{\"@id\":\"https:\/\/kapitalis.com\/tunisie\/2020\/03\/02\/ligue-des-champions-lesperance-veut-un-stade-habille-en-sang-et-or\/#primaryimage\"},\"image\":{\"@id\":\"https:\/\/kapitalis.com\/tunisie\/2020\/03\/02\/ligue-des-champions-lesperance-veut-un-stade-habille-en-sang-et-or\/#primaryimage\"},\"thumbnailUrl\":\"http:\/\/kapitalis.com\/tunisie\/wp-content\/uploads\/2018\/08\/Esperance-de-Tunis-Stade-de-Rades.jpg\",\"datePublished\":\"2020-03-02T17:51:39+00:00\",\"dateModified\":\"2020-03-02T17:51:51+00:00\",\"breadcrumb\":{\"@id\":\"https:\/\/kapitalis.com\/tunisie\/2020\/03\/02\/ligue-des-champions-lesperance-veut-un-stade-habille-en-sang-et-or\/#breadcrumb\"},\"inLanguage\":\"fr-FR\",\"potentialAction\":[{\"@type\":\"ReadAction\",\"target\":[\"https:\/\/kapitalis.com\/tunisie\/2020\/03\/02\/ligue-des-champions-lesperance-veut-un-stade-habille-en-sang-et-or\/\"]}]},{\"@type\":\"ImageObject\",\"inLanguage\":\"fr-FR\",\"@id\":\"https:\/\/kapitalis.com\/tunisie\/2020\/03\/02\/ligue-des-champions-lesperance-veut-un-stade-habille-en-sang-et-or\/#primaryimage\",\"url\":\"http:\/\/kapitalis.com\/tunisie\/wp-content\/uploads\/2018\/08\/Esperance-de-Tunis-Stade-de-Rades.jpg\",\"contentUrl\":\"http:\/\/kapitalis.com\/tunisie\/wp-content\/uploads\/2018\/08\/Esperance-de-Tunis-Stade-de-Rades.jpg\"},{\"@type\":\"BreadcrumbList\",\"@id\":\"https:\/\/kapitalis.com\/tunisie\/2020\/03\/02\/ligue-des-champions-lesperance-veut-un-stade-habille-en-sang-et-or\/#breadcrumb\",\"itemListElement\":[{\"@type\":\"ListItem\",\"position\":1,\"name\":\"Accueil\",\"item\":\"https:\/\/kapitalis.com\/tunisie\/\"},{\"@type\":\"ListItem\",\"position\":2,\"name\":\"Ligue des champions : l\u2019Esp\u00e9rance veut un stade habill\u00e9 en \u00absang et or\u00bb\"}]},{\"@type\":\"WebSite\",\"@id\":\"https:\/\/kapitalis.com\/tunisie\/#website\",\"url\":\"https:\/\/kapitalis.com\/tunisie\/\",\"name\":\"Kapitalis\",\"description\":\"L&#039;actualit\u00e9 en Tunisie et dans le monde\",\"publisher\":{\"@id\":\"https:\/\/kapitalis.com\/tunisie\/#organization\"},\"potentialAction\":[{\"@type\":\"SearchAction\",\"target\":{\"@type\":\"EntryPoint\",\"urlTemplate\":\"https:\/\/kapitalis.com\/tunisie\/?s={search_term_string}\"},\"query-input\":{\"@type\":\"PropertyValueSpecification\",\"valueRequired\":true,\"valueName\":\"search_term_string\"}}],\"inLanguage\":\"fr-FR\"},{\"@type\":\"Organization\",\"@id\":\"https:\/\/kapitalis.com\/tunisie\/#organization\",\"name\":\"Kapitalis\",\"url\":\"https:\/\/kapitalis.com\/tunisie\/\",\"logo\":{\"@type\":\"ImageObject\",\"inLanguage\":\"fr-FR\",\"@id\":\"https:\/\/kapitalis.com\/tunisie\/#\/schema\/logo\/image\/\",\"url\":\"https:\/\/kapitalis.com\/tunisie\/wp-content\/uploads\/2022\/05\/Kapitalis-big-size.png\",\"contentUrl\":\"https:\/\/kapitalis.com\/tunisie\/wp-content\/uploads\/2022\/05\/Kapitalis-big-size.png\",\"width\":5000,\"height\":1500,\"caption\":\"Kapitalis\"},\"image\":{\"@id\":\"https:\/\/kapitalis.com\/tunisie\/#\/schema\/logo\/image\/\"},\"sameAs\":[\"https:\/\/www.facebook.com\/KapitalisInfo\/\",\"https:\/\/x.com\/KapitalisInfo\",\"https:\/\/www.youtube.com\/channel\/UC-yDYrHyfFBWWZaOw3FPg9Q\"]},{\"@type\":\"Person\",\"@id\":\"https:\/\/kapitalis.com\/tunisie\/#\/schema\/person\/d71f33a9ca44f7bad4698210b480c8e9\",\"name\":\"webmaster kapitalis\",\"url\":\"https:\/\/kapitalis.com\/tunisie\/author\/webmaster-kapitalis\/\"}]}<\/script>\n<!-- \/ Yoast SEO plugin. -->","yoast_head_json":{"title":"Ligue des champions : l\u2019Esp\u00e9rance veut un stade habill\u00e9 en \u00absang et or\u00bb - Kapitalis","robots":{"index":"index","follow":"follow","max-snippet":"max-snippet:-1","max-image-preview":"max-image-preview:large","max-video-preview":"max-video-preview:-1"},"canonical":"https:\/\/kapitalis.com\/tunisie\/2020\/03\/02\/ligue-des-champions-lesperance-veut-un-stade-habille-en-sang-et-or\/","og_locale":"fr_FR","og_type":"article","og_title":"Ligue des champions : l\u2019Esp\u00e9rance veut un stade habill\u00e9 en \u00absang et or\u00bb - Kapitalis","og_description":"L\u2019Esp\u00e9rance sportive de Tunis (EST) d\u00e9bute aujourd&rsquo;hui, mercredi 2 mars 2020, la commercialisation des billets pour le quart de finale retour de la Ligue des champions contre Zamalek, chaque jour de 10h jusqu\u2019\u00e0 17 h jusqu&rsquo;au jour du match, vendredi 6 mars, \u00e0 partir de 20h au stade de Rad\u00e8s.","og_url":"https:\/\/kapitalis.com\/tunisie\/2020\/03\/02\/ligue-des-champions-lesperance-veut-un-stade-habille-en-sang-et-or\/","og_site_name":"Kapitalis","article_publisher":"https:\/\/www.facebook.com\/KapitalisInfo\/","article_published_time":"2020-03-02T17:51:39+00:00","article_modified_time":"2020-03-02T17:51:51+00:00","og_image":[{"url":"http:\/\/kapitalis.com\/tunisie\/wp-content\/uploads\/2018\/08\/Esperance-de-Tunis-Stade-de-Rades.jpg","type":"","width":"","height":""}],"author":"webmaster kapitalis","twitter_card":"summary_large_image","twitter_creator":"@KapitalisInfo","twitter_site":"@KapitalisInfo","twitter_misc":{"\u00c9crit par":"webmaster kapitalis","Dur\u00e9e de lecture estim\u00e9e":"1 minute"},"schema":{"@context":"https:\/\/schema.org","@graph":[{"@type":"Article","@id":"https:\/\/kapitalis.com\/tunisie\/2020\/03\/02\/ligue-des-champions-lesperance-veut-un-stade-habille-en-sang-et-or\/#article","isPartOf":{"@id":"https:\/\/kapitalis.com\/tunisie\/2020\/03\/02\/ligue-des-champions-lesperance-veut-un-stade-habille-en-sang-et-or\/"},"author":{"name":"webmaster kapitalis","@id":"https:\/\/kapitalis.com\/tunisie\/#\/schema\/person\/d71f33a9ca44f7bad4698210b480c8e9"},"headline":"Ligue des champions : l\u2019Esp\u00e9rance veut un stade habill\u00e9 en \u00absang et or\u00bb","datePublished":"2020-03-02T17:51:39+00:00","dateModified":"2020-03-02T17:51:51+00:00","mainEntityOfPage":{"@id":"https:\/\/kapitalis.com\/tunisie\/2020\/03\/02\/ligue-des-champions-lesperance-veut-un-stade-habille-en-sang-et-or\/"},"wordCount":260,"commentCount":0,"publisher":{"@id":"https:\/\/kapitalis.com\/tunisie\/#organization"},"image":{"@id":"https:\/\/kapitalis.com\/tunisie\/2020\/03\/02\/ligue-des-champions-lesperance-veut-un-stade-habille-en-sang-et-or\/#primaryimage"},"thumbnailUrl":"http:\/\/kapitalis.com\/tunisie\/wp-content\/uploads\/2018\/08\/Esperance-de-Tunis-Stade-de-Rades.jpg","keywords":["Esp\u00e9rance sportive de Tunis","Ligue des champions","Sang et Or","Zamalek du Caire"],"articleSection":["SPORT","Tunisie"],"inLanguage":"fr-FR","potentialAction":[{"@type":"CommentAction","name":"Comment","target":["https:\/\/kapitalis.com\/tunisie\/2020\/03\/02\/ligue-des-champions-lesperance-veut-un-stade-habille-en-sang-et-or\/#respond"]}]},{"@type":"WebPage","@id":"https:\/\/kapitalis.com\/tunisie\/2020\/03\/02\/ligue-des-champions-lesperance-veut-un-stade-habille-en-sang-et-or\/","url":"https:\/\/kapitalis.com\/tunisie\/2020\/03\/02\/ligue-des-champions-lesperance-veut-un-stade-habille-en-sang-et-or\/","name":"Ligue des champions : l\u2019Esp\u00e9rance veut un stade habill\u00e9 en \u00absang et or\u00bb - Kapitalis","isPartOf":{"@id":"https:\/\/kapitalis.com\/tunisie\/#website"},"primaryImageOfPage":{"@id":"https:\/\/kapitalis.com\/tunisie\/2020\/03\/02\/ligue-des-champions-lesperance-veut-un-stade-habille-en-sang-et-or\/#primaryimage"},"image":{"@id":"https:\/\/kapitalis.com\/tunisie\/2020\/03\/02\/ligue-des-champions-lesperance-veut-un-stade-habille-en-sang-et-or\/#primaryimage"},"thumbnailUrl":"http:\/\/kapitalis.com\/tunisie\/wp-content\/uploads\/2018\/08\/Esperance-de-Tunis-Stade-de-Rades.jpg","datePublished":"2020-03-02T17:51:39+00:00","dateModified":"2020-03-02T17:51:51+00:00","breadcrumb":{"@id":"https:\/\/kapitalis.com\/tunisie\/2020\/03\/02\/ligue-des-champions-lesperance-veut-un-stade-habille-en-sang-et-or\/#breadcrumb"},"inLanguage":"fr-FR","potentialAction":[{"@type":"ReadAction","target":["https:\/\/kapitalis.com\/tunisie\/2020\/03\/02\/ligue-des-champions-lesperance-veut-un-stade-habille-en-sang-et-or\/"]}]},{"@type":"ImageObject","inLanguage":"fr-FR","@id":"https:\/\/kapitalis.com\/tunisie\/2020\/03\/02\/ligue-des-champions-lesperance-veut-un-stade-habille-en-sang-et-or\/#primaryimage","url":"http:\/\/kapitalis.com\/tunisie\/wp-content\/uploads\/2018\/08\/Esperance-de-Tunis-Stade-de-Rades.jpg","contentUrl":"http:\/\/kapitalis.com\/tunisie\/wp-content\/uploads\/2018\/08\/Esperance-de-Tunis-Stade-de-Rades.jpg"},{"@type":"BreadcrumbList","@id":"https:\/\/kapitalis.com\/tunisie\/2020\/03\/02\/ligue-des-champions-lesperance-veut-un-stade-habille-en-sang-et-or\/#breadcrumb","itemListElement":[{"@type":"ListItem","position":1,"name":"Accueil","item":"https:\/\/kapitalis.com\/tunisie\/"},{"@type":"ListItem","position":2,"name":"Ligue des champions : l\u2019Esp\u00e9rance veut un stade habill\u00e9 en \u00absang et or\u00bb"}]},{"@type":"WebSite","@id":"https:\/\/kapitalis.com\/tunisie\/#website","url":"https:\/\/kapitalis.com\/tunisie\/","name":"Kapitalis","description":"L&#039;actualit\u00e9 en Tunisie et dans le monde","publisher":{"@id":"https:\/\/kapitalis.com\/tunisie\/#organization"},"potentialAction":[{"@type":"SearchAction","target":{"@type":"EntryPoint","urlTemplate":"https:\/\/kapitalis.com\/tunisie\/?s={search_term_string}"},"query-input":{"@type":"PropertyValueSpecification","valueRequired":true,"valueName":"search_term_string"}}],"inLanguage":"fr-FR"},{"@type":"Organization","@id":"https:\/\/kapitalis.com\/tunisie\/#organization","name":"Kapitalis","url":"https:\/\/kapitalis.com\/tunisie\/","logo":{"@type":"ImageObject","inLanguage":"fr-FR","@id":"https:\/\/kapitalis.com\/tunisie\/#\/schema\/logo\/image\/","url":"https:\/\/kapitalis.com\/tunisie\/wp-content\/uploads\/2022\/05\/Kapitalis-big-size.png","contentUrl":"https:\/\/kapitalis.com\/tunisie\/wp-content\/uploads\/2022\/05\/Kapitalis-big-size.png","width":5000,"height":1500,"caption":"Kapitalis"},"image":{"@id":"https:\/\/kapitalis.com\/tunisie\/#\/schema\/logo\/image\/"},"sameAs":["https:\/\/www.facebook.com\/KapitalisInfo\/","https:\/\/x.com\/KapitalisInfo","https:\/\/www.youtube.com\/channel\/UC-yDYrHyfFBWWZaOw3FPg9Q"]},{"@type":"Person","@id":"https:\/\/kapitalis.com\/tunisie\/#\/schema\/person\/d71f33a9ca44f7bad4698210b480c8e9","name":"webmaster kapitalis","url":"https:\/\/kapitalis.com\/tunisie\/author\/webmaster-kapitalis\/"}]}},"_links":{"self":[{"href":"https:\/\/kapitalis.com\/tunisie\/wp-json\/wp\/v2\/posts\/285106","targetHints":{"allow":["GET"]}}],"collection":[{"href":"https:\/\/kapitalis.com\/tunisie\/wp-json\/wp\/v2\/posts"}],"about":[{"href":"https:\/\/kapitalis.com\/tunisie\/wp-json\/wp\/v2\/types\/post"}],"author":[{"embeddable":true,"href":"https:\/\/kapitalis.com\/tunisie\/wp-json\/wp\/v2\/users\/8"}],"replies":[{"embeddable":true,"href":"https:\/\/kapitalis.com\/tunisie\/wp-json\/wp\/v2\/comments?post=285106"}],"version-history":[{"count":0,"href":"https:\/\/kapitalis.com\/tunisie\/wp-json\/wp\/v2\/posts\/285106\/revisions"}],"wp:attachment":[{"href":"https:\/\/kapitalis.com\/tunisie\/wp-json\/wp\/v2\/media?parent=285106"}],"wp:term":[{"taxonomy":"category","embeddable":true,"href":"https:\/\/kapitalis.com\/tunisie\/wp-json\/wp\/v2\/categories?post=285106"},{"taxonomy":"post_tag","embeddable":true,"href":"https:\/\/kapitalis.com\/tunisie\/wp-json\/wp\/v2\/tags?post=285106"}],"curies":[{"name":"wp","href":"https:\/\/api.w.org\/{rel}","templated":true}]}}