{"id":285499,"date":"2020-03-04T11:41:50","date_gmt":"2020-03-04T10:41:50","guid":{"rendered":"http:\/\/kapitalis.com\/tunisie\/?p=285499"},"modified":"2020-03-04T11:44:04","modified_gmt":"2020-03-04T10:44:04","slug":"abir-moussi-et-seif-makhlouf-meme-combat-pour-la-mediocrite","status":"publish","type":"post","link":"https:\/\/kapitalis.com\/tunisie\/2020\/03\/04\/abir-moussi-et-seif-makhlouf-meme-combat-pour-la-mediocrite\/","title":{"rendered":"Abir Moussi et Se\u00eff Makhlouf, m\u00eame combat\u2026 pour la m\u00e9diocrit\u00e9"},"content":{"rendered":"\n<figure class=\"wp-block-image size-large\"><img decoding=\"async\" src=\"http:\/\/kapitalis.com\/tunisie\/wp-content\/uploads\/2020\/03\/Seifeddine-Makhlouf-Abir-Moussi.jpg\" alt=\"\" class=\"wp-image-285501\"\/><\/figure>\n\n\n\n<p><strong><em> Selon le juriste Chedly Mamoghli, le d\u00e9bat public en Tunisie est bipolaris\u00e9 par Abir Moussi, pr\u00e9sidente du Parti destourien libre (PDL) et Se\u00effeddine Makhlouf, porte-parole de la coalition Al-Karama, qui tirent ce d\u00e9bat vers le bas.<\/em><\/strong><\/p>\n\n\n\n<p> Par <strong>Imed Bahri  <\/strong><\/p>\n\n\n\n<!--more-->\n\n\n\n<p> Les deux d\u00e9put\u00e9s ont peu de choses en commun, sauf de dominer leurs formations politiques respectives jusqu\u2019\u00e0 l\u2019\u00e9crasement. <em>\u00abDeux extr\u00e9mistes des deux bords atteints par les m\u00eames maux: la m\u00e9galomanie, le nombrilisme et l\u2019arrogance. Ils ont fait de l\u2019exc\u00e8s leur leitmotiv. Deux fascistes qui \u00e9l\u00e8vent la n\u00e9gation de l\u2019autre en raison d\u2019\u00eatre et en principal \u2018\u2018argument\u2019\u2019 politique\u00bb<\/em>, \u00e9crit Chedly Mamoghli dans un post facebook, publi\u00e9 mardi 3 mars 2020.<\/p>\n\n\n\n<h3 class=\"wp-block-heading\"> Les petites phrases, les clashs et la politique-spectacle<\/h3>\n\n\n\n<p> Selon le juriste, les deux dirigeants, appartenant \u00e0 des mouvements aux antipodes l\u2019un de l\u2019autre, <em>\u00abne sont obs\u00e9d\u00e9s que par une seule et unique chose: faire vibrer leur virage avec les petites phrases, les clashs et la politique-spectacle.\u00bb<\/em> D\u2019ailleurs, ajoute l\u2019analyste, <em>\u00abils n\u2019y vont pas de main morte et ne connaissent aucune limite. L\u2019h\u00e9micycle de l\u2019Assembl\u00e9e et les plateaux t\u00e9l\u00e9 sont leurs ar\u00e8nes. Et gare \u00e0 celui ou celle qui ose critiquer l\u2019un d\u2019eux. Leurs hooligans fanatis\u00e9s sur les r\u00e9seaux sociaux se chargent de son intimidation en crachent leur venin.\u00bb <\/em><\/p>\n\n\n\n<p> Tout en d\u00e9plorant <em>\u00abla confiscation et la bipolarisation du d\u00e9bat public\u00bb<\/em> par ces<em> \u00abdeux extr\u00e9mistes qui parce qu\u2019ils crient le plus fort possible et se livrent \u00e0 tous les exc\u00e8s marquent l\u2019opinion, l\u2019influencent et la fa\u00e7onnent \u00e0 bien des \u00e9gards\u00bb<\/em>, Chedly Mamoghli estime que cette situation est rendue possible <em>\u00abpar le r\u00e8gne de l\u2019instantan\u00e9 (qui se manifeste par les petites phrases, la politique spectacle et les clashs), un r\u00e8gne impos\u00e9 par les r\u00e9seaux sociaux et la grande place qu\u2019ils occupent et par l\u2019affaissement des m\u00e9dias conventionnels qui sont condamn\u00e9s \u00e0 se prendre au jeu ou dispara\u00eetre.\u00bb <\/em><\/p>\n\n\n\n<p> Cons\u00e9quence, tout aussi d\u00e9plorable, que souligne l\u2019auteur : <em>\u00abCeux qui parlent avec la raison sont ignor\u00e9s. Ceux qui parlent avec la passion sont \u00e9cout\u00e9s. Ceux qui parlent calmement sont marginalis\u00e9s. Ceux qui crient, qui hurlent et qui gueulent sont adul\u00e9s. Ceux qui ont une vision sont chass\u00e9s et ceux qui balancent n\u2019importe quoi sont idol\u00e2tr\u00e9s.\u00bb<\/em><\/p>\n\n\n\n<h3 class=\"wp-block-heading\"> Les agit\u00e9s du bocal font du buzz et de l\u2019audience <\/h3>\n\n\n\n<p> Ce diagnostic, d\u2019une rare lucidit\u00e9, explique, en partie, la m\u00e9diocrit\u00e9 du d\u00e9bat politique actuel en Tunisie o\u00f9 la d\u00e9mocratie, r\u00e9duite \u00e0 sa plus simple expression, \u00e0 savoir le rituel \u00e9lectoral, n\u2019a pas permis l\u2019\u00e9mergence de ce qu\u2019il y a de meilleur dans le pays mais a lib\u00e9r\u00e9 tous les monstres et rendu possible toutes les d\u00e9rives et tous les abus. <\/p>\n\n\n\n<p> On comprend d\u00e8s lors que, face \u00e0 tant de m\u00e9diocrit\u00e9, qui \u00e9c\u0153ure et qui d\u00e9sole, la cr\u00e8me du pays \u00e9vite les lumi\u00e8res voire se cache pour ne pas avoir \u00e0 subir l\u2019insulte, l\u2019offense et l\u2019intimidation, laissant la place, toute la place, aux agit\u00e9s du bocal comme Abir Moussi et Seifeddine Makhlouf, deux effront\u00e9s qui ne reculent devant aucune \u00e9normit\u00e9, ne craignant pas de se couvrir de ridicule et d\u2019\u00eatre la ris\u00e9e de leurs concitoyens. Et pour cause : ils savent, par exp\u00e9rience, que plus c\u2019est plus c\u2019est gros et plus c\u2019est grossier, plus \u00e7a buzze et plus \u00e7a donne de l\u2019audience. Lisez les commentaires satisfaits et ravis de leurs \u00abgroupies\u00bb sur les r\u00e9seaux sociaux, et vous aurez envie de vomir!<\/p>\n","protected":false},"excerpt":{"rendered":"<p>Selon le juriste Chedly Mamoghli, le d\u00e9bat public en Tunisie est bipolaris\u00e9 par Abir Moussi, pr\u00e9sidente du Parti destourien libre (PDL) et Se\u00effeddine Makhlouf, porte-parole de la coalition Al-Karama, qui tirent ce d\u00e9bat vers le bas. Par Imed Bahri<\/p>\n","protected":false},"author":8,"featured_media":285501,"comment_status":"open","ping_status":"open","sticky":false,"template":"","format":"standard","meta":{"footnotes":""},"categories":[992,997,2433],"tags":[15144,48111,67880,23927,8752],"class_list":["post-285499","post","type-post","status-publish","format-standard","has-post-thumbnail","hentry","category-a-la-une","category-politique","category-tunisie","tag-abir-moussi","tag-chedly-mamoghli","tag-coalition-al-karama","tag-parti-destourien-libre","tag-seifeddine-makhlouf"],"yoast_head":"<!-- This site is optimized with the Yoast SEO plugin v26.6 - https:\/\/yoast.com\/wordpress\/plugins\/seo\/ -->\n<title>Abir Moussi et Se\u00eff Makhlouf, m\u00eame combat\u2026 pour la m\u00e9diocrit\u00e9 - Kapitalis<\/title>\n<meta name=\"robots\" content=\"index, follow, max-snippet:-1, max-image-preview:large, max-video-preview:-1\" \/>\n<link rel=\"canonical\" href=\"https:\/\/kapitalis.com\/tunisie\/2020\/03\/04\/abir-moussi-et-seif-makhlouf-meme-combat-pour-la-mediocrite\/\" \/>\n<meta property=\"og:locale\" content=\"fr_FR\" \/>\n<meta property=\"og:type\" content=\"article\" \/>\n<meta property=\"og:title\" content=\"Abir Moussi et Se\u00eff Makhlouf, m\u00eame combat\u2026 pour la m\u00e9diocrit\u00e9 - Kapitalis\" \/>\n<meta property=\"og:description\" content=\"Selon le juriste Chedly Mamoghli, le d\u00e9bat public en Tunisie est bipolaris\u00e9 par Abir Moussi, pr\u00e9sidente du Parti destourien libre (PDL) et Se\u00effeddine Makhlouf, porte-parole de la coalition Al-Karama, qui tirent ce d\u00e9bat vers le bas. Par Imed Bahri\" \/>\n<meta property=\"og:url\" content=\"https:\/\/kapitalis.com\/tunisie\/2020\/03\/04\/abir-moussi-et-seif-makhlouf-meme-combat-pour-la-mediocrite\/\" \/>\n<meta property=\"og:site_name\" content=\"Kapitalis\" \/>\n<meta property=\"article:publisher\" content=\"https:\/\/www.facebook.com\/KapitalisInfo\/\" \/>\n<meta property=\"article:published_time\" content=\"2020-03-04T10:41:50+00:00\" \/>\n<meta property=\"article:modified_time\" content=\"2020-03-04T10:44:04+00:00\" \/>\n<meta property=\"og:image\" content=\"https:\/\/kapitalis.com\/tunisie\/wp-content\/uploads\/2022\/05\/kapitalis-logo-fb.png\" \/>\n\t<meta property=\"og:image:width\" content=\"1200\" \/>\n\t<meta property=\"og:image:height\" content=\"630\" \/>\n\t<meta property=\"og:image:type\" content=\"image\/png\" \/>\n<meta name=\"author\" content=\"webmaster kapitalis\" \/>\n<meta name=\"twitter:card\" content=\"summary_large_image\" \/>\n<meta name=\"twitter:creator\" content=\"@KapitalisInfo\" \/>\n<meta name=\"twitter:site\" content=\"@KapitalisInfo\" \/>\n<meta name=\"twitter:label1\" content=\"\u00c9crit par\" \/>\n\t<meta name=\"twitter:data1\" content=\"webmaster kapitalis\" \/>\n\t<meta name=\"twitter:label2\" content=\"Dur\u00e9e de lecture estim\u00e9e\" \/>\n\t<meta name=\"twitter:data2\" content=\"3 minutes\" \/>\n<script type=\"application\/ld+json\" class=\"yoast-schema-graph\">{\"@context\":\"https:\/\/schema.org\",\"@graph\":[{\"@type\":\"Article\",\"@id\":\"https:\/\/kapitalis.com\/tunisie\/2020\/03\/04\/abir-moussi-et-seif-makhlouf-meme-combat-pour-la-mediocrite\/#article\",\"isPartOf\":{\"@id\":\"https:\/\/kapitalis.com\/tunisie\/2020\/03\/04\/abir-moussi-et-seif-makhlouf-meme-combat-pour-la-mediocrite\/\"},\"author\":{\"name\":\"webmaster kapitalis\",\"@id\":\"https:\/\/kapitalis.com\/tunisie\/#\/schema\/person\/d71f33a9ca44f7bad4698210b480c8e9\"},\"headline\":\"Abir Moussi et Se\u00eff Makhlouf, m\u00eame combat\u2026 pour la m\u00e9diocrit\u00e9\",\"datePublished\":\"2020-03-04T10:41:50+00:00\",\"dateModified\":\"2020-03-04T10:44:04+00:00\",\"mainEntityOfPage\":{\"@id\":\"https:\/\/kapitalis.com\/tunisie\/2020\/03\/04\/abir-moussi-et-seif-makhlouf-meme-combat-pour-la-mediocrite\/\"},\"wordCount\":640,\"commentCount\":16,\"publisher\":{\"@id\":\"https:\/\/kapitalis.com\/tunisie\/#organization\"},\"image\":{\"@id\":\"https:\/\/kapitalis.com\/tunisie\/2020\/03\/04\/abir-moussi-et-seif-makhlouf-meme-combat-pour-la-mediocrite\/#primaryimage\"},\"thumbnailUrl\":\"\",\"keywords\":[\"Abir Moussi\",\"Chedly Mamoghli\",\"coalition Al-Karama\",\"Parti destourien libre\",\"Seifeddine Makhlouf\"],\"articleSection\":[\"A LA UNE\",\"POLITIQUE\",\"Tunisie\"],\"inLanguage\":\"fr-FR\",\"potentialAction\":[{\"@type\":\"CommentAction\",\"name\":\"Comment\",\"target\":[\"https:\/\/kapitalis.com\/tunisie\/2020\/03\/04\/abir-moussi-et-seif-makhlouf-meme-combat-pour-la-mediocrite\/#respond\"]}]},{\"@type\":\"WebPage\",\"@id\":\"https:\/\/kapitalis.com\/tunisie\/2020\/03\/04\/abir-moussi-et-seif-makhlouf-meme-combat-pour-la-mediocrite\/\",\"url\":\"https:\/\/kapitalis.com\/tunisie\/2020\/03\/04\/abir-moussi-et-seif-makhlouf-meme-combat-pour-la-mediocrite\/\",\"name\":\"Abir Moussi et Se\u00eff Makhlouf, m\u00eame combat\u2026 pour la m\u00e9diocrit\u00e9 - Kapitalis\",\"isPartOf\":{\"@id\":\"https:\/\/kapitalis.com\/tunisie\/#website\"},\"primaryImageOfPage\":{\"@id\":\"https:\/\/kapitalis.com\/tunisie\/2020\/03\/04\/abir-moussi-et-seif-makhlouf-meme-combat-pour-la-mediocrite\/#primaryimage\"},\"image\":{\"@id\":\"https:\/\/kapitalis.com\/tunisie\/2020\/03\/04\/abir-moussi-et-seif-makhlouf-meme-combat-pour-la-mediocrite\/#primaryimage\"},\"thumbnailUrl\":\"\",\"datePublished\":\"2020-03-04T10:41:50+00:00\",\"dateModified\":\"2020-03-04T10:44:04+00:00\",\"breadcrumb\":{\"@id\":\"https:\/\/kapitalis.com\/tunisie\/2020\/03\/04\/abir-moussi-et-seif-makhlouf-meme-combat-pour-la-mediocrite\/#breadcrumb\"},\"inLanguage\":\"fr-FR\",\"potentialAction\":[{\"@type\":\"ReadAction\",\"target\":[\"https:\/\/kapitalis.com\/tunisie\/2020\/03\/04\/abir-moussi-et-seif-makhlouf-meme-combat-pour-la-mediocrite\/\"]}]},{\"@type\":\"ImageObject\",\"inLanguage\":\"fr-FR\",\"@id\":\"https:\/\/kapitalis.com\/tunisie\/2020\/03\/04\/abir-moussi-et-seif-makhlouf-meme-combat-pour-la-mediocrite\/#primaryimage\",\"url\":\"\",\"contentUrl\":\"\"},{\"@type\":\"BreadcrumbList\",\"@id\":\"https:\/\/kapitalis.com\/tunisie\/2020\/03\/04\/abir-moussi-et-seif-makhlouf-meme-combat-pour-la-mediocrite\/#breadcrumb\",\"itemListElement\":[{\"@type\":\"ListItem\",\"position\":1,\"name\":\"Accueil\",\"item\":\"https:\/\/kapitalis.com\/tunisie\/\"},{\"@type\":\"ListItem\",\"position\":2,\"name\":\"Abir Moussi et Se\u00eff Makhlouf, m\u00eame combat\u2026 pour la m\u00e9diocrit\u00e9\"}]},{\"@type\":\"WebSite\",\"@id\":\"https:\/\/kapitalis.com\/tunisie\/#website\",\"url\":\"https:\/\/kapitalis.com\/tunisie\/\",\"name\":\"Kapitalis\",\"description\":\"L&#039;actualit\u00e9 en Tunisie et dans le monde\",\"publisher\":{\"@id\":\"https:\/\/kapitalis.com\/tunisie\/#organization\"},\"potentialAction\":[{\"@type\":\"SearchAction\",\"target\":{\"@type\":\"EntryPoint\",\"urlTemplate\":\"https:\/\/kapitalis.com\/tunisie\/?s={search_term_string}\"},\"query-input\":{\"@type\":\"PropertyValueSpecification\",\"valueRequired\":true,\"valueName\":\"search_term_string\"}}],\"inLanguage\":\"fr-FR\"},{\"@type\":\"Organization\",\"@id\":\"https:\/\/kapitalis.com\/tunisie\/#organization\",\"name\":\"Kapitalis\",\"url\":\"https:\/\/kapitalis.com\/tunisie\/\",\"logo\":{\"@type\":\"ImageObject\",\"inLanguage\":\"fr-FR\",\"@id\":\"https:\/\/kapitalis.com\/tunisie\/#\/schema\/logo\/image\/\",\"url\":\"https:\/\/kapitalis.com\/tunisie\/wp-content\/uploads\/2022\/05\/Kapitalis-big-size.png\",\"contentUrl\":\"https:\/\/kapitalis.com\/tunisie\/wp-content\/uploads\/2022\/05\/Kapitalis-big-size.png\",\"width\":5000,\"height\":1500,\"caption\":\"Kapitalis\"},\"image\":{\"@id\":\"https:\/\/kapitalis.com\/tunisie\/#\/schema\/logo\/image\/\"},\"sameAs\":[\"https:\/\/www.facebook.com\/KapitalisInfo\/\",\"https:\/\/x.com\/KapitalisInfo\",\"https:\/\/www.youtube.com\/channel\/UC-yDYrHyfFBWWZaOw3FPg9Q\"]},{\"@type\":\"Person\",\"@id\":\"https:\/\/kapitalis.com\/tunisie\/#\/schema\/person\/d71f33a9ca44f7bad4698210b480c8e9\",\"name\":\"webmaster kapitalis\",\"url\":\"https:\/\/kapitalis.com\/tunisie\/author\/webmaster-kapitalis\/\"}]}<\/script>\n<!-- \/ Yoast SEO plugin. -->","yoast_head_json":{"title":"Abir Moussi et Se\u00eff Makhlouf, m\u00eame combat\u2026 pour la m\u00e9diocrit\u00e9 - Kapitalis","robots":{"index":"index","follow":"follow","max-snippet":"max-snippet:-1","max-image-preview":"max-image-preview:large","max-video-preview":"max-video-preview:-1"},"canonical":"https:\/\/kapitalis.com\/tunisie\/2020\/03\/04\/abir-moussi-et-seif-makhlouf-meme-combat-pour-la-mediocrite\/","og_locale":"fr_FR","og_type":"article","og_title":"Abir Moussi et Se\u00eff Makhlouf, m\u00eame combat\u2026 pour la m\u00e9diocrit\u00e9 - Kapitalis","og_description":"Selon le juriste Chedly Mamoghli, le d\u00e9bat public en Tunisie est bipolaris\u00e9 par Abir Moussi, pr\u00e9sidente du Parti destourien libre (PDL) et Se\u00effeddine Makhlouf, porte-parole de la coalition Al-Karama, qui tirent ce d\u00e9bat vers le bas. Par Imed Bahri","og_url":"https:\/\/kapitalis.com\/tunisie\/2020\/03\/04\/abir-moussi-et-seif-makhlouf-meme-combat-pour-la-mediocrite\/","og_site_name":"Kapitalis","article_publisher":"https:\/\/www.facebook.com\/KapitalisInfo\/","article_published_time":"2020-03-04T10:41:50+00:00","article_modified_time":"2020-03-04T10:44:04+00:00","og_image":[{"width":1200,"height":630,"url":"https:\/\/kapitalis.com\/tunisie\/wp-content\/uploads\/2022\/05\/kapitalis-logo-fb.png","type":"image\/png"}],"author":"webmaster kapitalis","twitter_card":"summary_large_image","twitter_creator":"@KapitalisInfo","twitter_site":"@KapitalisInfo","twitter_misc":{"\u00c9crit par":"webmaster kapitalis","Dur\u00e9e de lecture estim\u00e9e":"3 minutes"},"schema":{"@context":"https:\/\/schema.org","@graph":[{"@type":"Article","@id":"https:\/\/kapitalis.com\/tunisie\/2020\/03\/04\/abir-moussi-et-seif-makhlouf-meme-combat-pour-la-mediocrite\/#article","isPartOf":{"@id":"https:\/\/kapitalis.com\/tunisie\/2020\/03\/04\/abir-moussi-et-seif-makhlouf-meme-combat-pour-la-mediocrite\/"},"author":{"name":"webmaster kapitalis","@id":"https:\/\/kapitalis.com\/tunisie\/#\/schema\/person\/d71f33a9ca44f7bad4698210b480c8e9"},"headline":"Abir Moussi et Se\u00eff Makhlouf, m\u00eame combat\u2026 pour la m\u00e9diocrit\u00e9","datePublished":"2020-03-04T10:41:50+00:00","dateModified":"2020-03-04T10:44:04+00:00","mainEntityOfPage":{"@id":"https:\/\/kapitalis.com\/tunisie\/2020\/03\/04\/abir-moussi-et-seif-makhlouf-meme-combat-pour-la-mediocrite\/"},"wordCount":640,"commentCount":16,"publisher":{"@id":"https:\/\/kapitalis.com\/tunisie\/#organization"},"image":{"@id":"https:\/\/kapitalis.com\/tunisie\/2020\/03\/04\/abir-moussi-et-seif-makhlouf-meme-combat-pour-la-mediocrite\/#primaryimage"},"thumbnailUrl":"","keywords":["Abir Moussi","Chedly Mamoghli","coalition Al-Karama","Parti destourien libre","Seifeddine Makhlouf"],"articleSection":["A LA UNE","POLITIQUE","Tunisie"],"inLanguage":"fr-FR","potentialAction":[{"@type":"CommentAction","name":"Comment","target":["https:\/\/kapitalis.com\/tunisie\/2020\/03\/04\/abir-moussi-et-seif-makhlouf-meme-combat-pour-la-mediocrite\/#respond"]}]},{"@type":"WebPage","@id":"https:\/\/kapitalis.com\/tunisie\/2020\/03\/04\/abir-moussi-et-seif-makhlouf-meme-combat-pour-la-mediocrite\/","url":"https:\/\/kapitalis.com\/tunisie\/2020\/03\/04\/abir-moussi-et-seif-makhlouf-meme-combat-pour-la-mediocrite\/","name":"Abir Moussi et Se\u00eff Makhlouf, m\u00eame combat\u2026 pour la m\u00e9diocrit\u00e9 - Kapitalis","isPartOf":{"@id":"https:\/\/kapitalis.com\/tunisie\/#website"},"primaryImageOfPage":{"@id":"https:\/\/kapitalis.com\/tunisie\/2020\/03\/04\/abir-moussi-et-seif-makhlouf-meme-combat-pour-la-mediocrite\/#primaryimage"},"image":{"@id":"https:\/\/kapitalis.com\/tunisie\/2020\/03\/04\/abir-moussi-et-seif-makhlouf-meme-combat-pour-la-mediocrite\/#primaryimage"},"thumbnailUrl":"","datePublished":"2020-03-04T10:41:50+00:00","dateModified":"2020-03-04T10:44:04+00:00","breadcrumb":{"@id":"https:\/\/kapitalis.com\/tunisie\/2020\/03\/04\/abir-moussi-et-seif-makhlouf-meme-combat-pour-la-mediocrite\/#breadcrumb"},"inLanguage":"fr-FR","potentialAction":[{"@type":"ReadAction","target":["https:\/\/kapitalis.com\/tunisie\/2020\/03\/04\/abir-moussi-et-seif-makhlouf-meme-combat-pour-la-mediocrite\/"]}]},{"@type":"ImageObject","inLanguage":"fr-FR","@id":"https:\/\/kapitalis.com\/tunisie\/2020\/03\/04\/abir-moussi-et-seif-makhlouf-meme-combat-pour-la-mediocrite\/#primaryimage","url":"","contentUrl":""},{"@type":"BreadcrumbList","@id":"https:\/\/kapitalis.com\/tunisie\/2020\/03\/04\/abir-moussi-et-seif-makhlouf-meme-combat-pour-la-mediocrite\/#breadcrumb","itemListElement":[{"@type":"ListItem","position":1,"name":"Accueil","item":"https:\/\/kapitalis.com\/tunisie\/"},{"@type":"ListItem","position":2,"name":"Abir Moussi et Se\u00eff Makhlouf, m\u00eame combat\u2026 pour la m\u00e9diocrit\u00e9"}]},{"@type":"WebSite","@id":"https:\/\/kapitalis.com\/tunisie\/#website","url":"https:\/\/kapitalis.com\/tunisie\/","name":"Kapitalis","description":"L&#039;actualit\u00e9 en Tunisie et dans le monde","publisher":{"@id":"https:\/\/kapitalis.com\/tunisie\/#organization"},"potentialAction":[{"@type":"SearchAction","target":{"@type":"EntryPoint","urlTemplate":"https:\/\/kapitalis.com\/tunisie\/?s={search_term_string}"},"query-input":{"@type":"PropertyValueSpecification","valueRequired":true,"valueName":"search_term_string"}}],"inLanguage":"fr-FR"},{"@type":"Organization","@id":"https:\/\/kapitalis.com\/tunisie\/#organization","name":"Kapitalis","url":"https:\/\/kapitalis.com\/tunisie\/","logo":{"@type":"ImageObject","inLanguage":"fr-FR","@id":"https:\/\/kapitalis.com\/tunisie\/#\/schema\/logo\/image\/","url":"https:\/\/kapitalis.com\/tunisie\/wp-content\/uploads\/2022\/05\/Kapitalis-big-size.png","contentUrl":"https:\/\/kapitalis.com\/tunisie\/wp-content\/uploads\/2022\/05\/Kapitalis-big-size.png","width":5000,"height":1500,"caption":"Kapitalis"},"image":{"@id":"https:\/\/kapitalis.com\/tunisie\/#\/schema\/logo\/image\/"},"sameAs":["https:\/\/www.facebook.com\/KapitalisInfo\/","https:\/\/x.com\/KapitalisInfo","https:\/\/www.youtube.com\/channel\/UC-yDYrHyfFBWWZaOw3FPg9Q"]},{"@type":"Person","@id":"https:\/\/kapitalis.com\/tunisie\/#\/schema\/person\/d71f33a9ca44f7bad4698210b480c8e9","name":"webmaster kapitalis","url":"https:\/\/kapitalis.com\/tunisie\/author\/webmaster-kapitalis\/"}]}},"_links":{"self":[{"href":"https:\/\/kapitalis.com\/tunisie\/wp-json\/wp\/v2\/posts\/285499","targetHints":{"allow":["GET"]}}],"collection":[{"href":"https:\/\/kapitalis.com\/tunisie\/wp-json\/wp\/v2\/posts"}],"about":[{"href":"https:\/\/kapitalis.com\/tunisie\/wp-json\/wp\/v2\/types\/post"}],"author":[{"embeddable":true,"href":"https:\/\/kapitalis.com\/tunisie\/wp-json\/wp\/v2\/users\/8"}],"replies":[{"embeddable":true,"href":"https:\/\/kapitalis.com\/tunisie\/wp-json\/wp\/v2\/comments?post=285499"}],"version-history":[{"count":0,"href":"https:\/\/kapitalis.com\/tunisie\/wp-json\/wp\/v2\/posts\/285499\/revisions"}],"wp:featuredmedia":[{"embeddable":true,"href":"https:\/\/kapitalis.com\/tunisie\/wp-json\/wp\/v2\/media\/285501"}],"wp:attachment":[{"href":"https:\/\/kapitalis.com\/tunisie\/wp-json\/wp\/v2\/media?parent=285499"}],"wp:term":[{"taxonomy":"category","embeddable":true,"href":"https:\/\/kapitalis.com\/tunisie\/wp-json\/wp\/v2\/categories?post=285499"},{"taxonomy":"post_tag","embeddable":true,"href":"https:\/\/kapitalis.com\/tunisie\/wp-json\/wp\/v2\/tags?post=285499"}],"curies":[{"name":"wp","href":"https:\/\/api.w.org\/{rel}","templated":true}]}}