{"id":285621,"date":"2020-03-04T17:49:45","date_gmt":"2020-03-04T16:49:45","guid":{"rendered":"http:\/\/kapitalis.com\/tunisie\/?p=285621"},"modified":"2020-03-05T07:12:27","modified_gmt":"2020-03-05T06:12:27","slug":"coronavirus-la-tunisie-decide-la-suspension-des-dessertes-maritimes-en-provenance-de-genes","status":"publish","type":"post","link":"https:\/\/kapitalis.com\/tunisie\/2020\/03\/04\/coronavirus-la-tunisie-decide-la-suspension-des-dessertes-maritimes-en-provenance-de-genes\/","title":{"rendered":"Coronavirus : La Tunisie d\u00e9cide la suspension des dessertes maritimes en provenance de G\u00eanes"},"content":{"rendered":"\n<figure class=\"wp-block-image size-large\"><img decoding=\"async\" src=\"http:\/\/kapitalis.com\/tunisie\/wp-content\/uploads\/2020\/02\/Port-Goulette-cam\u00e9ras-thermiques-coronavirus.jpg\" alt=\"\" class=\"wp-image-278100\"\/><\/figure>\n\n\n\n<p><em><strong>Le ministre de la Sant\u00e9, Abdellatif Mekki, a annonc\u00e9 aujourd&rsquo;hui, mercredi 4 mars 2020, la suspension des liaisons maritimes en provenance de G\u00eanes, et ce pour \u00e9viter le risque de propagation du coronavirus, qui a touch\u00e9, en Italie, plus de 2.500 personnes, faisant 80 morts.<\/strong><\/em><\/p>\n\n\n\n<!--more-->\n\n\n\n<p>Cette annonce a \u00e9t\u00e9 faite suite \u00e0 la r\u00e9union de la commission permanente du minist\u00e8re de la Sant\u00e9 et le conseil minist\u00e9riel organis\u00e9, ce matin, dans le cadre du renforcement des mesures de pr\u00e9caution, suite \u00e0 la d\u00e9couverte, lundi dernier, du 1er cas de contamination par le coronavirus confirm\u00e9, en Tunisie, sur un Tunisien arriv\u00e9 d&rsquo;Italie.<\/p>\n\n\n\n<p>Cette d\u00e9cision a \u00e9t\u00e9 prise en concertation avec le minist\u00e8re du Transport et les diff\u00e9rents repr\u00e9sentants de ce secteur, a pr\u00e9cis\u00e9 Abdellatif Mekki, en rappelant que les vols en provenance de l&rsquo;Italie seront tous transf\u00e9r\u00e9s au terminal 2 de l&rsquo;a\u00e9roport de Tunis-Carthage.<\/p>\n\n\n\n<p>Notons que l&rsquo;Italie, 3e pays le plus touch\u00e9 par le Covid-19 (apr\u00e8s la Chine et la Cor\u00e9e du Sud), a d\u00e9cid\u00e9 de fermer les \u00e9coles et les universit\u00e9s, durant les prochains jours, selon la ministre italienne de l&rsquo;\u00c9ducation, Lucia Azzolina.<\/p>\n\n\n\n<p class=\"has-text-align-right\"><strong>Y. N.<\/strong><\/p>\n\n\n\n<figure class=\"wp-block-embed-wordpress wp-block-embed is-type-wp-embed is-provider-kapitalis\"><div class=\"wp-block-embed__wrapper\">\n<blockquote class=\"wp-embedded-content\" data-secret=\"VBkbfaHofn\"><a href=\"https:\/\/kapitalis.com\/tunisie\/2020\/03\/03\/coronavirus-transfert-des-vols-en-provenance-de-litalie-au-terminal-2-de-laeroport-de-tunis-carthage\/\">Coronavirus : Transfert des vols en provenance de l\u2019Italie au terminal 2 de l\u2019a\u00e9roport de Tunis-Carthage<\/a><\/blockquote><iframe loading=\"lazy\" class=\"wp-embedded-content\" sandbox=\"allow-scripts\" security=\"restricted\" style=\"position: absolute; clip: rect(1px, 1px, 1px, 1px);\" title=\"\u00ab\u00a0Coronavirus : Transfert des vols en provenance de l\u2019Italie au terminal 2 de l\u2019a\u00e9roport de Tunis-Carthage\u00a0\u00bb &#8212; Kapitalis\" src=\"https:\/\/kapitalis.com\/tunisie\/2020\/03\/03\/coronavirus-transfert-des-vols-en-provenance-de-litalie-au-terminal-2-de-laeroport-de-tunis-carthage\/embed\/#?secret=ErWtTKnaYq#?secret=VBkbfaHofn\" data-secret=\"VBkbfaHofn\" width=\"600\" height=\"338\" frameborder=\"0\" marginwidth=\"0\" marginheight=\"0\" scrolling=\"no\"><\/iframe>\n<\/div><\/figure>\n","protected":false},"excerpt":{"rendered":"<p>Le ministre de la Sant\u00e9, Abdellatif Mekki, a annonc\u00e9 aujourd&rsquo;hui, mercredi 4 mars 2020, la suspension des liaisons maritimes en provenance de G\u00eanes, et ce pour \u00e9viter le risque de propagation du coronavirus, qui a touch\u00e9, en Italie, plus de 2.500 personnes, faisant 80 morts.<\/p>\n","protected":false},"author":6,"featured_media":0,"comment_status":"open","ping_status":"open","sticky":false,"template":"","format":"standard","meta":{"footnotes":""},"categories":[998,2433],"tags":[17,73060,2264,505,75934,75935,810,962],"class_list":["post-285621","post","type-post","status-publish","format-standard","hentry","category-societe","category-tunisie","tag-abdellatif-mekki","tag-coronavirus","tag-genes","tag-italie","tag-liaisons-maritimes","tag-propagation","tag-sante","tag-voyages"],"yoast_head":"<!-- This site is optimized with the Yoast SEO plugin v26.6 - https:\/\/yoast.com\/wordpress\/plugins\/seo\/ -->\n<title>Coronavirus : La Tunisie d\u00e9cide la suspension des dessertes maritimes en provenance de G\u00eanes - Kapitalis<\/title>\n<meta name=\"robots\" content=\"index, follow, max-snippet:-1, max-image-preview:large, max-video-preview:-1\" \/>\n<link rel=\"canonical\" href=\"https:\/\/kapitalis.com\/tunisie\/2020\/03\/04\/coronavirus-la-tunisie-decide-la-suspension-des-dessertes-maritimes-en-provenance-de-genes\/\" \/>\n<meta property=\"og:locale\" content=\"fr_FR\" \/>\n<meta property=\"og:type\" content=\"article\" \/>\n<meta property=\"og:title\" content=\"Coronavirus : La Tunisie d\u00e9cide la suspension des dessertes maritimes en provenance de G\u00eanes - Kapitalis\" \/>\n<meta property=\"og:description\" content=\"Le ministre de la Sant\u00e9, Abdellatif Mekki, a annonc\u00e9 aujourd&rsquo;hui, mercredi 4 mars 2020, la suspension des liaisons maritimes en provenance de G\u00eanes, et ce pour \u00e9viter le risque de propagation du coronavirus, qui a touch\u00e9, en Italie, plus de 2.500 personnes, faisant 80 morts.\" \/>\n<meta property=\"og:url\" content=\"https:\/\/kapitalis.com\/tunisie\/2020\/03\/04\/coronavirus-la-tunisie-decide-la-suspension-des-dessertes-maritimes-en-provenance-de-genes\/\" \/>\n<meta property=\"og:site_name\" content=\"Kapitalis\" \/>\n<meta property=\"article:publisher\" content=\"https:\/\/www.facebook.com\/KapitalisInfo\/\" \/>\n<meta property=\"article:published_time\" content=\"2020-03-04T16:49:45+00:00\" \/>\n<meta property=\"article:modified_time\" content=\"2020-03-05T06:12:27+00:00\" \/>\n<meta property=\"og:image\" content=\"https:\/\/kapitalis.com\/tunisie\/wp-content\/uploads\/2022\/05\/kapitalis-logo-fb.png\" \/>\n\t<meta property=\"og:image:width\" content=\"1200\" \/>\n\t<meta property=\"og:image:height\" content=\"630\" \/>\n\t<meta property=\"og:image:type\" content=\"image\/png\" \/>\n<meta name=\"author\" content=\"Yusra NY\" \/>\n<meta name=\"twitter:card\" content=\"summary_large_image\" \/>\n<meta name=\"twitter:creator\" content=\"@KapitalisInfo\" \/>\n<meta name=\"twitter:site\" content=\"@KapitalisInfo\" \/>\n<meta name=\"twitter:label1\" content=\"\u00c9crit par\" \/>\n\t<meta name=\"twitter:data1\" content=\"Yusra NY\" \/>\n\t<meta name=\"twitter:label2\" content=\"Dur\u00e9e de lecture estim\u00e9e\" \/>\n\t<meta name=\"twitter:data2\" content=\"1 minute\" \/>\n<script type=\"application\/ld+json\" class=\"yoast-schema-graph\">{\"@context\":\"https:\/\/schema.org\",\"@graph\":[{\"@type\":\"Article\",\"@id\":\"https:\/\/kapitalis.com\/tunisie\/2020\/03\/04\/coronavirus-la-tunisie-decide-la-suspension-des-dessertes-maritimes-en-provenance-de-genes\/#article\",\"isPartOf\":{\"@id\":\"https:\/\/kapitalis.com\/tunisie\/2020\/03\/04\/coronavirus-la-tunisie-decide-la-suspension-des-dessertes-maritimes-en-provenance-de-genes\/\"},\"author\":{\"name\":\"Yusra NY\",\"@id\":\"https:\/\/kapitalis.com\/tunisie\/#\/schema\/person\/74bbde0154d49d790a92aaeac5bc01d5\"},\"headline\":\"Coronavirus : La Tunisie d\u00e9cide la suspension des dessertes maritimes en provenance de G\u00eanes\",\"datePublished\":\"2020-03-04T16:49:45+00:00\",\"dateModified\":\"2020-03-05T06:12:27+00:00\",\"mainEntityOfPage\":{\"@id\":\"https:\/\/kapitalis.com\/tunisie\/2020\/03\/04\/coronavirus-la-tunisie-decide-la-suspension-des-dessertes-maritimes-en-provenance-de-genes\/\"},\"wordCount\":218,\"commentCount\":0,\"publisher\":{\"@id\":\"https:\/\/kapitalis.com\/tunisie\/#organization\"},\"keywords\":[\"Abdellatif Mekki\",\"Coronavirus\",\"G\u00eanes\",\"Italie\",\"liaisons maritimes\",\"propagation\",\"Sant\u00e9\",\"voyages\"],\"articleSection\":[\"SOCIETE\",\"Tunisie\"],\"inLanguage\":\"fr-FR\",\"potentialAction\":[{\"@type\":\"CommentAction\",\"name\":\"Comment\",\"target\":[\"https:\/\/kapitalis.com\/tunisie\/2020\/03\/04\/coronavirus-la-tunisie-decide-la-suspension-des-dessertes-maritimes-en-provenance-de-genes\/#respond\"]}]},{\"@type\":\"WebPage\",\"@id\":\"https:\/\/kapitalis.com\/tunisie\/2020\/03\/04\/coronavirus-la-tunisie-decide-la-suspension-des-dessertes-maritimes-en-provenance-de-genes\/\",\"url\":\"https:\/\/kapitalis.com\/tunisie\/2020\/03\/04\/coronavirus-la-tunisie-decide-la-suspension-des-dessertes-maritimes-en-provenance-de-genes\/\",\"name\":\"Coronavirus : La Tunisie d\u00e9cide la suspension des dessertes maritimes en provenance de G\u00eanes - Kapitalis\",\"isPartOf\":{\"@id\":\"https:\/\/kapitalis.com\/tunisie\/#website\"},\"datePublished\":\"2020-03-04T16:49:45+00:00\",\"dateModified\":\"2020-03-05T06:12:27+00:00\",\"breadcrumb\":{\"@id\":\"https:\/\/kapitalis.com\/tunisie\/2020\/03\/04\/coronavirus-la-tunisie-decide-la-suspension-des-dessertes-maritimes-en-provenance-de-genes\/#breadcrumb\"},\"inLanguage\":\"fr-FR\",\"potentialAction\":[{\"@type\":\"ReadAction\",\"target\":[\"https:\/\/kapitalis.com\/tunisie\/2020\/03\/04\/coronavirus-la-tunisie-decide-la-suspension-des-dessertes-maritimes-en-provenance-de-genes\/\"]}]},{\"@type\":\"BreadcrumbList\",\"@id\":\"https:\/\/kapitalis.com\/tunisie\/2020\/03\/04\/coronavirus-la-tunisie-decide-la-suspension-des-dessertes-maritimes-en-provenance-de-genes\/#breadcrumb\",\"itemListElement\":[{\"@type\":\"ListItem\",\"position\":1,\"name\":\"Accueil\",\"item\":\"https:\/\/kapitalis.com\/tunisie\/\"},{\"@type\":\"ListItem\",\"position\":2,\"name\":\"Coronavirus : La Tunisie d\u00e9cide la suspension des dessertes maritimes en provenance de G\u00eanes\"}]},{\"@type\":\"WebSite\",\"@id\":\"https:\/\/kapitalis.com\/tunisie\/#website\",\"url\":\"https:\/\/kapitalis.com\/tunisie\/\",\"name\":\"Kapitalis\",\"description\":\"L&#039;actualit\u00e9 en Tunisie et dans le monde\",\"publisher\":{\"@id\":\"https:\/\/kapitalis.com\/tunisie\/#organization\"},\"potentialAction\":[{\"@type\":\"SearchAction\",\"target\":{\"@type\":\"EntryPoint\",\"urlTemplate\":\"https:\/\/kapitalis.com\/tunisie\/?s={search_term_string}\"},\"query-input\":{\"@type\":\"PropertyValueSpecification\",\"valueRequired\":true,\"valueName\":\"search_term_string\"}}],\"inLanguage\":\"fr-FR\"},{\"@type\":\"Organization\",\"@id\":\"https:\/\/kapitalis.com\/tunisie\/#organization\",\"name\":\"Kapitalis\",\"url\":\"https:\/\/kapitalis.com\/tunisie\/\",\"logo\":{\"@type\":\"ImageObject\",\"inLanguage\":\"fr-FR\",\"@id\":\"https:\/\/kapitalis.com\/tunisie\/#\/schema\/logo\/image\/\",\"url\":\"https:\/\/kapitalis.com\/tunisie\/wp-content\/uploads\/2022\/05\/Kapitalis-big-size.png\",\"contentUrl\":\"https:\/\/kapitalis.com\/tunisie\/wp-content\/uploads\/2022\/05\/Kapitalis-big-size.png\",\"width\":5000,\"height\":1500,\"caption\":\"Kapitalis\"},\"image\":{\"@id\":\"https:\/\/kapitalis.com\/tunisie\/#\/schema\/logo\/image\/\"},\"sameAs\":[\"https:\/\/www.facebook.com\/KapitalisInfo\/\",\"https:\/\/x.com\/KapitalisInfo\",\"https:\/\/www.youtube.com\/channel\/UC-yDYrHyfFBWWZaOw3FPg9Q\"]},{\"@type\":\"Person\",\"@id\":\"https:\/\/kapitalis.com\/tunisie\/#\/schema\/person\/74bbde0154d49d790a92aaeac5bc01d5\",\"name\":\"Yusra NY\",\"url\":\"https:\/\/kapitalis.com\/tunisie\/author\/yuza_adam\/\"}]}<\/script>\n<!-- \/ Yoast SEO plugin. -->","yoast_head_json":{"title":"Coronavirus : La Tunisie d\u00e9cide la suspension des dessertes maritimes en provenance de G\u00eanes - Kapitalis","robots":{"index":"index","follow":"follow","max-snippet":"max-snippet:-1","max-image-preview":"max-image-preview:large","max-video-preview":"max-video-preview:-1"},"canonical":"https:\/\/kapitalis.com\/tunisie\/2020\/03\/04\/coronavirus-la-tunisie-decide-la-suspension-des-dessertes-maritimes-en-provenance-de-genes\/","og_locale":"fr_FR","og_type":"article","og_title":"Coronavirus : La Tunisie d\u00e9cide la suspension des dessertes maritimes en provenance de G\u00eanes - Kapitalis","og_description":"Le ministre de la Sant\u00e9, Abdellatif Mekki, a annonc\u00e9 aujourd&rsquo;hui, mercredi 4 mars 2020, la suspension des liaisons maritimes en provenance de G\u00eanes, et ce pour \u00e9viter le risque de propagation du coronavirus, qui a touch\u00e9, en Italie, plus de 2.500 personnes, faisant 80 morts.","og_url":"https:\/\/kapitalis.com\/tunisie\/2020\/03\/04\/coronavirus-la-tunisie-decide-la-suspension-des-dessertes-maritimes-en-provenance-de-genes\/","og_site_name":"Kapitalis","article_publisher":"https:\/\/www.facebook.com\/KapitalisInfo\/","article_published_time":"2020-03-04T16:49:45+00:00","article_modified_time":"2020-03-05T06:12:27+00:00","og_image":[{"width":1200,"height":630,"url":"https:\/\/kapitalis.com\/tunisie\/wp-content\/uploads\/2022\/05\/kapitalis-logo-fb.png","type":"image\/png"}],"author":"Yusra NY","twitter_card":"summary_large_image","twitter_creator":"@KapitalisInfo","twitter_site":"@KapitalisInfo","twitter_misc":{"\u00c9crit par":"Yusra NY","Dur\u00e9e de lecture estim\u00e9e":"1 minute"},"schema":{"@context":"https:\/\/schema.org","@graph":[{"@type":"Article","@id":"https:\/\/kapitalis.com\/tunisie\/2020\/03\/04\/coronavirus-la-tunisie-decide-la-suspension-des-dessertes-maritimes-en-provenance-de-genes\/#article","isPartOf":{"@id":"https:\/\/kapitalis.com\/tunisie\/2020\/03\/04\/coronavirus-la-tunisie-decide-la-suspension-des-dessertes-maritimes-en-provenance-de-genes\/"},"author":{"name":"Yusra NY","@id":"https:\/\/kapitalis.com\/tunisie\/#\/schema\/person\/74bbde0154d49d790a92aaeac5bc01d5"},"headline":"Coronavirus : La Tunisie d\u00e9cide la suspension des dessertes maritimes en provenance de G\u00eanes","datePublished":"2020-03-04T16:49:45+00:00","dateModified":"2020-03-05T06:12:27+00:00","mainEntityOfPage":{"@id":"https:\/\/kapitalis.com\/tunisie\/2020\/03\/04\/coronavirus-la-tunisie-decide-la-suspension-des-dessertes-maritimes-en-provenance-de-genes\/"},"wordCount":218,"commentCount":0,"publisher":{"@id":"https:\/\/kapitalis.com\/tunisie\/#organization"},"keywords":["Abdellatif Mekki","Coronavirus","G\u00eanes","Italie","liaisons maritimes","propagation","Sant\u00e9","voyages"],"articleSection":["SOCIETE","Tunisie"],"inLanguage":"fr-FR","potentialAction":[{"@type":"CommentAction","name":"Comment","target":["https:\/\/kapitalis.com\/tunisie\/2020\/03\/04\/coronavirus-la-tunisie-decide-la-suspension-des-dessertes-maritimes-en-provenance-de-genes\/#respond"]}]},{"@type":"WebPage","@id":"https:\/\/kapitalis.com\/tunisie\/2020\/03\/04\/coronavirus-la-tunisie-decide-la-suspension-des-dessertes-maritimes-en-provenance-de-genes\/","url":"https:\/\/kapitalis.com\/tunisie\/2020\/03\/04\/coronavirus-la-tunisie-decide-la-suspension-des-dessertes-maritimes-en-provenance-de-genes\/","name":"Coronavirus : La Tunisie d\u00e9cide la suspension des dessertes maritimes en provenance de G\u00eanes - Kapitalis","isPartOf":{"@id":"https:\/\/kapitalis.com\/tunisie\/#website"},"datePublished":"2020-03-04T16:49:45+00:00","dateModified":"2020-03-05T06:12:27+00:00","breadcrumb":{"@id":"https:\/\/kapitalis.com\/tunisie\/2020\/03\/04\/coronavirus-la-tunisie-decide-la-suspension-des-dessertes-maritimes-en-provenance-de-genes\/#breadcrumb"},"inLanguage":"fr-FR","potentialAction":[{"@type":"ReadAction","target":["https:\/\/kapitalis.com\/tunisie\/2020\/03\/04\/coronavirus-la-tunisie-decide-la-suspension-des-dessertes-maritimes-en-provenance-de-genes\/"]}]},{"@type":"BreadcrumbList","@id":"https:\/\/kapitalis.com\/tunisie\/2020\/03\/04\/coronavirus-la-tunisie-decide-la-suspension-des-dessertes-maritimes-en-provenance-de-genes\/#breadcrumb","itemListElement":[{"@type":"ListItem","position":1,"name":"Accueil","item":"https:\/\/kapitalis.com\/tunisie\/"},{"@type":"ListItem","position":2,"name":"Coronavirus : La Tunisie d\u00e9cide la suspension des dessertes maritimes en provenance de G\u00eanes"}]},{"@type":"WebSite","@id":"https:\/\/kapitalis.com\/tunisie\/#website","url":"https:\/\/kapitalis.com\/tunisie\/","name":"Kapitalis","description":"L&#039;actualit\u00e9 en Tunisie et dans le monde","publisher":{"@id":"https:\/\/kapitalis.com\/tunisie\/#organization"},"potentialAction":[{"@type":"SearchAction","target":{"@type":"EntryPoint","urlTemplate":"https:\/\/kapitalis.com\/tunisie\/?s={search_term_string}"},"query-input":{"@type":"PropertyValueSpecification","valueRequired":true,"valueName":"search_term_string"}}],"inLanguage":"fr-FR"},{"@type":"Organization","@id":"https:\/\/kapitalis.com\/tunisie\/#organization","name":"Kapitalis","url":"https:\/\/kapitalis.com\/tunisie\/","logo":{"@type":"ImageObject","inLanguage":"fr-FR","@id":"https:\/\/kapitalis.com\/tunisie\/#\/schema\/logo\/image\/","url":"https:\/\/kapitalis.com\/tunisie\/wp-content\/uploads\/2022\/05\/Kapitalis-big-size.png","contentUrl":"https:\/\/kapitalis.com\/tunisie\/wp-content\/uploads\/2022\/05\/Kapitalis-big-size.png","width":5000,"height":1500,"caption":"Kapitalis"},"image":{"@id":"https:\/\/kapitalis.com\/tunisie\/#\/schema\/logo\/image\/"},"sameAs":["https:\/\/www.facebook.com\/KapitalisInfo\/","https:\/\/x.com\/KapitalisInfo","https:\/\/www.youtube.com\/channel\/UC-yDYrHyfFBWWZaOw3FPg9Q"]},{"@type":"Person","@id":"https:\/\/kapitalis.com\/tunisie\/#\/schema\/person\/74bbde0154d49d790a92aaeac5bc01d5","name":"Yusra NY","url":"https:\/\/kapitalis.com\/tunisie\/author\/yuza_adam\/"}]}},"_links":{"self":[{"href":"https:\/\/kapitalis.com\/tunisie\/wp-json\/wp\/v2\/posts\/285621","targetHints":{"allow":["GET"]}}],"collection":[{"href":"https:\/\/kapitalis.com\/tunisie\/wp-json\/wp\/v2\/posts"}],"about":[{"href":"https:\/\/kapitalis.com\/tunisie\/wp-json\/wp\/v2\/types\/post"}],"author":[{"embeddable":true,"href":"https:\/\/kapitalis.com\/tunisie\/wp-json\/wp\/v2\/users\/6"}],"replies":[{"embeddable":true,"href":"https:\/\/kapitalis.com\/tunisie\/wp-json\/wp\/v2\/comments?post=285621"}],"version-history":[{"count":0,"href":"https:\/\/kapitalis.com\/tunisie\/wp-json\/wp\/v2\/posts\/285621\/revisions"}],"wp:attachment":[{"href":"https:\/\/kapitalis.com\/tunisie\/wp-json\/wp\/v2\/media?parent=285621"}],"wp:term":[{"taxonomy":"category","embeddable":true,"href":"https:\/\/kapitalis.com\/tunisie\/wp-json\/wp\/v2\/categories?post=285621"},{"taxonomy":"post_tag","embeddable":true,"href":"https:\/\/kapitalis.com\/tunisie\/wp-json\/wp\/v2\/tags?post=285621"}],"curies":[{"name":"wp","href":"https:\/\/api.w.org\/{rel}","templated":true}]}}