{"id":285829,"date":"2020-03-06T10:45:41","date_gmt":"2020-03-06T09:45:41","guid":{"rendered":"http:\/\/kapitalis.com\/tunisie\/?p=285829"},"modified":"2020-03-06T10:45:43","modified_gmt":"2020-03-06T09:45:43","slug":"envirofest-2020-quand-le-7e-art-se-met-au-service-de-la-cause-environnementale","status":"publish","type":"post","link":"https:\/\/kapitalis.com\/tunisie\/2020\/03\/06\/envirofest-2020-quand-le-7e-art-se-met-au-service-de-la-cause-environnementale\/","title":{"rendered":"Envirofest 2020 : Quand le 7e Art se met au service de la cause environnementale"},"content":{"rendered":"\n<figure class=\"wp-block-image size-large\"><img decoding=\"async\" src=\"http:\/\/kapitalis.com\/tunisie\/wp-content\/uploads\/2020\/03\/affiche-2.jpg\" alt=\"\" class=\"wp-image-285972\"\/><\/figure>\n\n\n\n<p><strong><em>La 3<sup>e<\/sup> \u00e9dition du Festival international du film environnemental de Tunisie (Envirofest 2020) d\u00e9marrera le 14 mars \u00e0 Tunis et se poursuivra par la suite dans les r\u00e9gions jusqu\u2019au mois d\u2019octobre.<\/em><\/strong><\/p>\n\n\n\n<p> Par <strong>Fawz Ben Ali<\/strong> <\/p>\n\n\n\n<!--more-->\n\n\n\n<p>Lanc\u00e9 en 2018 par l\u2019Association Tunisian Cinema Foundation sous la direction de Hichem Ben Khamsa, qui fait \u00e9galement partie du comit\u00e9 organisateur des Journ\u00e9es cin\u00e9matographiques de Carthage, l&rsquo;Envirofest est un festival de cin\u00e9ma d\u00e9di\u00e9 \u00e0 la cause environnementale, une occasion pour sensibiliser le grand public sur l\u2019urgence d\u2019agir pour l\u2019\u00e9quilibre \u00e9cologique \u00e0 travers un outil populaire, \u00e0 savoir le 7<sup>e<\/sup> art.<\/p>\n\n\n\n<h4 class=\"wp-block-heading\"><strong>A Tunis et dans les r\u00e9gions<\/strong><\/h4>\n\n\n\n<p>Hichem Ben Khamsa a tenu un point de presse, le jeudi 5 mars 2020, \u00e0 la Cin\u00e9math\u00e8que tunisienne, Cit\u00e9 de la Culture de Tunis, afin de d\u00e9voiler le programme de cette nouvelle \u00e9dition et les diff\u00e9rentes activit\u00e9s qui accompagneront les projections des films.<\/p>\n\n\n\n<p>Le festival sera cette ann\u00e9e pr\u00e9sent dans 12 villes en plus de la capitale (Bizerte, Kef, Monastir, Sfax, Djerba, Tozeur, Gab\u00e8s \u2026). Une tourn\u00e9e r\u00e9gionale est pr\u00e9vu \u00e0 partir du mois d\u2019avril et jusqu\u2019en octobre gr\u00e2ce \u00e0 une coordination \u00e9tablie avec les associations locales et les cin\u00e9-clubs. Des programmes diff\u00e9rents\u00a0ont d\u2019ailleurs \u00e9t\u00e9 mis au point pour aborder les probl\u00e8mes \u00e9cologiques sp\u00e9cifiques \u00e0 chaque r\u00e9gion.<\/p>\n\n\n\n<div class=\"wp-block-image\"><figure class=\"aligncenter size-large is-resized\"><img decoding=\"async\" src=\"http:\/\/kapitalis.com\/tunisie\/wp-content\/uploads\/2020\/03\/Untitled-1-2.jpg\" alt=\"\" class=\"wp-image-285974\" width=\"500\"\/><figcaption><em>Point de presse \u00e0 la Cit\u00e9 de la Culture<\/em> de Tunis.<\/figcaption><\/figure><\/div>\n\n\n\n<p>Pour la premi\u00e8re \u00e9tape du festival (Tunis), la Cin\u00e9math\u00e8que accueillera durant 7 jours des projections gratuites d\u2019une dizaine de films autour de la question environnementale, mais abordant chacun une th\u00e9matique bien sp\u00e9cifique (changement climatique, biodiversit\u00e9, surconsommation, industrie alimentaire, impact du plastique, extinction des esp\u00e8ces animales\u2026)<\/p>\n\n\n\n<p>Gr\u00e2ce \u00e0 des partenariats avec des organismes comme l\u2019Union Europ\u00e9enne, l\u2019Office international de la migration (OIM), l\u2019ambassade du Canada, l\u2019Institut fran\u00e7ais de Tunisie (IFT), le Centre culturel italien de Tunis \u2026, le festival a pu avoir les droits de diffusion de films tr\u00e8s r\u00e9cents et prim\u00e9s dans des festivals internationaux, comme le film d\u2019ouverture \u00ab\u00a0<em>Great Green Wall<\/em>\u00a0\u00bb (Grande Bretagne) qui sera diffus\u00e9e pour la premi\u00e8re fois sur le continent africain, le film de cl\u00f4ture \u00ab\u00a0<em>2040<\/em>\u00a0\u00bb (Australie), ou encore \u00ab\u00a0<em>Our planet<\/em>\u00a0\u00bb (un film britannique produit par Netflix), \u00ab\u00a0<em>Sharkwater\u00a0exctinction<\/em>\u00a0\u00bb (Canada) \u2026<\/p>\n\n\n\n<div class=\"wp-block-image\"><figure class=\"aligncenter size-large is-resized\"><img decoding=\"async\" src=\"http:\/\/kapitalis.com\/tunisie\/wp-content\/uploads\/2020\/03\/deux-affiches-.jpg\" alt=\"\" class=\"wp-image-285976\" width=\"500\"\/><figcaption>\u00ab\u00a0Great Green Wall\u00a0\u00bb (Film d&rsquo;ouverture) et \u00ab\u00a02040\u00a0\u00bb (Film de cl\u00f4ture)<\/figcaption><\/figure><\/div>\n\n\n\n<h4 class=\"wp-block-heading\"><strong>Des films, mais pas que\u2026<\/strong><\/h4>\n\n\n\n<p>Le festival co\u00efncidera avec le d\u00e9but des vacances scolaires, ce qui permettra selon les organisateurs de compter sur une forte participation de la part des jeunes et m\u00eame des enfants. Ces derniers b\u00e9n\u00e9ficient d\u2019ailleurs du programme parall\u00e8le \u00ab<em>Envirofest Kids<\/em>\u00bb qui comprend non seulement des projections de films, mais \u00e9galement des activit\u00e9s ludiques comme les ateliers de recyclage et de th\u00e9\u00e2tre. Les enfants sont invit\u00e9s \u00e0 fabriquer des marionnettes \u00e0 partir de vieilles bouteilles en plastique puis de s\u2019en servir dans les spectacles de th\u00e9\u00e2tre avec l\u2019aide d\u2019un marionnettiste et d\u2019un conteur.<\/p>\n\n\n\n<p>Le d\u00e9bat\nrepr\u00e9sente un axe tr\u00e8s important dans la programmation de cette \u00e9dition,\nsouligne Hichem Ben Khamsa. Ainsi, chaque projection de film sera suivie d\u2019un\nd\u00e9bat avec des experts et des scientifiques, permettant de r\u00e9fl\u00e9chir ensemble\nsur d\u2019\u00e9ventuelles solutions et des plans d\u2019action pour sauver notre\nenvironnement.<\/p>\n\n\n\n<p>Parall\u00e8lement aux films, le festival offre au public l\u2019espace <em>\u00abDigital Lab<\/em>\u00bb de r\u00e9alit\u00e9 virtuelle avec des jeux pour enfants autour du th\u00e8me de l\u2019environnement\u00a0; au programme \u00e9galement une exposition photographique intitul\u00e9e \u00ab<em>Les habitats marins de la M\u00e9diterran\u00e9e<\/em>\u00bb des deux artistes Renaud Dupuy et Mathieu Foulqui\u00e9, produite par SPA\/RAC (Centre d\u2019activit\u00e9s r\u00e9gionales pour les aires sp\u00e9cialement prot\u00e9g\u00e9es).<\/p>\n\n\n\n<p>Cette ann\u00e9e encore, un \u00e9co-village sera install\u00e9 les 18, 19 et 20 mars pour accueillir des associations engag\u00e9es dans la cause environnementale.<\/p>\n","protected":false},"excerpt":{"rendered":"<p>La 3e \u00e9dition du Festival international du film environnemental de Tunisie (Envirofest 2020) d\u00e9marrera le 14 mars \u00e0 Tunis et se poursuivra par la suite dans les r\u00e9gions jusqu\u2019au mois d\u2019octobre. Par Fawz Ben Ali<\/p>\n","protected":false},"author":26,"featured_media":285969,"comment_status":"open","ping_status":"open","sticky":false,"template":"","format":"standard","meta":{"footnotes":""},"categories":[992,994,2433],"tags":[76004,75943,299,76005,335,76001,76003,71655],"class_list":["post-285829","post","type-post","status-publish","format-standard","has-post-thumbnail","hentry","category-a-la-une","category-culture","category-tunisie","tag-cinema-engage","tag-cinematheque","tag-ecologie","tag-envirofest","tag-environnement","tag-film-environnemental","tag-hichem-ben-khamsa","tag-rechauffement-climatique"],"yoast_head":"<!-- This site is optimized with the Yoast SEO plugin v26.6 - https:\/\/yoast.com\/wordpress\/plugins\/seo\/ -->\n<title>Envirofest 2020 : Quand le 7e Art se met au service de la cause environnementale - Kapitalis<\/title>\n<meta name=\"robots\" content=\"index, follow, max-snippet:-1, max-image-preview:large, max-video-preview:-1\" \/>\n<link rel=\"canonical\" href=\"https:\/\/kapitalis.com\/tunisie\/2020\/03\/06\/envirofest-2020-quand-le-7e-art-se-met-au-service-de-la-cause-environnementale\/\" \/>\n<meta property=\"og:locale\" content=\"fr_FR\" \/>\n<meta property=\"og:type\" content=\"article\" \/>\n<meta property=\"og:title\" content=\"Envirofest 2020 : Quand le 7e Art se met au service de la cause environnementale - Kapitalis\" \/>\n<meta property=\"og:description\" content=\"La 3e \u00e9dition du Festival international du film environnemental de Tunisie (Envirofest 2020) d\u00e9marrera le 14 mars \u00e0 Tunis et se poursuivra par la suite dans les r\u00e9gions jusqu\u2019au mois d\u2019octobre. Par Fawz Ben Ali\" \/>\n<meta property=\"og:url\" content=\"https:\/\/kapitalis.com\/tunisie\/2020\/03\/06\/envirofest-2020-quand-le-7e-art-se-met-au-service-de-la-cause-environnementale\/\" \/>\n<meta property=\"og:site_name\" content=\"Kapitalis\" \/>\n<meta property=\"article:publisher\" content=\"https:\/\/www.facebook.com\/KapitalisInfo\/\" \/>\n<meta property=\"article:published_time\" content=\"2020-03-06T09:45:41+00:00\" \/>\n<meta property=\"article:modified_time\" content=\"2020-03-06T09:45:43+00:00\" \/>\n<meta property=\"og:image\" content=\"https:\/\/kapitalis.com\/tunisie\/wp-content\/uploads\/2022\/05\/kapitalis-logo-fb.png\" \/>\n\t<meta property=\"og:image:width\" content=\"1200\" \/>\n\t<meta property=\"og:image:height\" content=\"630\" \/>\n\t<meta property=\"og:image:type\" content=\"image\/png\" \/>\n<meta name=\"author\" content=\"Fawz BenAli\" \/>\n<meta name=\"twitter:card\" content=\"summary_large_image\" \/>\n<meta name=\"twitter:creator\" content=\"@KapitalisInfo\" \/>\n<meta name=\"twitter:site\" content=\"@KapitalisInfo\" \/>\n<meta name=\"twitter:label1\" content=\"\u00c9crit par\" \/>\n\t<meta name=\"twitter:data1\" content=\"Fawz BenAli\" \/>\n\t<meta name=\"twitter:label2\" content=\"Dur\u00e9e de lecture estim\u00e9e\" \/>\n\t<meta name=\"twitter:data2\" content=\"3 minutes\" \/>\n<script type=\"application\/ld+json\" class=\"yoast-schema-graph\">{\"@context\":\"https:\/\/schema.org\",\"@graph\":[{\"@type\":\"Article\",\"@id\":\"https:\/\/kapitalis.com\/tunisie\/2020\/03\/06\/envirofest-2020-quand-le-7e-art-se-met-au-service-de-la-cause-environnementale\/#article\",\"isPartOf\":{\"@id\":\"https:\/\/kapitalis.com\/tunisie\/2020\/03\/06\/envirofest-2020-quand-le-7e-art-se-met-au-service-de-la-cause-environnementale\/\"},\"author\":{\"name\":\"Fawz BenAli\",\"@id\":\"https:\/\/kapitalis.com\/tunisie\/#\/schema\/person\/73a5ecc1f6ae540c6ed91342eadca948\"},\"headline\":\"Envirofest 2020 : Quand le 7e Art se met au service de la cause environnementale\",\"datePublished\":\"2020-03-06T09:45:41+00:00\",\"dateModified\":\"2020-03-06T09:45:43+00:00\",\"mainEntityOfPage\":{\"@id\":\"https:\/\/kapitalis.com\/tunisie\/2020\/03\/06\/envirofest-2020-quand-le-7e-art-se-met-au-service-de-la-cause-environnementale\/\"},\"wordCount\":669,\"commentCount\":1,\"publisher\":{\"@id\":\"https:\/\/kapitalis.com\/tunisie\/#organization\"},\"image\":{\"@id\":\"https:\/\/kapitalis.com\/tunisie\/2020\/03\/06\/envirofest-2020-quand-le-7e-art-se-met-au-service-de-la-cause-environnementale\/#primaryimage\"},\"thumbnailUrl\":\"\",\"keywords\":[\"cin\u00e9ma engag\u00e9\",\"Cin\u00e9math\u00e8que\",\"\u00e9cologie\",\"Envirofest\",\"environnement\",\"film environnemental\",\"Hichem ben Khamsa\",\"r\u00e9chauffement climatique\"],\"articleSection\":[\"A LA UNE\",\"CULTURE\",\"Tunisie\"],\"inLanguage\":\"fr-FR\",\"potentialAction\":[{\"@type\":\"CommentAction\",\"name\":\"Comment\",\"target\":[\"https:\/\/kapitalis.com\/tunisie\/2020\/03\/06\/envirofest-2020-quand-le-7e-art-se-met-au-service-de-la-cause-environnementale\/#respond\"]}]},{\"@type\":\"WebPage\",\"@id\":\"https:\/\/kapitalis.com\/tunisie\/2020\/03\/06\/envirofest-2020-quand-le-7e-art-se-met-au-service-de-la-cause-environnementale\/\",\"url\":\"https:\/\/kapitalis.com\/tunisie\/2020\/03\/06\/envirofest-2020-quand-le-7e-art-se-met-au-service-de-la-cause-environnementale\/\",\"name\":\"Envirofest 2020 : Quand le 7e Art se met au service de la cause environnementale - Kapitalis\",\"isPartOf\":{\"@id\":\"https:\/\/kapitalis.com\/tunisie\/#website\"},\"primaryImageOfPage\":{\"@id\":\"https:\/\/kapitalis.com\/tunisie\/2020\/03\/06\/envirofest-2020-quand-le-7e-art-se-met-au-service-de-la-cause-environnementale\/#primaryimage\"},\"image\":{\"@id\":\"https:\/\/kapitalis.com\/tunisie\/2020\/03\/06\/envirofest-2020-quand-le-7e-art-se-met-au-service-de-la-cause-environnementale\/#primaryimage\"},\"thumbnailUrl\":\"\",\"datePublished\":\"2020-03-06T09:45:41+00:00\",\"dateModified\":\"2020-03-06T09:45:43+00:00\",\"breadcrumb\":{\"@id\":\"https:\/\/kapitalis.com\/tunisie\/2020\/03\/06\/envirofest-2020-quand-le-7e-art-se-met-au-service-de-la-cause-environnementale\/#breadcrumb\"},\"inLanguage\":\"fr-FR\",\"potentialAction\":[{\"@type\":\"ReadAction\",\"target\":[\"https:\/\/kapitalis.com\/tunisie\/2020\/03\/06\/envirofest-2020-quand-le-7e-art-se-met-au-service-de-la-cause-environnementale\/\"]}]},{\"@type\":\"ImageObject\",\"inLanguage\":\"fr-FR\",\"@id\":\"https:\/\/kapitalis.com\/tunisie\/2020\/03\/06\/envirofest-2020-quand-le-7e-art-se-met-au-service-de-la-cause-environnementale\/#primaryimage\",\"url\":\"\",\"contentUrl\":\"\"},{\"@type\":\"BreadcrumbList\",\"@id\":\"https:\/\/kapitalis.com\/tunisie\/2020\/03\/06\/envirofest-2020-quand-le-7e-art-se-met-au-service-de-la-cause-environnementale\/#breadcrumb\",\"itemListElement\":[{\"@type\":\"ListItem\",\"position\":1,\"name\":\"Accueil\",\"item\":\"https:\/\/kapitalis.com\/tunisie\/\"},{\"@type\":\"ListItem\",\"position\":2,\"name\":\"Envirofest 2020 : Quand le 7e Art se met au service de la cause environnementale\"}]},{\"@type\":\"WebSite\",\"@id\":\"https:\/\/kapitalis.com\/tunisie\/#website\",\"url\":\"https:\/\/kapitalis.com\/tunisie\/\",\"name\":\"Kapitalis\",\"description\":\"L&#039;actualit\u00e9 en Tunisie et dans le monde\",\"publisher\":{\"@id\":\"https:\/\/kapitalis.com\/tunisie\/#organization\"},\"potentialAction\":[{\"@type\":\"SearchAction\",\"target\":{\"@type\":\"EntryPoint\",\"urlTemplate\":\"https:\/\/kapitalis.com\/tunisie\/?s={search_term_string}\"},\"query-input\":{\"@type\":\"PropertyValueSpecification\",\"valueRequired\":true,\"valueName\":\"search_term_string\"}}],\"inLanguage\":\"fr-FR\"},{\"@type\":\"Organization\",\"@id\":\"https:\/\/kapitalis.com\/tunisie\/#organization\",\"name\":\"Kapitalis\",\"url\":\"https:\/\/kapitalis.com\/tunisie\/\",\"logo\":{\"@type\":\"ImageObject\",\"inLanguage\":\"fr-FR\",\"@id\":\"https:\/\/kapitalis.com\/tunisie\/#\/schema\/logo\/image\/\",\"url\":\"https:\/\/kapitalis.com\/tunisie\/wp-content\/uploads\/2022\/05\/Kapitalis-big-size.png\",\"contentUrl\":\"https:\/\/kapitalis.com\/tunisie\/wp-content\/uploads\/2022\/05\/Kapitalis-big-size.png\",\"width\":5000,\"height\":1500,\"caption\":\"Kapitalis\"},\"image\":{\"@id\":\"https:\/\/kapitalis.com\/tunisie\/#\/schema\/logo\/image\/\"},\"sameAs\":[\"https:\/\/www.facebook.com\/KapitalisInfo\/\",\"https:\/\/x.com\/KapitalisInfo\",\"https:\/\/www.youtube.com\/channel\/UC-yDYrHyfFBWWZaOw3FPg9Q\"]},{\"@type\":\"Person\",\"@id\":\"https:\/\/kapitalis.com\/tunisie\/#\/schema\/person\/73a5ecc1f6ae540c6ed91342eadca948\",\"name\":\"Fawz BenAli\",\"url\":\"https:\/\/kapitalis.com\/tunisie\/author\/fawz\/\"}]}<\/script>\n<!-- \/ Yoast SEO plugin. -->","yoast_head_json":{"title":"Envirofest 2020 : Quand le 7e Art se met au service de la cause environnementale - Kapitalis","robots":{"index":"index","follow":"follow","max-snippet":"max-snippet:-1","max-image-preview":"max-image-preview:large","max-video-preview":"max-video-preview:-1"},"canonical":"https:\/\/kapitalis.com\/tunisie\/2020\/03\/06\/envirofest-2020-quand-le-7e-art-se-met-au-service-de-la-cause-environnementale\/","og_locale":"fr_FR","og_type":"article","og_title":"Envirofest 2020 : Quand le 7e Art se met au service de la cause environnementale - Kapitalis","og_description":"La 3e \u00e9dition du Festival international du film environnemental de Tunisie (Envirofest 2020) d\u00e9marrera le 14 mars \u00e0 Tunis et se poursuivra par la suite dans les r\u00e9gions jusqu\u2019au mois d\u2019octobre. Par Fawz Ben Ali","og_url":"https:\/\/kapitalis.com\/tunisie\/2020\/03\/06\/envirofest-2020-quand-le-7e-art-se-met-au-service-de-la-cause-environnementale\/","og_site_name":"Kapitalis","article_publisher":"https:\/\/www.facebook.com\/KapitalisInfo\/","article_published_time":"2020-03-06T09:45:41+00:00","article_modified_time":"2020-03-06T09:45:43+00:00","og_image":[{"width":1200,"height":630,"url":"https:\/\/kapitalis.com\/tunisie\/wp-content\/uploads\/2022\/05\/kapitalis-logo-fb.png","type":"image\/png"}],"author":"Fawz BenAli","twitter_card":"summary_large_image","twitter_creator":"@KapitalisInfo","twitter_site":"@KapitalisInfo","twitter_misc":{"\u00c9crit par":"Fawz BenAli","Dur\u00e9e de lecture estim\u00e9e":"3 minutes"},"schema":{"@context":"https:\/\/schema.org","@graph":[{"@type":"Article","@id":"https:\/\/kapitalis.com\/tunisie\/2020\/03\/06\/envirofest-2020-quand-le-7e-art-se-met-au-service-de-la-cause-environnementale\/#article","isPartOf":{"@id":"https:\/\/kapitalis.com\/tunisie\/2020\/03\/06\/envirofest-2020-quand-le-7e-art-se-met-au-service-de-la-cause-environnementale\/"},"author":{"name":"Fawz BenAli","@id":"https:\/\/kapitalis.com\/tunisie\/#\/schema\/person\/73a5ecc1f6ae540c6ed91342eadca948"},"headline":"Envirofest 2020 : Quand le 7e Art se met au service de la cause environnementale","datePublished":"2020-03-06T09:45:41+00:00","dateModified":"2020-03-06T09:45:43+00:00","mainEntityOfPage":{"@id":"https:\/\/kapitalis.com\/tunisie\/2020\/03\/06\/envirofest-2020-quand-le-7e-art-se-met-au-service-de-la-cause-environnementale\/"},"wordCount":669,"commentCount":1,"publisher":{"@id":"https:\/\/kapitalis.com\/tunisie\/#organization"},"image":{"@id":"https:\/\/kapitalis.com\/tunisie\/2020\/03\/06\/envirofest-2020-quand-le-7e-art-se-met-au-service-de-la-cause-environnementale\/#primaryimage"},"thumbnailUrl":"","keywords":["cin\u00e9ma engag\u00e9","Cin\u00e9math\u00e8que","\u00e9cologie","Envirofest","environnement","film environnemental","Hichem ben Khamsa","r\u00e9chauffement climatique"],"articleSection":["A LA UNE","CULTURE","Tunisie"],"inLanguage":"fr-FR","potentialAction":[{"@type":"CommentAction","name":"Comment","target":["https:\/\/kapitalis.com\/tunisie\/2020\/03\/06\/envirofest-2020-quand-le-7e-art-se-met-au-service-de-la-cause-environnementale\/#respond"]}]},{"@type":"WebPage","@id":"https:\/\/kapitalis.com\/tunisie\/2020\/03\/06\/envirofest-2020-quand-le-7e-art-se-met-au-service-de-la-cause-environnementale\/","url":"https:\/\/kapitalis.com\/tunisie\/2020\/03\/06\/envirofest-2020-quand-le-7e-art-se-met-au-service-de-la-cause-environnementale\/","name":"Envirofest 2020 : Quand le 7e Art se met au service de la cause environnementale - Kapitalis","isPartOf":{"@id":"https:\/\/kapitalis.com\/tunisie\/#website"},"primaryImageOfPage":{"@id":"https:\/\/kapitalis.com\/tunisie\/2020\/03\/06\/envirofest-2020-quand-le-7e-art-se-met-au-service-de-la-cause-environnementale\/#primaryimage"},"image":{"@id":"https:\/\/kapitalis.com\/tunisie\/2020\/03\/06\/envirofest-2020-quand-le-7e-art-se-met-au-service-de-la-cause-environnementale\/#primaryimage"},"thumbnailUrl":"","datePublished":"2020-03-06T09:45:41+00:00","dateModified":"2020-03-06T09:45:43+00:00","breadcrumb":{"@id":"https:\/\/kapitalis.com\/tunisie\/2020\/03\/06\/envirofest-2020-quand-le-7e-art-se-met-au-service-de-la-cause-environnementale\/#breadcrumb"},"inLanguage":"fr-FR","potentialAction":[{"@type":"ReadAction","target":["https:\/\/kapitalis.com\/tunisie\/2020\/03\/06\/envirofest-2020-quand-le-7e-art-se-met-au-service-de-la-cause-environnementale\/"]}]},{"@type":"ImageObject","inLanguage":"fr-FR","@id":"https:\/\/kapitalis.com\/tunisie\/2020\/03\/06\/envirofest-2020-quand-le-7e-art-se-met-au-service-de-la-cause-environnementale\/#primaryimage","url":"","contentUrl":""},{"@type":"BreadcrumbList","@id":"https:\/\/kapitalis.com\/tunisie\/2020\/03\/06\/envirofest-2020-quand-le-7e-art-se-met-au-service-de-la-cause-environnementale\/#breadcrumb","itemListElement":[{"@type":"ListItem","position":1,"name":"Accueil","item":"https:\/\/kapitalis.com\/tunisie\/"},{"@type":"ListItem","position":2,"name":"Envirofest 2020 : Quand le 7e Art se met au service de la cause environnementale"}]},{"@type":"WebSite","@id":"https:\/\/kapitalis.com\/tunisie\/#website","url":"https:\/\/kapitalis.com\/tunisie\/","name":"Kapitalis","description":"L&#039;actualit\u00e9 en Tunisie et dans le monde","publisher":{"@id":"https:\/\/kapitalis.com\/tunisie\/#organization"},"potentialAction":[{"@type":"SearchAction","target":{"@type":"EntryPoint","urlTemplate":"https:\/\/kapitalis.com\/tunisie\/?s={search_term_string}"},"query-input":{"@type":"PropertyValueSpecification","valueRequired":true,"valueName":"search_term_string"}}],"inLanguage":"fr-FR"},{"@type":"Organization","@id":"https:\/\/kapitalis.com\/tunisie\/#organization","name":"Kapitalis","url":"https:\/\/kapitalis.com\/tunisie\/","logo":{"@type":"ImageObject","inLanguage":"fr-FR","@id":"https:\/\/kapitalis.com\/tunisie\/#\/schema\/logo\/image\/","url":"https:\/\/kapitalis.com\/tunisie\/wp-content\/uploads\/2022\/05\/Kapitalis-big-size.png","contentUrl":"https:\/\/kapitalis.com\/tunisie\/wp-content\/uploads\/2022\/05\/Kapitalis-big-size.png","width":5000,"height":1500,"caption":"Kapitalis"},"image":{"@id":"https:\/\/kapitalis.com\/tunisie\/#\/schema\/logo\/image\/"},"sameAs":["https:\/\/www.facebook.com\/KapitalisInfo\/","https:\/\/x.com\/KapitalisInfo","https:\/\/www.youtube.com\/channel\/UC-yDYrHyfFBWWZaOw3FPg9Q"]},{"@type":"Person","@id":"https:\/\/kapitalis.com\/tunisie\/#\/schema\/person\/73a5ecc1f6ae540c6ed91342eadca948","name":"Fawz BenAli","url":"https:\/\/kapitalis.com\/tunisie\/author\/fawz\/"}]}},"_links":{"self":[{"href":"https:\/\/kapitalis.com\/tunisie\/wp-json\/wp\/v2\/posts\/285829","targetHints":{"allow":["GET"]}}],"collection":[{"href":"https:\/\/kapitalis.com\/tunisie\/wp-json\/wp\/v2\/posts"}],"about":[{"href":"https:\/\/kapitalis.com\/tunisie\/wp-json\/wp\/v2\/types\/post"}],"author":[{"embeddable":true,"href":"https:\/\/kapitalis.com\/tunisie\/wp-json\/wp\/v2\/users\/26"}],"replies":[{"embeddable":true,"href":"https:\/\/kapitalis.com\/tunisie\/wp-json\/wp\/v2\/comments?post=285829"}],"version-history":[{"count":0,"href":"https:\/\/kapitalis.com\/tunisie\/wp-json\/wp\/v2\/posts\/285829\/revisions"}],"wp:featuredmedia":[{"embeddable":true,"href":"https:\/\/kapitalis.com\/tunisie\/wp-json\/wp\/v2\/media\/285969"}],"wp:attachment":[{"href":"https:\/\/kapitalis.com\/tunisie\/wp-json\/wp\/v2\/media?parent=285829"}],"wp:term":[{"taxonomy":"category","embeddable":true,"href":"https:\/\/kapitalis.com\/tunisie\/wp-json\/wp\/v2\/categories?post=285829"},{"taxonomy":"post_tag","embeddable":true,"href":"https:\/\/kapitalis.com\/tunisie\/wp-json\/wp\/v2\/tags?post=285829"}],"curies":[{"name":"wp","href":"https:\/\/api.w.org\/{rel}","templated":true}]}}