{"id":28583,"date":"2015-12-03T15:56:34","date_gmt":"2015-12-03T14:56:34","guid":{"rendered":"http:\/\/kapitalis.com\/tunisie\/?p=28583"},"modified":"2015-12-03T16:17:26","modified_gmt":"2015-12-03T15:17:26","slug":"christian-wulff-la-tunisie-peut-devenir-la-suisse-de-lafrique","status":"publish","type":"post","link":"https:\/\/kapitalis.com\/tunisie\/2015\/12\/03\/christian-wulff-la-tunisie-peut-devenir-la-suisse-de-lafrique\/","title":{"rendered":"Christian Wulff : La Tunisie peut devenir la \u00ab\u00a0Suisse de l&rsquo;Afrique\u00a0\u00bb"},"content":{"rendered":"<p><img loading=\"lazy\" decoding=\"async\" class=\"alignnone size-full wp-image-28586 aligncenter\" src=\"http:\/\/kapitalis.com\/tunisie\/wp-content\/uploads\/2015\/12\/christian-Wulff.jpg\" alt=\"christian Wulff\" width=\"626\" height=\"380\" \/><\/p>\n<p><em><strong>Christian Wulff, ancien pr\u00e9sident allemand, loue la Tunisie en tant que destination \u00e9conomique pour les investissements allemands.<\/strong> <\/em><br \/>\n<!--more--><\/p>\n<p>Christian Wulff, \u00a0ancien pr\u00e9sident de la Chambre arabo-europ\u00e9enne de coop\u00e9ration \u00e9conomique, et actuellement pr\u00e9sident de l&rsquo;Association euro-m\u00e9diterran\u00e9enne et arabe pour la coop\u00e9ration \u00e9conomique (EMA), a affirm\u00e9 que les allemands veulent avoir, au cours des prochaines ann\u00e9es, une nouvelle image de la Tunisie, celle d&rsquo;un pays innovant, disposant d&rsquo;une infrastructure de base d\u00e9velopp\u00e9e et d&rsquo;un bon syst\u00e8me \u00e9ducatif.<\/p>\n<p>Intervenant \u00e0 l&rsquo;ouverture d&rsquo;une conf\u00e9rence \u00e9conomique tuniso-allemande, qui se tient du 2 au 5 d\u00e9cembre 2015, M. Wulff a ajout\u00e9 que les Allemands ont l\u2019habitude d\u2019appr\u00e9hender la Tunisie uniquement en tant que pays touristique, mais qui dispose, toutefois, d&rsquo;une infrastructure de base moderne et des fondements d&rsquo;une relance de l&rsquo;investissement.<\/p>\n<p>Devant pr\u00e8s de 200 hommes d&rsquo;affaires de Tunisie et d&rsquo;Allemagne, le responsable allemand a indiqu\u00e9 que l&rsquo;objectif de cette conf\u00e9rence est de mettre en relief les nouvelles perspectives de l&rsquo;\u00e9conomie tunisienne et d&rsquo;encourager les promoteurs \u00e0 d\u00e9velopper leurs projets.<\/p>\n<p>Environ 40 hommes d&rsquo;affaires allemands rencontreront leurs homologues et visiteront le Salon de l&rsquo;Entreprise qui se tient \u00e0 Sousse en vue d&rsquo;un partenariat d&rsquo;\u00e9gal \u00e0 \u00e9gal dans un pays o\u00f9 sont install\u00e9es pr\u00e8s de 200 entreprises allemandes offrant 55.000 emplois aux tunisiens.<\/p>\n<p>M. Wulff a encore fait savoir que les diplomates allemands en poste en Tunisie ont affirm\u00e9 que les autorit\u00e9s tunisiennes \u0153uvrent \u00e0 r\u00e9soudre les difficult\u00e9s auxquelles est confront\u00e9e l&rsquo;entreprise allemande install\u00e9e dans leur pays.<\/p>\n<p>La Tunisie constitue, selon lui, une destination \u00e9conomique pour l&rsquo;Allemagne et un pont pour la coop\u00e9ration avec le continent africain, soulignant qu&rsquo;il a exprim\u00e9 r\u00e9cemment en Allemagne, devant plus de 1500 hommes d&rsquo;affaires, l&rsquo;espoir de voir la Tunisie devenir \u00ab\u00a0la Suisse de l&rsquo;Afrique\u00a0\u00bb.<\/p>\n<p>M. Wulff a \u00e9t\u00e9 re\u00e7u ce matin par le pr\u00e9sident de la r\u00e9publique \u00e0 Carthage en marge de son s\u00e9jour en Tunisie o\u00f9 il participe \u00e0 l&rsquo;\u00e9dition 2015 des Journ\u00e9es de l&rsquo;Entreprise, pr\u00e9vues les 4 et 5 d\u00e9cembre \u00e0 Sousse, sous le th\u00e8me: \u00ab<em>L&rsquo;Entreprise 2.0 et la deuxi\u00e8me r\u00e9publique : vision et dialogue<\/em> \u00bb.<\/p>\n<p style=\"text-align: right;\"><strong>A. B. M.<\/strong> <em>(avec Tap)\u00a0<\/em><\/p>\n","protected":false},"excerpt":{"rendered":"<p>Christian Wulff, ancien pr\u00e9sident allemand, loue la Tunisie en tant que destination \u00e9conomique pour les investissements allemands.<\/p>\n","protected":false},"author":11,"featured_media":28586,"comment_status":"open","ping_status":"open","sticky":false,"template":"","format":"standard","meta":{"footnotes":""},"categories":[995,2433],"tags":[41,1096,10716,1095,2595,3624],"class_list":["post-28583","post","type-post","status-publish","format-standard","has-post-thumbnail","hentry","category-economie","category-tunisie","tag-afrique","tag-allemagne","tag-christian-wulff","tag-cooperation","tag-hommes-daffaires","tag-investissements"],"yoast_head":"<!-- This site is optimized with the Yoast SEO plugin v26.6 - https:\/\/yoast.com\/wordpress\/plugins\/seo\/ -->\n<title>Christian Wulff : La Tunisie peut devenir la &quot;Suisse de l&#039;Afrique&quot; - Kapitalis<\/title>\n<meta name=\"robots\" content=\"index, follow, max-snippet:-1, max-image-preview:large, max-video-preview:-1\" \/>\n<link rel=\"canonical\" href=\"https:\/\/kapitalis.com\/tunisie\/2015\/12\/03\/christian-wulff-la-tunisie-peut-devenir-la-suisse-de-lafrique\/\" \/>\n<meta property=\"og:locale\" content=\"fr_FR\" \/>\n<meta property=\"og:type\" content=\"article\" \/>\n<meta property=\"og:title\" content=\"Christian Wulff : La Tunisie peut devenir la &quot;Suisse de l&#039;Afrique&quot; - Kapitalis\" \/>\n<meta property=\"og:description\" content=\"Christian Wulff, ancien pr\u00e9sident allemand, loue la Tunisie en tant que destination \u00e9conomique pour les investissements allemands.\" \/>\n<meta property=\"og:url\" content=\"https:\/\/kapitalis.com\/tunisie\/2015\/12\/03\/christian-wulff-la-tunisie-peut-devenir-la-suisse-de-lafrique\/\" \/>\n<meta property=\"og:site_name\" content=\"Kapitalis\" \/>\n<meta property=\"article:publisher\" content=\"https:\/\/www.facebook.com\/KapitalisInfo\/\" \/>\n<meta property=\"article:published_time\" content=\"2015-12-03T14:56:34+00:00\" \/>\n<meta property=\"article:modified_time\" content=\"2015-12-03T15:17:26+00:00\" \/>\n<meta property=\"og:image\" content=\"https:\/\/kapitalis.com\/tunisie\/wp-content\/uploads\/2022\/05\/kapitalis-logo-fb.png\" \/>\n\t<meta property=\"og:image:width\" content=\"1200\" \/>\n\t<meta property=\"og:image:height\" content=\"630\" \/>\n\t<meta property=\"og:image:type\" content=\"image\/png\" \/>\n<meta name=\"author\" content=\"benmansour3 benmansour\" \/>\n<meta name=\"twitter:card\" content=\"summary_large_image\" \/>\n<meta name=\"twitter:creator\" content=\"@KapitalisInfo\" \/>\n<meta name=\"twitter:site\" content=\"@KapitalisInfo\" \/>\n<meta name=\"twitter:label1\" content=\"\u00c9crit par\" \/>\n\t<meta name=\"twitter:data1\" content=\"benmansour3 benmansour\" \/>\n\t<meta name=\"twitter:label2\" content=\"Dur\u00e9e de lecture estim\u00e9e\" \/>\n\t<meta name=\"twitter:data2\" content=\"2 minutes\" \/>\n<script type=\"application\/ld+json\" class=\"yoast-schema-graph\">{\"@context\":\"https:\/\/schema.org\",\"@graph\":[{\"@type\":\"Article\",\"@id\":\"https:\/\/kapitalis.com\/tunisie\/2015\/12\/03\/christian-wulff-la-tunisie-peut-devenir-la-suisse-de-lafrique\/#article\",\"isPartOf\":{\"@id\":\"https:\/\/kapitalis.com\/tunisie\/2015\/12\/03\/christian-wulff-la-tunisie-peut-devenir-la-suisse-de-lafrique\/\"},\"author\":{\"name\":\"benmansour3 benmansour\",\"@id\":\"https:\/\/kapitalis.com\/tunisie\/#\/schema\/person\/035372e645ad321edc01006468cd4c8b\"},\"headline\":\"Christian Wulff : La Tunisie peut devenir la \u00ab\u00a0Suisse de l&rsquo;Afrique\u00a0\u00bb\",\"datePublished\":\"2015-12-03T14:56:34+00:00\",\"dateModified\":\"2015-12-03T15:17:26+00:00\",\"mainEntityOfPage\":{\"@id\":\"https:\/\/kapitalis.com\/tunisie\/2015\/12\/03\/christian-wulff-la-tunisie-peut-devenir-la-suisse-de-lafrique\/\"},\"wordCount\":371,\"commentCount\":8,\"publisher\":{\"@id\":\"https:\/\/kapitalis.com\/tunisie\/#organization\"},\"image\":{\"@id\":\"https:\/\/kapitalis.com\/tunisie\/2015\/12\/03\/christian-wulff-la-tunisie-peut-devenir-la-suisse-de-lafrique\/#primaryimage\"},\"thumbnailUrl\":\"\",\"keywords\":[\"Afrique\",\"Allemagne\",\"Christian Wulff\",\"coop\u00e9ration\",\"hommes d\u2019affaires\",\"investissements\"],\"articleSection\":[\"ECONOMIE\",\"Tunisie\"],\"inLanguage\":\"fr-FR\",\"potentialAction\":[{\"@type\":\"CommentAction\",\"name\":\"Comment\",\"target\":[\"https:\/\/kapitalis.com\/tunisie\/2015\/12\/03\/christian-wulff-la-tunisie-peut-devenir-la-suisse-de-lafrique\/#respond\"]}]},{\"@type\":\"WebPage\",\"@id\":\"https:\/\/kapitalis.com\/tunisie\/2015\/12\/03\/christian-wulff-la-tunisie-peut-devenir-la-suisse-de-lafrique\/\",\"url\":\"https:\/\/kapitalis.com\/tunisie\/2015\/12\/03\/christian-wulff-la-tunisie-peut-devenir-la-suisse-de-lafrique\/\",\"name\":\"Christian Wulff : La Tunisie peut devenir la \\\"Suisse de l'Afrique\\\" - Kapitalis\",\"isPartOf\":{\"@id\":\"https:\/\/kapitalis.com\/tunisie\/#website\"},\"primaryImageOfPage\":{\"@id\":\"https:\/\/kapitalis.com\/tunisie\/2015\/12\/03\/christian-wulff-la-tunisie-peut-devenir-la-suisse-de-lafrique\/#primaryimage\"},\"image\":{\"@id\":\"https:\/\/kapitalis.com\/tunisie\/2015\/12\/03\/christian-wulff-la-tunisie-peut-devenir-la-suisse-de-lafrique\/#primaryimage\"},\"thumbnailUrl\":\"\",\"datePublished\":\"2015-12-03T14:56:34+00:00\",\"dateModified\":\"2015-12-03T15:17:26+00:00\",\"breadcrumb\":{\"@id\":\"https:\/\/kapitalis.com\/tunisie\/2015\/12\/03\/christian-wulff-la-tunisie-peut-devenir-la-suisse-de-lafrique\/#breadcrumb\"},\"inLanguage\":\"fr-FR\",\"potentialAction\":[{\"@type\":\"ReadAction\",\"target\":[\"https:\/\/kapitalis.com\/tunisie\/2015\/12\/03\/christian-wulff-la-tunisie-peut-devenir-la-suisse-de-lafrique\/\"]}]},{\"@type\":\"ImageObject\",\"inLanguage\":\"fr-FR\",\"@id\":\"https:\/\/kapitalis.com\/tunisie\/2015\/12\/03\/christian-wulff-la-tunisie-peut-devenir-la-suisse-de-lafrique\/#primaryimage\",\"url\":\"\",\"contentUrl\":\"\"},{\"@type\":\"BreadcrumbList\",\"@id\":\"https:\/\/kapitalis.com\/tunisie\/2015\/12\/03\/christian-wulff-la-tunisie-peut-devenir-la-suisse-de-lafrique\/#breadcrumb\",\"itemListElement\":[{\"@type\":\"ListItem\",\"position\":1,\"name\":\"Accueil\",\"item\":\"https:\/\/kapitalis.com\/tunisie\/\"},{\"@type\":\"ListItem\",\"position\":2,\"name\":\"Christian Wulff : La Tunisie peut devenir la \u00ab\u00a0Suisse de l&rsquo;Afrique\u00a0\u00bb\"}]},{\"@type\":\"WebSite\",\"@id\":\"https:\/\/kapitalis.com\/tunisie\/#website\",\"url\":\"https:\/\/kapitalis.com\/tunisie\/\",\"name\":\"Kapitalis\",\"description\":\"L&#039;actualit\u00e9 en Tunisie et dans le monde\",\"publisher\":{\"@id\":\"https:\/\/kapitalis.com\/tunisie\/#organization\"},\"potentialAction\":[{\"@type\":\"SearchAction\",\"target\":{\"@type\":\"EntryPoint\",\"urlTemplate\":\"https:\/\/kapitalis.com\/tunisie\/?s={search_term_string}\"},\"query-input\":{\"@type\":\"PropertyValueSpecification\",\"valueRequired\":true,\"valueName\":\"search_term_string\"}}],\"inLanguage\":\"fr-FR\"},{\"@type\":\"Organization\",\"@id\":\"https:\/\/kapitalis.com\/tunisie\/#organization\",\"name\":\"Kapitalis\",\"url\":\"https:\/\/kapitalis.com\/tunisie\/\",\"logo\":{\"@type\":\"ImageObject\",\"inLanguage\":\"fr-FR\",\"@id\":\"https:\/\/kapitalis.com\/tunisie\/#\/schema\/logo\/image\/\",\"url\":\"https:\/\/kapitalis.com\/tunisie\/wp-content\/uploads\/2022\/05\/Kapitalis-big-size.png\",\"contentUrl\":\"https:\/\/kapitalis.com\/tunisie\/wp-content\/uploads\/2022\/05\/Kapitalis-big-size.png\",\"width\":5000,\"height\":1500,\"caption\":\"Kapitalis\"},\"image\":{\"@id\":\"https:\/\/kapitalis.com\/tunisie\/#\/schema\/logo\/image\/\"},\"sameAs\":[\"https:\/\/www.facebook.com\/KapitalisInfo\/\",\"https:\/\/x.com\/KapitalisInfo\",\"https:\/\/www.youtube.com\/channel\/UC-yDYrHyfFBWWZaOw3FPg9Q\"]},{\"@type\":\"Person\",\"@id\":\"https:\/\/kapitalis.com\/tunisie\/#\/schema\/person\/035372e645ad321edc01006468cd4c8b\",\"name\":\"benmansour3 benmansour\",\"url\":\"https:\/\/kapitalis.com\/tunisie\/author\/benmansour3\/\"}]}<\/script>\n<!-- \/ Yoast SEO plugin. -->","yoast_head_json":{"title":"Christian Wulff : La Tunisie peut devenir la \"Suisse de l'Afrique\" - Kapitalis","robots":{"index":"index","follow":"follow","max-snippet":"max-snippet:-1","max-image-preview":"max-image-preview:large","max-video-preview":"max-video-preview:-1"},"canonical":"https:\/\/kapitalis.com\/tunisie\/2015\/12\/03\/christian-wulff-la-tunisie-peut-devenir-la-suisse-de-lafrique\/","og_locale":"fr_FR","og_type":"article","og_title":"Christian Wulff : La Tunisie peut devenir la \"Suisse de l'Afrique\" - Kapitalis","og_description":"Christian Wulff, ancien pr\u00e9sident allemand, loue la Tunisie en tant que destination \u00e9conomique pour les investissements allemands.","og_url":"https:\/\/kapitalis.com\/tunisie\/2015\/12\/03\/christian-wulff-la-tunisie-peut-devenir-la-suisse-de-lafrique\/","og_site_name":"Kapitalis","article_publisher":"https:\/\/www.facebook.com\/KapitalisInfo\/","article_published_time":"2015-12-03T14:56:34+00:00","article_modified_time":"2015-12-03T15:17:26+00:00","og_image":[{"width":1200,"height":630,"url":"https:\/\/kapitalis.com\/tunisie\/wp-content\/uploads\/2022\/05\/kapitalis-logo-fb.png","type":"image\/png"}],"author":"benmansour3 benmansour","twitter_card":"summary_large_image","twitter_creator":"@KapitalisInfo","twitter_site":"@KapitalisInfo","twitter_misc":{"\u00c9crit par":"benmansour3 benmansour","Dur\u00e9e de lecture estim\u00e9e":"2 minutes"},"schema":{"@context":"https:\/\/schema.org","@graph":[{"@type":"Article","@id":"https:\/\/kapitalis.com\/tunisie\/2015\/12\/03\/christian-wulff-la-tunisie-peut-devenir-la-suisse-de-lafrique\/#article","isPartOf":{"@id":"https:\/\/kapitalis.com\/tunisie\/2015\/12\/03\/christian-wulff-la-tunisie-peut-devenir-la-suisse-de-lafrique\/"},"author":{"name":"benmansour3 benmansour","@id":"https:\/\/kapitalis.com\/tunisie\/#\/schema\/person\/035372e645ad321edc01006468cd4c8b"},"headline":"Christian Wulff : La Tunisie peut devenir la \u00ab\u00a0Suisse de l&rsquo;Afrique\u00a0\u00bb","datePublished":"2015-12-03T14:56:34+00:00","dateModified":"2015-12-03T15:17:26+00:00","mainEntityOfPage":{"@id":"https:\/\/kapitalis.com\/tunisie\/2015\/12\/03\/christian-wulff-la-tunisie-peut-devenir-la-suisse-de-lafrique\/"},"wordCount":371,"commentCount":8,"publisher":{"@id":"https:\/\/kapitalis.com\/tunisie\/#organization"},"image":{"@id":"https:\/\/kapitalis.com\/tunisie\/2015\/12\/03\/christian-wulff-la-tunisie-peut-devenir-la-suisse-de-lafrique\/#primaryimage"},"thumbnailUrl":"","keywords":["Afrique","Allemagne","Christian Wulff","coop\u00e9ration","hommes d\u2019affaires","investissements"],"articleSection":["ECONOMIE","Tunisie"],"inLanguage":"fr-FR","potentialAction":[{"@type":"CommentAction","name":"Comment","target":["https:\/\/kapitalis.com\/tunisie\/2015\/12\/03\/christian-wulff-la-tunisie-peut-devenir-la-suisse-de-lafrique\/#respond"]}]},{"@type":"WebPage","@id":"https:\/\/kapitalis.com\/tunisie\/2015\/12\/03\/christian-wulff-la-tunisie-peut-devenir-la-suisse-de-lafrique\/","url":"https:\/\/kapitalis.com\/tunisie\/2015\/12\/03\/christian-wulff-la-tunisie-peut-devenir-la-suisse-de-lafrique\/","name":"Christian Wulff : La Tunisie peut devenir la \"Suisse de l'Afrique\" - Kapitalis","isPartOf":{"@id":"https:\/\/kapitalis.com\/tunisie\/#website"},"primaryImageOfPage":{"@id":"https:\/\/kapitalis.com\/tunisie\/2015\/12\/03\/christian-wulff-la-tunisie-peut-devenir-la-suisse-de-lafrique\/#primaryimage"},"image":{"@id":"https:\/\/kapitalis.com\/tunisie\/2015\/12\/03\/christian-wulff-la-tunisie-peut-devenir-la-suisse-de-lafrique\/#primaryimage"},"thumbnailUrl":"","datePublished":"2015-12-03T14:56:34+00:00","dateModified":"2015-12-03T15:17:26+00:00","breadcrumb":{"@id":"https:\/\/kapitalis.com\/tunisie\/2015\/12\/03\/christian-wulff-la-tunisie-peut-devenir-la-suisse-de-lafrique\/#breadcrumb"},"inLanguage":"fr-FR","potentialAction":[{"@type":"ReadAction","target":["https:\/\/kapitalis.com\/tunisie\/2015\/12\/03\/christian-wulff-la-tunisie-peut-devenir-la-suisse-de-lafrique\/"]}]},{"@type":"ImageObject","inLanguage":"fr-FR","@id":"https:\/\/kapitalis.com\/tunisie\/2015\/12\/03\/christian-wulff-la-tunisie-peut-devenir-la-suisse-de-lafrique\/#primaryimage","url":"","contentUrl":""},{"@type":"BreadcrumbList","@id":"https:\/\/kapitalis.com\/tunisie\/2015\/12\/03\/christian-wulff-la-tunisie-peut-devenir-la-suisse-de-lafrique\/#breadcrumb","itemListElement":[{"@type":"ListItem","position":1,"name":"Accueil","item":"https:\/\/kapitalis.com\/tunisie\/"},{"@type":"ListItem","position":2,"name":"Christian Wulff : La Tunisie peut devenir la \u00ab\u00a0Suisse de l&rsquo;Afrique\u00a0\u00bb"}]},{"@type":"WebSite","@id":"https:\/\/kapitalis.com\/tunisie\/#website","url":"https:\/\/kapitalis.com\/tunisie\/","name":"Kapitalis","description":"L&#039;actualit\u00e9 en Tunisie et dans le monde","publisher":{"@id":"https:\/\/kapitalis.com\/tunisie\/#organization"},"potentialAction":[{"@type":"SearchAction","target":{"@type":"EntryPoint","urlTemplate":"https:\/\/kapitalis.com\/tunisie\/?s={search_term_string}"},"query-input":{"@type":"PropertyValueSpecification","valueRequired":true,"valueName":"search_term_string"}}],"inLanguage":"fr-FR"},{"@type":"Organization","@id":"https:\/\/kapitalis.com\/tunisie\/#organization","name":"Kapitalis","url":"https:\/\/kapitalis.com\/tunisie\/","logo":{"@type":"ImageObject","inLanguage":"fr-FR","@id":"https:\/\/kapitalis.com\/tunisie\/#\/schema\/logo\/image\/","url":"https:\/\/kapitalis.com\/tunisie\/wp-content\/uploads\/2022\/05\/Kapitalis-big-size.png","contentUrl":"https:\/\/kapitalis.com\/tunisie\/wp-content\/uploads\/2022\/05\/Kapitalis-big-size.png","width":5000,"height":1500,"caption":"Kapitalis"},"image":{"@id":"https:\/\/kapitalis.com\/tunisie\/#\/schema\/logo\/image\/"},"sameAs":["https:\/\/www.facebook.com\/KapitalisInfo\/","https:\/\/x.com\/KapitalisInfo","https:\/\/www.youtube.com\/channel\/UC-yDYrHyfFBWWZaOw3FPg9Q"]},{"@type":"Person","@id":"https:\/\/kapitalis.com\/tunisie\/#\/schema\/person\/035372e645ad321edc01006468cd4c8b","name":"benmansour3 benmansour","url":"https:\/\/kapitalis.com\/tunisie\/author\/benmansour3\/"}]}},"_links":{"self":[{"href":"https:\/\/kapitalis.com\/tunisie\/wp-json\/wp\/v2\/posts\/28583","targetHints":{"allow":["GET"]}}],"collection":[{"href":"https:\/\/kapitalis.com\/tunisie\/wp-json\/wp\/v2\/posts"}],"about":[{"href":"https:\/\/kapitalis.com\/tunisie\/wp-json\/wp\/v2\/types\/post"}],"author":[{"embeddable":true,"href":"https:\/\/kapitalis.com\/tunisie\/wp-json\/wp\/v2\/users\/11"}],"replies":[{"embeddable":true,"href":"https:\/\/kapitalis.com\/tunisie\/wp-json\/wp\/v2\/comments?post=28583"}],"version-history":[{"count":0,"href":"https:\/\/kapitalis.com\/tunisie\/wp-json\/wp\/v2\/posts\/28583\/revisions"}],"wp:featuredmedia":[{"embeddable":true,"href":"https:\/\/kapitalis.com\/tunisie\/wp-json\/wp\/v2\/media\/28586"}],"wp:attachment":[{"href":"https:\/\/kapitalis.com\/tunisie\/wp-json\/wp\/v2\/media?parent=28583"}],"wp:term":[{"taxonomy":"category","embeddable":true,"href":"https:\/\/kapitalis.com\/tunisie\/wp-json\/wp\/v2\/categories?post=28583"},{"taxonomy":"post_tag","embeddable":true,"href":"https:\/\/kapitalis.com\/tunisie\/wp-json\/wp\/v2\/tags?post=28583"}],"curies":[{"name":"wp","href":"https:\/\/api.w.org\/{rel}","templated":true}]}}