{"id":285890,"date":"2020-03-05T16:36:24","date_gmt":"2020-03-05T15:36:24","guid":{"rendered":"http:\/\/kapitalis.com\/tunisie\/?p=285890"},"modified":"2020-03-05T16:36:25","modified_gmt":"2020-03-05T15:36:25","slug":"en-tunisie-une-personne-sur-vingt-serait-atteinte-dune-maladie-rare","status":"publish","type":"post","link":"https:\/\/kapitalis.com\/tunisie\/2020\/03\/05\/en-tunisie-une-personne-sur-vingt-serait-atteinte-dune-maladie-rare\/","title":{"rendered":"En Tunisie, une personne sur vingt serait atteinte d\u2019une maladie rare"},"content":{"rendered":"\n<figure class=\"wp-block-image size-large\"><img decoding=\"async\" src=\"http:\/\/kapitalis.com\/tunisie\/wp-content\/uploads\/2020\/03\/Sanofy.jpg\" alt=\"\" class=\"wp-image-285893\"\/><\/figure>\n\n\n\n<p><strong><em> Sanofi Tunisie ainsi que l\u2019Association tunisienne des maladies lysosomales (ATML) soutiennent la 13e Journ\u00e9e internationale des maladies rares (Rare Disease Day),  organis\u00e9e le dernier jour du mois de f\u00e9vrier de chaque ann\u00e9e, dans pr\u00e8s de 90 pays.<\/em><\/strong><\/p>\n\n\n\n<!--more-->\n\n\n\n<p> L\u2019objectif principal de cette journ\u00e9e est de sensibiliser le grand public et les d\u00e9cideurs sur les maladies rares et leur impact sur la vie des personnes concern\u00e9es.<\/p>\n\n\n\n<p> Ces maladies se d\u00e9finissent comme des affections qui touchent moins d\u2019une personne sur 2000. N\u00e9anmoins, leur nombre important, plus de 8000 pathologies d\u00e9j\u00e0 recens\u00e9es, font que le nombre total de patients d\u00e9passe souvent le nombre de malades atteints de cancer. En effet, 350 millions de personnes dans le monde souffrent de ces pathologies.<\/p>\n\n\n\n<p> Une personne sur 20 est concern\u00e9e par les maladies rares. Ces maladies sont souvent chroniques, \u00e9volutives et en g\u00e9n\u00e9ral graves. Leurs expressions sont extr\u00eamement diverses : neuromusculaires, m\u00e9taboliques, infectieuses, immunes, canc\u00e9reuses. <\/p>\n\n\n\n<h3 class=\"wp-block-heading\"> Des pathologies difficiles \u00e0 diagnostiquer et \u00e0 traiter<\/h3>\n\n\n\n<p> Parmi les maladies rares les plus connues, citons les maladies lysosomales (50 sont d\u00e9crites \u00e0 ce jour dont Gaucher, Fabry, MPS, Pompe\u2026) ainsi que la mucoviscidose, la maladie des enfants de la lune qui emp\u00eachent les malades de recevoir la lumi\u00e8re du jour, la maladie des os de verre ou ost\u00e9ogen\u00e8se imparfaite, qui rend les os extr\u00eamement fragiles, Ces maladies peuvent entra\u00eener des handicaps physiques et neurologiques.<\/p>\n\n\n\n<p> Ces pathologies sont souvent difficiles \u00e0 diagnostiquer et \u00e0 traiter.  L\u2019errance diagnostique et la prise en charge demeurent une question majeure pour les patients et leurs familles : <em>\u00abEn tant qu\u2019association de patients, nous travaillons sur l\u2019information. Nous essayons de contribuer \u00e0 l\u2019am\u00e9lioration des conditions de vie des personnes atteintes de maladies lysosomales ainsi que leurs familles et collaborons avec les professionnels et les institutions publiques pour l\u2019instauration d\u2019un cadre juridique stipulant la prise en charge sociale des maladies rares\u00bb<\/em>, a d\u00e9clar\u00e9 Mouadh Saied, pr\u00e9sident de l\u2019ATML. <\/p>\n\n\n\n<h3 class=\"wp-block-heading\"> Changer significativement la vie des personnes souffrant de maladies rares<\/h3>\n\n\n\n<p> Sanofi Genzyme, l\u2019entit\u00e9 globale m\u00e9decine de sp\u00e9cialit\u00e9 de Sanofi, est un pionnier dans le domaine des maladies rares avec une exp\u00e9rience de plus de 35 ans en d\u00e9veloppant des th\u00e9rapies de substitution enzymatique pour plusieurs maladies de surcharge lysosomale. <em>\u00abEn tant que partenaire du parcours de sant\u00e9, Sanofi consacre ses efforts \u00e0 l\u2018\u00e9volution des traitements, soutient les efforts de recherche et propose des innovations th\u00e9rapeutiques qui ont le potentiel d\u2019apporter un changement significatif \u00e0 la vie des personnes souffrant de maladies rares\u00bb, <\/em>a d\u00e9clar\u00e9 Dr Bouchra Aneflous, directrice de l\u2019activit\u00e9 Sanofi Genzyme Maroc-Tunisie-Libye.  <\/p>\n\n\n\n<p>Les besoins des malades restent nombreux : acc\u00e8s au diagnostic, aux traitements, \u00e0 des soins adapt\u00e9s, \u00e0 des ressources et des services indispensables \u00e0 leur quotidien. Poursuivons tous les efforts pour une meilleure prise en charge des maladies rares en Tunisie en renfor\u00e7ant l\u2019information \u00e0 destination des professionnels de sant\u00e9 sur les maladies rares; am\u00e9liorant les outils de diagnostic; en favorisant les actions de recherche et d\u00e9veloppement de nouveaux traitements : rencontres r\u00e9guli\u00e8res entre chercheurs publics et priv\u00e9s, mutualisation des registres\/bases de donn\u00e9es, d\u00e9ploiement d\u2019\u00e9tudes cliniques\u2026; en d\u00e9veloppant l\u2019acc\u00e8s aux solutions th\u00e9rapeutiques pour les patients pour une meilleure prise en charge ; et en d\u00e9ployant des campagnes de sensibilisation sur les maladies rares \u00e0 destination du grand public <\/p>\n\n\n\n<h3 class=\"wp-block-heading\"> \u00c0 propos de la Journ\u00e9e internationale des maladies rares<\/h3>\n\n\n\n<p> La journ\u00e9e mobilise tous les acteurs dans le domaine des maladies rares : les personnes malades, les associations de patients, les professionnels de sant\u00e9, les chercheurs, les pouvoirs publics et les industriels. <\/p>\n\n\n\n<p> La premi\u00e8re journ\u00e9e des maladies rares a eu lieu en 2008 en Europe, depuis elle se d\u00e9roule dans 94 pays. L\u2019\u00e9dition 2020 a eu lieu le samedi 29 f\u00e9vrier. Elle a pour objectif de sensibiliser le grand public ainsi que les autorit\u00e9s sanitaires et scientifiques \u00e0 l\u2019importance des d\u00e9fis \u00e0 relever pour mieux prendre en charge les malades atteints de maladies rares. Elle est coordonn\u00e9e par Eurordis, alliance non gouvernementale compos\u00e9e de 765 associations de malades dans 69 pays.<\/p>\n\n\n\n<p> R\u00e9cemment cr\u00e9\u00e9e par des patients et parents de patients atteints de maladies orphelines et rares et qui sont engag\u00e9s dans un combat quotidien pour lutter contre ces maladies souvent handicapantes en l\u2019absence d\u2019une prise en charge ad\u00e9quate et multidisciplinaire, l\u2019ATML vise \u00e0 am\u00e9liorer leur qualit\u00e9 de vie de ces malades, qui ont le droit de grandir, de s\u2019int\u00e9grer dans la soci\u00e9t\u00e9, de s\u2019\u00e9panouir et de vivre tout simplement.<\/p>\n\n\n\n<p> Cette association permettra aux patients et \u00e0 leurs familles de se rencontrer, d\u2019\u00e9changer leurs exp\u00e9riences et de partager leur v\u00e9cu, souvent difficile devant les difficult\u00e9s du diagnostic, de la prise en charge m\u00e9dicale et d\u2019acc\u00e8s au traitement, jusque-l\u00e0 accessible uniquement \u00e0 travers les essais cliniques ou les programmes humanitaires d\u00e9velopp\u00e9s par les multinationales de l\u2019industrie pharmaceutique. <\/p>\n\n\n\n<h3 class=\"wp-block-heading\"> Le combat de Sanofi aux c\u00f4t\u00e9s des personnes souffrantes <\/h3>\n\n\n\n<p> La vocation de <a rel=\"noreferrer noopener\" aria-label=\"Sanofi (s\u2019ouvre dans un nouvel onglet)\" href=\"http:\/\/www.sanofi.com\" target=\"_blank\">Sanofi<\/a> est d\u2019accompagner celles et ceux confront\u00e9s \u00e0 des difficult\u00e9s de sant\u00e9. Entreprise biopharmaceutique mondiale sp\u00e9cialis\u00e9e dans la sant\u00e9 humaine, elle pr\u00e9vient les maladies avec ses vaccins et propose des traitements innovants. Elle accompagne tant ceux qui sont atteints de maladies rares, que les millions de personnes souffrant d\u2019une maladie chronique.<\/p>\n\n\n\n<p> Sanofi, qui compte plus de 100.000 collaborateurs dans 100 pays, transforme l&rsquo;innovation scientifique en solutions de sant\u00e9 partout dans le monde.<\/p>\n\n\n\n<p> Pr\u00e9sent en Tunisie depuis plus de 30 ans, Sanofi est leader du march\u00e9 pharmaceutique dans notre pays. C\u2019est la premi\u00e8re multinationale \u00e0 avoir investi dans un site industriel.<\/p>\n\n\n\n<p> Les activit\u00e9s de<a rel=\"noreferrer noopener\" aria-label=\" Sanofi en Tunisie (s\u2019ouvre dans un nouvel onglet)\" href=\"http:\/\/www.tn.sanofi.com\" target=\"_blank\"> Sanofi en Tunisie<\/a> concernent l\u2019enregistrement, la production, la distribution et la commercialisation de solutions th\u00e9rapeutiques centr\u00e9es sur les besoins des patients dans les principaux axes th\u00e9rapeutiques : diab\u00e8te et cardiovasculaire, m\u00e9decine g\u00e9n\u00e9rale, maladies rares,vaccins et sant\u00e9 grand public. <\/p>\n\n\n\n<p><strong><em> Source<\/em><\/strong> : communiqu\u00e9. <\/p>\n","protected":false},"excerpt":{"rendered":"<p>Sanofi Tunisie ainsi que l\u2019Association tunisienne des maladies lysosomales (ATML) soutiennent la 13e Journ\u00e9e internationale des maladies rares (Rare Disease Day), organis\u00e9e le dernier jour du mois de f\u00e9vrier de chaque ann\u00e9e, dans pr\u00e8s de 90 pays.<\/p>\n","protected":false},"author":8,"featured_media":285893,"comment_status":"open","ping_status":"open","sticky":false,"template":"","format":"standard","meta":{"footnotes":""},"categories":[995,998,2433],"tags":[76019,76024,76018,76021,76022,76023,76020,76025],"class_list":["post-285890","post","type-post","status-publish","format-standard","has-post-thumbnail","hentry","category-economie","category-societe","category-tunisie","tag-association-tunisienne-des-maladies-lysosomales","tag-dr-bouchra-aneflous","tag-maladie-rares","tag-maladies-lysosomales","tag-mouadh-saied","tag-president-de-latml","tag-rare-disease-day","tag-sanofi-genzyme"],"yoast_head":"<!-- This site is optimized with the Yoast SEO plugin v26.6 - https:\/\/yoast.com\/wordpress\/plugins\/seo\/ -->\n<title>En Tunisie, une personne sur vingt serait atteinte d\u2019une maladie rare - Kapitalis<\/title>\n<meta name=\"robots\" content=\"index, follow, max-snippet:-1, max-image-preview:large, max-video-preview:-1\" \/>\n<link rel=\"canonical\" href=\"https:\/\/kapitalis.com\/tunisie\/2020\/03\/05\/en-tunisie-une-personne-sur-vingt-serait-atteinte-dune-maladie-rare\/\" \/>\n<meta property=\"og:locale\" content=\"fr_FR\" \/>\n<meta property=\"og:type\" content=\"article\" \/>\n<meta property=\"og:title\" content=\"En Tunisie, une personne sur vingt serait atteinte d\u2019une maladie rare - Kapitalis\" \/>\n<meta property=\"og:description\" content=\"Sanofi Tunisie ainsi que l\u2019Association tunisienne des maladies lysosomales (ATML) soutiennent la 13e Journ\u00e9e internationale des maladies rares (Rare Disease Day), organis\u00e9e le dernier jour du mois de f\u00e9vrier de chaque ann\u00e9e, dans pr\u00e8s de 90 pays.\" \/>\n<meta property=\"og:url\" content=\"https:\/\/kapitalis.com\/tunisie\/2020\/03\/05\/en-tunisie-une-personne-sur-vingt-serait-atteinte-dune-maladie-rare\/\" \/>\n<meta property=\"og:site_name\" content=\"Kapitalis\" \/>\n<meta property=\"article:publisher\" content=\"https:\/\/www.facebook.com\/KapitalisInfo\/\" \/>\n<meta property=\"article:published_time\" content=\"2020-03-05T15:36:24+00:00\" \/>\n<meta property=\"article:modified_time\" content=\"2020-03-05T15:36:25+00:00\" \/>\n<meta property=\"og:image\" content=\"https:\/\/kapitalis.com\/tunisie\/wp-content\/uploads\/2022\/05\/kapitalis-logo-fb.png\" \/>\n\t<meta property=\"og:image:width\" content=\"1200\" \/>\n\t<meta property=\"og:image:height\" content=\"630\" \/>\n\t<meta property=\"og:image:type\" content=\"image\/png\" \/>\n<meta name=\"author\" content=\"webmaster kapitalis\" \/>\n<meta name=\"twitter:card\" content=\"summary_large_image\" \/>\n<meta name=\"twitter:creator\" content=\"@KapitalisInfo\" \/>\n<meta name=\"twitter:site\" content=\"@KapitalisInfo\" \/>\n<meta name=\"twitter:label1\" content=\"\u00c9crit par\" \/>\n\t<meta name=\"twitter:data1\" content=\"webmaster kapitalis\" \/>\n\t<meta name=\"twitter:label2\" content=\"Dur\u00e9e de lecture estim\u00e9e\" \/>\n\t<meta name=\"twitter:data2\" content=\"5 minutes\" \/>\n<script type=\"application\/ld+json\" class=\"yoast-schema-graph\">{\"@context\":\"https:\/\/schema.org\",\"@graph\":[{\"@type\":\"Article\",\"@id\":\"https:\/\/kapitalis.com\/tunisie\/2020\/03\/05\/en-tunisie-une-personne-sur-vingt-serait-atteinte-dune-maladie-rare\/#article\",\"isPartOf\":{\"@id\":\"https:\/\/kapitalis.com\/tunisie\/2020\/03\/05\/en-tunisie-une-personne-sur-vingt-serait-atteinte-dune-maladie-rare\/\"},\"author\":{\"name\":\"webmaster kapitalis\",\"@id\":\"https:\/\/kapitalis.com\/tunisie\/#\/schema\/person\/d71f33a9ca44f7bad4698210b480c8e9\"},\"headline\":\"En Tunisie, une personne sur vingt serait atteinte d\u2019une maladie rare\",\"datePublished\":\"2020-03-05T15:36:24+00:00\",\"dateModified\":\"2020-03-05T15:36:25+00:00\",\"mainEntityOfPage\":{\"@id\":\"https:\/\/kapitalis.com\/tunisie\/2020\/03\/05\/en-tunisie-une-personne-sur-vingt-serait-atteinte-dune-maladie-rare\/\"},\"wordCount\":1022,\"commentCount\":0,\"publisher\":{\"@id\":\"https:\/\/kapitalis.com\/tunisie\/#organization\"},\"image\":{\"@id\":\"https:\/\/kapitalis.com\/tunisie\/2020\/03\/05\/en-tunisie-une-personne-sur-vingt-serait-atteinte-dune-maladie-rare\/#primaryimage\"},\"thumbnailUrl\":\"\",\"keywords\":[\"Association tunisienne des maladies lysosomales\",\"Dr Bouchra Aneflous\",\"maladie rares\",\"maladies lysosomales\",\"Mouadh Saied\",\"pr\u00e9sident de l\u2019ATML\",\"Rare Disease Day\",\"Sanofi Genzyme\"],\"articleSection\":[\"ECONOMIE\",\"SOCIETE\",\"Tunisie\"],\"inLanguage\":\"fr-FR\",\"potentialAction\":[{\"@type\":\"CommentAction\",\"name\":\"Comment\",\"target\":[\"https:\/\/kapitalis.com\/tunisie\/2020\/03\/05\/en-tunisie-une-personne-sur-vingt-serait-atteinte-dune-maladie-rare\/#respond\"]}]},{\"@type\":\"WebPage\",\"@id\":\"https:\/\/kapitalis.com\/tunisie\/2020\/03\/05\/en-tunisie-une-personne-sur-vingt-serait-atteinte-dune-maladie-rare\/\",\"url\":\"https:\/\/kapitalis.com\/tunisie\/2020\/03\/05\/en-tunisie-une-personne-sur-vingt-serait-atteinte-dune-maladie-rare\/\",\"name\":\"En Tunisie, une personne sur vingt serait atteinte d\u2019une maladie rare - Kapitalis\",\"isPartOf\":{\"@id\":\"https:\/\/kapitalis.com\/tunisie\/#website\"},\"primaryImageOfPage\":{\"@id\":\"https:\/\/kapitalis.com\/tunisie\/2020\/03\/05\/en-tunisie-une-personne-sur-vingt-serait-atteinte-dune-maladie-rare\/#primaryimage\"},\"image\":{\"@id\":\"https:\/\/kapitalis.com\/tunisie\/2020\/03\/05\/en-tunisie-une-personne-sur-vingt-serait-atteinte-dune-maladie-rare\/#primaryimage\"},\"thumbnailUrl\":\"\",\"datePublished\":\"2020-03-05T15:36:24+00:00\",\"dateModified\":\"2020-03-05T15:36:25+00:00\",\"breadcrumb\":{\"@id\":\"https:\/\/kapitalis.com\/tunisie\/2020\/03\/05\/en-tunisie-une-personne-sur-vingt-serait-atteinte-dune-maladie-rare\/#breadcrumb\"},\"inLanguage\":\"fr-FR\",\"potentialAction\":[{\"@type\":\"ReadAction\",\"target\":[\"https:\/\/kapitalis.com\/tunisie\/2020\/03\/05\/en-tunisie-une-personne-sur-vingt-serait-atteinte-dune-maladie-rare\/\"]}]},{\"@type\":\"ImageObject\",\"inLanguage\":\"fr-FR\",\"@id\":\"https:\/\/kapitalis.com\/tunisie\/2020\/03\/05\/en-tunisie-une-personne-sur-vingt-serait-atteinte-dune-maladie-rare\/#primaryimage\",\"url\":\"\",\"contentUrl\":\"\"},{\"@type\":\"BreadcrumbList\",\"@id\":\"https:\/\/kapitalis.com\/tunisie\/2020\/03\/05\/en-tunisie-une-personne-sur-vingt-serait-atteinte-dune-maladie-rare\/#breadcrumb\",\"itemListElement\":[{\"@type\":\"ListItem\",\"position\":1,\"name\":\"Accueil\",\"item\":\"https:\/\/kapitalis.com\/tunisie\/\"},{\"@type\":\"ListItem\",\"position\":2,\"name\":\"En Tunisie, une personne sur vingt serait atteinte d\u2019une maladie rare\"}]},{\"@type\":\"WebSite\",\"@id\":\"https:\/\/kapitalis.com\/tunisie\/#website\",\"url\":\"https:\/\/kapitalis.com\/tunisie\/\",\"name\":\"Kapitalis\",\"description\":\"L&#039;actualit\u00e9 en Tunisie et dans le monde\",\"publisher\":{\"@id\":\"https:\/\/kapitalis.com\/tunisie\/#organization\"},\"potentialAction\":[{\"@type\":\"SearchAction\",\"target\":{\"@type\":\"EntryPoint\",\"urlTemplate\":\"https:\/\/kapitalis.com\/tunisie\/?s={search_term_string}\"},\"query-input\":{\"@type\":\"PropertyValueSpecification\",\"valueRequired\":true,\"valueName\":\"search_term_string\"}}],\"inLanguage\":\"fr-FR\"},{\"@type\":\"Organization\",\"@id\":\"https:\/\/kapitalis.com\/tunisie\/#organization\",\"name\":\"Kapitalis\",\"url\":\"https:\/\/kapitalis.com\/tunisie\/\",\"logo\":{\"@type\":\"ImageObject\",\"inLanguage\":\"fr-FR\",\"@id\":\"https:\/\/kapitalis.com\/tunisie\/#\/schema\/logo\/image\/\",\"url\":\"https:\/\/kapitalis.com\/tunisie\/wp-content\/uploads\/2022\/05\/Kapitalis-big-size.png\",\"contentUrl\":\"https:\/\/kapitalis.com\/tunisie\/wp-content\/uploads\/2022\/05\/Kapitalis-big-size.png\",\"width\":5000,\"height\":1500,\"caption\":\"Kapitalis\"},\"image\":{\"@id\":\"https:\/\/kapitalis.com\/tunisie\/#\/schema\/logo\/image\/\"},\"sameAs\":[\"https:\/\/www.facebook.com\/KapitalisInfo\/\",\"https:\/\/x.com\/KapitalisInfo\",\"https:\/\/www.youtube.com\/channel\/UC-yDYrHyfFBWWZaOw3FPg9Q\"]},{\"@type\":\"Person\",\"@id\":\"https:\/\/kapitalis.com\/tunisie\/#\/schema\/person\/d71f33a9ca44f7bad4698210b480c8e9\",\"name\":\"webmaster kapitalis\",\"url\":\"https:\/\/kapitalis.com\/tunisie\/author\/webmaster-kapitalis\/\"}]}<\/script>\n<!-- \/ Yoast SEO plugin. -->","yoast_head_json":{"title":"En Tunisie, une personne sur vingt serait atteinte d\u2019une maladie rare - Kapitalis","robots":{"index":"index","follow":"follow","max-snippet":"max-snippet:-1","max-image-preview":"max-image-preview:large","max-video-preview":"max-video-preview:-1"},"canonical":"https:\/\/kapitalis.com\/tunisie\/2020\/03\/05\/en-tunisie-une-personne-sur-vingt-serait-atteinte-dune-maladie-rare\/","og_locale":"fr_FR","og_type":"article","og_title":"En Tunisie, une personne sur vingt serait atteinte d\u2019une maladie rare - Kapitalis","og_description":"Sanofi Tunisie ainsi que l\u2019Association tunisienne des maladies lysosomales (ATML) soutiennent la 13e Journ\u00e9e internationale des maladies rares (Rare Disease Day), organis\u00e9e le dernier jour du mois de f\u00e9vrier de chaque ann\u00e9e, dans pr\u00e8s de 90 pays.","og_url":"https:\/\/kapitalis.com\/tunisie\/2020\/03\/05\/en-tunisie-une-personne-sur-vingt-serait-atteinte-dune-maladie-rare\/","og_site_name":"Kapitalis","article_publisher":"https:\/\/www.facebook.com\/KapitalisInfo\/","article_published_time":"2020-03-05T15:36:24+00:00","article_modified_time":"2020-03-05T15:36:25+00:00","og_image":[{"width":1200,"height":630,"url":"https:\/\/kapitalis.com\/tunisie\/wp-content\/uploads\/2022\/05\/kapitalis-logo-fb.png","type":"image\/png"}],"author":"webmaster kapitalis","twitter_card":"summary_large_image","twitter_creator":"@KapitalisInfo","twitter_site":"@KapitalisInfo","twitter_misc":{"\u00c9crit par":"webmaster kapitalis","Dur\u00e9e de lecture estim\u00e9e":"5 minutes"},"schema":{"@context":"https:\/\/schema.org","@graph":[{"@type":"Article","@id":"https:\/\/kapitalis.com\/tunisie\/2020\/03\/05\/en-tunisie-une-personne-sur-vingt-serait-atteinte-dune-maladie-rare\/#article","isPartOf":{"@id":"https:\/\/kapitalis.com\/tunisie\/2020\/03\/05\/en-tunisie-une-personne-sur-vingt-serait-atteinte-dune-maladie-rare\/"},"author":{"name":"webmaster kapitalis","@id":"https:\/\/kapitalis.com\/tunisie\/#\/schema\/person\/d71f33a9ca44f7bad4698210b480c8e9"},"headline":"En Tunisie, une personne sur vingt serait atteinte d\u2019une maladie rare","datePublished":"2020-03-05T15:36:24+00:00","dateModified":"2020-03-05T15:36:25+00:00","mainEntityOfPage":{"@id":"https:\/\/kapitalis.com\/tunisie\/2020\/03\/05\/en-tunisie-une-personne-sur-vingt-serait-atteinte-dune-maladie-rare\/"},"wordCount":1022,"commentCount":0,"publisher":{"@id":"https:\/\/kapitalis.com\/tunisie\/#organization"},"image":{"@id":"https:\/\/kapitalis.com\/tunisie\/2020\/03\/05\/en-tunisie-une-personne-sur-vingt-serait-atteinte-dune-maladie-rare\/#primaryimage"},"thumbnailUrl":"","keywords":["Association tunisienne des maladies lysosomales","Dr Bouchra Aneflous","maladie rares","maladies lysosomales","Mouadh Saied","pr\u00e9sident de l\u2019ATML","Rare Disease Day","Sanofi Genzyme"],"articleSection":["ECONOMIE","SOCIETE","Tunisie"],"inLanguage":"fr-FR","potentialAction":[{"@type":"CommentAction","name":"Comment","target":["https:\/\/kapitalis.com\/tunisie\/2020\/03\/05\/en-tunisie-une-personne-sur-vingt-serait-atteinte-dune-maladie-rare\/#respond"]}]},{"@type":"WebPage","@id":"https:\/\/kapitalis.com\/tunisie\/2020\/03\/05\/en-tunisie-une-personne-sur-vingt-serait-atteinte-dune-maladie-rare\/","url":"https:\/\/kapitalis.com\/tunisie\/2020\/03\/05\/en-tunisie-une-personne-sur-vingt-serait-atteinte-dune-maladie-rare\/","name":"En Tunisie, une personne sur vingt serait atteinte d\u2019une maladie rare - Kapitalis","isPartOf":{"@id":"https:\/\/kapitalis.com\/tunisie\/#website"},"primaryImageOfPage":{"@id":"https:\/\/kapitalis.com\/tunisie\/2020\/03\/05\/en-tunisie-une-personne-sur-vingt-serait-atteinte-dune-maladie-rare\/#primaryimage"},"image":{"@id":"https:\/\/kapitalis.com\/tunisie\/2020\/03\/05\/en-tunisie-une-personne-sur-vingt-serait-atteinte-dune-maladie-rare\/#primaryimage"},"thumbnailUrl":"","datePublished":"2020-03-05T15:36:24+00:00","dateModified":"2020-03-05T15:36:25+00:00","breadcrumb":{"@id":"https:\/\/kapitalis.com\/tunisie\/2020\/03\/05\/en-tunisie-une-personne-sur-vingt-serait-atteinte-dune-maladie-rare\/#breadcrumb"},"inLanguage":"fr-FR","potentialAction":[{"@type":"ReadAction","target":["https:\/\/kapitalis.com\/tunisie\/2020\/03\/05\/en-tunisie-une-personne-sur-vingt-serait-atteinte-dune-maladie-rare\/"]}]},{"@type":"ImageObject","inLanguage":"fr-FR","@id":"https:\/\/kapitalis.com\/tunisie\/2020\/03\/05\/en-tunisie-une-personne-sur-vingt-serait-atteinte-dune-maladie-rare\/#primaryimage","url":"","contentUrl":""},{"@type":"BreadcrumbList","@id":"https:\/\/kapitalis.com\/tunisie\/2020\/03\/05\/en-tunisie-une-personne-sur-vingt-serait-atteinte-dune-maladie-rare\/#breadcrumb","itemListElement":[{"@type":"ListItem","position":1,"name":"Accueil","item":"https:\/\/kapitalis.com\/tunisie\/"},{"@type":"ListItem","position":2,"name":"En Tunisie, une personne sur vingt serait atteinte d\u2019une maladie rare"}]},{"@type":"WebSite","@id":"https:\/\/kapitalis.com\/tunisie\/#website","url":"https:\/\/kapitalis.com\/tunisie\/","name":"Kapitalis","description":"L&#039;actualit\u00e9 en Tunisie et dans le monde","publisher":{"@id":"https:\/\/kapitalis.com\/tunisie\/#organization"},"potentialAction":[{"@type":"SearchAction","target":{"@type":"EntryPoint","urlTemplate":"https:\/\/kapitalis.com\/tunisie\/?s={search_term_string}"},"query-input":{"@type":"PropertyValueSpecification","valueRequired":true,"valueName":"search_term_string"}}],"inLanguage":"fr-FR"},{"@type":"Organization","@id":"https:\/\/kapitalis.com\/tunisie\/#organization","name":"Kapitalis","url":"https:\/\/kapitalis.com\/tunisie\/","logo":{"@type":"ImageObject","inLanguage":"fr-FR","@id":"https:\/\/kapitalis.com\/tunisie\/#\/schema\/logo\/image\/","url":"https:\/\/kapitalis.com\/tunisie\/wp-content\/uploads\/2022\/05\/Kapitalis-big-size.png","contentUrl":"https:\/\/kapitalis.com\/tunisie\/wp-content\/uploads\/2022\/05\/Kapitalis-big-size.png","width":5000,"height":1500,"caption":"Kapitalis"},"image":{"@id":"https:\/\/kapitalis.com\/tunisie\/#\/schema\/logo\/image\/"},"sameAs":["https:\/\/www.facebook.com\/KapitalisInfo\/","https:\/\/x.com\/KapitalisInfo","https:\/\/www.youtube.com\/channel\/UC-yDYrHyfFBWWZaOw3FPg9Q"]},{"@type":"Person","@id":"https:\/\/kapitalis.com\/tunisie\/#\/schema\/person\/d71f33a9ca44f7bad4698210b480c8e9","name":"webmaster kapitalis","url":"https:\/\/kapitalis.com\/tunisie\/author\/webmaster-kapitalis\/"}]}},"_links":{"self":[{"href":"https:\/\/kapitalis.com\/tunisie\/wp-json\/wp\/v2\/posts\/285890","targetHints":{"allow":["GET"]}}],"collection":[{"href":"https:\/\/kapitalis.com\/tunisie\/wp-json\/wp\/v2\/posts"}],"about":[{"href":"https:\/\/kapitalis.com\/tunisie\/wp-json\/wp\/v2\/types\/post"}],"author":[{"embeddable":true,"href":"https:\/\/kapitalis.com\/tunisie\/wp-json\/wp\/v2\/users\/8"}],"replies":[{"embeddable":true,"href":"https:\/\/kapitalis.com\/tunisie\/wp-json\/wp\/v2\/comments?post=285890"}],"version-history":[{"count":0,"href":"https:\/\/kapitalis.com\/tunisie\/wp-json\/wp\/v2\/posts\/285890\/revisions"}],"wp:featuredmedia":[{"embeddable":true,"href":"https:\/\/kapitalis.com\/tunisie\/wp-json\/wp\/v2\/media\/285893"}],"wp:attachment":[{"href":"https:\/\/kapitalis.com\/tunisie\/wp-json\/wp\/v2\/media?parent=285890"}],"wp:term":[{"taxonomy":"category","embeddable":true,"href":"https:\/\/kapitalis.com\/tunisie\/wp-json\/wp\/v2\/categories?post=285890"},{"taxonomy":"post_tag","embeddable":true,"href":"https:\/\/kapitalis.com\/tunisie\/wp-json\/wp\/v2\/tags?post=285890"}],"curies":[{"name":"wp","href":"https:\/\/api.w.org\/{rel}","templated":true}]}}