{"id":285895,"date":"2020-03-05T17:13:35","date_gmt":"2020-03-05T16:13:35","guid":{"rendered":"http:\/\/kapitalis.com\/tunisie\/?p=285895"},"modified":"2020-03-05T20:08:17","modified_gmt":"2020-03-05T19:08:17","slug":"reinsertion-sociale-un-jeune-sortant-de-la-prison-el-houareb-ouvre-un-salon-de-coiffure-finance-par-letat","status":"publish","type":"post","link":"https:\/\/kapitalis.com\/tunisie\/2020\/03\/05\/reinsertion-sociale-un-jeune-sortant-de-la-prison-el-houareb-ouvre-un-salon-de-coiffure-finance-par-letat\/","title":{"rendered":"R\u00e9cemment sorti de la prison El-Houareb, un jeune ouvre un salon de coiffure financ\u00e9 par l&rsquo;Etat"},"content":{"rendered":"\n<figure class=\"wp-block-image size-large\"><img decoding=\"async\" src=\"http:\/\/kapitalis.com\/tunisie\/wp-content\/uploads\/2020\/03\/R\u00e9insertion-sociale-Kairouan-salon-coiffure.jpg\" alt=\"\" class=\"wp-image-285906\"\/><\/figure>\n\n\n\n<p><em><strong>Dans le cadre de l&rsquo;accompagnement de la r\u00e9insertion sociale et professionnelle des sortants de prison, la Direction g\u00e9n\u00e9rale des prisons et de la r\u00e9\u00e9ducation (DGPR) et les autorit\u00e9s r\u00e9gionales de Kairouan, ont aid\u00e9 un jeune, qui vient de purger sa peine, \u00e0 ouvrir son salon de coiffure. Il avait d\u00e9croch\u00e9 son dipl\u00f4me lors de son incarc\u00e9ration \u00e0 la prison civile El-Houareb.<\/strong><\/em><\/p>\n\n\n\n<!--more-->\n\n\n\n<p>Ce projet de droit \u00e0 une seconde chance vise  \u00e0 cr\u00e9er un environnement propice aux d\u00e9tenus \u00e0 leur sortie de prison et \u00e0 les aider \u00e0 d\u00e9passer les obstacles auxquels ils sont souvent confront\u00e9s : isolement social et familial, difficult\u00e9s d\u2019acc\u00e8s \u00e0 l&#8217;emploi aggrav\u00e9 par un casier judiciaire charg\u00e9, entre autres probl\u00e8mes pouvant les faire r\u00e9cidiver.<\/p>\n\n\n\n<p>C&rsquo;est ainsi qu&rsquo;un jeune condamn\u00e9 \u00e0 une peine pour un d\u00e9lit de droit commun a \u00e9t\u00e9 pris en charge d\u00e8s son incarc\u00e9ration. Il a fait preuve de motivation et a demand\u00e9 \u00e0 suivre une formation de coiffure \u00e0 l&rsquo;issue de laquelle il a obtenu un dipl\u00f4me et a pu exercer son nouveau m\u00e9tier, et d&rsquo;abord en prison.<\/p>\n\n\n\n<p>A sa sortie, la d\u00e9l\u00e9gation r\u00e9gionale de la Femme, la Famille et l&rsquo;Enfance, l&rsquo;a aid\u00e9 \u00e0 ouvrir aujourd&rsquo;hui, jeudi 6 mars 2020, son salon de coiffure.<\/p>\n\n\n\n<p>La DGPR, qui a d\u00e9j\u00e0 accompagn\u00e9 deux autres projets similaires en 2019, estime qu&rsquo;il est n\u00e9cessaire de tendre la main \u00e0 ceux qui souhaitent reprendre pied progressivement dans la soci\u00e9t\u00e9 et reconstruire leur vie. <\/p>\n\n\n\n<p>\u00ab<em>La r\u00e9ussite d\u2019un projet d\u2019insertion passe par une relation \u00e9troite entre l\u2019administration p\u00e9nitentiaire et les autorit\u00e9s r\u00e9gionales, pour r\u00e9ussir \u00e0 construire un parcours de r\u00e9insertion individualis\u00e9, pour chaque sortant de prison<\/em>\u00bb, indique la DGPR dans un communiqu\u00e9.<\/p>\n\n\n\n<p>Notons que le dernier rapport des Nations Unies a r\u00e9v\u00e9l\u00e9 que le manque d&rsquo;accompagnement de la r\u00e9insertion sociale des sortants de prison entra\u00eene un fort taux de r\u00e9cidive. Ces derniers, livr\u00e9s \u00e0 eux m\u00eame et faisant face \u00e0 des obstacles socio-professionnels, retombent dans la d\u00e9linquance et parfois m\u00eame dans la radicalisation.<\/p>\n\n\n\n<p class=\"has-text-align-right\"><strong>Y. N.<\/strong><\/p>\n","protected":false},"excerpt":{"rendered":"<p>Dans le cadre de l&rsquo;accompagnement de la r\u00e9insertion sociale et professionnelle des sortants de prison, la Direction g\u00e9n\u00e9rale des prisons et de la r\u00e9\u00e9ducation (DGPR) et les autorit\u00e9s r\u00e9gionales de Kairouan, ont aid\u00e9 un jeune, qui vient de purger sa peine, \u00e0 ouvrir son salon de coiffure. Il avait d\u00e9croch\u00e9 son dipl\u00f4me lors de son&#8230;<\/p>\n","protected":false},"author":6,"featured_media":285906,"comment_status":"open","ping_status":"open","sticky":false,"template":"","format":"standard","meta":{"footnotes":""},"categories":[998,2433],"tags":[4406,76028,2468,76030,76029,64557,25596,76026,76027],"class_list":["post-285895","post","type-post","status-publish","format-standard","has-post-thumbnail","hentry","category-societe","category-tunisie","tag-detenus","tag-dgpr","tag-diplome","tag-el-houareb","tag-financement-projet","tag-kairouan","tag-prison-civile","tag-reinsertion-sociale","tag-sortants-de-prison"],"yoast_head":"<!-- This site is optimized with the Yoast SEO plugin v26.6 - https:\/\/yoast.com\/wordpress\/plugins\/seo\/ -->\n<title>R\u00e9cemment sorti de la prison El-Houareb, un jeune ouvre un salon de coiffure financ\u00e9 par l&#039;Etat - Kapitalis<\/title>\n<meta name=\"robots\" content=\"index, follow, max-snippet:-1, max-image-preview:large, max-video-preview:-1\" \/>\n<link rel=\"canonical\" href=\"https:\/\/kapitalis.com\/tunisie\/2020\/03\/05\/reinsertion-sociale-un-jeune-sortant-de-la-prison-el-houareb-ouvre-un-salon-de-coiffure-finance-par-letat\/\" \/>\n<meta property=\"og:locale\" content=\"fr_FR\" \/>\n<meta property=\"og:type\" content=\"article\" \/>\n<meta property=\"og:title\" content=\"R\u00e9cemment sorti de la prison El-Houareb, un jeune ouvre un salon de coiffure financ\u00e9 par l&#039;Etat - Kapitalis\" \/>\n<meta property=\"og:description\" content=\"Dans le cadre de l&rsquo;accompagnement de la r\u00e9insertion sociale et professionnelle des sortants de prison, la Direction g\u00e9n\u00e9rale des prisons et de la r\u00e9\u00e9ducation (DGPR) et les autorit\u00e9s r\u00e9gionales de Kairouan, ont aid\u00e9 un jeune, qui vient de purger sa peine, \u00e0 ouvrir son salon de coiffure. Il avait d\u00e9croch\u00e9 son dipl\u00f4me lors de son...\" \/>\n<meta property=\"og:url\" content=\"https:\/\/kapitalis.com\/tunisie\/2020\/03\/05\/reinsertion-sociale-un-jeune-sortant-de-la-prison-el-houareb-ouvre-un-salon-de-coiffure-finance-par-letat\/\" \/>\n<meta property=\"og:site_name\" content=\"Kapitalis\" \/>\n<meta property=\"article:publisher\" content=\"https:\/\/www.facebook.com\/KapitalisInfo\/\" \/>\n<meta property=\"article:published_time\" content=\"2020-03-05T16:13:35+00:00\" \/>\n<meta property=\"article:modified_time\" content=\"2020-03-05T19:08:17+00:00\" \/>\n<meta property=\"og:image\" content=\"https:\/\/kapitalis.com\/tunisie\/wp-content\/uploads\/2022\/05\/kapitalis-logo-fb.png\" \/>\n\t<meta property=\"og:image:width\" content=\"1200\" \/>\n\t<meta property=\"og:image:height\" content=\"630\" \/>\n\t<meta property=\"og:image:type\" content=\"image\/png\" \/>\n<meta name=\"author\" content=\"Yusra NY\" \/>\n<meta name=\"twitter:card\" content=\"summary_large_image\" \/>\n<meta name=\"twitter:creator\" content=\"@KapitalisInfo\" \/>\n<meta name=\"twitter:site\" content=\"@KapitalisInfo\" \/>\n<meta name=\"twitter:label1\" content=\"\u00c9crit par\" \/>\n\t<meta name=\"twitter:data1\" content=\"Yusra NY\" \/>\n\t<meta name=\"twitter:label2\" content=\"Dur\u00e9e de lecture estim\u00e9e\" \/>\n\t<meta name=\"twitter:data2\" content=\"2 minutes\" \/>\n<script type=\"application\/ld+json\" class=\"yoast-schema-graph\">{\"@context\":\"https:\/\/schema.org\",\"@graph\":[{\"@type\":\"Article\",\"@id\":\"https:\/\/kapitalis.com\/tunisie\/2020\/03\/05\/reinsertion-sociale-un-jeune-sortant-de-la-prison-el-houareb-ouvre-un-salon-de-coiffure-finance-par-letat\/#article\",\"isPartOf\":{\"@id\":\"https:\/\/kapitalis.com\/tunisie\/2020\/03\/05\/reinsertion-sociale-un-jeune-sortant-de-la-prison-el-houareb-ouvre-un-salon-de-coiffure-finance-par-letat\/\"},\"author\":{\"name\":\"Yusra NY\",\"@id\":\"https:\/\/kapitalis.com\/tunisie\/#\/schema\/person\/74bbde0154d49d790a92aaeac5bc01d5\"},\"headline\":\"R\u00e9cemment sorti de la prison El-Houareb, un jeune ouvre un salon de coiffure financ\u00e9 par l&rsquo;Etat\",\"datePublished\":\"2020-03-05T16:13:35+00:00\",\"dateModified\":\"2020-03-05T19:08:17+00:00\",\"mainEntityOfPage\":{\"@id\":\"https:\/\/kapitalis.com\/tunisie\/2020\/03\/05\/reinsertion-sociale-un-jeune-sortant-de-la-prison-el-houareb-ouvre-un-salon-de-coiffure-finance-par-letat\/\"},\"wordCount\":368,\"commentCount\":1,\"publisher\":{\"@id\":\"https:\/\/kapitalis.com\/tunisie\/#organization\"},\"image\":{\"@id\":\"https:\/\/kapitalis.com\/tunisie\/2020\/03\/05\/reinsertion-sociale-un-jeune-sortant-de-la-prison-el-houareb-ouvre-un-salon-de-coiffure-finance-par-letat\/#primaryimage\"},\"thumbnailUrl\":\"\",\"keywords\":[\"d\u00e9tenus\",\"DGPR\",\"dipl\u00f4me\",\"El-Houareb\",\"financement projet\",\"Kairouan\",\"prison civile\",\"r\u00e9insertion sociale\",\"sortants de prison\"],\"articleSection\":[\"SOCIETE\",\"Tunisie\"],\"inLanguage\":\"fr-FR\",\"potentialAction\":[{\"@type\":\"CommentAction\",\"name\":\"Comment\",\"target\":[\"https:\/\/kapitalis.com\/tunisie\/2020\/03\/05\/reinsertion-sociale-un-jeune-sortant-de-la-prison-el-houareb-ouvre-un-salon-de-coiffure-finance-par-letat\/#respond\"]}]},{\"@type\":\"WebPage\",\"@id\":\"https:\/\/kapitalis.com\/tunisie\/2020\/03\/05\/reinsertion-sociale-un-jeune-sortant-de-la-prison-el-houareb-ouvre-un-salon-de-coiffure-finance-par-letat\/\",\"url\":\"https:\/\/kapitalis.com\/tunisie\/2020\/03\/05\/reinsertion-sociale-un-jeune-sortant-de-la-prison-el-houareb-ouvre-un-salon-de-coiffure-finance-par-letat\/\",\"name\":\"R\u00e9cemment sorti de la prison El-Houareb, un jeune ouvre un salon de coiffure financ\u00e9 par l'Etat - Kapitalis\",\"isPartOf\":{\"@id\":\"https:\/\/kapitalis.com\/tunisie\/#website\"},\"primaryImageOfPage\":{\"@id\":\"https:\/\/kapitalis.com\/tunisie\/2020\/03\/05\/reinsertion-sociale-un-jeune-sortant-de-la-prison-el-houareb-ouvre-un-salon-de-coiffure-finance-par-letat\/#primaryimage\"},\"image\":{\"@id\":\"https:\/\/kapitalis.com\/tunisie\/2020\/03\/05\/reinsertion-sociale-un-jeune-sortant-de-la-prison-el-houareb-ouvre-un-salon-de-coiffure-finance-par-letat\/#primaryimage\"},\"thumbnailUrl\":\"\",\"datePublished\":\"2020-03-05T16:13:35+00:00\",\"dateModified\":\"2020-03-05T19:08:17+00:00\",\"breadcrumb\":{\"@id\":\"https:\/\/kapitalis.com\/tunisie\/2020\/03\/05\/reinsertion-sociale-un-jeune-sortant-de-la-prison-el-houareb-ouvre-un-salon-de-coiffure-finance-par-letat\/#breadcrumb\"},\"inLanguage\":\"fr-FR\",\"potentialAction\":[{\"@type\":\"ReadAction\",\"target\":[\"https:\/\/kapitalis.com\/tunisie\/2020\/03\/05\/reinsertion-sociale-un-jeune-sortant-de-la-prison-el-houareb-ouvre-un-salon-de-coiffure-finance-par-letat\/\"]}]},{\"@type\":\"ImageObject\",\"inLanguage\":\"fr-FR\",\"@id\":\"https:\/\/kapitalis.com\/tunisie\/2020\/03\/05\/reinsertion-sociale-un-jeune-sortant-de-la-prison-el-houareb-ouvre-un-salon-de-coiffure-finance-par-letat\/#primaryimage\",\"url\":\"\",\"contentUrl\":\"\"},{\"@type\":\"BreadcrumbList\",\"@id\":\"https:\/\/kapitalis.com\/tunisie\/2020\/03\/05\/reinsertion-sociale-un-jeune-sortant-de-la-prison-el-houareb-ouvre-un-salon-de-coiffure-finance-par-letat\/#breadcrumb\",\"itemListElement\":[{\"@type\":\"ListItem\",\"position\":1,\"name\":\"Accueil\",\"item\":\"https:\/\/kapitalis.com\/tunisie\/\"},{\"@type\":\"ListItem\",\"position\":2,\"name\":\"R\u00e9cemment sorti de la prison El-Houareb, un jeune ouvre un salon de coiffure financ\u00e9 par l&rsquo;Etat\"}]},{\"@type\":\"WebSite\",\"@id\":\"https:\/\/kapitalis.com\/tunisie\/#website\",\"url\":\"https:\/\/kapitalis.com\/tunisie\/\",\"name\":\"Kapitalis\",\"description\":\"L&#039;actualit\u00e9 en Tunisie et dans le monde\",\"publisher\":{\"@id\":\"https:\/\/kapitalis.com\/tunisie\/#organization\"},\"potentialAction\":[{\"@type\":\"SearchAction\",\"target\":{\"@type\":\"EntryPoint\",\"urlTemplate\":\"https:\/\/kapitalis.com\/tunisie\/?s={search_term_string}\"},\"query-input\":{\"@type\":\"PropertyValueSpecification\",\"valueRequired\":true,\"valueName\":\"search_term_string\"}}],\"inLanguage\":\"fr-FR\"},{\"@type\":\"Organization\",\"@id\":\"https:\/\/kapitalis.com\/tunisie\/#organization\",\"name\":\"Kapitalis\",\"url\":\"https:\/\/kapitalis.com\/tunisie\/\",\"logo\":{\"@type\":\"ImageObject\",\"inLanguage\":\"fr-FR\",\"@id\":\"https:\/\/kapitalis.com\/tunisie\/#\/schema\/logo\/image\/\",\"url\":\"https:\/\/kapitalis.com\/tunisie\/wp-content\/uploads\/2022\/05\/Kapitalis-big-size.png\",\"contentUrl\":\"https:\/\/kapitalis.com\/tunisie\/wp-content\/uploads\/2022\/05\/Kapitalis-big-size.png\",\"width\":5000,\"height\":1500,\"caption\":\"Kapitalis\"},\"image\":{\"@id\":\"https:\/\/kapitalis.com\/tunisie\/#\/schema\/logo\/image\/\"},\"sameAs\":[\"https:\/\/www.facebook.com\/KapitalisInfo\/\",\"https:\/\/x.com\/KapitalisInfo\",\"https:\/\/www.youtube.com\/channel\/UC-yDYrHyfFBWWZaOw3FPg9Q\"]},{\"@type\":\"Person\",\"@id\":\"https:\/\/kapitalis.com\/tunisie\/#\/schema\/person\/74bbde0154d49d790a92aaeac5bc01d5\",\"name\":\"Yusra NY\",\"url\":\"https:\/\/kapitalis.com\/tunisie\/author\/yuza_adam\/\"}]}<\/script>\n<!-- \/ Yoast SEO plugin. -->","yoast_head_json":{"title":"R\u00e9cemment sorti de la prison El-Houareb, un jeune ouvre un salon de coiffure financ\u00e9 par l'Etat - Kapitalis","robots":{"index":"index","follow":"follow","max-snippet":"max-snippet:-1","max-image-preview":"max-image-preview:large","max-video-preview":"max-video-preview:-1"},"canonical":"https:\/\/kapitalis.com\/tunisie\/2020\/03\/05\/reinsertion-sociale-un-jeune-sortant-de-la-prison-el-houareb-ouvre-un-salon-de-coiffure-finance-par-letat\/","og_locale":"fr_FR","og_type":"article","og_title":"R\u00e9cemment sorti de la prison El-Houareb, un jeune ouvre un salon de coiffure financ\u00e9 par l'Etat - Kapitalis","og_description":"Dans le cadre de l&rsquo;accompagnement de la r\u00e9insertion sociale et professionnelle des sortants de prison, la Direction g\u00e9n\u00e9rale des prisons et de la r\u00e9\u00e9ducation (DGPR) et les autorit\u00e9s r\u00e9gionales de Kairouan, ont aid\u00e9 un jeune, qui vient de purger sa peine, \u00e0 ouvrir son salon de coiffure. Il avait d\u00e9croch\u00e9 son dipl\u00f4me lors de son...","og_url":"https:\/\/kapitalis.com\/tunisie\/2020\/03\/05\/reinsertion-sociale-un-jeune-sortant-de-la-prison-el-houareb-ouvre-un-salon-de-coiffure-finance-par-letat\/","og_site_name":"Kapitalis","article_publisher":"https:\/\/www.facebook.com\/KapitalisInfo\/","article_published_time":"2020-03-05T16:13:35+00:00","article_modified_time":"2020-03-05T19:08:17+00:00","og_image":[{"width":1200,"height":630,"url":"https:\/\/kapitalis.com\/tunisie\/wp-content\/uploads\/2022\/05\/kapitalis-logo-fb.png","type":"image\/png"}],"author":"Yusra NY","twitter_card":"summary_large_image","twitter_creator":"@KapitalisInfo","twitter_site":"@KapitalisInfo","twitter_misc":{"\u00c9crit par":"Yusra NY","Dur\u00e9e de lecture estim\u00e9e":"2 minutes"},"schema":{"@context":"https:\/\/schema.org","@graph":[{"@type":"Article","@id":"https:\/\/kapitalis.com\/tunisie\/2020\/03\/05\/reinsertion-sociale-un-jeune-sortant-de-la-prison-el-houareb-ouvre-un-salon-de-coiffure-finance-par-letat\/#article","isPartOf":{"@id":"https:\/\/kapitalis.com\/tunisie\/2020\/03\/05\/reinsertion-sociale-un-jeune-sortant-de-la-prison-el-houareb-ouvre-un-salon-de-coiffure-finance-par-letat\/"},"author":{"name":"Yusra NY","@id":"https:\/\/kapitalis.com\/tunisie\/#\/schema\/person\/74bbde0154d49d790a92aaeac5bc01d5"},"headline":"R\u00e9cemment sorti de la prison El-Houareb, un jeune ouvre un salon de coiffure financ\u00e9 par l&rsquo;Etat","datePublished":"2020-03-05T16:13:35+00:00","dateModified":"2020-03-05T19:08:17+00:00","mainEntityOfPage":{"@id":"https:\/\/kapitalis.com\/tunisie\/2020\/03\/05\/reinsertion-sociale-un-jeune-sortant-de-la-prison-el-houareb-ouvre-un-salon-de-coiffure-finance-par-letat\/"},"wordCount":368,"commentCount":1,"publisher":{"@id":"https:\/\/kapitalis.com\/tunisie\/#organization"},"image":{"@id":"https:\/\/kapitalis.com\/tunisie\/2020\/03\/05\/reinsertion-sociale-un-jeune-sortant-de-la-prison-el-houareb-ouvre-un-salon-de-coiffure-finance-par-letat\/#primaryimage"},"thumbnailUrl":"","keywords":["d\u00e9tenus","DGPR","dipl\u00f4me","El-Houareb","financement projet","Kairouan","prison civile","r\u00e9insertion sociale","sortants de prison"],"articleSection":["SOCIETE","Tunisie"],"inLanguage":"fr-FR","potentialAction":[{"@type":"CommentAction","name":"Comment","target":["https:\/\/kapitalis.com\/tunisie\/2020\/03\/05\/reinsertion-sociale-un-jeune-sortant-de-la-prison-el-houareb-ouvre-un-salon-de-coiffure-finance-par-letat\/#respond"]}]},{"@type":"WebPage","@id":"https:\/\/kapitalis.com\/tunisie\/2020\/03\/05\/reinsertion-sociale-un-jeune-sortant-de-la-prison-el-houareb-ouvre-un-salon-de-coiffure-finance-par-letat\/","url":"https:\/\/kapitalis.com\/tunisie\/2020\/03\/05\/reinsertion-sociale-un-jeune-sortant-de-la-prison-el-houareb-ouvre-un-salon-de-coiffure-finance-par-letat\/","name":"R\u00e9cemment sorti de la prison El-Houareb, un jeune ouvre un salon de coiffure financ\u00e9 par l'Etat - Kapitalis","isPartOf":{"@id":"https:\/\/kapitalis.com\/tunisie\/#website"},"primaryImageOfPage":{"@id":"https:\/\/kapitalis.com\/tunisie\/2020\/03\/05\/reinsertion-sociale-un-jeune-sortant-de-la-prison-el-houareb-ouvre-un-salon-de-coiffure-finance-par-letat\/#primaryimage"},"image":{"@id":"https:\/\/kapitalis.com\/tunisie\/2020\/03\/05\/reinsertion-sociale-un-jeune-sortant-de-la-prison-el-houareb-ouvre-un-salon-de-coiffure-finance-par-letat\/#primaryimage"},"thumbnailUrl":"","datePublished":"2020-03-05T16:13:35+00:00","dateModified":"2020-03-05T19:08:17+00:00","breadcrumb":{"@id":"https:\/\/kapitalis.com\/tunisie\/2020\/03\/05\/reinsertion-sociale-un-jeune-sortant-de-la-prison-el-houareb-ouvre-un-salon-de-coiffure-finance-par-letat\/#breadcrumb"},"inLanguage":"fr-FR","potentialAction":[{"@type":"ReadAction","target":["https:\/\/kapitalis.com\/tunisie\/2020\/03\/05\/reinsertion-sociale-un-jeune-sortant-de-la-prison-el-houareb-ouvre-un-salon-de-coiffure-finance-par-letat\/"]}]},{"@type":"ImageObject","inLanguage":"fr-FR","@id":"https:\/\/kapitalis.com\/tunisie\/2020\/03\/05\/reinsertion-sociale-un-jeune-sortant-de-la-prison-el-houareb-ouvre-un-salon-de-coiffure-finance-par-letat\/#primaryimage","url":"","contentUrl":""},{"@type":"BreadcrumbList","@id":"https:\/\/kapitalis.com\/tunisie\/2020\/03\/05\/reinsertion-sociale-un-jeune-sortant-de-la-prison-el-houareb-ouvre-un-salon-de-coiffure-finance-par-letat\/#breadcrumb","itemListElement":[{"@type":"ListItem","position":1,"name":"Accueil","item":"https:\/\/kapitalis.com\/tunisie\/"},{"@type":"ListItem","position":2,"name":"R\u00e9cemment sorti de la prison El-Houareb, un jeune ouvre un salon de coiffure financ\u00e9 par l&rsquo;Etat"}]},{"@type":"WebSite","@id":"https:\/\/kapitalis.com\/tunisie\/#website","url":"https:\/\/kapitalis.com\/tunisie\/","name":"Kapitalis","description":"L&#039;actualit\u00e9 en Tunisie et dans le monde","publisher":{"@id":"https:\/\/kapitalis.com\/tunisie\/#organization"},"potentialAction":[{"@type":"SearchAction","target":{"@type":"EntryPoint","urlTemplate":"https:\/\/kapitalis.com\/tunisie\/?s={search_term_string}"},"query-input":{"@type":"PropertyValueSpecification","valueRequired":true,"valueName":"search_term_string"}}],"inLanguage":"fr-FR"},{"@type":"Organization","@id":"https:\/\/kapitalis.com\/tunisie\/#organization","name":"Kapitalis","url":"https:\/\/kapitalis.com\/tunisie\/","logo":{"@type":"ImageObject","inLanguage":"fr-FR","@id":"https:\/\/kapitalis.com\/tunisie\/#\/schema\/logo\/image\/","url":"https:\/\/kapitalis.com\/tunisie\/wp-content\/uploads\/2022\/05\/Kapitalis-big-size.png","contentUrl":"https:\/\/kapitalis.com\/tunisie\/wp-content\/uploads\/2022\/05\/Kapitalis-big-size.png","width":5000,"height":1500,"caption":"Kapitalis"},"image":{"@id":"https:\/\/kapitalis.com\/tunisie\/#\/schema\/logo\/image\/"},"sameAs":["https:\/\/www.facebook.com\/KapitalisInfo\/","https:\/\/x.com\/KapitalisInfo","https:\/\/www.youtube.com\/channel\/UC-yDYrHyfFBWWZaOw3FPg9Q"]},{"@type":"Person","@id":"https:\/\/kapitalis.com\/tunisie\/#\/schema\/person\/74bbde0154d49d790a92aaeac5bc01d5","name":"Yusra NY","url":"https:\/\/kapitalis.com\/tunisie\/author\/yuza_adam\/"}]}},"_links":{"self":[{"href":"https:\/\/kapitalis.com\/tunisie\/wp-json\/wp\/v2\/posts\/285895","targetHints":{"allow":["GET"]}}],"collection":[{"href":"https:\/\/kapitalis.com\/tunisie\/wp-json\/wp\/v2\/posts"}],"about":[{"href":"https:\/\/kapitalis.com\/tunisie\/wp-json\/wp\/v2\/types\/post"}],"author":[{"embeddable":true,"href":"https:\/\/kapitalis.com\/tunisie\/wp-json\/wp\/v2\/users\/6"}],"replies":[{"embeddable":true,"href":"https:\/\/kapitalis.com\/tunisie\/wp-json\/wp\/v2\/comments?post=285895"}],"version-history":[{"count":0,"href":"https:\/\/kapitalis.com\/tunisie\/wp-json\/wp\/v2\/posts\/285895\/revisions"}],"wp:featuredmedia":[{"embeddable":true,"href":"https:\/\/kapitalis.com\/tunisie\/wp-json\/wp\/v2\/media\/285906"}],"wp:attachment":[{"href":"https:\/\/kapitalis.com\/tunisie\/wp-json\/wp\/v2\/media?parent=285895"}],"wp:term":[{"taxonomy":"category","embeddable":true,"href":"https:\/\/kapitalis.com\/tunisie\/wp-json\/wp\/v2\/categories?post=285895"},{"taxonomy":"post_tag","embeddable":true,"href":"https:\/\/kapitalis.com\/tunisie\/wp-json\/wp\/v2\/tags?post=285895"}],"curies":[{"name":"wp","href":"https:\/\/api.w.org\/{rel}","templated":true}]}}