{"id":285996,"date":"2020-03-06T08:11:10","date_gmt":"2020-03-06T07:11:10","guid":{"rendered":"http:\/\/kapitalis.com\/tunisie\/?p=285996"},"modified":"2020-03-06T08:15:04","modified_gmt":"2020-03-06T07:15:04","slug":"nabil-kouki-la-reussite-dun-kamikaze","status":"publish","type":"post","link":"https:\/\/kapitalis.com\/tunisie\/2020\/03\/06\/nabil-kouki-la-reussite-dun-kamikaze\/","title":{"rendered":"Nabil Kouki, la r\u00e9ussite d\u2019un kamikaze"},"content":{"rendered":"\n<figure class=\"wp-block-image size-large\"><img decoding=\"async\" src=\"http:\/\/kapitalis.com\/tunisie\/wp-content\/uploads\/2019\/10\/Nabil-Kouki-Entente-de-Setif.jpg\" alt=\"\" class=\"wp-image-250417\"\/><\/figure>\n\n\n\n<p><strong><em> Le Tunisien Nabil Kouki fait du bon travail depuis son arriv\u00e9e, le 28 octobre 2019, sur le banc technique de l\u2019Entente sportive de S\u00e9tif (ESS). De la 11e place, son \u00e9quipe est d\u00e9sormais seconde du classement, \u00e0 3 points du leader, le CR Belouizdad.  <\/em><\/strong><\/p>\n\n\n\n<!--more-->\n\n\n\n<p> Apr\u00e8s avoir souffert depuis le d\u00e9but de saison, l\u2019ESS a r\u00e9ussi son redressement sous la direction du technicien tunisien de 50 ans. Pour preuve, \u00e0 son arriv\u00e9e, en octobre dernier, l\u2019ESS \u00e9tait en position de rel\u00e9gable; elle est d\u00e9sormais seconde du tableau, \u00e0 3 points du CR Belouizdad, leader du championnat.<\/p>\n\n\n\n<p> Kouki d\u00e9tient jusque-l\u00e0 un bilan pour le moins positif avec 9 victoires, 2 nuls, 2 d\u00e9faites, la meilleure attaque (34 buts) et la 3e d\u00e9fense derni\u00e8re Belouizdad et la Jeunesse sportive de Kabylie. Avant l\u2019arriv\u00e9e de Kouki, Setif n\u2019avait obtenu que 2 victoires en 7 matches.<\/p>\n\n\n\n<p> Les S\u00e9tifiens restent sur 4 victoires de rang en Ligue 1 : 2 \u00e0 l\u2019ext\u00e9rieur face au NC Nagra (1-0) et l\u2019US Biskra, hier jeudi 5 f\u00e9vrier 2020 (2-0), et 2 \u00e0 domicile devant le NA Hussein Dey (2-0) et le CA Bordj Bou Arreridj (3-0). Prochain rendez-vous : une explication au sommet, le 15 mars, avec le 3e du classement, la JS Kabylie, au stade du 8-Mai 1945 de S\u00e9tif. Le leader, Belouizdad, accueillera, lui, le 10e du classement, le Paradou AC, le 16 mars.<\/p>\n\n\n\n<h3 class=\"wp-block-heading\"> Un groupe de combattants<\/h3>\n\n\n\n<p> Habitu\u00e9s \u00e0 jouer les premiers r\u00f4les en Ligue 1, les S\u00e9tifiens ont donc refait surface. Arriv\u00e9 en kamikaze dans un club en grosse difficult\u00e9s techniques et financi\u00e8res, Kouki trouve la recette. Il instaure une discipline, <em>\u00abrecrute\u00bb<\/em> trois nouveaux joueurs (le milieu de terrain Ahmed Guendouzi et les attaquants Ishak Talal Boussouf et Youcef Amine Laouafi) et fait tourner la machine avec un groupe de 14 \u00e0 15 joueurs. Prendre l\u2019adversaire \u00e0 la gorge, m\u00e9thode du coach, s\u2019av\u00e8re fructueuse. Avec une bonne fra\u00eecheur physique, les Noir et Blanc montent vite \u00e0 l\u2019assaut de la zone adverse mais se replacent aussi vite \u00e0 la perte de la balle. L\u2019ESS c\u2019est un groupe de combattants.<\/p>\n\n\n\n<p> Club le plus titr\u00e9 d&rsquo;Alg\u00e9rie avec 27 titres toutes comp\u00e9titions confondues (2 fois vainqueurs de la Ligue des champions africaine), l\u2019Aigle Noir est d\u00e9sormais dans le premier wagon. Il a prouv\u00e9 que le foot est avant tout une question de valeurs faites de travail et de pers\u00e9v\u00e9rance.<\/p>\n\n\n\n<p> Kouki n\u2019est pas \u00e9tranger \u00e0 ce redressement, en remobilisant ses joueurs, en les mettant en confiance, pour sortir rapidement de la  <em>\u00abzone rouge\u00bb<\/em>. S\u00e9tif retrouve son statut historique : celui d\u2019un acteur cl\u00e9 du foot alg\u00e9rien. Mais pour ne pas se laisser griser apr\u00e8s une telle remont\u00e9e spectaculaire, le d\u00e9fi de Kouki et son \u00e9quipe c\u2019est de poursuivre le chemin avec la m\u00eame d\u00e9termination, sans \u00eatre obs\u00e9d\u00e9 par la course au titre. <\/p>\n\n\n\n<p class=\"has-text-align-right\"><strong> H. M.<\/strong> <\/p>\n\n\n\n<figure class=\"wp-block-embed-wordpress wp-block-embed is-type-wp-embed is-provider-kapitalis\"><div class=\"wp-block-embed__wrapper\">\n<blockquote class=\"wp-embedded-content\" data-secret=\"DynfnX4JTP\"><a href=\"https:\/\/kapitalis.com\/tunisie\/2019\/10\/26\/le-tunisien-nabil-kouki-nouvel-entraineur-de-lentente-de-setif\/\">Le Tunisien Nabil Kouki nouvel entra\u00eeneur de l\u2019Entente de S\u00e9tif<\/a><\/blockquote><iframe loading=\"lazy\" class=\"wp-embedded-content\" sandbox=\"allow-scripts\" security=\"restricted\" style=\"position: absolute; clip: rect(1px, 1px, 1px, 1px);\" title=\"\u00ab\u00a0Le Tunisien Nabil Kouki nouvel entra\u00eeneur de l\u2019Entente de S\u00e9tif\u00a0\u00bb &#8212; Kapitalis\" src=\"https:\/\/kapitalis.com\/tunisie\/2019\/10\/26\/le-tunisien-nabil-kouki-nouvel-entraineur-de-lentente-de-setif\/embed\/#?secret=Zbot2kBUGI#?secret=DynfnX4JTP\" data-secret=\"DynfnX4JTP\" width=\"600\" height=\"338\" frameborder=\"0\" marginwidth=\"0\" marginheight=\"0\" scrolling=\"no\"><\/iframe>\n<\/div><\/figure>\n","protected":false},"excerpt":{"rendered":"<p>Le Tunisien Nabil Kouki fait du bon travail depuis son arriv\u00e9e, le 28 octobre 2019, sur le banc technique de l\u2019Entente sportive de S\u00e9tif (ESS). De la 11e place, son \u00e9quipe est d\u00e9sormais seconde du classement, \u00e0 3 points du leader, le CR Belouizdad.<\/p>\n","protected":false},"author":8,"featured_media":0,"comment_status":"open","ping_status":"open","sticky":false,"template":"","format":"standard","meta":{"footnotes":""},"categories":[999,2433],"tags":[76067,76064,76063,76065,70083,7988,76066],"class_list":["post-285996","post","type-post","status-publish","format-standard","hentry","category-sport","category-tunisie","tag-ahmed-guendouzi","tag-cr-belouizdad","tag-entente-sportive-de-setif","tag-ishak-talal-boussouf","tag-jeunesse-sportive-de-kabylie","tag-nabil-kouki","tag-youcef-amine-laouafi"],"yoast_head":"<!-- This site is optimized with the Yoast SEO plugin v26.6 - https:\/\/yoast.com\/wordpress\/plugins\/seo\/ -->\n<title>Nabil Kouki, la r\u00e9ussite d\u2019un kamikaze - Kapitalis<\/title>\n<meta name=\"robots\" content=\"index, follow, max-snippet:-1, max-image-preview:large, max-video-preview:-1\" \/>\n<link rel=\"canonical\" href=\"https:\/\/kapitalis.com\/tunisie\/2020\/03\/06\/nabil-kouki-la-reussite-dun-kamikaze\/\" \/>\n<meta property=\"og:locale\" content=\"fr_FR\" \/>\n<meta property=\"og:type\" content=\"article\" \/>\n<meta property=\"og:title\" content=\"Nabil Kouki, la r\u00e9ussite d\u2019un kamikaze - Kapitalis\" \/>\n<meta property=\"og:description\" content=\"Le Tunisien Nabil Kouki fait du bon travail depuis son arriv\u00e9e, le 28 octobre 2019, sur le banc technique de l\u2019Entente sportive de S\u00e9tif (ESS). De la 11e place, son \u00e9quipe est d\u00e9sormais seconde du classement, \u00e0 3 points du leader, le CR Belouizdad.\" \/>\n<meta property=\"og:url\" content=\"https:\/\/kapitalis.com\/tunisie\/2020\/03\/06\/nabil-kouki-la-reussite-dun-kamikaze\/\" \/>\n<meta property=\"og:site_name\" content=\"Kapitalis\" \/>\n<meta property=\"article:publisher\" content=\"https:\/\/www.facebook.com\/KapitalisInfo\/\" \/>\n<meta property=\"article:published_time\" content=\"2020-03-06T07:11:10+00:00\" \/>\n<meta property=\"article:modified_time\" content=\"2020-03-06T07:15:04+00:00\" \/>\n<meta property=\"og:image\" content=\"http:\/\/kapitalis.com\/tunisie\/wp-content\/uploads\/2019\/10\/Nabil-Kouki-Entente-de-Setif.jpg\" \/>\n<meta name=\"author\" content=\"webmaster kapitalis\" \/>\n<meta name=\"twitter:card\" content=\"summary_large_image\" \/>\n<meta name=\"twitter:creator\" content=\"@KapitalisInfo\" \/>\n<meta name=\"twitter:site\" content=\"@KapitalisInfo\" \/>\n<meta name=\"twitter:label1\" content=\"\u00c9crit par\" \/>\n\t<meta name=\"twitter:data1\" content=\"webmaster kapitalis\" \/>\n\t<meta name=\"twitter:label2\" content=\"Dur\u00e9e de lecture estim\u00e9e\" \/>\n\t<meta name=\"twitter:data2\" content=\"2 minutes\" \/>\n<script type=\"application\/ld+json\" class=\"yoast-schema-graph\">{\"@context\":\"https:\/\/schema.org\",\"@graph\":[{\"@type\":\"Article\",\"@id\":\"https:\/\/kapitalis.com\/tunisie\/2020\/03\/06\/nabil-kouki-la-reussite-dun-kamikaze\/#article\",\"isPartOf\":{\"@id\":\"https:\/\/kapitalis.com\/tunisie\/2020\/03\/06\/nabil-kouki-la-reussite-dun-kamikaze\/\"},\"author\":{\"name\":\"webmaster kapitalis\",\"@id\":\"https:\/\/kapitalis.com\/tunisie\/#\/schema\/person\/d71f33a9ca44f7bad4698210b480c8e9\"},\"headline\":\"Nabil Kouki, la r\u00e9ussite d\u2019un kamikaze\",\"datePublished\":\"2020-03-06T07:11:10+00:00\",\"dateModified\":\"2020-03-06T07:15:04+00:00\",\"mainEntityOfPage\":{\"@id\":\"https:\/\/kapitalis.com\/tunisie\/2020\/03\/06\/nabil-kouki-la-reussite-dun-kamikaze\/\"},\"wordCount\":493,\"commentCount\":0,\"publisher\":{\"@id\":\"https:\/\/kapitalis.com\/tunisie\/#organization\"},\"image\":{\"@id\":\"https:\/\/kapitalis.com\/tunisie\/2020\/03\/06\/nabil-kouki-la-reussite-dun-kamikaze\/#primaryimage\"},\"thumbnailUrl\":\"http:\/\/kapitalis.com\/tunisie\/wp-content\/uploads\/2019\/10\/Nabil-Kouki-Entente-de-Setif.jpg\",\"keywords\":[\"Ahmed Guendouzi\",\"CR Belouizdad\",\"Entente sportive de S\u00e9tif\",\"Ishak Talal Boussouf\",\"Jeunesse sportive de Kabylie\",\"Nabil Kouki\",\"Youcef Amine Laouafi\"],\"articleSection\":[\"SPORT\",\"Tunisie\"],\"inLanguage\":\"fr-FR\",\"potentialAction\":[{\"@type\":\"CommentAction\",\"name\":\"Comment\",\"target\":[\"https:\/\/kapitalis.com\/tunisie\/2020\/03\/06\/nabil-kouki-la-reussite-dun-kamikaze\/#respond\"]}]},{\"@type\":\"WebPage\",\"@id\":\"https:\/\/kapitalis.com\/tunisie\/2020\/03\/06\/nabil-kouki-la-reussite-dun-kamikaze\/\",\"url\":\"https:\/\/kapitalis.com\/tunisie\/2020\/03\/06\/nabil-kouki-la-reussite-dun-kamikaze\/\",\"name\":\"Nabil Kouki, la r\u00e9ussite d\u2019un kamikaze - Kapitalis\",\"isPartOf\":{\"@id\":\"https:\/\/kapitalis.com\/tunisie\/#website\"},\"primaryImageOfPage\":{\"@id\":\"https:\/\/kapitalis.com\/tunisie\/2020\/03\/06\/nabil-kouki-la-reussite-dun-kamikaze\/#primaryimage\"},\"image\":{\"@id\":\"https:\/\/kapitalis.com\/tunisie\/2020\/03\/06\/nabil-kouki-la-reussite-dun-kamikaze\/#primaryimage\"},\"thumbnailUrl\":\"http:\/\/kapitalis.com\/tunisie\/wp-content\/uploads\/2019\/10\/Nabil-Kouki-Entente-de-Setif.jpg\",\"datePublished\":\"2020-03-06T07:11:10+00:00\",\"dateModified\":\"2020-03-06T07:15:04+00:00\",\"breadcrumb\":{\"@id\":\"https:\/\/kapitalis.com\/tunisie\/2020\/03\/06\/nabil-kouki-la-reussite-dun-kamikaze\/#breadcrumb\"},\"inLanguage\":\"fr-FR\",\"potentialAction\":[{\"@type\":\"ReadAction\",\"target\":[\"https:\/\/kapitalis.com\/tunisie\/2020\/03\/06\/nabil-kouki-la-reussite-dun-kamikaze\/\"]}]},{\"@type\":\"ImageObject\",\"inLanguage\":\"fr-FR\",\"@id\":\"https:\/\/kapitalis.com\/tunisie\/2020\/03\/06\/nabil-kouki-la-reussite-dun-kamikaze\/#primaryimage\",\"url\":\"\",\"contentUrl\":\"\"},{\"@type\":\"BreadcrumbList\",\"@id\":\"https:\/\/kapitalis.com\/tunisie\/2020\/03\/06\/nabil-kouki-la-reussite-dun-kamikaze\/#breadcrumb\",\"itemListElement\":[{\"@type\":\"ListItem\",\"position\":1,\"name\":\"Accueil\",\"item\":\"https:\/\/kapitalis.com\/tunisie\/\"},{\"@type\":\"ListItem\",\"position\":2,\"name\":\"Nabil Kouki, la r\u00e9ussite d\u2019un kamikaze\"}]},{\"@type\":\"WebSite\",\"@id\":\"https:\/\/kapitalis.com\/tunisie\/#website\",\"url\":\"https:\/\/kapitalis.com\/tunisie\/\",\"name\":\"Kapitalis\",\"description\":\"L&#039;actualit\u00e9 en Tunisie et dans le monde\",\"publisher\":{\"@id\":\"https:\/\/kapitalis.com\/tunisie\/#organization\"},\"potentialAction\":[{\"@type\":\"SearchAction\",\"target\":{\"@type\":\"EntryPoint\",\"urlTemplate\":\"https:\/\/kapitalis.com\/tunisie\/?s={search_term_string}\"},\"query-input\":{\"@type\":\"PropertyValueSpecification\",\"valueRequired\":true,\"valueName\":\"search_term_string\"}}],\"inLanguage\":\"fr-FR\"},{\"@type\":\"Organization\",\"@id\":\"https:\/\/kapitalis.com\/tunisie\/#organization\",\"name\":\"Kapitalis\",\"url\":\"https:\/\/kapitalis.com\/tunisie\/\",\"logo\":{\"@type\":\"ImageObject\",\"inLanguage\":\"fr-FR\",\"@id\":\"https:\/\/kapitalis.com\/tunisie\/#\/schema\/logo\/image\/\",\"url\":\"https:\/\/kapitalis.com\/tunisie\/wp-content\/uploads\/2022\/05\/Kapitalis-big-size.png\",\"contentUrl\":\"https:\/\/kapitalis.com\/tunisie\/wp-content\/uploads\/2022\/05\/Kapitalis-big-size.png\",\"width\":5000,\"height\":1500,\"caption\":\"Kapitalis\"},\"image\":{\"@id\":\"https:\/\/kapitalis.com\/tunisie\/#\/schema\/logo\/image\/\"},\"sameAs\":[\"https:\/\/www.facebook.com\/KapitalisInfo\/\",\"https:\/\/x.com\/KapitalisInfo\",\"https:\/\/www.youtube.com\/channel\/UC-yDYrHyfFBWWZaOw3FPg9Q\"]},{\"@type\":\"Person\",\"@id\":\"https:\/\/kapitalis.com\/tunisie\/#\/schema\/person\/d71f33a9ca44f7bad4698210b480c8e9\",\"name\":\"webmaster kapitalis\",\"url\":\"https:\/\/kapitalis.com\/tunisie\/author\/webmaster-kapitalis\/\"}]}<\/script>\n<!-- \/ Yoast SEO plugin. -->","yoast_head_json":{"title":"Nabil Kouki, la r\u00e9ussite d\u2019un kamikaze - Kapitalis","robots":{"index":"index","follow":"follow","max-snippet":"max-snippet:-1","max-image-preview":"max-image-preview:large","max-video-preview":"max-video-preview:-1"},"canonical":"https:\/\/kapitalis.com\/tunisie\/2020\/03\/06\/nabil-kouki-la-reussite-dun-kamikaze\/","og_locale":"fr_FR","og_type":"article","og_title":"Nabil Kouki, la r\u00e9ussite d\u2019un kamikaze - Kapitalis","og_description":"Le Tunisien Nabil Kouki fait du bon travail depuis son arriv\u00e9e, le 28 octobre 2019, sur le banc technique de l\u2019Entente sportive de S\u00e9tif (ESS). De la 11e place, son \u00e9quipe est d\u00e9sormais seconde du classement, \u00e0 3 points du leader, le CR Belouizdad.","og_url":"https:\/\/kapitalis.com\/tunisie\/2020\/03\/06\/nabil-kouki-la-reussite-dun-kamikaze\/","og_site_name":"Kapitalis","article_publisher":"https:\/\/www.facebook.com\/KapitalisInfo\/","article_published_time":"2020-03-06T07:11:10+00:00","article_modified_time":"2020-03-06T07:15:04+00:00","og_image":[{"url":"http:\/\/kapitalis.com\/tunisie\/wp-content\/uploads\/2019\/10\/Nabil-Kouki-Entente-de-Setif.jpg","type":"","width":"","height":""}],"author":"webmaster kapitalis","twitter_card":"summary_large_image","twitter_creator":"@KapitalisInfo","twitter_site":"@KapitalisInfo","twitter_misc":{"\u00c9crit par":"webmaster kapitalis","Dur\u00e9e de lecture estim\u00e9e":"2 minutes"},"schema":{"@context":"https:\/\/schema.org","@graph":[{"@type":"Article","@id":"https:\/\/kapitalis.com\/tunisie\/2020\/03\/06\/nabil-kouki-la-reussite-dun-kamikaze\/#article","isPartOf":{"@id":"https:\/\/kapitalis.com\/tunisie\/2020\/03\/06\/nabil-kouki-la-reussite-dun-kamikaze\/"},"author":{"name":"webmaster kapitalis","@id":"https:\/\/kapitalis.com\/tunisie\/#\/schema\/person\/d71f33a9ca44f7bad4698210b480c8e9"},"headline":"Nabil Kouki, la r\u00e9ussite d\u2019un kamikaze","datePublished":"2020-03-06T07:11:10+00:00","dateModified":"2020-03-06T07:15:04+00:00","mainEntityOfPage":{"@id":"https:\/\/kapitalis.com\/tunisie\/2020\/03\/06\/nabil-kouki-la-reussite-dun-kamikaze\/"},"wordCount":493,"commentCount":0,"publisher":{"@id":"https:\/\/kapitalis.com\/tunisie\/#organization"},"image":{"@id":"https:\/\/kapitalis.com\/tunisie\/2020\/03\/06\/nabil-kouki-la-reussite-dun-kamikaze\/#primaryimage"},"thumbnailUrl":"http:\/\/kapitalis.com\/tunisie\/wp-content\/uploads\/2019\/10\/Nabil-Kouki-Entente-de-Setif.jpg","keywords":["Ahmed Guendouzi","CR Belouizdad","Entente sportive de S\u00e9tif","Ishak Talal Boussouf","Jeunesse sportive de Kabylie","Nabil Kouki","Youcef Amine Laouafi"],"articleSection":["SPORT","Tunisie"],"inLanguage":"fr-FR","potentialAction":[{"@type":"CommentAction","name":"Comment","target":["https:\/\/kapitalis.com\/tunisie\/2020\/03\/06\/nabil-kouki-la-reussite-dun-kamikaze\/#respond"]}]},{"@type":"WebPage","@id":"https:\/\/kapitalis.com\/tunisie\/2020\/03\/06\/nabil-kouki-la-reussite-dun-kamikaze\/","url":"https:\/\/kapitalis.com\/tunisie\/2020\/03\/06\/nabil-kouki-la-reussite-dun-kamikaze\/","name":"Nabil Kouki, la r\u00e9ussite d\u2019un kamikaze - Kapitalis","isPartOf":{"@id":"https:\/\/kapitalis.com\/tunisie\/#website"},"primaryImageOfPage":{"@id":"https:\/\/kapitalis.com\/tunisie\/2020\/03\/06\/nabil-kouki-la-reussite-dun-kamikaze\/#primaryimage"},"image":{"@id":"https:\/\/kapitalis.com\/tunisie\/2020\/03\/06\/nabil-kouki-la-reussite-dun-kamikaze\/#primaryimage"},"thumbnailUrl":"http:\/\/kapitalis.com\/tunisie\/wp-content\/uploads\/2019\/10\/Nabil-Kouki-Entente-de-Setif.jpg","datePublished":"2020-03-06T07:11:10+00:00","dateModified":"2020-03-06T07:15:04+00:00","breadcrumb":{"@id":"https:\/\/kapitalis.com\/tunisie\/2020\/03\/06\/nabil-kouki-la-reussite-dun-kamikaze\/#breadcrumb"},"inLanguage":"fr-FR","potentialAction":[{"@type":"ReadAction","target":["https:\/\/kapitalis.com\/tunisie\/2020\/03\/06\/nabil-kouki-la-reussite-dun-kamikaze\/"]}]},{"@type":"ImageObject","inLanguage":"fr-FR","@id":"https:\/\/kapitalis.com\/tunisie\/2020\/03\/06\/nabil-kouki-la-reussite-dun-kamikaze\/#primaryimage","url":"","contentUrl":""},{"@type":"BreadcrumbList","@id":"https:\/\/kapitalis.com\/tunisie\/2020\/03\/06\/nabil-kouki-la-reussite-dun-kamikaze\/#breadcrumb","itemListElement":[{"@type":"ListItem","position":1,"name":"Accueil","item":"https:\/\/kapitalis.com\/tunisie\/"},{"@type":"ListItem","position":2,"name":"Nabil Kouki, la r\u00e9ussite d\u2019un kamikaze"}]},{"@type":"WebSite","@id":"https:\/\/kapitalis.com\/tunisie\/#website","url":"https:\/\/kapitalis.com\/tunisie\/","name":"Kapitalis","description":"L&#039;actualit\u00e9 en Tunisie et dans le monde","publisher":{"@id":"https:\/\/kapitalis.com\/tunisie\/#organization"},"potentialAction":[{"@type":"SearchAction","target":{"@type":"EntryPoint","urlTemplate":"https:\/\/kapitalis.com\/tunisie\/?s={search_term_string}"},"query-input":{"@type":"PropertyValueSpecification","valueRequired":true,"valueName":"search_term_string"}}],"inLanguage":"fr-FR"},{"@type":"Organization","@id":"https:\/\/kapitalis.com\/tunisie\/#organization","name":"Kapitalis","url":"https:\/\/kapitalis.com\/tunisie\/","logo":{"@type":"ImageObject","inLanguage":"fr-FR","@id":"https:\/\/kapitalis.com\/tunisie\/#\/schema\/logo\/image\/","url":"https:\/\/kapitalis.com\/tunisie\/wp-content\/uploads\/2022\/05\/Kapitalis-big-size.png","contentUrl":"https:\/\/kapitalis.com\/tunisie\/wp-content\/uploads\/2022\/05\/Kapitalis-big-size.png","width":5000,"height":1500,"caption":"Kapitalis"},"image":{"@id":"https:\/\/kapitalis.com\/tunisie\/#\/schema\/logo\/image\/"},"sameAs":["https:\/\/www.facebook.com\/KapitalisInfo\/","https:\/\/x.com\/KapitalisInfo","https:\/\/www.youtube.com\/channel\/UC-yDYrHyfFBWWZaOw3FPg9Q"]},{"@type":"Person","@id":"https:\/\/kapitalis.com\/tunisie\/#\/schema\/person\/d71f33a9ca44f7bad4698210b480c8e9","name":"webmaster kapitalis","url":"https:\/\/kapitalis.com\/tunisie\/author\/webmaster-kapitalis\/"}]}},"_links":{"self":[{"href":"https:\/\/kapitalis.com\/tunisie\/wp-json\/wp\/v2\/posts\/285996","targetHints":{"allow":["GET"]}}],"collection":[{"href":"https:\/\/kapitalis.com\/tunisie\/wp-json\/wp\/v2\/posts"}],"about":[{"href":"https:\/\/kapitalis.com\/tunisie\/wp-json\/wp\/v2\/types\/post"}],"author":[{"embeddable":true,"href":"https:\/\/kapitalis.com\/tunisie\/wp-json\/wp\/v2\/users\/8"}],"replies":[{"embeddable":true,"href":"https:\/\/kapitalis.com\/tunisie\/wp-json\/wp\/v2\/comments?post=285996"}],"version-history":[{"count":0,"href":"https:\/\/kapitalis.com\/tunisie\/wp-json\/wp\/v2\/posts\/285996\/revisions"}],"wp:attachment":[{"href":"https:\/\/kapitalis.com\/tunisie\/wp-json\/wp\/v2\/media?parent=285996"}],"wp:term":[{"taxonomy":"category","embeddable":true,"href":"https:\/\/kapitalis.com\/tunisie\/wp-json\/wp\/v2\/categories?post=285996"},{"taxonomy":"post_tag","embeddable":true,"href":"https:\/\/kapitalis.com\/tunisie\/wp-json\/wp\/v2\/tags?post=285996"}],"curies":[{"name":"wp","href":"https:\/\/api.w.org\/{rel}","templated":true}]}}