{"id":286369,"date":"2020-03-07T14:43:13","date_gmt":"2020-03-07T13:43:13","guid":{"rendered":"http:\/\/kapitalis.com\/tunisie\/?p=286369"},"modified":"2020-03-07T14:43:15","modified_gmt":"2020-03-07T13:43:15","slug":"tunisie-les-2-terroristes-sur-leur-moto-quelques-instants-avant-de-se-faire-exploser","status":"publish","type":"post","link":"https:\/\/kapitalis.com\/tunisie\/2020\/03\/07\/tunisie-les-2-terroristes-sur-leur-moto-quelques-instants-avant-de-se-faire-exploser\/","title":{"rendered":"Tunisie : Les 2 terroristes sur leur moto, quelques instants avant de se faire exploser"},"content":{"rendered":"\n<figure class=\"wp-block-image size-large\"><img decoding=\"async\" src=\"http:\/\/kapitalis.com\/tunisie\/wp-content\/uploads\/2020\/03\/2-terroristes-sur-moto.jpg\" alt=\"\" class=\"wp-image-286378\"\/><\/figure>\n\n\n\n<p><strong><em>Les cam\u00e9ras de s\u00e9curit\u00e9 d&rsquo;une entreprise<\/em><\/strong> <strong><em>ont pris en photo les 2 auteurs de l&rsquo;attentat suicide sur une moto, quelques instants avant de se faire exploser, aux Berges du Lac 2, \u00e0 Tunis, le vendredi 6 mars 2020.<\/em><\/strong><\/p>\n\n\n\n<!--more-->\n\n\n\n<p>L&rsquo;attentat, commis par les 2 terroristes Slim Zenidi et Khoubeib Laaka, a eu lieu pr\u00e8s des ambassades des Etats-Unis et de l&rsquo;Egypte et de la Bourse de Tunis, dans un quartier d&rsquo;affaires o\u00f9 plusieurs grandes entreprises ont leurs si\u00e8ges sociaux. Il avait cibl\u00e9 une patrouille s\u00e9curitaire stationn\u00e9e en permanence dans la zone. <\/p>\n\n\n\n<p>Les auteurs de l&rsquo;attentat \u00e9taient sur une motocyclette charg\u00e9e d&rsquo;explosifs. L&rsquo;explosion a tu\u00e9 le lieutenant en chef Mohamed Taoufik Missaoui et bless\u00e9 4 de ses coll\u00e8gues, ainsi qu&rsquo;une citoyenne, \u00e0 bord de sa voiture, traversant la route au m\u00eame moment. <\/p>\n\n\n\n<p>Le terroriste Mohamed Slim Zenidi vit au Kram, \u00e0 la banlieue nord de Tunis. Il est n\u00e9 en 1991 et \u00e9tait assign\u00e9 \u00e0 r\u00e9sidence apr\u00e8s avoir r\u00e9cemment quitt\u00e9 la prison. <\/p>\n\n\n\n<p>Quant au 2e terroriste, Khoubeib Laaka, il est n\u00e9 en 1993 et \u200b\u200bvit \u00e0 Sidi Daoud, non loin du lieu de l&rsquo;attentat. Il a \u00e9t\u00e9 incarc\u00e9r\u00e9 pendant un an, pour avoir glorifi\u00e9 des op\u00e9rations terroristes sur sa page Facebook. <\/p>\n\n\n\n<p>Son avocat, le d\u00e9put\u00e9 <a href=\"http:\/\/kapitalis.com\/tunisie\/2020\/03\/06\/attaque-du-lac-2-makhlouf-a-ete-lavocat-du-kamikaze-khoubaib-laaqa-dans-une-precedente-affaire-video\/\" target=\"_blank\" rel=\"noreferrer noopener\" aria-label=\"Seifeddine Makhlouf (s\u2019ouvre dans un nouvel onglet)\">Seifeddine Makhlouf<\/a>, l&rsquo;a farouchement d\u00e9fendu jusqu&rsquo;\u00e0 hier soir, sur la cha\u00eene Watania 1, affirmant que son client n&rsquo;\u00e9tait pas un extr\u00e9miste, mais qu&rsquo;il en voulait \u00e0 la police qui le surveillait et l&rsquo;interrogeait continuellement. Selon Makhlouf, il n&rsquo;avait pas \u00e9t\u00e9 r\u00e9ins\u00e9r\u00e9 socialement pour qu&rsquo;il se d\u00e9tourne du terrorisme. La faute est, donc, selon lui, aux autorit\u00e9s. C&rsquo;est \u00e0 peine s&rsquo;il n&rsquo;a pas ajout\u00e9 que ce sont les autorit\u00e9s  qui ont maniganc\u00e9 l&rsquo;attentat. Il l&rsquo;a presque dit, puis qu&rsquo;il a, dans un post Facebook, attribu\u00e9 l&rsquo;attentat \u00e0 des services de renseignements \u00e9trangers&#8230; <\/p>\n\n\n\n<p class=\"has-text-align-right\"><strong>A. M.<\/strong><\/p>\n\n\n\n<figure class=\"wp-block-embed-wordpress wp-block-embed is-type-wp-embed is-provider-kapitalis\"><div class=\"wp-block-embed__wrapper\">\n<blockquote class=\"wp-embedded-content\" data-secret=\"0DeLPPD5BW\"><a href=\"https:\/\/kapitalis.com\/tunisie\/2020\/03\/06\/attaque-du-lac-2-makhlouf-a-ete-lavocat-du-kamikaze-khoubaib-laaqa-dans-une-precedente-affaire-video\/\">Attaque du Lac 2 : Le d\u00e9put\u00e9 Makhlouf a \u00e9t\u00e9 l&rsquo;avocat du kamikaze Khoubaib Laaqa (Vid\u00e9o)<\/a><\/blockquote><iframe loading=\"lazy\" class=\"wp-embedded-content\" sandbox=\"allow-scripts\" security=\"restricted\" style=\"position: absolute; clip: rect(1px, 1px, 1px, 1px);\" title=\"\u00ab\u00a0Attaque du Lac 2 : Le d\u00e9put\u00e9 Makhlouf a \u00e9t\u00e9 l&rsquo;avocat du kamikaze Khoubaib Laaqa (Vid\u00e9o)\u00a0\u00bb &#8212; Kapitalis\" src=\"https:\/\/kapitalis.com\/tunisie\/2020\/03\/06\/attaque-du-lac-2-makhlouf-a-ete-lavocat-du-kamikaze-khoubaib-laaqa-dans-une-precedente-affaire-video\/embed\/#?secret=rxoBPttmuD#?secret=0DeLPPD5BW\" data-secret=\"0DeLPPD5BW\" width=\"600\" height=\"338\" frameborder=\"0\" marginwidth=\"0\" marginheight=\"0\" scrolling=\"no\"><\/iframe>\n<\/div><\/figure>\n\n\n\n<figure class=\"wp-block-embed-wordpress wp-block-embed is-type-wp-embed is-provider-kapitalis\"><div class=\"wp-block-embed__wrapper\">\n<blockquote class=\"wp-embedded-content\" data-secret=\"7VZDdT6WXo\"><a href=\"https:\/\/kapitalis.com\/tunisie\/2020\/03\/06\/attaque-kamikaze-au-lac-2-descentes-policieres-au-kram-et-perquisition-au-domicile-de-lun-des-terroristes\/\">Attaque kamikaze au Lac 2 : Descentes polici\u00e8res au Kram et perquisition au domicile de l&rsquo;un des terroristes<\/a><\/blockquote><iframe loading=\"lazy\" class=\"wp-embedded-content\" sandbox=\"allow-scripts\" security=\"restricted\" style=\"position: absolute; clip: rect(1px, 1px, 1px, 1px);\" title=\"\u00ab\u00a0Attaque kamikaze au Lac 2 : Descentes polici\u00e8res au Kram et perquisition au domicile de l&rsquo;un des terroristes\u00a0\u00bb &#8212; Kapitalis\" src=\"https:\/\/kapitalis.com\/tunisie\/2020\/03\/06\/attaque-kamikaze-au-lac-2-descentes-policieres-au-kram-et-perquisition-au-domicile-de-lun-des-terroristes\/embed\/#?secret=0ZbdIcorhv#?secret=7VZDdT6WXo\" data-secret=\"7VZDdT6WXo\" width=\"600\" height=\"338\" frameborder=\"0\" marginwidth=\"0\" marginheight=\"0\" scrolling=\"no\"><\/iframe>\n<\/div><\/figure>\n\n\n\n<figure class=\"wp-block-embed-wordpress wp-block-embed is-type-wp-embed is-provider-kapitalis\"><div class=\"wp-block-embed__wrapper\">\n<blockquote class=\"wp-embedded-content\" data-secret=\"fHE1Cjr4PX\"><a href=\"https:\/\/kapitalis.com\/tunisie\/2020\/03\/06\/les-deux-kamikazes-du-lac-2-sont-originaires-de-la-banlieue-nord-de-tunis\/\">Les deux kamikazes du Lac 2 sont originaires de la banlieue nord de Tunis<\/a><\/blockquote><iframe loading=\"lazy\" class=\"wp-embedded-content\" sandbox=\"allow-scripts\" security=\"restricted\" style=\"position: absolute; clip: rect(1px, 1px, 1px, 1px);\" title=\"\u00ab\u00a0Les deux kamikazes du Lac 2 sont originaires de la banlieue nord de Tunis\u00a0\u00bb &#8212; Kapitalis\" src=\"https:\/\/kapitalis.com\/tunisie\/2020\/03\/06\/les-deux-kamikazes-du-lac-2-sont-originaires-de-la-banlieue-nord-de-tunis\/embed\/#?secret=YBi9dUbM1J#?secret=fHE1Cjr4PX\" data-secret=\"fHE1Cjr4PX\" width=\"600\" height=\"338\" frameborder=\"0\" marginwidth=\"0\" marginheight=\"0\" scrolling=\"no\"><\/iframe>\n<\/div><\/figure>\n","protected":false},"excerpt":{"rendered":"<p>Les cam\u00e9ras de s\u00e9curit\u00e9 d&rsquo;une entreprise ont pris en photo les 2 auteurs de l&rsquo;attentat suicide sur une moto, quelques instants avant de se faire exploser, aux Berges du Lac 2, \u00e0 Tunis, le vendredi 6 mars 2020.<\/p>\n","protected":false},"author":22,"featured_media":286378,"comment_status":"open","ping_status":"open","sticky":false,"template":"","format":"standard","meta":{"footnotes":""},"categories":[998,2433],"tags":[76173,76174,76172,76175,8752,35020],"class_list":["post-286369","post","type-post","status-publish","format-standard","has-post-thumbnail","hentry","category-societe","category-tunisie","tag-khoubeib-laaka","tag-kram-ouest","tag-mohamed-slim-zenadi","tag-mohamed-taoufiq-missaoui","tag-seifeddine-makhlouf","tag-sidi-daoud"],"yoast_head":"<!-- This site is optimized with the Yoast SEO plugin v26.6 - https:\/\/yoast.com\/wordpress\/plugins\/seo\/ -->\n<title>Tunisie : Les 2 terroristes sur leur moto, quelques instants avant de se faire exploser - Kapitalis<\/title>\n<meta name=\"robots\" content=\"index, follow, max-snippet:-1, max-image-preview:large, max-video-preview:-1\" \/>\n<link rel=\"canonical\" href=\"https:\/\/kapitalis.com\/tunisie\/2020\/03\/07\/tunisie-les-2-terroristes-sur-leur-moto-quelques-instants-avant-de-se-faire-exploser\/\" \/>\n<meta property=\"og:locale\" content=\"fr_FR\" \/>\n<meta property=\"og:type\" content=\"article\" \/>\n<meta property=\"og:title\" content=\"Tunisie : Les 2 terroristes sur leur moto, quelques instants avant de se faire exploser - Kapitalis\" \/>\n<meta property=\"og:description\" content=\"Les cam\u00e9ras de s\u00e9curit\u00e9 d&rsquo;une entreprise ont pris en photo les 2 auteurs de l&rsquo;attentat suicide sur une moto, quelques instants avant de se faire exploser, aux Berges du Lac 2, \u00e0 Tunis, le vendredi 6 mars 2020.\" \/>\n<meta property=\"og:url\" content=\"https:\/\/kapitalis.com\/tunisie\/2020\/03\/07\/tunisie-les-2-terroristes-sur-leur-moto-quelques-instants-avant-de-se-faire-exploser\/\" \/>\n<meta property=\"og:site_name\" content=\"Kapitalis\" \/>\n<meta property=\"article:publisher\" content=\"https:\/\/www.facebook.com\/KapitalisInfo\/\" \/>\n<meta property=\"article:published_time\" content=\"2020-03-07T13:43:13+00:00\" \/>\n<meta property=\"article:modified_time\" content=\"2020-03-07T13:43:15+00:00\" \/>\n<meta property=\"og:image\" content=\"https:\/\/kapitalis.com\/tunisie\/wp-content\/uploads\/2022\/05\/kapitalis-logo-fb.png\" \/>\n\t<meta property=\"og:image:width\" content=\"1200\" \/>\n\t<meta property=\"og:image:height\" content=\"630\" \/>\n\t<meta property=\"og:image:type\" content=\"image\/png\" \/>\n<meta name=\"author\" content=\"Amina Mkada\" \/>\n<meta name=\"twitter:card\" content=\"summary_large_image\" \/>\n<meta name=\"twitter:creator\" content=\"@KapitalisInfo\" \/>\n<meta name=\"twitter:site\" content=\"@KapitalisInfo\" \/>\n<meta name=\"twitter:label1\" content=\"\u00c9crit par\" \/>\n\t<meta name=\"twitter:data1\" content=\"Amina Mkada\" \/>\n\t<meta name=\"twitter:label2\" content=\"Dur\u00e9e de lecture estim\u00e9e\" \/>\n\t<meta name=\"twitter:data2\" content=\"2 minutes\" \/>\n<script type=\"application\/ld+json\" class=\"yoast-schema-graph\">{\"@context\":\"https:\/\/schema.org\",\"@graph\":[{\"@type\":\"Article\",\"@id\":\"https:\/\/kapitalis.com\/tunisie\/2020\/03\/07\/tunisie-les-2-terroristes-sur-leur-moto-quelques-instants-avant-de-se-faire-exploser\/#article\",\"isPartOf\":{\"@id\":\"https:\/\/kapitalis.com\/tunisie\/2020\/03\/07\/tunisie-les-2-terroristes-sur-leur-moto-quelques-instants-avant-de-se-faire-exploser\/\"},\"author\":{\"name\":\"Amina Mkada\",\"@id\":\"https:\/\/kapitalis.com\/tunisie\/#\/schema\/person\/093913313d3017554cb3ad077fff3fbd\"},\"headline\":\"Tunisie : Les 2 terroristes sur leur moto, quelques instants avant de se faire exploser\",\"datePublished\":\"2020-03-07T13:43:13+00:00\",\"dateModified\":\"2020-03-07T13:43:15+00:00\",\"mainEntityOfPage\":{\"@id\":\"https:\/\/kapitalis.com\/tunisie\/2020\/03\/07\/tunisie-les-2-terroristes-sur-leur-moto-quelques-instants-avant-de-se-faire-exploser\/\"},\"wordCount\":334,\"commentCount\":13,\"publisher\":{\"@id\":\"https:\/\/kapitalis.com\/tunisie\/#organization\"},\"image\":{\"@id\":\"https:\/\/kapitalis.com\/tunisie\/2020\/03\/07\/tunisie-les-2-terroristes-sur-leur-moto-quelques-instants-avant-de-se-faire-exploser\/#primaryimage\"},\"thumbnailUrl\":\"\",\"keywords\":[\"Khoubeib Laaka\",\"Kram ouest\",\"Mohamed Slim Zenadi\",\"Mohamed Taoufiq Missaoui\",\"Seifeddine Makhlouf\",\"Sidi Daoud\"],\"articleSection\":[\"SOCIETE\",\"Tunisie\"],\"inLanguage\":\"fr-FR\",\"potentialAction\":[{\"@type\":\"CommentAction\",\"name\":\"Comment\",\"target\":[\"https:\/\/kapitalis.com\/tunisie\/2020\/03\/07\/tunisie-les-2-terroristes-sur-leur-moto-quelques-instants-avant-de-se-faire-exploser\/#respond\"]}]},{\"@type\":\"WebPage\",\"@id\":\"https:\/\/kapitalis.com\/tunisie\/2020\/03\/07\/tunisie-les-2-terroristes-sur-leur-moto-quelques-instants-avant-de-se-faire-exploser\/\",\"url\":\"https:\/\/kapitalis.com\/tunisie\/2020\/03\/07\/tunisie-les-2-terroristes-sur-leur-moto-quelques-instants-avant-de-se-faire-exploser\/\",\"name\":\"Tunisie : Les 2 terroristes sur leur moto, quelques instants avant de se faire exploser - Kapitalis\",\"isPartOf\":{\"@id\":\"https:\/\/kapitalis.com\/tunisie\/#website\"},\"primaryImageOfPage\":{\"@id\":\"https:\/\/kapitalis.com\/tunisie\/2020\/03\/07\/tunisie-les-2-terroristes-sur-leur-moto-quelques-instants-avant-de-se-faire-exploser\/#primaryimage\"},\"image\":{\"@id\":\"https:\/\/kapitalis.com\/tunisie\/2020\/03\/07\/tunisie-les-2-terroristes-sur-leur-moto-quelques-instants-avant-de-se-faire-exploser\/#primaryimage\"},\"thumbnailUrl\":\"\",\"datePublished\":\"2020-03-07T13:43:13+00:00\",\"dateModified\":\"2020-03-07T13:43:15+00:00\",\"breadcrumb\":{\"@id\":\"https:\/\/kapitalis.com\/tunisie\/2020\/03\/07\/tunisie-les-2-terroristes-sur-leur-moto-quelques-instants-avant-de-se-faire-exploser\/#breadcrumb\"},\"inLanguage\":\"fr-FR\",\"potentialAction\":[{\"@type\":\"ReadAction\",\"target\":[\"https:\/\/kapitalis.com\/tunisie\/2020\/03\/07\/tunisie-les-2-terroristes-sur-leur-moto-quelques-instants-avant-de-se-faire-exploser\/\"]}]},{\"@type\":\"ImageObject\",\"inLanguage\":\"fr-FR\",\"@id\":\"https:\/\/kapitalis.com\/tunisie\/2020\/03\/07\/tunisie-les-2-terroristes-sur-leur-moto-quelques-instants-avant-de-se-faire-exploser\/#primaryimage\",\"url\":\"\",\"contentUrl\":\"\"},{\"@type\":\"BreadcrumbList\",\"@id\":\"https:\/\/kapitalis.com\/tunisie\/2020\/03\/07\/tunisie-les-2-terroristes-sur-leur-moto-quelques-instants-avant-de-se-faire-exploser\/#breadcrumb\",\"itemListElement\":[{\"@type\":\"ListItem\",\"position\":1,\"name\":\"Accueil\",\"item\":\"https:\/\/kapitalis.com\/tunisie\/\"},{\"@type\":\"ListItem\",\"position\":2,\"name\":\"Tunisie : Les 2 terroristes sur leur moto, quelques instants avant de se faire exploser\"}]},{\"@type\":\"WebSite\",\"@id\":\"https:\/\/kapitalis.com\/tunisie\/#website\",\"url\":\"https:\/\/kapitalis.com\/tunisie\/\",\"name\":\"Kapitalis\",\"description\":\"L&#039;actualit\u00e9 en Tunisie et dans le monde\",\"publisher\":{\"@id\":\"https:\/\/kapitalis.com\/tunisie\/#organization\"},\"potentialAction\":[{\"@type\":\"SearchAction\",\"target\":{\"@type\":\"EntryPoint\",\"urlTemplate\":\"https:\/\/kapitalis.com\/tunisie\/?s={search_term_string}\"},\"query-input\":{\"@type\":\"PropertyValueSpecification\",\"valueRequired\":true,\"valueName\":\"search_term_string\"}}],\"inLanguage\":\"fr-FR\"},{\"@type\":\"Organization\",\"@id\":\"https:\/\/kapitalis.com\/tunisie\/#organization\",\"name\":\"Kapitalis\",\"url\":\"https:\/\/kapitalis.com\/tunisie\/\",\"logo\":{\"@type\":\"ImageObject\",\"inLanguage\":\"fr-FR\",\"@id\":\"https:\/\/kapitalis.com\/tunisie\/#\/schema\/logo\/image\/\",\"url\":\"https:\/\/kapitalis.com\/tunisie\/wp-content\/uploads\/2022\/05\/Kapitalis-big-size.png\",\"contentUrl\":\"https:\/\/kapitalis.com\/tunisie\/wp-content\/uploads\/2022\/05\/Kapitalis-big-size.png\",\"width\":5000,\"height\":1500,\"caption\":\"Kapitalis\"},\"image\":{\"@id\":\"https:\/\/kapitalis.com\/tunisie\/#\/schema\/logo\/image\/\"},\"sameAs\":[\"https:\/\/www.facebook.com\/KapitalisInfo\/\",\"https:\/\/x.com\/KapitalisInfo\",\"https:\/\/www.youtube.com\/channel\/UC-yDYrHyfFBWWZaOw3FPg9Q\"]},{\"@type\":\"Person\",\"@id\":\"https:\/\/kapitalis.com\/tunisie\/#\/schema\/person\/093913313d3017554cb3ad077fff3fbd\",\"name\":\"Amina Mkada\",\"url\":\"https:\/\/kapitalis.com\/tunisie\/author\/amina\/\"}]}<\/script>\n<!-- \/ Yoast SEO plugin. -->","yoast_head_json":{"title":"Tunisie : Les 2 terroristes sur leur moto, quelques instants avant de se faire exploser - Kapitalis","robots":{"index":"index","follow":"follow","max-snippet":"max-snippet:-1","max-image-preview":"max-image-preview:large","max-video-preview":"max-video-preview:-1"},"canonical":"https:\/\/kapitalis.com\/tunisie\/2020\/03\/07\/tunisie-les-2-terroristes-sur-leur-moto-quelques-instants-avant-de-se-faire-exploser\/","og_locale":"fr_FR","og_type":"article","og_title":"Tunisie : Les 2 terroristes sur leur moto, quelques instants avant de se faire exploser - Kapitalis","og_description":"Les cam\u00e9ras de s\u00e9curit\u00e9 d&rsquo;une entreprise ont pris en photo les 2 auteurs de l&rsquo;attentat suicide sur une moto, quelques instants avant de se faire exploser, aux Berges du Lac 2, \u00e0 Tunis, le vendredi 6 mars 2020.","og_url":"https:\/\/kapitalis.com\/tunisie\/2020\/03\/07\/tunisie-les-2-terroristes-sur-leur-moto-quelques-instants-avant-de-se-faire-exploser\/","og_site_name":"Kapitalis","article_publisher":"https:\/\/www.facebook.com\/KapitalisInfo\/","article_published_time":"2020-03-07T13:43:13+00:00","article_modified_time":"2020-03-07T13:43:15+00:00","og_image":[{"width":1200,"height":630,"url":"https:\/\/kapitalis.com\/tunisie\/wp-content\/uploads\/2022\/05\/kapitalis-logo-fb.png","type":"image\/png"}],"author":"Amina Mkada","twitter_card":"summary_large_image","twitter_creator":"@KapitalisInfo","twitter_site":"@KapitalisInfo","twitter_misc":{"\u00c9crit par":"Amina Mkada","Dur\u00e9e de lecture estim\u00e9e":"2 minutes"},"schema":{"@context":"https:\/\/schema.org","@graph":[{"@type":"Article","@id":"https:\/\/kapitalis.com\/tunisie\/2020\/03\/07\/tunisie-les-2-terroristes-sur-leur-moto-quelques-instants-avant-de-se-faire-exploser\/#article","isPartOf":{"@id":"https:\/\/kapitalis.com\/tunisie\/2020\/03\/07\/tunisie-les-2-terroristes-sur-leur-moto-quelques-instants-avant-de-se-faire-exploser\/"},"author":{"name":"Amina Mkada","@id":"https:\/\/kapitalis.com\/tunisie\/#\/schema\/person\/093913313d3017554cb3ad077fff3fbd"},"headline":"Tunisie : Les 2 terroristes sur leur moto, quelques instants avant de se faire exploser","datePublished":"2020-03-07T13:43:13+00:00","dateModified":"2020-03-07T13:43:15+00:00","mainEntityOfPage":{"@id":"https:\/\/kapitalis.com\/tunisie\/2020\/03\/07\/tunisie-les-2-terroristes-sur-leur-moto-quelques-instants-avant-de-se-faire-exploser\/"},"wordCount":334,"commentCount":13,"publisher":{"@id":"https:\/\/kapitalis.com\/tunisie\/#organization"},"image":{"@id":"https:\/\/kapitalis.com\/tunisie\/2020\/03\/07\/tunisie-les-2-terroristes-sur-leur-moto-quelques-instants-avant-de-se-faire-exploser\/#primaryimage"},"thumbnailUrl":"","keywords":["Khoubeib Laaka","Kram ouest","Mohamed Slim Zenadi","Mohamed Taoufiq Missaoui","Seifeddine Makhlouf","Sidi Daoud"],"articleSection":["SOCIETE","Tunisie"],"inLanguage":"fr-FR","potentialAction":[{"@type":"CommentAction","name":"Comment","target":["https:\/\/kapitalis.com\/tunisie\/2020\/03\/07\/tunisie-les-2-terroristes-sur-leur-moto-quelques-instants-avant-de-se-faire-exploser\/#respond"]}]},{"@type":"WebPage","@id":"https:\/\/kapitalis.com\/tunisie\/2020\/03\/07\/tunisie-les-2-terroristes-sur-leur-moto-quelques-instants-avant-de-se-faire-exploser\/","url":"https:\/\/kapitalis.com\/tunisie\/2020\/03\/07\/tunisie-les-2-terroristes-sur-leur-moto-quelques-instants-avant-de-se-faire-exploser\/","name":"Tunisie : Les 2 terroristes sur leur moto, quelques instants avant de se faire exploser - Kapitalis","isPartOf":{"@id":"https:\/\/kapitalis.com\/tunisie\/#website"},"primaryImageOfPage":{"@id":"https:\/\/kapitalis.com\/tunisie\/2020\/03\/07\/tunisie-les-2-terroristes-sur-leur-moto-quelques-instants-avant-de-se-faire-exploser\/#primaryimage"},"image":{"@id":"https:\/\/kapitalis.com\/tunisie\/2020\/03\/07\/tunisie-les-2-terroristes-sur-leur-moto-quelques-instants-avant-de-se-faire-exploser\/#primaryimage"},"thumbnailUrl":"","datePublished":"2020-03-07T13:43:13+00:00","dateModified":"2020-03-07T13:43:15+00:00","breadcrumb":{"@id":"https:\/\/kapitalis.com\/tunisie\/2020\/03\/07\/tunisie-les-2-terroristes-sur-leur-moto-quelques-instants-avant-de-se-faire-exploser\/#breadcrumb"},"inLanguage":"fr-FR","potentialAction":[{"@type":"ReadAction","target":["https:\/\/kapitalis.com\/tunisie\/2020\/03\/07\/tunisie-les-2-terroristes-sur-leur-moto-quelques-instants-avant-de-se-faire-exploser\/"]}]},{"@type":"ImageObject","inLanguage":"fr-FR","@id":"https:\/\/kapitalis.com\/tunisie\/2020\/03\/07\/tunisie-les-2-terroristes-sur-leur-moto-quelques-instants-avant-de-se-faire-exploser\/#primaryimage","url":"","contentUrl":""},{"@type":"BreadcrumbList","@id":"https:\/\/kapitalis.com\/tunisie\/2020\/03\/07\/tunisie-les-2-terroristes-sur-leur-moto-quelques-instants-avant-de-se-faire-exploser\/#breadcrumb","itemListElement":[{"@type":"ListItem","position":1,"name":"Accueil","item":"https:\/\/kapitalis.com\/tunisie\/"},{"@type":"ListItem","position":2,"name":"Tunisie : Les 2 terroristes sur leur moto, quelques instants avant de se faire exploser"}]},{"@type":"WebSite","@id":"https:\/\/kapitalis.com\/tunisie\/#website","url":"https:\/\/kapitalis.com\/tunisie\/","name":"Kapitalis","description":"L&#039;actualit\u00e9 en Tunisie et dans le monde","publisher":{"@id":"https:\/\/kapitalis.com\/tunisie\/#organization"},"potentialAction":[{"@type":"SearchAction","target":{"@type":"EntryPoint","urlTemplate":"https:\/\/kapitalis.com\/tunisie\/?s={search_term_string}"},"query-input":{"@type":"PropertyValueSpecification","valueRequired":true,"valueName":"search_term_string"}}],"inLanguage":"fr-FR"},{"@type":"Organization","@id":"https:\/\/kapitalis.com\/tunisie\/#organization","name":"Kapitalis","url":"https:\/\/kapitalis.com\/tunisie\/","logo":{"@type":"ImageObject","inLanguage":"fr-FR","@id":"https:\/\/kapitalis.com\/tunisie\/#\/schema\/logo\/image\/","url":"https:\/\/kapitalis.com\/tunisie\/wp-content\/uploads\/2022\/05\/Kapitalis-big-size.png","contentUrl":"https:\/\/kapitalis.com\/tunisie\/wp-content\/uploads\/2022\/05\/Kapitalis-big-size.png","width":5000,"height":1500,"caption":"Kapitalis"},"image":{"@id":"https:\/\/kapitalis.com\/tunisie\/#\/schema\/logo\/image\/"},"sameAs":["https:\/\/www.facebook.com\/KapitalisInfo\/","https:\/\/x.com\/KapitalisInfo","https:\/\/www.youtube.com\/channel\/UC-yDYrHyfFBWWZaOw3FPg9Q"]},{"@type":"Person","@id":"https:\/\/kapitalis.com\/tunisie\/#\/schema\/person\/093913313d3017554cb3ad077fff3fbd","name":"Amina Mkada","url":"https:\/\/kapitalis.com\/tunisie\/author\/amina\/"}]}},"_links":{"self":[{"href":"https:\/\/kapitalis.com\/tunisie\/wp-json\/wp\/v2\/posts\/286369","targetHints":{"allow":["GET"]}}],"collection":[{"href":"https:\/\/kapitalis.com\/tunisie\/wp-json\/wp\/v2\/posts"}],"about":[{"href":"https:\/\/kapitalis.com\/tunisie\/wp-json\/wp\/v2\/types\/post"}],"author":[{"embeddable":true,"href":"https:\/\/kapitalis.com\/tunisie\/wp-json\/wp\/v2\/users\/22"}],"replies":[{"embeddable":true,"href":"https:\/\/kapitalis.com\/tunisie\/wp-json\/wp\/v2\/comments?post=286369"}],"version-history":[{"count":0,"href":"https:\/\/kapitalis.com\/tunisie\/wp-json\/wp\/v2\/posts\/286369\/revisions"}],"wp:featuredmedia":[{"embeddable":true,"href":"https:\/\/kapitalis.com\/tunisie\/wp-json\/wp\/v2\/media\/286378"}],"wp:attachment":[{"href":"https:\/\/kapitalis.com\/tunisie\/wp-json\/wp\/v2\/media?parent=286369"}],"wp:term":[{"taxonomy":"category","embeddable":true,"href":"https:\/\/kapitalis.com\/tunisie\/wp-json\/wp\/v2\/categories?post=286369"},{"taxonomy":"post_tag","embeddable":true,"href":"https:\/\/kapitalis.com\/tunisie\/wp-json\/wp\/v2\/tags?post=286369"}],"curies":[{"name":"wp","href":"https:\/\/api.w.org\/{rel}","templated":true}]}}