{"id":286542,"date":"2020-03-09T10:12:13","date_gmt":"2020-03-09T09:12:13","guid":{"rendered":"http:\/\/kapitalis.com\/tunisie\/?p=286542"},"modified":"2020-03-09T10:19:51","modified_gmt":"2020-03-09T09:19:51","slug":"2e-cas-de-coronavirus-la-suspension-des-cours-est-desormais-envisageable","status":"publish","type":"post","link":"https:\/\/kapitalis.com\/tunisie\/2020\/03\/09\/2e-cas-de-coronavirus-la-suspension-des-cours-est-desormais-envisageable\/","title":{"rendered":"2e cas de coronavirus en Tunisie : La suspension des cours est d\u00e9sormais envisageable"},"content":{"rendered":"\n<figure class=\"wp-block-image size-large\"><img decoding=\"async\" src=\"http:\/\/kapitalis.com\/tunisie\/wp-content\/uploads\/2020\/02\/\u00e9cole-en-gr\u00e8ve.jpg\" alt=\"\" class=\"wp-image-280543\"\/><\/figure>\n\n\n\n<p><strong><em>Apr\u00e8s l&rsquo;enregistrement du <a href=\"http:\/\/kapitalis.com\/tunisie\/2020\/03\/08\/a-propos-du-2e-cas-de-coronavirus-confirme-en-tunisie\/\">2e cas de coronavirus en Tunisie<\/a>, hier, dimanche 8 mars 2020, la possibilit\u00e9 d&rsquo;avancer la date des vacances du printemps, voire de suspendre carr\u00e9ment les cours dans les \u00e9tablissements scolaires, est d\u00e9sormais envisageable.<\/em><\/strong><\/p>\n\n\n\n<!--more-->\n\n\n\n<p>Lass\u00e2ad Ya\u00e2coubi, secr\u00e9taire g\u00e9n\u00e9ral de la F\u00e9d\u00e9ration g\u00e9n\u00e9rale de l\u2019enseignement secondaire (FGES) a indiqu\u00e9 hier soir, via un <a href=\"https:\/\/www.facebook.com\/lassad.yakoubi\/posts\/2825578547523184\">post facebook<\/a>, que son organisation ne s&rsquo;y opposera pas. <\/p>\n\n\n\n<p>\u00ab<em>Nous ne voulons pas nous ing\u00e9rer dans votre travail, <\/em>a-t-il \u00e9crit en s&rsquo;adressant visiblement au minist\u00e8re de la Sant\u00e9<em>, mais si la situation sanitaire exige la suspension des cours, alors <\/em>suspendez-<em>les et nous ne nous y opposerons pas. On aura confiance en votre jugement.<\/em>\u00bb <\/p>\n\n\n\n<p>Abdellatif Mekki, ministre de la Sant\u00e9 public, a, de son c\u00f4t\u00e9, indiqu\u00e9, ce matin, lors d&rsquo;une intervention sur les ondes de Jawhara FM, que la date des vacances scolaires pourrait \u00eatre bel et bien \u00eatre avanc\u00e9e, ajoutant qu&rsquo;une d\u00e9cision \u00e0 ce sujet sera prise le plus t\u00f4t possible : \u00ab<em>probablement d&rsquo;ici ce soir<\/em>\u00bb.<\/p>\n\n\n\n<p>Par contre, il a \u00e9cart\u00e9, pour le moment, la possibilit\u00e9 de fermer les \u00e9coles qui ne comptent pas des \u00e9l\u00e8ves ayant derni\u00e8rement voyag\u00e9 en Italie. <\/p>\n\n\n\n<p>Une telle mesure pourrait n\u00e9anmoins \u00eatre prise si notre pays d\u00e9tecte d&rsquo;autres cas dans l&rsquo;entourage direct de la personne infect\u00e9e, selon le ministre.<\/p>\n\n\n\n<p>Rappelons que le minist\u00e8re de la Sant\u00e9 a identifi\u00e9 environ 25 personnes appartenant \u00e0 cet entourage, entre proches du patient et membres du personnel hospitalier o\u00f9 il a fait une op\u00e9ration chirurgicale, et que tout ce beau monde sera mis en quarantaine pendant 14 jours.<\/p>\n\n\n\n<p class=\"has-text-align-right\"><strong>C. B. Y.<\/strong><\/p>\n\n\n\n<figure class=\"wp-block-embed-wordpress wp-block-embed is-type-wp-embed is-provider-kapitalis\"><div class=\"wp-block-embed__wrapper\">\n<blockquote class=\"wp-embedded-content\" data-secret=\"vPmN9SnBtL\"><a href=\"https:\/\/kapitalis.com\/tunisie\/2020\/03\/08\/a-propos-du-2e-cas-de-coronavirus-confirme-en-tunisie\/\">A propos du 2e cas de coronavirus confirm\u00e9 en Tunisie<\/a><\/blockquote><iframe loading=\"lazy\" class=\"wp-embedded-content\" sandbox=\"allow-scripts\" security=\"restricted\" style=\"position: absolute; clip: rect(1px, 1px, 1px, 1px);\" title=\"\u00ab\u00a0A propos du 2e cas de coronavirus confirm\u00e9 en Tunisie\u00a0\u00bb &#8212; Kapitalis\" src=\"https:\/\/kapitalis.com\/tunisie\/2020\/03\/08\/a-propos-du-2e-cas-de-coronavirus-confirme-en-tunisie\/embed\/#?secret=lsURetFBVh#?secret=vPmN9SnBtL\" data-secret=\"vPmN9SnBtL\" width=\"600\" height=\"338\" frameborder=\"0\" marginwidth=\"0\" marginheight=\"0\" scrolling=\"no\"><\/iframe>\n<\/div><\/figure>\n","protected":false},"excerpt":{"rendered":"<p>Apr\u00e8s l&rsquo;enregistrement du 2e cas de coronavirus en Tunisie, hier, dimanche 8 mars 2020, la possibilit\u00e9 d&rsquo;avancer la date des vacances du printemps, voire de suspendre carr\u00e9ment les cours dans les \u00e9tablissements scolaires, est d\u00e9sormais envisageable.<\/p>\n","protected":false},"author":24,"featured_media":0,"comment_status":"open","ping_status":"open","sticky":false,"template":"","format":"standard","meta":{"footnotes":""},"categories":[998,2433],"tags":[17,73060,12265],"class_list":["post-286542","post","type-post","status-publish","format-standard","hentry","category-societe","category-tunisie","tag-abdellatif-mekki","tag-coronavirus","tag-lassaad-yaacoubi"],"yoast_head":"<!-- This site is optimized with the Yoast SEO plugin v26.6 - https:\/\/yoast.com\/wordpress\/plugins\/seo\/ -->\n<title>2e cas de coronavirus en Tunisie : La suspension des cours est d\u00e9sormais envisageable - Kapitalis<\/title>\n<meta name=\"robots\" content=\"index, follow, max-snippet:-1, max-image-preview:large, max-video-preview:-1\" \/>\n<link rel=\"canonical\" href=\"https:\/\/kapitalis.com\/tunisie\/2020\/03\/09\/2e-cas-de-coronavirus-la-suspension-des-cours-est-desormais-envisageable\/\" \/>\n<meta property=\"og:locale\" content=\"fr_FR\" \/>\n<meta property=\"og:type\" content=\"article\" \/>\n<meta property=\"og:title\" content=\"2e cas de coronavirus en Tunisie : La suspension des cours est d\u00e9sormais envisageable - Kapitalis\" \/>\n<meta property=\"og:description\" content=\"Apr\u00e8s l&rsquo;enregistrement du 2e cas de coronavirus en Tunisie, hier, dimanche 8 mars 2020, la possibilit\u00e9 d&rsquo;avancer la date des vacances du printemps, voire de suspendre carr\u00e9ment les cours dans les \u00e9tablissements scolaires, est d\u00e9sormais envisageable.\" \/>\n<meta property=\"og:url\" content=\"https:\/\/kapitalis.com\/tunisie\/2020\/03\/09\/2e-cas-de-coronavirus-la-suspension-des-cours-est-desormais-envisageable\/\" \/>\n<meta property=\"og:site_name\" content=\"Kapitalis\" \/>\n<meta property=\"article:publisher\" content=\"https:\/\/www.facebook.com\/KapitalisInfo\/\" \/>\n<meta property=\"article:published_time\" content=\"2020-03-09T09:12:13+00:00\" \/>\n<meta property=\"article:modified_time\" content=\"2020-03-09T09:19:51+00:00\" \/>\n<meta property=\"og:image\" content=\"https:\/\/kapitalis.com\/tunisie\/wp-content\/uploads\/2022\/05\/kapitalis-logo-fb.png\" \/>\n\t<meta property=\"og:image:width\" content=\"1200\" \/>\n\t<meta property=\"og:image:height\" content=\"630\" \/>\n\t<meta property=\"og:image:type\" content=\"image\/png\" \/>\n<meta name=\"author\" content=\"Cherif Benyounes\" \/>\n<meta name=\"twitter:card\" content=\"summary_large_image\" \/>\n<meta name=\"twitter:creator\" content=\"@KapitalisInfo\" \/>\n<meta name=\"twitter:site\" content=\"@KapitalisInfo\" \/>\n<meta name=\"twitter:label1\" content=\"\u00c9crit par\" \/>\n\t<meta name=\"twitter:data1\" content=\"Cherif Benyounes\" \/>\n\t<meta name=\"twitter:label2\" content=\"Dur\u00e9e de lecture estim\u00e9e\" \/>\n\t<meta name=\"twitter:data2\" content=\"1 minute\" \/>\n<script type=\"application\/ld+json\" class=\"yoast-schema-graph\">{\"@context\":\"https:\/\/schema.org\",\"@graph\":[{\"@type\":\"Article\",\"@id\":\"https:\/\/kapitalis.com\/tunisie\/2020\/03\/09\/2e-cas-de-coronavirus-la-suspension-des-cours-est-desormais-envisageable\/#article\",\"isPartOf\":{\"@id\":\"https:\/\/kapitalis.com\/tunisie\/2020\/03\/09\/2e-cas-de-coronavirus-la-suspension-des-cours-est-desormais-envisageable\/\"},\"author\":{\"name\":\"Cherif Benyounes\",\"@id\":\"https:\/\/kapitalis.com\/tunisie\/#\/schema\/person\/b35b8d631961131107263178aeb8019e\"},\"headline\":\"2e cas de coronavirus en Tunisie : La suspension des cours est d\u00e9sormais envisageable\",\"datePublished\":\"2020-03-09T09:12:13+00:00\",\"dateModified\":\"2020-03-09T09:19:51+00:00\",\"mainEntityOfPage\":{\"@id\":\"https:\/\/kapitalis.com\/tunisie\/2020\/03\/09\/2e-cas-de-coronavirus-la-suspension-des-cours-est-desormais-envisageable\/\"},\"wordCount\":295,\"commentCount\":0,\"publisher\":{\"@id\":\"https:\/\/kapitalis.com\/tunisie\/#organization\"},\"keywords\":[\"Abdellatif Mekki\",\"Coronavirus\",\"Lassa\u00e2d Ya\u00e2coubi\"],\"articleSection\":[\"SOCIETE\",\"Tunisie\"],\"inLanguage\":\"fr-FR\",\"potentialAction\":[{\"@type\":\"CommentAction\",\"name\":\"Comment\",\"target\":[\"https:\/\/kapitalis.com\/tunisie\/2020\/03\/09\/2e-cas-de-coronavirus-la-suspension-des-cours-est-desormais-envisageable\/#respond\"]}]},{\"@type\":\"WebPage\",\"@id\":\"https:\/\/kapitalis.com\/tunisie\/2020\/03\/09\/2e-cas-de-coronavirus-la-suspension-des-cours-est-desormais-envisageable\/\",\"url\":\"https:\/\/kapitalis.com\/tunisie\/2020\/03\/09\/2e-cas-de-coronavirus-la-suspension-des-cours-est-desormais-envisageable\/\",\"name\":\"2e cas de coronavirus en Tunisie : La suspension des cours est d\u00e9sormais envisageable - Kapitalis\",\"isPartOf\":{\"@id\":\"https:\/\/kapitalis.com\/tunisie\/#website\"},\"datePublished\":\"2020-03-09T09:12:13+00:00\",\"dateModified\":\"2020-03-09T09:19:51+00:00\",\"breadcrumb\":{\"@id\":\"https:\/\/kapitalis.com\/tunisie\/2020\/03\/09\/2e-cas-de-coronavirus-la-suspension-des-cours-est-desormais-envisageable\/#breadcrumb\"},\"inLanguage\":\"fr-FR\",\"potentialAction\":[{\"@type\":\"ReadAction\",\"target\":[\"https:\/\/kapitalis.com\/tunisie\/2020\/03\/09\/2e-cas-de-coronavirus-la-suspension-des-cours-est-desormais-envisageable\/\"]}]},{\"@type\":\"BreadcrumbList\",\"@id\":\"https:\/\/kapitalis.com\/tunisie\/2020\/03\/09\/2e-cas-de-coronavirus-la-suspension-des-cours-est-desormais-envisageable\/#breadcrumb\",\"itemListElement\":[{\"@type\":\"ListItem\",\"position\":1,\"name\":\"Accueil\",\"item\":\"https:\/\/kapitalis.com\/tunisie\/\"},{\"@type\":\"ListItem\",\"position\":2,\"name\":\"2e cas de coronavirus en Tunisie : La suspension des cours est d\u00e9sormais envisageable\"}]},{\"@type\":\"WebSite\",\"@id\":\"https:\/\/kapitalis.com\/tunisie\/#website\",\"url\":\"https:\/\/kapitalis.com\/tunisie\/\",\"name\":\"Kapitalis\",\"description\":\"L&#039;actualit\u00e9 en Tunisie et dans le monde\",\"publisher\":{\"@id\":\"https:\/\/kapitalis.com\/tunisie\/#organization\"},\"potentialAction\":[{\"@type\":\"SearchAction\",\"target\":{\"@type\":\"EntryPoint\",\"urlTemplate\":\"https:\/\/kapitalis.com\/tunisie\/?s={search_term_string}\"},\"query-input\":{\"@type\":\"PropertyValueSpecification\",\"valueRequired\":true,\"valueName\":\"search_term_string\"}}],\"inLanguage\":\"fr-FR\"},{\"@type\":\"Organization\",\"@id\":\"https:\/\/kapitalis.com\/tunisie\/#organization\",\"name\":\"Kapitalis\",\"url\":\"https:\/\/kapitalis.com\/tunisie\/\",\"logo\":{\"@type\":\"ImageObject\",\"inLanguage\":\"fr-FR\",\"@id\":\"https:\/\/kapitalis.com\/tunisie\/#\/schema\/logo\/image\/\",\"url\":\"https:\/\/kapitalis.com\/tunisie\/wp-content\/uploads\/2022\/05\/Kapitalis-big-size.png\",\"contentUrl\":\"https:\/\/kapitalis.com\/tunisie\/wp-content\/uploads\/2022\/05\/Kapitalis-big-size.png\",\"width\":5000,\"height\":1500,\"caption\":\"Kapitalis\"},\"image\":{\"@id\":\"https:\/\/kapitalis.com\/tunisie\/#\/schema\/logo\/image\/\"},\"sameAs\":[\"https:\/\/www.facebook.com\/KapitalisInfo\/\",\"https:\/\/x.com\/KapitalisInfo\",\"https:\/\/www.youtube.com\/channel\/UC-yDYrHyfFBWWZaOw3FPg9Q\"]},{\"@type\":\"Person\",\"@id\":\"https:\/\/kapitalis.com\/tunisie\/#\/schema\/person\/b35b8d631961131107263178aeb8019e\",\"name\":\"Cherif Benyounes\",\"url\":\"https:\/\/kapitalis.com\/tunisie\/author\/cherif\/\"}]}<\/script>\n<!-- \/ Yoast SEO plugin. -->","yoast_head_json":{"title":"2e cas de coronavirus en Tunisie : La suspension des cours est d\u00e9sormais envisageable - Kapitalis","robots":{"index":"index","follow":"follow","max-snippet":"max-snippet:-1","max-image-preview":"max-image-preview:large","max-video-preview":"max-video-preview:-1"},"canonical":"https:\/\/kapitalis.com\/tunisie\/2020\/03\/09\/2e-cas-de-coronavirus-la-suspension-des-cours-est-desormais-envisageable\/","og_locale":"fr_FR","og_type":"article","og_title":"2e cas de coronavirus en Tunisie : La suspension des cours est d\u00e9sormais envisageable - Kapitalis","og_description":"Apr\u00e8s l&rsquo;enregistrement du 2e cas de coronavirus en Tunisie, hier, dimanche 8 mars 2020, la possibilit\u00e9 d&rsquo;avancer la date des vacances du printemps, voire de suspendre carr\u00e9ment les cours dans les \u00e9tablissements scolaires, est d\u00e9sormais envisageable.","og_url":"https:\/\/kapitalis.com\/tunisie\/2020\/03\/09\/2e-cas-de-coronavirus-la-suspension-des-cours-est-desormais-envisageable\/","og_site_name":"Kapitalis","article_publisher":"https:\/\/www.facebook.com\/KapitalisInfo\/","article_published_time":"2020-03-09T09:12:13+00:00","article_modified_time":"2020-03-09T09:19:51+00:00","og_image":[{"width":1200,"height":630,"url":"https:\/\/kapitalis.com\/tunisie\/wp-content\/uploads\/2022\/05\/kapitalis-logo-fb.png","type":"image\/png"}],"author":"Cherif Benyounes","twitter_card":"summary_large_image","twitter_creator":"@KapitalisInfo","twitter_site":"@KapitalisInfo","twitter_misc":{"\u00c9crit par":"Cherif Benyounes","Dur\u00e9e de lecture estim\u00e9e":"1 minute"},"schema":{"@context":"https:\/\/schema.org","@graph":[{"@type":"Article","@id":"https:\/\/kapitalis.com\/tunisie\/2020\/03\/09\/2e-cas-de-coronavirus-la-suspension-des-cours-est-desormais-envisageable\/#article","isPartOf":{"@id":"https:\/\/kapitalis.com\/tunisie\/2020\/03\/09\/2e-cas-de-coronavirus-la-suspension-des-cours-est-desormais-envisageable\/"},"author":{"name":"Cherif Benyounes","@id":"https:\/\/kapitalis.com\/tunisie\/#\/schema\/person\/b35b8d631961131107263178aeb8019e"},"headline":"2e cas de coronavirus en Tunisie : La suspension des cours est d\u00e9sormais envisageable","datePublished":"2020-03-09T09:12:13+00:00","dateModified":"2020-03-09T09:19:51+00:00","mainEntityOfPage":{"@id":"https:\/\/kapitalis.com\/tunisie\/2020\/03\/09\/2e-cas-de-coronavirus-la-suspension-des-cours-est-desormais-envisageable\/"},"wordCount":295,"commentCount":0,"publisher":{"@id":"https:\/\/kapitalis.com\/tunisie\/#organization"},"keywords":["Abdellatif Mekki","Coronavirus","Lassa\u00e2d Ya\u00e2coubi"],"articleSection":["SOCIETE","Tunisie"],"inLanguage":"fr-FR","potentialAction":[{"@type":"CommentAction","name":"Comment","target":["https:\/\/kapitalis.com\/tunisie\/2020\/03\/09\/2e-cas-de-coronavirus-la-suspension-des-cours-est-desormais-envisageable\/#respond"]}]},{"@type":"WebPage","@id":"https:\/\/kapitalis.com\/tunisie\/2020\/03\/09\/2e-cas-de-coronavirus-la-suspension-des-cours-est-desormais-envisageable\/","url":"https:\/\/kapitalis.com\/tunisie\/2020\/03\/09\/2e-cas-de-coronavirus-la-suspension-des-cours-est-desormais-envisageable\/","name":"2e cas de coronavirus en Tunisie : La suspension des cours est d\u00e9sormais envisageable - Kapitalis","isPartOf":{"@id":"https:\/\/kapitalis.com\/tunisie\/#website"},"datePublished":"2020-03-09T09:12:13+00:00","dateModified":"2020-03-09T09:19:51+00:00","breadcrumb":{"@id":"https:\/\/kapitalis.com\/tunisie\/2020\/03\/09\/2e-cas-de-coronavirus-la-suspension-des-cours-est-desormais-envisageable\/#breadcrumb"},"inLanguage":"fr-FR","potentialAction":[{"@type":"ReadAction","target":["https:\/\/kapitalis.com\/tunisie\/2020\/03\/09\/2e-cas-de-coronavirus-la-suspension-des-cours-est-desormais-envisageable\/"]}]},{"@type":"BreadcrumbList","@id":"https:\/\/kapitalis.com\/tunisie\/2020\/03\/09\/2e-cas-de-coronavirus-la-suspension-des-cours-est-desormais-envisageable\/#breadcrumb","itemListElement":[{"@type":"ListItem","position":1,"name":"Accueil","item":"https:\/\/kapitalis.com\/tunisie\/"},{"@type":"ListItem","position":2,"name":"2e cas de coronavirus en Tunisie : La suspension des cours est d\u00e9sormais envisageable"}]},{"@type":"WebSite","@id":"https:\/\/kapitalis.com\/tunisie\/#website","url":"https:\/\/kapitalis.com\/tunisie\/","name":"Kapitalis","description":"L&#039;actualit\u00e9 en Tunisie et dans le monde","publisher":{"@id":"https:\/\/kapitalis.com\/tunisie\/#organization"},"potentialAction":[{"@type":"SearchAction","target":{"@type":"EntryPoint","urlTemplate":"https:\/\/kapitalis.com\/tunisie\/?s={search_term_string}"},"query-input":{"@type":"PropertyValueSpecification","valueRequired":true,"valueName":"search_term_string"}}],"inLanguage":"fr-FR"},{"@type":"Organization","@id":"https:\/\/kapitalis.com\/tunisie\/#organization","name":"Kapitalis","url":"https:\/\/kapitalis.com\/tunisie\/","logo":{"@type":"ImageObject","inLanguage":"fr-FR","@id":"https:\/\/kapitalis.com\/tunisie\/#\/schema\/logo\/image\/","url":"https:\/\/kapitalis.com\/tunisie\/wp-content\/uploads\/2022\/05\/Kapitalis-big-size.png","contentUrl":"https:\/\/kapitalis.com\/tunisie\/wp-content\/uploads\/2022\/05\/Kapitalis-big-size.png","width":5000,"height":1500,"caption":"Kapitalis"},"image":{"@id":"https:\/\/kapitalis.com\/tunisie\/#\/schema\/logo\/image\/"},"sameAs":["https:\/\/www.facebook.com\/KapitalisInfo\/","https:\/\/x.com\/KapitalisInfo","https:\/\/www.youtube.com\/channel\/UC-yDYrHyfFBWWZaOw3FPg9Q"]},{"@type":"Person","@id":"https:\/\/kapitalis.com\/tunisie\/#\/schema\/person\/b35b8d631961131107263178aeb8019e","name":"Cherif Benyounes","url":"https:\/\/kapitalis.com\/tunisie\/author\/cherif\/"}]}},"_links":{"self":[{"href":"https:\/\/kapitalis.com\/tunisie\/wp-json\/wp\/v2\/posts\/286542","targetHints":{"allow":["GET"]}}],"collection":[{"href":"https:\/\/kapitalis.com\/tunisie\/wp-json\/wp\/v2\/posts"}],"about":[{"href":"https:\/\/kapitalis.com\/tunisie\/wp-json\/wp\/v2\/types\/post"}],"author":[{"embeddable":true,"href":"https:\/\/kapitalis.com\/tunisie\/wp-json\/wp\/v2\/users\/24"}],"replies":[{"embeddable":true,"href":"https:\/\/kapitalis.com\/tunisie\/wp-json\/wp\/v2\/comments?post=286542"}],"version-history":[{"count":0,"href":"https:\/\/kapitalis.com\/tunisie\/wp-json\/wp\/v2\/posts\/286542\/revisions"}],"wp:attachment":[{"href":"https:\/\/kapitalis.com\/tunisie\/wp-json\/wp\/v2\/media?parent=286542"}],"wp:term":[{"taxonomy":"category","embeddable":true,"href":"https:\/\/kapitalis.com\/tunisie\/wp-json\/wp\/v2\/categories?post=286542"},{"taxonomy":"post_tag","embeddable":true,"href":"https:\/\/kapitalis.com\/tunisie\/wp-json\/wp\/v2\/tags?post=286542"}],"curies":[{"name":"wp","href":"https:\/\/api.w.org\/{rel}","templated":true}]}}