{"id":286587,"date":"2020-03-09T13:16:58","date_gmt":"2020-03-09T12:16:58","guid":{"rendered":"http:\/\/kapitalis.com\/tunisie\/?p=286587"},"modified":"2020-03-09T15:20:58","modified_gmt":"2020-03-09T14:20:58","slug":"maire-de-gafsa-nous-steriliserons-les-ecoles-mais-narreterons-pas-les-cours","status":"publish","type":"post","link":"https:\/\/kapitalis.com\/tunisie\/2020\/03\/09\/maire-de-gafsa-nous-steriliserons-les-ecoles-mais-narreterons-pas-les-cours\/","title":{"rendered":"Maire de Gafsa : \u00abNous d\u00e9sinfecterons les \u00e9coles mais n&rsquo;arr\u00eaterons pas les cours\u00bb"},"content":{"rendered":"\n<figure class=\"wp-block-image size-large\"><img decoding=\"async\" src=\"http:\/\/kapitalis.com\/tunisie\/wp-content\/uploads\/2020\/03\/Gafsa.jpg\" alt=\"\" class=\"wp-image-286624\"\/><\/figure>\n\n\n\n<p><strong><em>Le maire de la ville de Gafsa, Helmi Belhani, a d\u00e9menti la rumeur circulant sur les r\u00e9seaux sociaux concernant la propagation du coronavirus dans la r\u00e9gion, et assure que les \u00e9coles seront d\u00e9sinfect\u00e9es mais que les cours ne seront pas arr\u00eat\u00e9s. C&rsquo;est ce que rapporte<\/em><\/strong>, <strong><em>aujourd&rsquo;hui, lundi 9 mars 2020, <a rel=\"noreferrer noopener\" aria-label=\"Baladia News (s\u2019ouvre dans un nouvel onglet)\" href=\"https:\/\/baladianews.com\/2020\/03\/09\/%d8%b1%d8%a6%d9%8a%d8%b3-%d8%a8%d9%84%d8%af%d9%8a%d8%a9-%d9%82%d9%81%d8%b5%d8%a9%d8%b3%d9%86%d9%82%d9%88%d9%85-%d8%a8%d8%aa%d8%b9%d9%82%d9%8a%d9%85-%d8%a7%d9%84%d9%85%d8%af%d8%a7%d8%b1%d8%b3-%d9%88\/\" target=\"_blank\">Baladia News<\/a>.   <\/em><\/strong><\/p>\n\n\n\n<!--more-->\n\n\n\n<p>Le maire de Gafsa a indiqu\u00e9 que les cas suspects sont surveill\u00e9s par les services sanitaires, et que jusqu&rsquo;\u00e0 pr\u00e9sent, il n&rsquo;y a pas de cas positifs confirm\u00e9s dans la r\u00e9gion.<\/p>\n\n\n\n<p>M. Belhani a ajout\u00e9 que la municipalit\u00e9 tiendra une s\u00e9ance de travail cet apr\u00e8s midi avec le comit\u00e9 d&rsquo;hygi\u00e8ne et de sant\u00e9, pour prendre des mesures pr\u00e9ventives, dont la plus importante est la d\u00e9sinfection des \u00e9coles et la surveillance sanitaire des restaurants et des caf\u00e9s.<\/p>\n\n\n\n<p>Dans le m\u00eame contexte, le maire a d\u00e9clar\u00e9 que la suspension des cours \u00e0 Gafsa n&rsquo;est pas \u00e0 l&rsquo;ordre du jour pour le moment, mais que cela est possible, en coordination avec les services sanitaires et \u00e9ducatifs, si la situation venait \u00e0 \u00e9voluer.  <\/p>\n\n\n\n<p>Le maire a appel\u00e9 les citoyens \u00e0 la prudence et \u00e0 ne pas se laisser induire en erreur par les rumeurs ou une panique injustifi\u00e9e, soulignant par la m\u00eame occasion que la d\u00e9cision de mettre le d\u00e9l\u00e9gu\u00e9 de Gafsa en quarantaine a \u00e9t\u00e9 prise \u00e0 titre pr\u00e9ventif et que son \u00e9tat est normal.<\/p>\n\n\n\n<p class=\"has-text-align-right\"><strong>A. M.<\/strong><\/p>\n","protected":false},"excerpt":{"rendered":"<p>Le maire de la ville de Gafsa, Helmi Belhani, a d\u00e9menti la rumeur circulant sur les r\u00e9seaux sociaux concernant la propagation du coronavirus dans la r\u00e9gion, et assure que les \u00e9coles seront d\u00e9sinfect\u00e9es mais que les cours ne seront pas arr\u00eat\u00e9s. C&rsquo;est ce que rapporte, aujourd&rsquo;hui, lundi 9 mars 2020, Baladia News.<\/p>\n","protected":false},"author":22,"featured_media":286624,"comment_status":"open","ping_status":"open","sticky":false,"template":"","format":"standard","meta":{"footnotes":""},"categories":[998,2433],"tags":[76237,76238,76236],"class_list":["post-286587","post","type-post","status-publish","format-standard","has-post-thumbnail","hentry","category-societe","category-tunisie","tag-baladia-news","tag-helmi-belhani","tag-maire-de-gafsa"],"yoast_head":"<!-- This site is optimized with the Yoast SEO plugin v26.6 - https:\/\/yoast.com\/wordpress\/plugins\/seo\/ -->\n<title>Maire de Gafsa : \u00abNous d\u00e9sinfecterons les \u00e9coles mais n&#039;arr\u00eaterons pas les cours\u00bb - Kapitalis<\/title>\n<meta name=\"robots\" content=\"index, follow, max-snippet:-1, max-image-preview:large, max-video-preview:-1\" \/>\n<link rel=\"canonical\" href=\"https:\/\/kapitalis.com\/tunisie\/2020\/03\/09\/maire-de-gafsa-nous-steriliserons-les-ecoles-mais-narreterons-pas-les-cours\/\" \/>\n<meta property=\"og:locale\" content=\"fr_FR\" \/>\n<meta property=\"og:type\" content=\"article\" \/>\n<meta property=\"og:title\" content=\"Maire de Gafsa : \u00abNous d\u00e9sinfecterons les \u00e9coles mais n&#039;arr\u00eaterons pas les cours\u00bb - Kapitalis\" \/>\n<meta property=\"og:description\" content=\"Le maire de la ville de Gafsa, Helmi Belhani, a d\u00e9menti la rumeur circulant sur les r\u00e9seaux sociaux concernant la propagation du coronavirus dans la r\u00e9gion, et assure que les \u00e9coles seront d\u00e9sinfect\u00e9es mais que les cours ne seront pas arr\u00eat\u00e9s. C&rsquo;est ce que rapporte, aujourd&rsquo;hui, lundi 9 mars 2020, Baladia News.\" \/>\n<meta property=\"og:url\" content=\"https:\/\/kapitalis.com\/tunisie\/2020\/03\/09\/maire-de-gafsa-nous-steriliserons-les-ecoles-mais-narreterons-pas-les-cours\/\" \/>\n<meta property=\"og:site_name\" content=\"Kapitalis\" \/>\n<meta property=\"article:publisher\" content=\"https:\/\/www.facebook.com\/KapitalisInfo\/\" \/>\n<meta property=\"article:published_time\" content=\"2020-03-09T12:16:58+00:00\" \/>\n<meta property=\"article:modified_time\" content=\"2020-03-09T14:20:58+00:00\" \/>\n<meta property=\"og:image\" content=\"https:\/\/kapitalis.com\/tunisie\/wp-content\/uploads\/2022\/05\/kapitalis-logo-fb.png\" \/>\n\t<meta property=\"og:image:width\" content=\"1200\" \/>\n\t<meta property=\"og:image:height\" content=\"630\" \/>\n\t<meta property=\"og:image:type\" content=\"image\/png\" \/>\n<meta name=\"author\" content=\"Amina Mkada\" \/>\n<meta name=\"twitter:card\" content=\"summary_large_image\" \/>\n<meta name=\"twitter:creator\" content=\"@KapitalisInfo\" \/>\n<meta name=\"twitter:site\" content=\"@KapitalisInfo\" \/>\n<meta name=\"twitter:label1\" content=\"\u00c9crit par\" \/>\n\t<meta name=\"twitter:data1\" content=\"Amina Mkada\" \/>\n\t<meta name=\"twitter:label2\" content=\"Dur\u00e9e de lecture estim\u00e9e\" \/>\n\t<meta name=\"twitter:data2\" content=\"1 minute\" \/>\n<script type=\"application\/ld+json\" class=\"yoast-schema-graph\">{\"@context\":\"https:\/\/schema.org\",\"@graph\":[{\"@type\":\"Article\",\"@id\":\"https:\/\/kapitalis.com\/tunisie\/2020\/03\/09\/maire-de-gafsa-nous-steriliserons-les-ecoles-mais-narreterons-pas-les-cours\/#article\",\"isPartOf\":{\"@id\":\"https:\/\/kapitalis.com\/tunisie\/2020\/03\/09\/maire-de-gafsa-nous-steriliserons-les-ecoles-mais-narreterons-pas-les-cours\/\"},\"author\":{\"name\":\"Amina Mkada\",\"@id\":\"https:\/\/kapitalis.com\/tunisie\/#\/schema\/person\/093913313d3017554cb3ad077fff3fbd\"},\"headline\":\"Maire de Gafsa : \u00abNous d\u00e9sinfecterons les \u00e9coles mais n&rsquo;arr\u00eaterons pas les cours\u00bb\",\"datePublished\":\"2020-03-09T12:16:58+00:00\",\"dateModified\":\"2020-03-09T14:20:58+00:00\",\"mainEntityOfPage\":{\"@id\":\"https:\/\/kapitalis.com\/tunisie\/2020\/03\/09\/maire-de-gafsa-nous-steriliserons-les-ecoles-mais-narreterons-pas-les-cours\/\"},\"wordCount\":257,\"commentCount\":1,\"publisher\":{\"@id\":\"https:\/\/kapitalis.com\/tunisie\/#organization\"},\"image\":{\"@id\":\"https:\/\/kapitalis.com\/tunisie\/2020\/03\/09\/maire-de-gafsa-nous-steriliserons-les-ecoles-mais-narreterons-pas-les-cours\/#primaryimage\"},\"thumbnailUrl\":\"\",\"keywords\":[\"Baladia News\",\"Helmi Belhani\",\"maire de Gafsa\"],\"articleSection\":[\"SOCIETE\",\"Tunisie\"],\"inLanguage\":\"fr-FR\",\"potentialAction\":[{\"@type\":\"CommentAction\",\"name\":\"Comment\",\"target\":[\"https:\/\/kapitalis.com\/tunisie\/2020\/03\/09\/maire-de-gafsa-nous-steriliserons-les-ecoles-mais-narreterons-pas-les-cours\/#respond\"]}]},{\"@type\":\"WebPage\",\"@id\":\"https:\/\/kapitalis.com\/tunisie\/2020\/03\/09\/maire-de-gafsa-nous-steriliserons-les-ecoles-mais-narreterons-pas-les-cours\/\",\"url\":\"https:\/\/kapitalis.com\/tunisie\/2020\/03\/09\/maire-de-gafsa-nous-steriliserons-les-ecoles-mais-narreterons-pas-les-cours\/\",\"name\":\"Maire de Gafsa : \u00abNous d\u00e9sinfecterons les \u00e9coles mais n'arr\u00eaterons pas les cours\u00bb - Kapitalis\",\"isPartOf\":{\"@id\":\"https:\/\/kapitalis.com\/tunisie\/#website\"},\"primaryImageOfPage\":{\"@id\":\"https:\/\/kapitalis.com\/tunisie\/2020\/03\/09\/maire-de-gafsa-nous-steriliserons-les-ecoles-mais-narreterons-pas-les-cours\/#primaryimage\"},\"image\":{\"@id\":\"https:\/\/kapitalis.com\/tunisie\/2020\/03\/09\/maire-de-gafsa-nous-steriliserons-les-ecoles-mais-narreterons-pas-les-cours\/#primaryimage\"},\"thumbnailUrl\":\"\",\"datePublished\":\"2020-03-09T12:16:58+00:00\",\"dateModified\":\"2020-03-09T14:20:58+00:00\",\"breadcrumb\":{\"@id\":\"https:\/\/kapitalis.com\/tunisie\/2020\/03\/09\/maire-de-gafsa-nous-steriliserons-les-ecoles-mais-narreterons-pas-les-cours\/#breadcrumb\"},\"inLanguage\":\"fr-FR\",\"potentialAction\":[{\"@type\":\"ReadAction\",\"target\":[\"https:\/\/kapitalis.com\/tunisie\/2020\/03\/09\/maire-de-gafsa-nous-steriliserons-les-ecoles-mais-narreterons-pas-les-cours\/\"]}]},{\"@type\":\"ImageObject\",\"inLanguage\":\"fr-FR\",\"@id\":\"https:\/\/kapitalis.com\/tunisie\/2020\/03\/09\/maire-de-gafsa-nous-steriliserons-les-ecoles-mais-narreterons-pas-les-cours\/#primaryimage\",\"url\":\"\",\"contentUrl\":\"\"},{\"@type\":\"BreadcrumbList\",\"@id\":\"https:\/\/kapitalis.com\/tunisie\/2020\/03\/09\/maire-de-gafsa-nous-steriliserons-les-ecoles-mais-narreterons-pas-les-cours\/#breadcrumb\",\"itemListElement\":[{\"@type\":\"ListItem\",\"position\":1,\"name\":\"Accueil\",\"item\":\"https:\/\/kapitalis.com\/tunisie\/\"},{\"@type\":\"ListItem\",\"position\":2,\"name\":\"Maire de Gafsa : \u00abNous d\u00e9sinfecterons les \u00e9coles mais n&rsquo;arr\u00eaterons pas les cours\u00bb\"}]},{\"@type\":\"WebSite\",\"@id\":\"https:\/\/kapitalis.com\/tunisie\/#website\",\"url\":\"https:\/\/kapitalis.com\/tunisie\/\",\"name\":\"Kapitalis\",\"description\":\"L&#039;actualit\u00e9 en Tunisie et dans le monde\",\"publisher\":{\"@id\":\"https:\/\/kapitalis.com\/tunisie\/#organization\"},\"potentialAction\":[{\"@type\":\"SearchAction\",\"target\":{\"@type\":\"EntryPoint\",\"urlTemplate\":\"https:\/\/kapitalis.com\/tunisie\/?s={search_term_string}\"},\"query-input\":{\"@type\":\"PropertyValueSpecification\",\"valueRequired\":true,\"valueName\":\"search_term_string\"}}],\"inLanguage\":\"fr-FR\"},{\"@type\":\"Organization\",\"@id\":\"https:\/\/kapitalis.com\/tunisie\/#organization\",\"name\":\"Kapitalis\",\"url\":\"https:\/\/kapitalis.com\/tunisie\/\",\"logo\":{\"@type\":\"ImageObject\",\"inLanguage\":\"fr-FR\",\"@id\":\"https:\/\/kapitalis.com\/tunisie\/#\/schema\/logo\/image\/\",\"url\":\"https:\/\/kapitalis.com\/tunisie\/wp-content\/uploads\/2022\/05\/Kapitalis-big-size.png\",\"contentUrl\":\"https:\/\/kapitalis.com\/tunisie\/wp-content\/uploads\/2022\/05\/Kapitalis-big-size.png\",\"width\":5000,\"height\":1500,\"caption\":\"Kapitalis\"},\"image\":{\"@id\":\"https:\/\/kapitalis.com\/tunisie\/#\/schema\/logo\/image\/\"},\"sameAs\":[\"https:\/\/www.facebook.com\/KapitalisInfo\/\",\"https:\/\/x.com\/KapitalisInfo\",\"https:\/\/www.youtube.com\/channel\/UC-yDYrHyfFBWWZaOw3FPg9Q\"]},{\"@type\":\"Person\",\"@id\":\"https:\/\/kapitalis.com\/tunisie\/#\/schema\/person\/093913313d3017554cb3ad077fff3fbd\",\"name\":\"Amina Mkada\",\"url\":\"https:\/\/kapitalis.com\/tunisie\/author\/amina\/\"}]}<\/script>\n<!-- \/ Yoast SEO plugin. -->","yoast_head_json":{"title":"Maire de Gafsa : \u00abNous d\u00e9sinfecterons les \u00e9coles mais n'arr\u00eaterons pas les cours\u00bb - Kapitalis","robots":{"index":"index","follow":"follow","max-snippet":"max-snippet:-1","max-image-preview":"max-image-preview:large","max-video-preview":"max-video-preview:-1"},"canonical":"https:\/\/kapitalis.com\/tunisie\/2020\/03\/09\/maire-de-gafsa-nous-steriliserons-les-ecoles-mais-narreterons-pas-les-cours\/","og_locale":"fr_FR","og_type":"article","og_title":"Maire de Gafsa : \u00abNous d\u00e9sinfecterons les \u00e9coles mais n'arr\u00eaterons pas les cours\u00bb - Kapitalis","og_description":"Le maire de la ville de Gafsa, Helmi Belhani, a d\u00e9menti la rumeur circulant sur les r\u00e9seaux sociaux concernant la propagation du coronavirus dans la r\u00e9gion, et assure que les \u00e9coles seront d\u00e9sinfect\u00e9es mais que les cours ne seront pas arr\u00eat\u00e9s. C&rsquo;est ce que rapporte, aujourd&rsquo;hui, lundi 9 mars 2020, Baladia News.","og_url":"https:\/\/kapitalis.com\/tunisie\/2020\/03\/09\/maire-de-gafsa-nous-steriliserons-les-ecoles-mais-narreterons-pas-les-cours\/","og_site_name":"Kapitalis","article_publisher":"https:\/\/www.facebook.com\/KapitalisInfo\/","article_published_time":"2020-03-09T12:16:58+00:00","article_modified_time":"2020-03-09T14:20:58+00:00","og_image":[{"width":1200,"height":630,"url":"https:\/\/kapitalis.com\/tunisie\/wp-content\/uploads\/2022\/05\/kapitalis-logo-fb.png","type":"image\/png"}],"author":"Amina Mkada","twitter_card":"summary_large_image","twitter_creator":"@KapitalisInfo","twitter_site":"@KapitalisInfo","twitter_misc":{"\u00c9crit par":"Amina Mkada","Dur\u00e9e de lecture estim\u00e9e":"1 minute"},"schema":{"@context":"https:\/\/schema.org","@graph":[{"@type":"Article","@id":"https:\/\/kapitalis.com\/tunisie\/2020\/03\/09\/maire-de-gafsa-nous-steriliserons-les-ecoles-mais-narreterons-pas-les-cours\/#article","isPartOf":{"@id":"https:\/\/kapitalis.com\/tunisie\/2020\/03\/09\/maire-de-gafsa-nous-steriliserons-les-ecoles-mais-narreterons-pas-les-cours\/"},"author":{"name":"Amina Mkada","@id":"https:\/\/kapitalis.com\/tunisie\/#\/schema\/person\/093913313d3017554cb3ad077fff3fbd"},"headline":"Maire de Gafsa : \u00abNous d\u00e9sinfecterons les \u00e9coles mais n&rsquo;arr\u00eaterons pas les cours\u00bb","datePublished":"2020-03-09T12:16:58+00:00","dateModified":"2020-03-09T14:20:58+00:00","mainEntityOfPage":{"@id":"https:\/\/kapitalis.com\/tunisie\/2020\/03\/09\/maire-de-gafsa-nous-steriliserons-les-ecoles-mais-narreterons-pas-les-cours\/"},"wordCount":257,"commentCount":1,"publisher":{"@id":"https:\/\/kapitalis.com\/tunisie\/#organization"},"image":{"@id":"https:\/\/kapitalis.com\/tunisie\/2020\/03\/09\/maire-de-gafsa-nous-steriliserons-les-ecoles-mais-narreterons-pas-les-cours\/#primaryimage"},"thumbnailUrl":"","keywords":["Baladia News","Helmi Belhani","maire de Gafsa"],"articleSection":["SOCIETE","Tunisie"],"inLanguage":"fr-FR","potentialAction":[{"@type":"CommentAction","name":"Comment","target":["https:\/\/kapitalis.com\/tunisie\/2020\/03\/09\/maire-de-gafsa-nous-steriliserons-les-ecoles-mais-narreterons-pas-les-cours\/#respond"]}]},{"@type":"WebPage","@id":"https:\/\/kapitalis.com\/tunisie\/2020\/03\/09\/maire-de-gafsa-nous-steriliserons-les-ecoles-mais-narreterons-pas-les-cours\/","url":"https:\/\/kapitalis.com\/tunisie\/2020\/03\/09\/maire-de-gafsa-nous-steriliserons-les-ecoles-mais-narreterons-pas-les-cours\/","name":"Maire de Gafsa : \u00abNous d\u00e9sinfecterons les \u00e9coles mais n'arr\u00eaterons pas les cours\u00bb - Kapitalis","isPartOf":{"@id":"https:\/\/kapitalis.com\/tunisie\/#website"},"primaryImageOfPage":{"@id":"https:\/\/kapitalis.com\/tunisie\/2020\/03\/09\/maire-de-gafsa-nous-steriliserons-les-ecoles-mais-narreterons-pas-les-cours\/#primaryimage"},"image":{"@id":"https:\/\/kapitalis.com\/tunisie\/2020\/03\/09\/maire-de-gafsa-nous-steriliserons-les-ecoles-mais-narreterons-pas-les-cours\/#primaryimage"},"thumbnailUrl":"","datePublished":"2020-03-09T12:16:58+00:00","dateModified":"2020-03-09T14:20:58+00:00","breadcrumb":{"@id":"https:\/\/kapitalis.com\/tunisie\/2020\/03\/09\/maire-de-gafsa-nous-steriliserons-les-ecoles-mais-narreterons-pas-les-cours\/#breadcrumb"},"inLanguage":"fr-FR","potentialAction":[{"@type":"ReadAction","target":["https:\/\/kapitalis.com\/tunisie\/2020\/03\/09\/maire-de-gafsa-nous-steriliserons-les-ecoles-mais-narreterons-pas-les-cours\/"]}]},{"@type":"ImageObject","inLanguage":"fr-FR","@id":"https:\/\/kapitalis.com\/tunisie\/2020\/03\/09\/maire-de-gafsa-nous-steriliserons-les-ecoles-mais-narreterons-pas-les-cours\/#primaryimage","url":"","contentUrl":""},{"@type":"BreadcrumbList","@id":"https:\/\/kapitalis.com\/tunisie\/2020\/03\/09\/maire-de-gafsa-nous-steriliserons-les-ecoles-mais-narreterons-pas-les-cours\/#breadcrumb","itemListElement":[{"@type":"ListItem","position":1,"name":"Accueil","item":"https:\/\/kapitalis.com\/tunisie\/"},{"@type":"ListItem","position":2,"name":"Maire de Gafsa : \u00abNous d\u00e9sinfecterons les \u00e9coles mais n&rsquo;arr\u00eaterons pas les cours\u00bb"}]},{"@type":"WebSite","@id":"https:\/\/kapitalis.com\/tunisie\/#website","url":"https:\/\/kapitalis.com\/tunisie\/","name":"Kapitalis","description":"L&#039;actualit\u00e9 en Tunisie et dans le monde","publisher":{"@id":"https:\/\/kapitalis.com\/tunisie\/#organization"},"potentialAction":[{"@type":"SearchAction","target":{"@type":"EntryPoint","urlTemplate":"https:\/\/kapitalis.com\/tunisie\/?s={search_term_string}"},"query-input":{"@type":"PropertyValueSpecification","valueRequired":true,"valueName":"search_term_string"}}],"inLanguage":"fr-FR"},{"@type":"Organization","@id":"https:\/\/kapitalis.com\/tunisie\/#organization","name":"Kapitalis","url":"https:\/\/kapitalis.com\/tunisie\/","logo":{"@type":"ImageObject","inLanguage":"fr-FR","@id":"https:\/\/kapitalis.com\/tunisie\/#\/schema\/logo\/image\/","url":"https:\/\/kapitalis.com\/tunisie\/wp-content\/uploads\/2022\/05\/Kapitalis-big-size.png","contentUrl":"https:\/\/kapitalis.com\/tunisie\/wp-content\/uploads\/2022\/05\/Kapitalis-big-size.png","width":5000,"height":1500,"caption":"Kapitalis"},"image":{"@id":"https:\/\/kapitalis.com\/tunisie\/#\/schema\/logo\/image\/"},"sameAs":["https:\/\/www.facebook.com\/KapitalisInfo\/","https:\/\/x.com\/KapitalisInfo","https:\/\/www.youtube.com\/channel\/UC-yDYrHyfFBWWZaOw3FPg9Q"]},{"@type":"Person","@id":"https:\/\/kapitalis.com\/tunisie\/#\/schema\/person\/093913313d3017554cb3ad077fff3fbd","name":"Amina Mkada","url":"https:\/\/kapitalis.com\/tunisie\/author\/amina\/"}]}},"_links":{"self":[{"href":"https:\/\/kapitalis.com\/tunisie\/wp-json\/wp\/v2\/posts\/286587","targetHints":{"allow":["GET"]}}],"collection":[{"href":"https:\/\/kapitalis.com\/tunisie\/wp-json\/wp\/v2\/posts"}],"about":[{"href":"https:\/\/kapitalis.com\/tunisie\/wp-json\/wp\/v2\/types\/post"}],"author":[{"embeddable":true,"href":"https:\/\/kapitalis.com\/tunisie\/wp-json\/wp\/v2\/users\/22"}],"replies":[{"embeddable":true,"href":"https:\/\/kapitalis.com\/tunisie\/wp-json\/wp\/v2\/comments?post=286587"}],"version-history":[{"count":0,"href":"https:\/\/kapitalis.com\/tunisie\/wp-json\/wp\/v2\/posts\/286587\/revisions"}],"wp:featuredmedia":[{"embeddable":true,"href":"https:\/\/kapitalis.com\/tunisie\/wp-json\/wp\/v2\/media\/286624"}],"wp:attachment":[{"href":"https:\/\/kapitalis.com\/tunisie\/wp-json\/wp\/v2\/media?parent=286587"}],"wp:term":[{"taxonomy":"category","embeddable":true,"href":"https:\/\/kapitalis.com\/tunisie\/wp-json\/wp\/v2\/categories?post=286587"},{"taxonomy":"post_tag","embeddable":true,"href":"https:\/\/kapitalis.com\/tunisie\/wp-json\/wp\/v2\/tags?post=286587"}],"curies":[{"name":"wp","href":"https:\/\/api.w.org\/{rel}","templated":true}]}}