{"id":28667,"date":"2015-12-04T10:36:48","date_gmt":"2015-12-04T09:36:48","guid":{"rendered":"http:\/\/kapitalis.com\/tunisie\/?p=28667"},"modified":"2015-12-03T23:43:45","modified_gmt":"2015-12-03T22:43:45","slug":"un-remaniement-du-gouvernement-pour-quoi-faire","status":"publish","type":"post","link":"https:\/\/kapitalis.com\/tunisie\/2015\/12\/04\/un-remaniement-du-gouvernement-pour-quoi-faire\/","title":{"rendered":"Un remaniement du gouvernement pour quoi faire ?"},"content":{"rendered":"<p><img loading=\"lazy\" decoding=\"async\" class=\"alignnone size-full wp-image-8771 aligncenter\" src=\"http:\/\/kapitalis.com\/tunisie\/wp-content\/uploads\/2015\/08\/Habib-Essid.jpg\" alt=\"Habib-Essid\" width=\"626\" height=\"380\" \/><\/p>\n<p><em><strong>Rarement remaniement minist\u00e9riel n\u2019aura paru aussi vain au regard de l\u2019objectif ultime poursuivi par tout gouvernement que celui annonc\u00e9 par Habib Essid.<\/strong><\/em><\/p>\n<p>Par <strong>Yassine Essid<\/strong><\/p>\n<p><!--more--><\/p>\n<p>Les questions de remaniement minist\u00e9riel ont\u00a0 toujours donn\u00e9 place, et pas\u00a0 uniquement dans les pays sous-d\u00e9velopp\u00e9s, \u00e0 un enchainement de rumeurs. D\u2019abord vagues et confuses, elles se r\u00e9pandent de bouche \u00e0 oreilles, courent un temps les caf\u00e9s, les diners en ville et les m\u00e9dias. Elles sont inqui\u00e9tantes pour certains titulaires de postes mais, au cas o\u00f9 elles s\u2019av\u00e9raient vraies, r\u00e9jouissent\u00a0 de nombreux pr\u00e9tendants longtemps frustr\u00e9s de ne pas \u00eatre ministres afin d\u2019exister. Elles excitent\u00a0 alors l\u2019opinion\u00a0 publique, agitent les esprits, s\u2019intercalent toujours entre l\u2019imaginable et le vraisemblable.<\/p>\n<p>Sous certains r\u00e9gimes politiques, les rumeurs de ce genre servent aussi d\u2019\u00e9l\u00e9ments de renseignement colport\u00e9s \u00e0 la fa\u00e7on d\u2019une information encore officieuse ou sur le mode d\u2019une v\u00e9rit\u00e9 d\u00e9lib\u00e9r\u00e9ment trompeuse. Une sorte de ballon-sonde lanc\u00e9 par le pouvoir pour comprendre le regard qui a \u00e9t\u00e9 pos\u00e9 sur la rumeur comme un miroir refl\u00e9tant la conduite propre aux gouvernants.<\/p>\n<p><strong>La chim\u00e8re d\u2019une nouvelle \u00e9quipe <\/strong><\/p>\n<p>Rendue publique par Habib Essid, l\u2019annonce officielle d\u2019un remaniement prochain du gouvernement, suppos\u00e9 plus compact et <em>\u00abresserr\u00e9\u00bb<\/em>, soustrait cet \u00e9v\u00e9nement aux sp\u00e9culations de l\u2019imaginaire commun et officieux. Le besoin d\u2019un changement semble donc av\u00e9r\u00e9 sans que\u00a0 la notion de comp\u00e9tence soit centrale dans la constitution de ce nouveau cabinet. Cette fois, le jeu portera uniquement sur l\u2019hypoth\u00e8se des promus, des entrants, des sortants de m\u00eame ceux qui s\u2019estiment <em>\u00abind\u00e9boulonnables\u00bb<\/em>.<\/p>\n<p>Ainsi, il aura fallu au Premier ministre plus d\u2019une ann\u00e9e aux commandes, le blocage de la croissance, la d\u00e9gradation des conditions d\u2019existence et de multiples attentats terroristes, pour qu\u2019il se rende compte que \u00e7a ne marche pas et que la chim\u00e8re d\u2019une nouvelle \u00e9quipe lui permettrait peut-\u00eatre d\u2019am\u00e9liorer l\u2019efficacit\u00e9 de l\u2019action publique.<\/p>\n<p>Revenons un peu en arri\u00e8re. Au d\u00e9part, des\u00a0 \u00e9lections l\u00e9gislatives qui ont fait triompher un parti, Nidaa Tounes, dont la campagne fut dirig\u00e9e principalement contre l\u2019id\u00e9ologie et le mode de gouvernement\u00a0 islamistes. B\u00e9ji Ca\u00efd Essebsi, fondateur d\u2019une formation politique cr\u00e9\u00e9e ex nihilo et qui a rev\u00eatu pour l\u2019occasion les habits d\u2019un anti-Ennahdha intransigeant, fut port\u00e9 par des \u00e9lecteurs enthousiastes et d\u00e9sormais sans crainte \u00e0 la t\u00eate de l\u2019Etat. Mais un parti qui cumulerait \u00e0 la fois la pr\u00e9sidence du corps\u00a0 l\u00e9gislatif, disposerait de l\u2019ex\u00e9cutif ainsi que des attributions du chef de l\u2019Etat, risquerait carr\u00e9ment de cadenasser la libert\u00e9 en transformant la d\u00e9mocratie en un r\u00e9gime \u00e0 caract\u00e8re totalitaire.<\/p>\n<p><strong>Un gouvernement de bric et de broc <\/strong><\/p>\n<p>Pour sortir de ce cadre tentaculaire, le pr\u00e9sident de la r\u00e9publique, tout en trahissant outrageusement la nature du\u00a0 mandat qui lui a \u00e9t\u00e9 confi\u00e9 par ses \u00e9lecteurs, s\u2019associa aux islamistes jug\u00e9s partenaires incontournables. Afin d\u2019assurer la paix sociale ils opt\u00e8rent de concert pour un Premier ministre\u00a0 suppos\u00e9 \u00abneutre\u00bb car sans \u00e9tiquette ni\u00a0 affiliation partisane connues. Sans trop raisonner, Habid Essid s\u2019est alors install\u00e9 \u00e0 la t\u00eate d\u2019un gouvernement de bric et de broc, un assemblage h\u00e9t\u00e9roclite compos\u00e9 de certaines personnalit\u00e9s peu prestigieuses et d\u2019autres souvent sans exp\u00e9rience que lui impos\u00e8rent\u00a0\u00a0 des compromis parfois contradictoires entre les partis de la coalition.<\/p>\n<p>Dans une d\u00e9mocratie, un Premier ministre doit incarner en premier lieu l\u2019action collective d\u2019un gouvernement en plus d\u2019une politique \u00e9conomique juste et efficace, comme celle qui fut longuement ressass\u00e9e pendant la campagne \u00e9lectorale par les thurif\u00e9raires de Nidaa Tounes. Mais dans un contexte \u00e9conomique et social\u00a0 sp\u00e9cialement contraignant, gouverner \u00e9tait devenu une sorte de laboratoire r\u00e9v\u00e9lant les aptitudes des uns et les incapacit\u00e9s des autres \u00e0 administrer les affaires publiques sans jamais personnifier un programme, une vision d\u2019avenir et un choix de soci\u00e9t\u00e9. Preuve s\u2019il en \u00e9tait besoin que la comp\u00e9tence n\u2019\u00e9tait\u00a0 plus un crit\u00e8re suffisant pour \u00eatre un grand commis de l\u2019Etat.<\/p>\n<p><strong>Manque de fermet\u00e9, reculades et renoncements<\/strong><\/p>\n<p>Dans ce magma politique, le primus inter pares, dont on avait encore aucune connaissance pr\u00e9cise, avait r\u00e9ussi \u00e0 entretenir une opinion favorable \u00e0 l\u2019\u00e9gard de sa personne. On lui reconnut une valeur, des qualit\u00e9s, des comp\u00e9tences, et l\u2019autorit\u00e9 d\u2019une personnalit\u00e9 qui se reconna\u00eet un potentiel pour relever les d\u00e9fis sans jamais se remettre en question. Autant de qualit\u00e9s cens\u00e9es normalement forcer l\u2019estime. Mais les lauriers dont on se couronne n&rsquo;ont qu&rsquo;une verdure \u00e9ph\u00e9m\u00e8re et la sympathie de l\u2019opinion publique l\u2019accompagna jusqu\u2019\u00e0 un certain point, l\u00e0 o\u00f9 la d\u00e9ception fait basculer le jugement. Alors on lui tint rigueur pour son manque de charisme, son \u00e9locution malais\u00e9e, sa crainte d\u2019engager des r\u00e9formes structurelles, la difficult\u00e9 de faire usage d\u2019initiatives face \u00e0 des perspectives incertaines, ses incessantes p\u00e9r\u00e9grinations en arpentant le pays en long et en large comme s\u2019il voulait \u00e9chapper \u00e0 d&rsquo;in\u00e9vitables tracasseries, son manque de fermet\u00e9, ses reculades qui s\u2019ach\u00e8vent par des renoncements. Enfin, son incapacit\u00e9 \u00e0 dynamiser ses collaborateurs qui souvent\u00a0 brassent de l\u2019air.<\/p>\n<p>Lorsqu\u2019un gouvernement, tout gouvernement, atteint un tel d\u00e9ficit de confiance, il perd les moyens politiques de gouverner. C\u2019est\u00a0 l\u00e0 qu\u2019on se rend compte que ce n\u2019est pas seulement quelques ministres qui sont concern\u00e9s mais\u00a0 tous, y compris le premier d\u2019entre eux. Sa d\u00e9mission serait alors in\u00e9luctable, et m\u00eame salutaire. Il devrait par cons\u00e9quent pr\u00e9senter la d\u00e9mission de tout le gouvernement quitte \u00e0 \u00eatre reconduit par les deux pr\u00e9sident : le\u00a0 suppos\u00e9 et le putatif, B\u00e9ji Ca\u00efd Essebsi et Rached Ghannouchi. Bien que ce dernier, il faut l\u2019admettre, s\u2019\u00e9tait prononc\u00e9 \u00e0 plusieurs reprises contre un remaniement minist\u00e9riel pour des raisons, dit-il, de <em>\u00abtiming\u00bb<\/em>.<\/p>\n<p>En conservant son poste \u00e0 la t\u00eate du gouvernement entour\u00e9 d\u2019une \u00e9quipe plus muscl\u00e9e, M. Essid va-t-il \u00eatre en mesure de faire face aux nombreux d\u00e9fis qui l\u2019attendent, surtout avec une majorit\u00e9 au bord de la scission. Quel programme va-t-il alors mettre en \u0153uvre? Celui de Nidaa 1, de Nidaa 2 ou le sien propre? A moins de faire preuve d\u2019un savant num\u00e9ro d\u2019\u00e9quilibriste, il a peu de chances de provoquer une avanc\u00e9e consid\u00e9rable. Rarement remaniement minist\u00e9riel n\u2019aura paru aussi vain au regard de l\u2019objectif ultime poursuivi par tout gouvernement.<\/p>\n","protected":false},"excerpt":{"rendered":"<p>Rarement remaniement minist\u00e9riel n\u2019aura paru aussi vain au regard de l\u2019objectif ultime poursuivi par tout gouvernement que celui annonc\u00e9 par Habib Essid. Par Yassine Essid<\/p>\n","protected":false},"author":8,"featured_media":0,"comment_status":"open","ping_status":"open","sticky":false,"template":"","format":"standard","meta":{"footnotes":""},"categories":[992,997,2433],"tags":[418,435,7356],"class_list":["post-28667","post","type-post","status-publish","format-standard","hentry","category-a-la-une","category-politique","category-tunisie","tag-gouvernement","tag-habib-essid","tag-remaniement-ministeriel"],"yoast_head":"<!-- This site is optimized with the Yoast SEO plugin v26.6 - https:\/\/yoast.com\/wordpress\/plugins\/seo\/ -->\n<title>Un remaniement du gouvernement pour quoi faire ? - Kapitalis<\/title>\n<meta name=\"robots\" content=\"index, follow, max-snippet:-1, max-image-preview:large, max-video-preview:-1\" \/>\n<link rel=\"canonical\" href=\"https:\/\/kapitalis.com\/tunisie\/2015\/12\/04\/un-remaniement-du-gouvernement-pour-quoi-faire\/\" \/>\n<meta property=\"og:locale\" content=\"fr_FR\" \/>\n<meta property=\"og:type\" content=\"article\" \/>\n<meta property=\"og:title\" content=\"Un remaniement du gouvernement pour quoi faire ? - Kapitalis\" \/>\n<meta property=\"og:description\" content=\"Rarement remaniement minist\u00e9riel n\u2019aura paru aussi vain au regard de l\u2019objectif ultime poursuivi par tout gouvernement que celui annonc\u00e9 par Habib Essid. Par Yassine Essid\" \/>\n<meta property=\"og:url\" content=\"https:\/\/kapitalis.com\/tunisie\/2015\/12\/04\/un-remaniement-du-gouvernement-pour-quoi-faire\/\" \/>\n<meta property=\"og:site_name\" content=\"Kapitalis\" \/>\n<meta property=\"article:publisher\" content=\"https:\/\/www.facebook.com\/KapitalisInfo\/\" \/>\n<meta property=\"article:published_time\" content=\"2015-12-04T09:36:48+00:00\" \/>\n<meta property=\"og:image\" content=\"http:\/\/kapitalis.com\/tunisie\/wp-content\/uploads\/2015\/08\/Habib-Essid.jpg\" \/>\n<meta name=\"author\" content=\"webmaster kapitalis\" \/>\n<meta name=\"twitter:card\" content=\"summary_large_image\" \/>\n<meta name=\"twitter:creator\" content=\"@KapitalisInfo\" \/>\n<meta name=\"twitter:site\" content=\"@KapitalisInfo\" \/>\n<meta name=\"twitter:label1\" content=\"\u00c9crit par\" \/>\n\t<meta name=\"twitter:data1\" content=\"webmaster kapitalis\" \/>\n\t<meta name=\"twitter:label2\" content=\"Dur\u00e9e de lecture estim\u00e9e\" \/>\n\t<meta name=\"twitter:data2\" content=\"6 minutes\" \/>\n<script type=\"application\/ld+json\" class=\"yoast-schema-graph\">{\"@context\":\"https:\/\/schema.org\",\"@graph\":[{\"@type\":\"Article\",\"@id\":\"https:\/\/kapitalis.com\/tunisie\/2015\/12\/04\/un-remaniement-du-gouvernement-pour-quoi-faire\/#article\",\"isPartOf\":{\"@id\":\"https:\/\/kapitalis.com\/tunisie\/2015\/12\/04\/un-remaniement-du-gouvernement-pour-quoi-faire\/\"},\"author\":{\"name\":\"webmaster kapitalis\",\"@id\":\"https:\/\/kapitalis.com\/tunisie\/#\/schema\/person\/d71f33a9ca44f7bad4698210b480c8e9\"},\"headline\":\"Un remaniement du gouvernement pour quoi faire ?\",\"datePublished\":\"2015-12-04T09:36:48+00:00\",\"mainEntityOfPage\":{\"@id\":\"https:\/\/kapitalis.com\/tunisie\/2015\/12\/04\/un-remaniement-du-gouvernement-pour-quoi-faire\/\"},\"wordCount\":1140,\"commentCount\":1,\"publisher\":{\"@id\":\"https:\/\/kapitalis.com\/tunisie\/#organization\"},\"image\":{\"@id\":\"https:\/\/kapitalis.com\/tunisie\/2015\/12\/04\/un-remaniement-du-gouvernement-pour-quoi-faire\/#primaryimage\"},\"thumbnailUrl\":\"http:\/\/kapitalis.com\/tunisie\/wp-content\/uploads\/2015\/08\/Habib-Essid.jpg\",\"keywords\":[\"gouvernement\",\"Habib Essid\",\"remaniement minist\u00e9riel\"],\"articleSection\":[\"A LA UNE\",\"POLITIQUE\",\"Tunisie\"],\"inLanguage\":\"fr-FR\",\"potentialAction\":[{\"@type\":\"CommentAction\",\"name\":\"Comment\",\"target\":[\"https:\/\/kapitalis.com\/tunisie\/2015\/12\/04\/un-remaniement-du-gouvernement-pour-quoi-faire\/#respond\"]}]},{\"@type\":\"WebPage\",\"@id\":\"https:\/\/kapitalis.com\/tunisie\/2015\/12\/04\/un-remaniement-du-gouvernement-pour-quoi-faire\/\",\"url\":\"https:\/\/kapitalis.com\/tunisie\/2015\/12\/04\/un-remaniement-du-gouvernement-pour-quoi-faire\/\",\"name\":\"Un remaniement du gouvernement pour quoi faire ? - Kapitalis\",\"isPartOf\":{\"@id\":\"https:\/\/kapitalis.com\/tunisie\/#website\"},\"primaryImageOfPage\":{\"@id\":\"https:\/\/kapitalis.com\/tunisie\/2015\/12\/04\/un-remaniement-du-gouvernement-pour-quoi-faire\/#primaryimage\"},\"image\":{\"@id\":\"https:\/\/kapitalis.com\/tunisie\/2015\/12\/04\/un-remaniement-du-gouvernement-pour-quoi-faire\/#primaryimage\"},\"thumbnailUrl\":\"http:\/\/kapitalis.com\/tunisie\/wp-content\/uploads\/2015\/08\/Habib-Essid.jpg\",\"datePublished\":\"2015-12-04T09:36:48+00:00\",\"breadcrumb\":{\"@id\":\"https:\/\/kapitalis.com\/tunisie\/2015\/12\/04\/un-remaniement-du-gouvernement-pour-quoi-faire\/#breadcrumb\"},\"inLanguage\":\"fr-FR\",\"potentialAction\":[{\"@type\":\"ReadAction\",\"target\":[\"https:\/\/kapitalis.com\/tunisie\/2015\/12\/04\/un-remaniement-du-gouvernement-pour-quoi-faire\/\"]}]},{\"@type\":\"ImageObject\",\"inLanguage\":\"fr-FR\",\"@id\":\"https:\/\/kapitalis.com\/tunisie\/2015\/12\/04\/un-remaniement-du-gouvernement-pour-quoi-faire\/#primaryimage\",\"url\":\"http:\/\/kapitalis.com\/tunisie\/wp-content\/uploads\/2015\/08\/Habib-Essid.jpg\",\"contentUrl\":\"http:\/\/kapitalis.com\/tunisie\/wp-content\/uploads\/2015\/08\/Habib-Essid.jpg\"},{\"@type\":\"BreadcrumbList\",\"@id\":\"https:\/\/kapitalis.com\/tunisie\/2015\/12\/04\/un-remaniement-du-gouvernement-pour-quoi-faire\/#breadcrumb\",\"itemListElement\":[{\"@type\":\"ListItem\",\"position\":1,\"name\":\"Accueil\",\"item\":\"https:\/\/kapitalis.com\/tunisie\/\"},{\"@type\":\"ListItem\",\"position\":2,\"name\":\"Un remaniement du gouvernement pour quoi faire ?\"}]},{\"@type\":\"WebSite\",\"@id\":\"https:\/\/kapitalis.com\/tunisie\/#website\",\"url\":\"https:\/\/kapitalis.com\/tunisie\/\",\"name\":\"Kapitalis\",\"description\":\"L&#039;actualit\u00e9 en Tunisie et dans le monde\",\"publisher\":{\"@id\":\"https:\/\/kapitalis.com\/tunisie\/#organization\"},\"potentialAction\":[{\"@type\":\"SearchAction\",\"target\":{\"@type\":\"EntryPoint\",\"urlTemplate\":\"https:\/\/kapitalis.com\/tunisie\/?s={search_term_string}\"},\"query-input\":{\"@type\":\"PropertyValueSpecification\",\"valueRequired\":true,\"valueName\":\"search_term_string\"}}],\"inLanguage\":\"fr-FR\"},{\"@type\":\"Organization\",\"@id\":\"https:\/\/kapitalis.com\/tunisie\/#organization\",\"name\":\"Kapitalis\",\"url\":\"https:\/\/kapitalis.com\/tunisie\/\",\"logo\":{\"@type\":\"ImageObject\",\"inLanguage\":\"fr-FR\",\"@id\":\"https:\/\/kapitalis.com\/tunisie\/#\/schema\/logo\/image\/\",\"url\":\"https:\/\/kapitalis.com\/tunisie\/wp-content\/uploads\/2022\/05\/Kapitalis-big-size.png\",\"contentUrl\":\"https:\/\/kapitalis.com\/tunisie\/wp-content\/uploads\/2022\/05\/Kapitalis-big-size.png\",\"width\":5000,\"height\":1500,\"caption\":\"Kapitalis\"},\"image\":{\"@id\":\"https:\/\/kapitalis.com\/tunisie\/#\/schema\/logo\/image\/\"},\"sameAs\":[\"https:\/\/www.facebook.com\/KapitalisInfo\/\",\"https:\/\/x.com\/KapitalisInfo\",\"https:\/\/www.youtube.com\/channel\/UC-yDYrHyfFBWWZaOw3FPg9Q\"]},{\"@type\":\"Person\",\"@id\":\"https:\/\/kapitalis.com\/tunisie\/#\/schema\/person\/d71f33a9ca44f7bad4698210b480c8e9\",\"name\":\"webmaster kapitalis\",\"url\":\"https:\/\/kapitalis.com\/tunisie\/author\/webmaster-kapitalis\/\"}]}<\/script>\n<!-- \/ Yoast SEO plugin. -->","yoast_head_json":{"title":"Un remaniement du gouvernement pour quoi faire ? - Kapitalis","robots":{"index":"index","follow":"follow","max-snippet":"max-snippet:-1","max-image-preview":"max-image-preview:large","max-video-preview":"max-video-preview:-1"},"canonical":"https:\/\/kapitalis.com\/tunisie\/2015\/12\/04\/un-remaniement-du-gouvernement-pour-quoi-faire\/","og_locale":"fr_FR","og_type":"article","og_title":"Un remaniement du gouvernement pour quoi faire ? - Kapitalis","og_description":"Rarement remaniement minist\u00e9riel n\u2019aura paru aussi vain au regard de l\u2019objectif ultime poursuivi par tout gouvernement que celui annonc\u00e9 par Habib Essid. Par Yassine Essid","og_url":"https:\/\/kapitalis.com\/tunisie\/2015\/12\/04\/un-remaniement-du-gouvernement-pour-quoi-faire\/","og_site_name":"Kapitalis","article_publisher":"https:\/\/www.facebook.com\/KapitalisInfo\/","article_published_time":"2015-12-04T09:36:48+00:00","og_image":[{"url":"http:\/\/kapitalis.com\/tunisie\/wp-content\/uploads\/2015\/08\/Habib-Essid.jpg","type":"","width":"","height":""}],"author":"webmaster kapitalis","twitter_card":"summary_large_image","twitter_creator":"@KapitalisInfo","twitter_site":"@KapitalisInfo","twitter_misc":{"\u00c9crit par":"webmaster kapitalis","Dur\u00e9e de lecture estim\u00e9e":"6 minutes"},"schema":{"@context":"https:\/\/schema.org","@graph":[{"@type":"Article","@id":"https:\/\/kapitalis.com\/tunisie\/2015\/12\/04\/un-remaniement-du-gouvernement-pour-quoi-faire\/#article","isPartOf":{"@id":"https:\/\/kapitalis.com\/tunisie\/2015\/12\/04\/un-remaniement-du-gouvernement-pour-quoi-faire\/"},"author":{"name":"webmaster kapitalis","@id":"https:\/\/kapitalis.com\/tunisie\/#\/schema\/person\/d71f33a9ca44f7bad4698210b480c8e9"},"headline":"Un remaniement du gouvernement pour quoi faire ?","datePublished":"2015-12-04T09:36:48+00:00","mainEntityOfPage":{"@id":"https:\/\/kapitalis.com\/tunisie\/2015\/12\/04\/un-remaniement-du-gouvernement-pour-quoi-faire\/"},"wordCount":1140,"commentCount":1,"publisher":{"@id":"https:\/\/kapitalis.com\/tunisie\/#organization"},"image":{"@id":"https:\/\/kapitalis.com\/tunisie\/2015\/12\/04\/un-remaniement-du-gouvernement-pour-quoi-faire\/#primaryimage"},"thumbnailUrl":"http:\/\/kapitalis.com\/tunisie\/wp-content\/uploads\/2015\/08\/Habib-Essid.jpg","keywords":["gouvernement","Habib Essid","remaniement minist\u00e9riel"],"articleSection":["A LA UNE","POLITIQUE","Tunisie"],"inLanguage":"fr-FR","potentialAction":[{"@type":"CommentAction","name":"Comment","target":["https:\/\/kapitalis.com\/tunisie\/2015\/12\/04\/un-remaniement-du-gouvernement-pour-quoi-faire\/#respond"]}]},{"@type":"WebPage","@id":"https:\/\/kapitalis.com\/tunisie\/2015\/12\/04\/un-remaniement-du-gouvernement-pour-quoi-faire\/","url":"https:\/\/kapitalis.com\/tunisie\/2015\/12\/04\/un-remaniement-du-gouvernement-pour-quoi-faire\/","name":"Un remaniement du gouvernement pour quoi faire ? - Kapitalis","isPartOf":{"@id":"https:\/\/kapitalis.com\/tunisie\/#website"},"primaryImageOfPage":{"@id":"https:\/\/kapitalis.com\/tunisie\/2015\/12\/04\/un-remaniement-du-gouvernement-pour-quoi-faire\/#primaryimage"},"image":{"@id":"https:\/\/kapitalis.com\/tunisie\/2015\/12\/04\/un-remaniement-du-gouvernement-pour-quoi-faire\/#primaryimage"},"thumbnailUrl":"http:\/\/kapitalis.com\/tunisie\/wp-content\/uploads\/2015\/08\/Habib-Essid.jpg","datePublished":"2015-12-04T09:36:48+00:00","breadcrumb":{"@id":"https:\/\/kapitalis.com\/tunisie\/2015\/12\/04\/un-remaniement-du-gouvernement-pour-quoi-faire\/#breadcrumb"},"inLanguage":"fr-FR","potentialAction":[{"@type":"ReadAction","target":["https:\/\/kapitalis.com\/tunisie\/2015\/12\/04\/un-remaniement-du-gouvernement-pour-quoi-faire\/"]}]},{"@type":"ImageObject","inLanguage":"fr-FR","@id":"https:\/\/kapitalis.com\/tunisie\/2015\/12\/04\/un-remaniement-du-gouvernement-pour-quoi-faire\/#primaryimage","url":"http:\/\/kapitalis.com\/tunisie\/wp-content\/uploads\/2015\/08\/Habib-Essid.jpg","contentUrl":"http:\/\/kapitalis.com\/tunisie\/wp-content\/uploads\/2015\/08\/Habib-Essid.jpg"},{"@type":"BreadcrumbList","@id":"https:\/\/kapitalis.com\/tunisie\/2015\/12\/04\/un-remaniement-du-gouvernement-pour-quoi-faire\/#breadcrumb","itemListElement":[{"@type":"ListItem","position":1,"name":"Accueil","item":"https:\/\/kapitalis.com\/tunisie\/"},{"@type":"ListItem","position":2,"name":"Un remaniement du gouvernement pour quoi faire ?"}]},{"@type":"WebSite","@id":"https:\/\/kapitalis.com\/tunisie\/#website","url":"https:\/\/kapitalis.com\/tunisie\/","name":"Kapitalis","description":"L&#039;actualit\u00e9 en Tunisie et dans le monde","publisher":{"@id":"https:\/\/kapitalis.com\/tunisie\/#organization"},"potentialAction":[{"@type":"SearchAction","target":{"@type":"EntryPoint","urlTemplate":"https:\/\/kapitalis.com\/tunisie\/?s={search_term_string}"},"query-input":{"@type":"PropertyValueSpecification","valueRequired":true,"valueName":"search_term_string"}}],"inLanguage":"fr-FR"},{"@type":"Organization","@id":"https:\/\/kapitalis.com\/tunisie\/#organization","name":"Kapitalis","url":"https:\/\/kapitalis.com\/tunisie\/","logo":{"@type":"ImageObject","inLanguage":"fr-FR","@id":"https:\/\/kapitalis.com\/tunisie\/#\/schema\/logo\/image\/","url":"https:\/\/kapitalis.com\/tunisie\/wp-content\/uploads\/2022\/05\/Kapitalis-big-size.png","contentUrl":"https:\/\/kapitalis.com\/tunisie\/wp-content\/uploads\/2022\/05\/Kapitalis-big-size.png","width":5000,"height":1500,"caption":"Kapitalis"},"image":{"@id":"https:\/\/kapitalis.com\/tunisie\/#\/schema\/logo\/image\/"},"sameAs":["https:\/\/www.facebook.com\/KapitalisInfo\/","https:\/\/x.com\/KapitalisInfo","https:\/\/www.youtube.com\/channel\/UC-yDYrHyfFBWWZaOw3FPg9Q"]},{"@type":"Person","@id":"https:\/\/kapitalis.com\/tunisie\/#\/schema\/person\/d71f33a9ca44f7bad4698210b480c8e9","name":"webmaster kapitalis","url":"https:\/\/kapitalis.com\/tunisie\/author\/webmaster-kapitalis\/"}]}},"_links":{"self":[{"href":"https:\/\/kapitalis.com\/tunisie\/wp-json\/wp\/v2\/posts\/28667","targetHints":{"allow":["GET"]}}],"collection":[{"href":"https:\/\/kapitalis.com\/tunisie\/wp-json\/wp\/v2\/posts"}],"about":[{"href":"https:\/\/kapitalis.com\/tunisie\/wp-json\/wp\/v2\/types\/post"}],"author":[{"embeddable":true,"href":"https:\/\/kapitalis.com\/tunisie\/wp-json\/wp\/v2\/users\/8"}],"replies":[{"embeddable":true,"href":"https:\/\/kapitalis.com\/tunisie\/wp-json\/wp\/v2\/comments?post=28667"}],"version-history":[{"count":0,"href":"https:\/\/kapitalis.com\/tunisie\/wp-json\/wp\/v2\/posts\/28667\/revisions"}],"wp:attachment":[{"href":"https:\/\/kapitalis.com\/tunisie\/wp-json\/wp\/v2\/media?parent=28667"}],"wp:term":[{"taxonomy":"category","embeddable":true,"href":"https:\/\/kapitalis.com\/tunisie\/wp-json\/wp\/v2\/categories?post=28667"},{"taxonomy":"post_tag","embeddable":true,"href":"https:\/\/kapitalis.com\/tunisie\/wp-json\/wp\/v2\/tags?post=28667"}],"curies":[{"name":"wp","href":"https:\/\/api.w.org\/{rel}","templated":true}]}}