{"id":28680,"date":"2015-12-04T09:19:40","date_gmt":"2015-12-04T08:19:40","guid":{"rendered":"http:\/\/kapitalis.com\/tunisie\/?p=28680"},"modified":"2015-12-04T09:20:10","modified_gmt":"2015-12-04T08:20:10","slug":"tunisie-libye-la-mairie-de-sabratha-denonce-les-medias-tunisiens","status":"publish","type":"post","link":"https:\/\/kapitalis.com\/tunisie\/2015\/12\/04\/tunisie-libye-la-mairie-de-sabratha-denonce-les-medias-tunisiens\/","title":{"rendered":"Tunisie-Libye: La mairie de Sabratha d\u00e9nonce les m\u00e9dias tunisiens"},"content":{"rendered":"<p><img loading=\"lazy\" decoding=\"async\" class=\"alignnone size-full wp-image-28681 aligncenter\" src=\"http:\/\/kapitalis.com\/tunisie\/wp-content\/uploads\/2015\/12\/Sabratha.jpg\" alt=\"Sabratha\" width=\"626\" height=\"380\" \/><\/p>\n<p><em><strong>Les autorit\u00e9s municipales de Sabratha d\u00e9noncent \u00ables fausses accusations\u00bb port\u00e9es contre leur ville selon lesquelles celle-ci est devenue un sanctuaire pour l\u2019Etat islamique, Da\u00each.<\/strong><\/em><\/p>\n<p><!--more--><\/p>\n<p>Dans un communiqu\u00e9 rendu public hier, jeudi 3 d\u00e9cembre 2015, la municipalit\u00e9 de Sabratha d\u00e9plore que <em>\u00ables m\u00e9dias tunisiens et internationaux puissent encore propager des mensonges sur notre ville, qu\u2019ils accusent Sabratha de servir de base arri\u00e8re pour le terrorisme, d\u2019abriter des organisations terroristes et que l\u2019on y trouve des camps d\u2019entra\u00eenement pour ces groupes extr\u00e9mistes (\u2026) Tout cela est faux et nous l\u2019avons dit et r\u00e9p\u00e9t\u00e9 \u00e0 plusieurs reprises aux m\u00e9dias et aux organisations internationales comme la mission des Nations-Unis en Libye (UNSMIL) et l\u2019Union europ\u00e9enne (UE).<\/em>\u00bb<\/p>\n<p>Dans cette d\u00e9claration, relay\u00e9e par le site libyen<a href=\"https:\/\/www.libyaherald.com\/2015\/12\/04\/sabratha-municipality-condemns-tunisian-and-international-medias-accusation-of-harbouring-of-is\/\" target=\"_blank\"><em> \u2018\u2018The Libya Herald\u2019\u2019<\/em><\/a>, les autorit\u00e9s municipales de Sabratha en veulent pour preuve leur<em> \u00absoutien \u00e0 l\u2019Etat de droit en Libye, aux institutions du pays, \u00e0 la justice, \u00e0 un islam mod\u00e9r\u00e9, et leur rejet de l\u2019islamisme extr\u00e9miste et du terrorisme.\u00bb<\/em><\/p>\n<p>Bref, insiste la mairie de Sabratha,<em> \u00abnous r\u00e9futons en bloc l\u2019existence de camps de l\u2019Etat islamique dans notre ville et ceux d\u2019entre les m\u00e9dias qui doutent encore de la v\u00e9racit\u00e9 de ce que nous avan\u00e7ons sur cette question, nous les invitons \u00e0 venir sur place constater ce que nous disons et mener leurs enqu\u00eates. Nous les assurons qu\u2019ils pourront y accomplir leur travail et leurs recherches en toute libert\u00e9.\u00bb<\/em><\/p>\n<p>Il y a fort \u00e0 parier que cette invitation ne trouvera pas preneur \u2013 pour l\u2019instant, du moins. Tant qu\u2019on n\u2019a pas de nouvelles des journalistes tunisiens Sofiane Chourabi et Nadhir Guetari, enlev\u00e9s en Libye le 8 septembre 2014 par un groupe islamiste arm\u00e9. Et que les milices libyennes continuent d\u2019enlever des travailleurs tunisiens pour faire du chantage au gouvernement tunisien et l\u2019amener \u00e0 faire lib\u00e9rer des repris de justice libyens incarc\u00e9r\u00e9s en Tunisie. Et que des pr\u00e9sum\u00e9s terroristes tunisiens arr\u00eat\u00e9s ne disent plus qu&rsquo;ils ont re\u00e7u des entrainements dans des camps jihadistes aux environs de Sabratha.<\/p>\n<p style=\"text-align: right;\"><strong>Marwan Chahla<\/strong><\/p>\n","protected":false},"excerpt":{"rendered":"<p>Les autorit\u00e9s municipales de Sabratha d\u00e9noncent \u00ables fausses accusations\u00bb port\u00e9es contre leur ville selon lesquelles celle-ci est devenue un sanctuaire pour l\u2019Etat islamique, Da\u00each.<\/p>\n","protected":false},"author":8,"featured_media":28681,"comment_status":"open","ping_status":"open","sticky":false,"template":"","format":"standard","meta":{"footnotes":""},"categories":[996,2433],"tags":[2777],"class_list":["post-28680","post","type-post","status-publish","format-standard","has-post-thumbnail","hentry","category-media","category-tunisie","tag-sabratha"],"yoast_head":"<!-- This site is optimized with the Yoast SEO plugin v26.6 - https:\/\/yoast.com\/wordpress\/plugins\/seo\/ -->\n<title>Tunisie-Libye: La mairie de Sabratha d\u00e9nonce les m\u00e9dias tunisiens - Kapitalis<\/title>\n<meta name=\"robots\" content=\"index, follow, max-snippet:-1, max-image-preview:large, max-video-preview:-1\" \/>\n<link rel=\"canonical\" href=\"https:\/\/kapitalis.com\/tunisie\/2015\/12\/04\/tunisie-libye-la-mairie-de-sabratha-denonce-les-medias-tunisiens\/\" \/>\n<meta property=\"og:locale\" content=\"fr_FR\" \/>\n<meta property=\"og:type\" content=\"article\" \/>\n<meta property=\"og:title\" content=\"Tunisie-Libye: La mairie de Sabratha d\u00e9nonce les m\u00e9dias tunisiens - Kapitalis\" \/>\n<meta property=\"og:description\" content=\"Les autorit\u00e9s municipales de Sabratha d\u00e9noncent \u00ables fausses accusations\u00bb port\u00e9es contre leur ville selon lesquelles celle-ci est devenue un sanctuaire pour l\u2019Etat islamique, Da\u00each.\" \/>\n<meta property=\"og:url\" content=\"https:\/\/kapitalis.com\/tunisie\/2015\/12\/04\/tunisie-libye-la-mairie-de-sabratha-denonce-les-medias-tunisiens\/\" \/>\n<meta property=\"og:site_name\" content=\"Kapitalis\" \/>\n<meta property=\"article:publisher\" content=\"https:\/\/www.facebook.com\/KapitalisInfo\/\" \/>\n<meta property=\"article:published_time\" content=\"2015-12-04T08:19:40+00:00\" \/>\n<meta property=\"article:modified_time\" content=\"2015-12-04T08:20:10+00:00\" \/>\n<meta property=\"og:image\" content=\"https:\/\/kapitalis.com\/tunisie\/wp-content\/uploads\/2022\/05\/kapitalis-logo-fb.png\" \/>\n\t<meta property=\"og:image:width\" content=\"1200\" \/>\n\t<meta property=\"og:image:height\" content=\"630\" \/>\n\t<meta property=\"og:image:type\" content=\"image\/png\" \/>\n<meta name=\"author\" content=\"webmaster kapitalis\" \/>\n<meta name=\"twitter:card\" content=\"summary_large_image\" \/>\n<meta name=\"twitter:creator\" content=\"@KapitalisInfo\" \/>\n<meta name=\"twitter:site\" content=\"@KapitalisInfo\" \/>\n<meta name=\"twitter:label1\" content=\"\u00c9crit par\" \/>\n\t<meta name=\"twitter:data1\" content=\"webmaster kapitalis\" \/>\n\t<meta name=\"twitter:label2\" content=\"Dur\u00e9e de lecture estim\u00e9e\" \/>\n\t<meta name=\"twitter:data2\" content=\"2 minutes\" \/>\n<script type=\"application\/ld+json\" class=\"yoast-schema-graph\">{\"@context\":\"https:\/\/schema.org\",\"@graph\":[{\"@type\":\"Article\",\"@id\":\"https:\/\/kapitalis.com\/tunisie\/2015\/12\/04\/tunisie-libye-la-mairie-de-sabratha-denonce-les-medias-tunisiens\/#article\",\"isPartOf\":{\"@id\":\"https:\/\/kapitalis.com\/tunisie\/2015\/12\/04\/tunisie-libye-la-mairie-de-sabratha-denonce-les-medias-tunisiens\/\"},\"author\":{\"name\":\"webmaster kapitalis\",\"@id\":\"https:\/\/kapitalis.com\/tunisie\/#\/schema\/person\/d71f33a9ca44f7bad4698210b480c8e9\"},\"headline\":\"Tunisie-Libye: La mairie de Sabratha d\u00e9nonce les m\u00e9dias tunisiens\",\"datePublished\":\"2015-12-04T08:19:40+00:00\",\"dateModified\":\"2015-12-04T08:20:10+00:00\",\"mainEntityOfPage\":{\"@id\":\"https:\/\/kapitalis.com\/tunisie\/2015\/12\/04\/tunisie-libye-la-mairie-de-sabratha-denonce-les-medias-tunisiens\/\"},\"wordCount\":377,\"commentCount\":1,\"publisher\":{\"@id\":\"https:\/\/kapitalis.com\/tunisie\/#organization\"},\"image\":{\"@id\":\"https:\/\/kapitalis.com\/tunisie\/2015\/12\/04\/tunisie-libye-la-mairie-de-sabratha-denonce-les-medias-tunisiens\/#primaryimage\"},\"thumbnailUrl\":\"\",\"keywords\":[\"Sabratha\"],\"articleSection\":[\"MEDIA\",\"Tunisie\"],\"inLanguage\":\"fr-FR\",\"potentialAction\":[{\"@type\":\"CommentAction\",\"name\":\"Comment\",\"target\":[\"https:\/\/kapitalis.com\/tunisie\/2015\/12\/04\/tunisie-libye-la-mairie-de-sabratha-denonce-les-medias-tunisiens\/#respond\"]}]},{\"@type\":\"WebPage\",\"@id\":\"https:\/\/kapitalis.com\/tunisie\/2015\/12\/04\/tunisie-libye-la-mairie-de-sabratha-denonce-les-medias-tunisiens\/\",\"url\":\"https:\/\/kapitalis.com\/tunisie\/2015\/12\/04\/tunisie-libye-la-mairie-de-sabratha-denonce-les-medias-tunisiens\/\",\"name\":\"Tunisie-Libye: La mairie de Sabratha d\u00e9nonce les m\u00e9dias tunisiens - Kapitalis\",\"isPartOf\":{\"@id\":\"https:\/\/kapitalis.com\/tunisie\/#website\"},\"primaryImageOfPage\":{\"@id\":\"https:\/\/kapitalis.com\/tunisie\/2015\/12\/04\/tunisie-libye-la-mairie-de-sabratha-denonce-les-medias-tunisiens\/#primaryimage\"},\"image\":{\"@id\":\"https:\/\/kapitalis.com\/tunisie\/2015\/12\/04\/tunisie-libye-la-mairie-de-sabratha-denonce-les-medias-tunisiens\/#primaryimage\"},\"thumbnailUrl\":\"\",\"datePublished\":\"2015-12-04T08:19:40+00:00\",\"dateModified\":\"2015-12-04T08:20:10+00:00\",\"breadcrumb\":{\"@id\":\"https:\/\/kapitalis.com\/tunisie\/2015\/12\/04\/tunisie-libye-la-mairie-de-sabratha-denonce-les-medias-tunisiens\/#breadcrumb\"},\"inLanguage\":\"fr-FR\",\"potentialAction\":[{\"@type\":\"ReadAction\",\"target\":[\"https:\/\/kapitalis.com\/tunisie\/2015\/12\/04\/tunisie-libye-la-mairie-de-sabratha-denonce-les-medias-tunisiens\/\"]}]},{\"@type\":\"ImageObject\",\"inLanguage\":\"fr-FR\",\"@id\":\"https:\/\/kapitalis.com\/tunisie\/2015\/12\/04\/tunisie-libye-la-mairie-de-sabratha-denonce-les-medias-tunisiens\/#primaryimage\",\"url\":\"\",\"contentUrl\":\"\"},{\"@type\":\"BreadcrumbList\",\"@id\":\"https:\/\/kapitalis.com\/tunisie\/2015\/12\/04\/tunisie-libye-la-mairie-de-sabratha-denonce-les-medias-tunisiens\/#breadcrumb\",\"itemListElement\":[{\"@type\":\"ListItem\",\"position\":1,\"name\":\"Accueil\",\"item\":\"https:\/\/kapitalis.com\/tunisie\/\"},{\"@type\":\"ListItem\",\"position\":2,\"name\":\"Tunisie-Libye: La mairie de Sabratha d\u00e9nonce les m\u00e9dias tunisiens\"}]},{\"@type\":\"WebSite\",\"@id\":\"https:\/\/kapitalis.com\/tunisie\/#website\",\"url\":\"https:\/\/kapitalis.com\/tunisie\/\",\"name\":\"Kapitalis\",\"description\":\"L&#039;actualit\u00e9 en Tunisie et dans le monde\",\"publisher\":{\"@id\":\"https:\/\/kapitalis.com\/tunisie\/#organization\"},\"potentialAction\":[{\"@type\":\"SearchAction\",\"target\":{\"@type\":\"EntryPoint\",\"urlTemplate\":\"https:\/\/kapitalis.com\/tunisie\/?s={search_term_string}\"},\"query-input\":{\"@type\":\"PropertyValueSpecification\",\"valueRequired\":true,\"valueName\":\"search_term_string\"}}],\"inLanguage\":\"fr-FR\"},{\"@type\":\"Organization\",\"@id\":\"https:\/\/kapitalis.com\/tunisie\/#organization\",\"name\":\"Kapitalis\",\"url\":\"https:\/\/kapitalis.com\/tunisie\/\",\"logo\":{\"@type\":\"ImageObject\",\"inLanguage\":\"fr-FR\",\"@id\":\"https:\/\/kapitalis.com\/tunisie\/#\/schema\/logo\/image\/\",\"url\":\"https:\/\/kapitalis.com\/tunisie\/wp-content\/uploads\/2022\/05\/Kapitalis-big-size.png\",\"contentUrl\":\"https:\/\/kapitalis.com\/tunisie\/wp-content\/uploads\/2022\/05\/Kapitalis-big-size.png\",\"width\":5000,\"height\":1500,\"caption\":\"Kapitalis\"},\"image\":{\"@id\":\"https:\/\/kapitalis.com\/tunisie\/#\/schema\/logo\/image\/\"},\"sameAs\":[\"https:\/\/www.facebook.com\/KapitalisInfo\/\",\"https:\/\/x.com\/KapitalisInfo\",\"https:\/\/www.youtube.com\/channel\/UC-yDYrHyfFBWWZaOw3FPg9Q\"]},{\"@type\":\"Person\",\"@id\":\"https:\/\/kapitalis.com\/tunisie\/#\/schema\/person\/d71f33a9ca44f7bad4698210b480c8e9\",\"name\":\"webmaster kapitalis\",\"url\":\"https:\/\/kapitalis.com\/tunisie\/author\/webmaster-kapitalis\/\"}]}<\/script>\n<!-- \/ Yoast SEO plugin. -->","yoast_head_json":{"title":"Tunisie-Libye: La mairie de Sabratha d\u00e9nonce les m\u00e9dias tunisiens - Kapitalis","robots":{"index":"index","follow":"follow","max-snippet":"max-snippet:-1","max-image-preview":"max-image-preview:large","max-video-preview":"max-video-preview:-1"},"canonical":"https:\/\/kapitalis.com\/tunisie\/2015\/12\/04\/tunisie-libye-la-mairie-de-sabratha-denonce-les-medias-tunisiens\/","og_locale":"fr_FR","og_type":"article","og_title":"Tunisie-Libye: La mairie de Sabratha d\u00e9nonce les m\u00e9dias tunisiens - Kapitalis","og_description":"Les autorit\u00e9s municipales de Sabratha d\u00e9noncent \u00ables fausses accusations\u00bb port\u00e9es contre leur ville selon lesquelles celle-ci est devenue un sanctuaire pour l\u2019Etat islamique, Da\u00each.","og_url":"https:\/\/kapitalis.com\/tunisie\/2015\/12\/04\/tunisie-libye-la-mairie-de-sabratha-denonce-les-medias-tunisiens\/","og_site_name":"Kapitalis","article_publisher":"https:\/\/www.facebook.com\/KapitalisInfo\/","article_published_time":"2015-12-04T08:19:40+00:00","article_modified_time":"2015-12-04T08:20:10+00:00","og_image":[{"width":1200,"height":630,"url":"https:\/\/kapitalis.com\/tunisie\/wp-content\/uploads\/2022\/05\/kapitalis-logo-fb.png","type":"image\/png"}],"author":"webmaster kapitalis","twitter_card":"summary_large_image","twitter_creator":"@KapitalisInfo","twitter_site":"@KapitalisInfo","twitter_misc":{"\u00c9crit par":"webmaster kapitalis","Dur\u00e9e de lecture estim\u00e9e":"2 minutes"},"schema":{"@context":"https:\/\/schema.org","@graph":[{"@type":"Article","@id":"https:\/\/kapitalis.com\/tunisie\/2015\/12\/04\/tunisie-libye-la-mairie-de-sabratha-denonce-les-medias-tunisiens\/#article","isPartOf":{"@id":"https:\/\/kapitalis.com\/tunisie\/2015\/12\/04\/tunisie-libye-la-mairie-de-sabratha-denonce-les-medias-tunisiens\/"},"author":{"name":"webmaster kapitalis","@id":"https:\/\/kapitalis.com\/tunisie\/#\/schema\/person\/d71f33a9ca44f7bad4698210b480c8e9"},"headline":"Tunisie-Libye: La mairie de Sabratha d\u00e9nonce les m\u00e9dias tunisiens","datePublished":"2015-12-04T08:19:40+00:00","dateModified":"2015-12-04T08:20:10+00:00","mainEntityOfPage":{"@id":"https:\/\/kapitalis.com\/tunisie\/2015\/12\/04\/tunisie-libye-la-mairie-de-sabratha-denonce-les-medias-tunisiens\/"},"wordCount":377,"commentCount":1,"publisher":{"@id":"https:\/\/kapitalis.com\/tunisie\/#organization"},"image":{"@id":"https:\/\/kapitalis.com\/tunisie\/2015\/12\/04\/tunisie-libye-la-mairie-de-sabratha-denonce-les-medias-tunisiens\/#primaryimage"},"thumbnailUrl":"","keywords":["Sabratha"],"articleSection":["MEDIA","Tunisie"],"inLanguage":"fr-FR","potentialAction":[{"@type":"CommentAction","name":"Comment","target":["https:\/\/kapitalis.com\/tunisie\/2015\/12\/04\/tunisie-libye-la-mairie-de-sabratha-denonce-les-medias-tunisiens\/#respond"]}]},{"@type":"WebPage","@id":"https:\/\/kapitalis.com\/tunisie\/2015\/12\/04\/tunisie-libye-la-mairie-de-sabratha-denonce-les-medias-tunisiens\/","url":"https:\/\/kapitalis.com\/tunisie\/2015\/12\/04\/tunisie-libye-la-mairie-de-sabratha-denonce-les-medias-tunisiens\/","name":"Tunisie-Libye: La mairie de Sabratha d\u00e9nonce les m\u00e9dias tunisiens - Kapitalis","isPartOf":{"@id":"https:\/\/kapitalis.com\/tunisie\/#website"},"primaryImageOfPage":{"@id":"https:\/\/kapitalis.com\/tunisie\/2015\/12\/04\/tunisie-libye-la-mairie-de-sabratha-denonce-les-medias-tunisiens\/#primaryimage"},"image":{"@id":"https:\/\/kapitalis.com\/tunisie\/2015\/12\/04\/tunisie-libye-la-mairie-de-sabratha-denonce-les-medias-tunisiens\/#primaryimage"},"thumbnailUrl":"","datePublished":"2015-12-04T08:19:40+00:00","dateModified":"2015-12-04T08:20:10+00:00","breadcrumb":{"@id":"https:\/\/kapitalis.com\/tunisie\/2015\/12\/04\/tunisie-libye-la-mairie-de-sabratha-denonce-les-medias-tunisiens\/#breadcrumb"},"inLanguage":"fr-FR","potentialAction":[{"@type":"ReadAction","target":["https:\/\/kapitalis.com\/tunisie\/2015\/12\/04\/tunisie-libye-la-mairie-de-sabratha-denonce-les-medias-tunisiens\/"]}]},{"@type":"ImageObject","inLanguage":"fr-FR","@id":"https:\/\/kapitalis.com\/tunisie\/2015\/12\/04\/tunisie-libye-la-mairie-de-sabratha-denonce-les-medias-tunisiens\/#primaryimage","url":"","contentUrl":""},{"@type":"BreadcrumbList","@id":"https:\/\/kapitalis.com\/tunisie\/2015\/12\/04\/tunisie-libye-la-mairie-de-sabratha-denonce-les-medias-tunisiens\/#breadcrumb","itemListElement":[{"@type":"ListItem","position":1,"name":"Accueil","item":"https:\/\/kapitalis.com\/tunisie\/"},{"@type":"ListItem","position":2,"name":"Tunisie-Libye: La mairie de Sabratha d\u00e9nonce les m\u00e9dias tunisiens"}]},{"@type":"WebSite","@id":"https:\/\/kapitalis.com\/tunisie\/#website","url":"https:\/\/kapitalis.com\/tunisie\/","name":"Kapitalis","description":"L&#039;actualit\u00e9 en Tunisie et dans le monde","publisher":{"@id":"https:\/\/kapitalis.com\/tunisie\/#organization"},"potentialAction":[{"@type":"SearchAction","target":{"@type":"EntryPoint","urlTemplate":"https:\/\/kapitalis.com\/tunisie\/?s={search_term_string}"},"query-input":{"@type":"PropertyValueSpecification","valueRequired":true,"valueName":"search_term_string"}}],"inLanguage":"fr-FR"},{"@type":"Organization","@id":"https:\/\/kapitalis.com\/tunisie\/#organization","name":"Kapitalis","url":"https:\/\/kapitalis.com\/tunisie\/","logo":{"@type":"ImageObject","inLanguage":"fr-FR","@id":"https:\/\/kapitalis.com\/tunisie\/#\/schema\/logo\/image\/","url":"https:\/\/kapitalis.com\/tunisie\/wp-content\/uploads\/2022\/05\/Kapitalis-big-size.png","contentUrl":"https:\/\/kapitalis.com\/tunisie\/wp-content\/uploads\/2022\/05\/Kapitalis-big-size.png","width":5000,"height":1500,"caption":"Kapitalis"},"image":{"@id":"https:\/\/kapitalis.com\/tunisie\/#\/schema\/logo\/image\/"},"sameAs":["https:\/\/www.facebook.com\/KapitalisInfo\/","https:\/\/x.com\/KapitalisInfo","https:\/\/www.youtube.com\/channel\/UC-yDYrHyfFBWWZaOw3FPg9Q"]},{"@type":"Person","@id":"https:\/\/kapitalis.com\/tunisie\/#\/schema\/person\/d71f33a9ca44f7bad4698210b480c8e9","name":"webmaster kapitalis","url":"https:\/\/kapitalis.com\/tunisie\/author\/webmaster-kapitalis\/"}]}},"_links":{"self":[{"href":"https:\/\/kapitalis.com\/tunisie\/wp-json\/wp\/v2\/posts\/28680","targetHints":{"allow":["GET"]}}],"collection":[{"href":"https:\/\/kapitalis.com\/tunisie\/wp-json\/wp\/v2\/posts"}],"about":[{"href":"https:\/\/kapitalis.com\/tunisie\/wp-json\/wp\/v2\/types\/post"}],"author":[{"embeddable":true,"href":"https:\/\/kapitalis.com\/tunisie\/wp-json\/wp\/v2\/users\/8"}],"replies":[{"embeddable":true,"href":"https:\/\/kapitalis.com\/tunisie\/wp-json\/wp\/v2\/comments?post=28680"}],"version-history":[{"count":0,"href":"https:\/\/kapitalis.com\/tunisie\/wp-json\/wp\/v2\/posts\/28680\/revisions"}],"wp:featuredmedia":[{"embeddable":true,"href":"https:\/\/kapitalis.com\/tunisie\/wp-json\/wp\/v2\/media\/28681"}],"wp:attachment":[{"href":"https:\/\/kapitalis.com\/tunisie\/wp-json\/wp\/v2\/media?parent=28680"}],"wp:term":[{"taxonomy":"category","embeddable":true,"href":"https:\/\/kapitalis.com\/tunisie\/wp-json\/wp\/v2\/categories?post=28680"},{"taxonomy":"post_tag","embeddable":true,"href":"https:\/\/kapitalis.com\/tunisie\/wp-json\/wp\/v2\/tags?post=28680"}],"curies":[{"name":"wp","href":"https:\/\/api.w.org\/{rel}","templated":true}]}}