{"id":286981,"date":"2020-03-10T13:46:44","date_gmt":"2020-03-10T12:46:44","guid":{"rendered":"http:\/\/kapitalis.com\/tunisie\/?p=286981"},"modified":"2020-03-10T13:46:46","modified_gmt":"2020-03-10T12:46:46","slug":"escrime-besbes-et-ines-qualifiees-pour-les-jo-de-tokyo-2020","status":"publish","type":"post","link":"https:\/\/kapitalis.com\/tunisie\/2020\/03\/10\/escrime-besbes-et-ines-qualifiees-pour-les-jo-de-tokyo-2020\/","title":{"rendered":"Escrime : Besbes et Ines qualifi\u00e9es pour les JO de Tokyo 2020"},"content":{"rendered":"\n<figure class=\"wp-block-image size-large\"><img decoding=\"async\" src=\"http:\/\/kapitalis.com\/tunisie\/wp-content\/uploads\/2020\/03\/Ines-Boubakri-Sarra-Besbes.jpg\" alt=\"\" class=\"wp-image-286982\"\/><figcaption><em>Ines Boubakri\/Sarra Besbes.<\/em><\/figcaption><\/figure>\n\n\n\n<p><strong><em> Le duo tunisien Sarra Besbes et Ines Boubakri ont d\u00e9croch\u00e9 hier, lundi 9 mars 2020, leur ticket pour les Jeux Olympiques de Tokyo qui auront lieu du 24 juillet au 9 ao\u00fbt prochains.<\/em><\/strong><\/p>\n\n\n\n<!--more-->\n\n\n\n<p> Sarra Besbes s\u2019est class\u00e9e 12e du tournoi de l\u2019\u00e9p\u00e9e, au Grand Prix Sword Fencing Competition, qui se d\u00e9roule actuellement dans la capitale hongroise Budapest, o\u00f9 elle s\u2019est class\u00e9e 12e au monde dans les comp\u00e9titions d\u2019armes \u00e0 l&rsquo;\u00e9p\u00e9e, apr\u00e8s sa d\u00e9faite en huiti\u00e8mes de finale devant la Cor\u00e9enne du Sud Choi 7-15.<\/p>\n\n\n\n<p> Quant \u00e0 la m\u00e9daill\u00e9e de bronze des JO de Rio 2016, Ines Boubakri, elle a arrach\u00e9 la qualification pour les Jeux de Tokyo apr\u00e8s avoir termin\u00e9 22e de la comp\u00e9tition du fleuret, l\u2019emportant devant l&rsquo;Italienne Marzari (15-12) au tableau des 32e puis la Cor\u00e9enne du Sud Yang, 9-13 en 16e de finale.<\/p>\n\n\n\n<p> Chez les hommes, le sabreur tunisien, <a href=\"http:\/\/kapitalis.com\/tunisie\/2020\/03\/09\/bna-olympic-team-le-sabreur-feres-ferjani-vient-de-se-qualifier-aux-jeux-olympiques-de-tokyo-2020\/\" target=\"_blank\" rel=\"noreferrer noopener\" aria-label=\"Feres Ferjani (s\u2019ouvre dans un nouvel onglet)\">Feres Ferjani<\/a>, s\u2019est qualifi\u00e9 lui aussi pour les Jeux Olympiques de Tokyo 2020, \u00e0 l\u2019issue de la Coupe du monde du sabre masculin, organis\u00e9e au Luxembourg (6-7 mars 2020), o\u00f9 il a termin\u00e9 10e.  <\/p>\n\n\n\n<p> Apr\u00e8s l\u2019aggravation de la pand\u00e9mie de coronavirus, esp\u00e9rons tout de m\u00eame que les JO de Tokyo seront maintenus \u00e0 leur date.  <\/p>\n\n\n\n<p class=\"has-text-align-right\"><strong> H. M.<\/strong><\/p>\n\n\n\n<figure class=\"wp-block-embed-wordpress wp-block-embed is-type-wp-embed is-provider-kapitalis\"><div class=\"wp-block-embed__wrapper\">\n<blockquote class=\"wp-embedded-content\" data-secret=\"PLzpLMOxeV\"><a href=\"https:\/\/kapitalis.com\/tunisie\/2020\/03\/09\/bna-olympic-team-le-sabreur-feres-ferjani-vient-de-se-qualifier-aux-jeux-olympiques-de-tokyo-2020\/\">BNA Olympic Team : le sabreur Feres Ferjani vient de se qualifier aux Jeux Olympiques de Tokyo 2020<\/a><\/blockquote><iframe loading=\"lazy\" class=\"wp-embedded-content\" sandbox=\"allow-scripts\" security=\"restricted\" style=\"position: absolute; clip: rect(1px, 1px, 1px, 1px);\" title=\"\u00ab\u00a0BNA Olympic Team : le sabreur Feres Ferjani vient de se qualifier aux Jeux Olympiques de Tokyo 2020\u00a0\u00bb &#8212; Kapitalis\" src=\"https:\/\/kapitalis.com\/tunisie\/2020\/03\/09\/bna-olympic-team-le-sabreur-feres-ferjani-vient-de-se-qualifier-aux-jeux-olympiques-de-tokyo-2020\/embed\/#?secret=4xBdft2zM8#?secret=PLzpLMOxeV\" data-secret=\"PLzpLMOxeV\" width=\"600\" height=\"338\" frameborder=\"0\" marginwidth=\"0\" marginheight=\"0\" scrolling=\"no\"><\/iframe>\n<\/div><\/figure>\n","protected":false},"excerpt":{"rendered":"<p>Le duo tunisien Sarra Besbes et Ines Boubakri ont d\u00e9croch\u00e9 hier, lundi 9 mars 2020, leur ticket pour les Jeux Olympiques de Tokyo qui auront lieu du 24 juillet au 9 ao\u00fbt prochains.<\/p>\n","protected":false},"author":8,"featured_media":286982,"comment_status":"open","ping_status":"open","sticky":false,"template":"","format":"standard","meta":{"footnotes":""},"categories":[999,2433],"tags":[73060,76225,5470,4980,76310,2714],"class_list":["post-286981","post","type-post","status-publish","format-standard","has-post-thumbnail","hentry","category-sport","category-tunisie","tag-coronavirus","tag-feres-ferjani","tag-ines-boubakri","tag-jeux-olympiques","tag-jo-de-tokyo-2020","tag-sarra-besbes"],"yoast_head":"<!-- This site is optimized with the Yoast SEO plugin v26.6 - https:\/\/yoast.com\/wordpress\/plugins\/seo\/ -->\n<title>Escrime : Besbes et Ines qualifi\u00e9es pour les JO de Tokyo 2020 - Kapitalis<\/title>\n<meta name=\"robots\" content=\"index, follow, max-snippet:-1, max-image-preview:large, max-video-preview:-1\" \/>\n<link rel=\"canonical\" href=\"https:\/\/kapitalis.com\/tunisie\/2020\/03\/10\/escrime-besbes-et-ines-qualifiees-pour-les-jo-de-tokyo-2020\/\" \/>\n<meta property=\"og:locale\" content=\"fr_FR\" \/>\n<meta property=\"og:type\" content=\"article\" \/>\n<meta property=\"og:title\" content=\"Escrime : Besbes et Ines qualifi\u00e9es pour les JO de Tokyo 2020 - Kapitalis\" \/>\n<meta property=\"og:description\" content=\"Le duo tunisien Sarra Besbes et Ines Boubakri ont d\u00e9croch\u00e9 hier, lundi 9 mars 2020, leur ticket pour les Jeux Olympiques de Tokyo qui auront lieu du 24 juillet au 9 ao\u00fbt prochains.\" \/>\n<meta property=\"og:url\" content=\"https:\/\/kapitalis.com\/tunisie\/2020\/03\/10\/escrime-besbes-et-ines-qualifiees-pour-les-jo-de-tokyo-2020\/\" \/>\n<meta property=\"og:site_name\" content=\"Kapitalis\" \/>\n<meta property=\"article:publisher\" content=\"https:\/\/www.facebook.com\/KapitalisInfo\/\" \/>\n<meta property=\"article:published_time\" content=\"2020-03-10T12:46:44+00:00\" \/>\n<meta property=\"article:modified_time\" content=\"2020-03-10T12:46:46+00:00\" \/>\n<meta property=\"og:image\" content=\"https:\/\/kapitalis.com\/tunisie\/wp-content\/uploads\/2022\/05\/kapitalis-logo-fb.png\" \/>\n\t<meta property=\"og:image:width\" content=\"1200\" \/>\n\t<meta property=\"og:image:height\" content=\"630\" \/>\n\t<meta property=\"og:image:type\" content=\"image\/png\" \/>\n<meta name=\"author\" content=\"webmaster kapitalis\" \/>\n<meta name=\"twitter:card\" content=\"summary_large_image\" \/>\n<meta name=\"twitter:creator\" content=\"@KapitalisInfo\" \/>\n<meta name=\"twitter:site\" content=\"@KapitalisInfo\" \/>\n<meta name=\"twitter:label1\" content=\"\u00c9crit par\" \/>\n\t<meta name=\"twitter:data1\" content=\"webmaster kapitalis\" \/>\n\t<meta name=\"twitter:label2\" content=\"Dur\u00e9e de lecture estim\u00e9e\" \/>\n\t<meta name=\"twitter:data2\" content=\"1 minute\" \/>\n<script type=\"application\/ld+json\" class=\"yoast-schema-graph\">{\"@context\":\"https:\/\/schema.org\",\"@graph\":[{\"@type\":\"Article\",\"@id\":\"https:\/\/kapitalis.com\/tunisie\/2020\/03\/10\/escrime-besbes-et-ines-qualifiees-pour-les-jo-de-tokyo-2020\/#article\",\"isPartOf\":{\"@id\":\"https:\/\/kapitalis.com\/tunisie\/2020\/03\/10\/escrime-besbes-et-ines-qualifiees-pour-les-jo-de-tokyo-2020\/\"},\"author\":{\"name\":\"webmaster kapitalis\",\"@id\":\"https:\/\/kapitalis.com\/tunisie\/#\/schema\/person\/d71f33a9ca44f7bad4698210b480c8e9\"},\"headline\":\"Escrime : Besbes et Ines qualifi\u00e9es pour les JO de Tokyo 2020\",\"datePublished\":\"2020-03-10T12:46:44+00:00\",\"dateModified\":\"2020-03-10T12:46:46+00:00\",\"mainEntityOfPage\":{\"@id\":\"https:\/\/kapitalis.com\/tunisie\/2020\/03\/10\/escrime-besbes-et-ines-qualifiees-pour-les-jo-de-tokyo-2020\/\"},\"wordCount\":239,\"commentCount\":0,\"publisher\":{\"@id\":\"https:\/\/kapitalis.com\/tunisie\/#organization\"},\"image\":{\"@id\":\"https:\/\/kapitalis.com\/tunisie\/2020\/03\/10\/escrime-besbes-et-ines-qualifiees-pour-les-jo-de-tokyo-2020\/#primaryimage\"},\"thumbnailUrl\":\"\",\"keywords\":[\"Coronavirus\",\"Feres Ferjani\",\"Ines Boubakri\",\"Jeux olympiques\",\"JO de Tokyo 2020\",\"Sarra Besbes\"],\"articleSection\":[\"SPORT\",\"Tunisie\"],\"inLanguage\":\"fr-FR\",\"potentialAction\":[{\"@type\":\"CommentAction\",\"name\":\"Comment\",\"target\":[\"https:\/\/kapitalis.com\/tunisie\/2020\/03\/10\/escrime-besbes-et-ines-qualifiees-pour-les-jo-de-tokyo-2020\/#respond\"]}]},{\"@type\":\"WebPage\",\"@id\":\"https:\/\/kapitalis.com\/tunisie\/2020\/03\/10\/escrime-besbes-et-ines-qualifiees-pour-les-jo-de-tokyo-2020\/\",\"url\":\"https:\/\/kapitalis.com\/tunisie\/2020\/03\/10\/escrime-besbes-et-ines-qualifiees-pour-les-jo-de-tokyo-2020\/\",\"name\":\"Escrime : Besbes et Ines qualifi\u00e9es pour les JO de Tokyo 2020 - Kapitalis\",\"isPartOf\":{\"@id\":\"https:\/\/kapitalis.com\/tunisie\/#website\"},\"primaryImageOfPage\":{\"@id\":\"https:\/\/kapitalis.com\/tunisie\/2020\/03\/10\/escrime-besbes-et-ines-qualifiees-pour-les-jo-de-tokyo-2020\/#primaryimage\"},\"image\":{\"@id\":\"https:\/\/kapitalis.com\/tunisie\/2020\/03\/10\/escrime-besbes-et-ines-qualifiees-pour-les-jo-de-tokyo-2020\/#primaryimage\"},\"thumbnailUrl\":\"\",\"datePublished\":\"2020-03-10T12:46:44+00:00\",\"dateModified\":\"2020-03-10T12:46:46+00:00\",\"breadcrumb\":{\"@id\":\"https:\/\/kapitalis.com\/tunisie\/2020\/03\/10\/escrime-besbes-et-ines-qualifiees-pour-les-jo-de-tokyo-2020\/#breadcrumb\"},\"inLanguage\":\"fr-FR\",\"potentialAction\":[{\"@type\":\"ReadAction\",\"target\":[\"https:\/\/kapitalis.com\/tunisie\/2020\/03\/10\/escrime-besbes-et-ines-qualifiees-pour-les-jo-de-tokyo-2020\/\"]}]},{\"@type\":\"ImageObject\",\"inLanguage\":\"fr-FR\",\"@id\":\"https:\/\/kapitalis.com\/tunisie\/2020\/03\/10\/escrime-besbes-et-ines-qualifiees-pour-les-jo-de-tokyo-2020\/#primaryimage\",\"url\":\"\",\"contentUrl\":\"\"},{\"@type\":\"BreadcrumbList\",\"@id\":\"https:\/\/kapitalis.com\/tunisie\/2020\/03\/10\/escrime-besbes-et-ines-qualifiees-pour-les-jo-de-tokyo-2020\/#breadcrumb\",\"itemListElement\":[{\"@type\":\"ListItem\",\"position\":1,\"name\":\"Accueil\",\"item\":\"https:\/\/kapitalis.com\/tunisie\/\"},{\"@type\":\"ListItem\",\"position\":2,\"name\":\"Escrime : Besbes et Ines qualifi\u00e9es pour les JO de Tokyo 2020\"}]},{\"@type\":\"WebSite\",\"@id\":\"https:\/\/kapitalis.com\/tunisie\/#website\",\"url\":\"https:\/\/kapitalis.com\/tunisie\/\",\"name\":\"Kapitalis\",\"description\":\"L&#039;actualit\u00e9 en Tunisie et dans le monde\",\"publisher\":{\"@id\":\"https:\/\/kapitalis.com\/tunisie\/#organization\"},\"potentialAction\":[{\"@type\":\"SearchAction\",\"target\":{\"@type\":\"EntryPoint\",\"urlTemplate\":\"https:\/\/kapitalis.com\/tunisie\/?s={search_term_string}\"},\"query-input\":{\"@type\":\"PropertyValueSpecification\",\"valueRequired\":true,\"valueName\":\"search_term_string\"}}],\"inLanguage\":\"fr-FR\"},{\"@type\":\"Organization\",\"@id\":\"https:\/\/kapitalis.com\/tunisie\/#organization\",\"name\":\"Kapitalis\",\"url\":\"https:\/\/kapitalis.com\/tunisie\/\",\"logo\":{\"@type\":\"ImageObject\",\"inLanguage\":\"fr-FR\",\"@id\":\"https:\/\/kapitalis.com\/tunisie\/#\/schema\/logo\/image\/\",\"url\":\"https:\/\/kapitalis.com\/tunisie\/wp-content\/uploads\/2022\/05\/Kapitalis-big-size.png\",\"contentUrl\":\"https:\/\/kapitalis.com\/tunisie\/wp-content\/uploads\/2022\/05\/Kapitalis-big-size.png\",\"width\":5000,\"height\":1500,\"caption\":\"Kapitalis\"},\"image\":{\"@id\":\"https:\/\/kapitalis.com\/tunisie\/#\/schema\/logo\/image\/\"},\"sameAs\":[\"https:\/\/www.facebook.com\/KapitalisInfo\/\",\"https:\/\/x.com\/KapitalisInfo\",\"https:\/\/www.youtube.com\/channel\/UC-yDYrHyfFBWWZaOw3FPg9Q\"]},{\"@type\":\"Person\",\"@id\":\"https:\/\/kapitalis.com\/tunisie\/#\/schema\/person\/d71f33a9ca44f7bad4698210b480c8e9\",\"name\":\"webmaster kapitalis\",\"url\":\"https:\/\/kapitalis.com\/tunisie\/author\/webmaster-kapitalis\/\"}]}<\/script>\n<!-- \/ Yoast SEO plugin. -->","yoast_head_json":{"title":"Escrime : Besbes et Ines qualifi\u00e9es pour les JO de Tokyo 2020 - Kapitalis","robots":{"index":"index","follow":"follow","max-snippet":"max-snippet:-1","max-image-preview":"max-image-preview:large","max-video-preview":"max-video-preview:-1"},"canonical":"https:\/\/kapitalis.com\/tunisie\/2020\/03\/10\/escrime-besbes-et-ines-qualifiees-pour-les-jo-de-tokyo-2020\/","og_locale":"fr_FR","og_type":"article","og_title":"Escrime : Besbes et Ines qualifi\u00e9es pour les JO de Tokyo 2020 - Kapitalis","og_description":"Le duo tunisien Sarra Besbes et Ines Boubakri ont d\u00e9croch\u00e9 hier, lundi 9 mars 2020, leur ticket pour les Jeux Olympiques de Tokyo qui auront lieu du 24 juillet au 9 ao\u00fbt prochains.","og_url":"https:\/\/kapitalis.com\/tunisie\/2020\/03\/10\/escrime-besbes-et-ines-qualifiees-pour-les-jo-de-tokyo-2020\/","og_site_name":"Kapitalis","article_publisher":"https:\/\/www.facebook.com\/KapitalisInfo\/","article_published_time":"2020-03-10T12:46:44+00:00","article_modified_time":"2020-03-10T12:46:46+00:00","og_image":[{"width":1200,"height":630,"url":"https:\/\/kapitalis.com\/tunisie\/wp-content\/uploads\/2022\/05\/kapitalis-logo-fb.png","type":"image\/png"}],"author":"webmaster kapitalis","twitter_card":"summary_large_image","twitter_creator":"@KapitalisInfo","twitter_site":"@KapitalisInfo","twitter_misc":{"\u00c9crit par":"webmaster kapitalis","Dur\u00e9e de lecture estim\u00e9e":"1 minute"},"schema":{"@context":"https:\/\/schema.org","@graph":[{"@type":"Article","@id":"https:\/\/kapitalis.com\/tunisie\/2020\/03\/10\/escrime-besbes-et-ines-qualifiees-pour-les-jo-de-tokyo-2020\/#article","isPartOf":{"@id":"https:\/\/kapitalis.com\/tunisie\/2020\/03\/10\/escrime-besbes-et-ines-qualifiees-pour-les-jo-de-tokyo-2020\/"},"author":{"name":"webmaster kapitalis","@id":"https:\/\/kapitalis.com\/tunisie\/#\/schema\/person\/d71f33a9ca44f7bad4698210b480c8e9"},"headline":"Escrime : Besbes et Ines qualifi\u00e9es pour les JO de Tokyo 2020","datePublished":"2020-03-10T12:46:44+00:00","dateModified":"2020-03-10T12:46:46+00:00","mainEntityOfPage":{"@id":"https:\/\/kapitalis.com\/tunisie\/2020\/03\/10\/escrime-besbes-et-ines-qualifiees-pour-les-jo-de-tokyo-2020\/"},"wordCount":239,"commentCount":0,"publisher":{"@id":"https:\/\/kapitalis.com\/tunisie\/#organization"},"image":{"@id":"https:\/\/kapitalis.com\/tunisie\/2020\/03\/10\/escrime-besbes-et-ines-qualifiees-pour-les-jo-de-tokyo-2020\/#primaryimage"},"thumbnailUrl":"","keywords":["Coronavirus","Feres Ferjani","Ines Boubakri","Jeux olympiques","JO de Tokyo 2020","Sarra Besbes"],"articleSection":["SPORT","Tunisie"],"inLanguage":"fr-FR","potentialAction":[{"@type":"CommentAction","name":"Comment","target":["https:\/\/kapitalis.com\/tunisie\/2020\/03\/10\/escrime-besbes-et-ines-qualifiees-pour-les-jo-de-tokyo-2020\/#respond"]}]},{"@type":"WebPage","@id":"https:\/\/kapitalis.com\/tunisie\/2020\/03\/10\/escrime-besbes-et-ines-qualifiees-pour-les-jo-de-tokyo-2020\/","url":"https:\/\/kapitalis.com\/tunisie\/2020\/03\/10\/escrime-besbes-et-ines-qualifiees-pour-les-jo-de-tokyo-2020\/","name":"Escrime : Besbes et Ines qualifi\u00e9es pour les JO de Tokyo 2020 - Kapitalis","isPartOf":{"@id":"https:\/\/kapitalis.com\/tunisie\/#website"},"primaryImageOfPage":{"@id":"https:\/\/kapitalis.com\/tunisie\/2020\/03\/10\/escrime-besbes-et-ines-qualifiees-pour-les-jo-de-tokyo-2020\/#primaryimage"},"image":{"@id":"https:\/\/kapitalis.com\/tunisie\/2020\/03\/10\/escrime-besbes-et-ines-qualifiees-pour-les-jo-de-tokyo-2020\/#primaryimage"},"thumbnailUrl":"","datePublished":"2020-03-10T12:46:44+00:00","dateModified":"2020-03-10T12:46:46+00:00","breadcrumb":{"@id":"https:\/\/kapitalis.com\/tunisie\/2020\/03\/10\/escrime-besbes-et-ines-qualifiees-pour-les-jo-de-tokyo-2020\/#breadcrumb"},"inLanguage":"fr-FR","potentialAction":[{"@type":"ReadAction","target":["https:\/\/kapitalis.com\/tunisie\/2020\/03\/10\/escrime-besbes-et-ines-qualifiees-pour-les-jo-de-tokyo-2020\/"]}]},{"@type":"ImageObject","inLanguage":"fr-FR","@id":"https:\/\/kapitalis.com\/tunisie\/2020\/03\/10\/escrime-besbes-et-ines-qualifiees-pour-les-jo-de-tokyo-2020\/#primaryimage","url":"","contentUrl":""},{"@type":"BreadcrumbList","@id":"https:\/\/kapitalis.com\/tunisie\/2020\/03\/10\/escrime-besbes-et-ines-qualifiees-pour-les-jo-de-tokyo-2020\/#breadcrumb","itemListElement":[{"@type":"ListItem","position":1,"name":"Accueil","item":"https:\/\/kapitalis.com\/tunisie\/"},{"@type":"ListItem","position":2,"name":"Escrime : Besbes et Ines qualifi\u00e9es pour les JO de Tokyo 2020"}]},{"@type":"WebSite","@id":"https:\/\/kapitalis.com\/tunisie\/#website","url":"https:\/\/kapitalis.com\/tunisie\/","name":"Kapitalis","description":"L&#039;actualit\u00e9 en Tunisie et dans le monde","publisher":{"@id":"https:\/\/kapitalis.com\/tunisie\/#organization"},"potentialAction":[{"@type":"SearchAction","target":{"@type":"EntryPoint","urlTemplate":"https:\/\/kapitalis.com\/tunisie\/?s={search_term_string}"},"query-input":{"@type":"PropertyValueSpecification","valueRequired":true,"valueName":"search_term_string"}}],"inLanguage":"fr-FR"},{"@type":"Organization","@id":"https:\/\/kapitalis.com\/tunisie\/#organization","name":"Kapitalis","url":"https:\/\/kapitalis.com\/tunisie\/","logo":{"@type":"ImageObject","inLanguage":"fr-FR","@id":"https:\/\/kapitalis.com\/tunisie\/#\/schema\/logo\/image\/","url":"https:\/\/kapitalis.com\/tunisie\/wp-content\/uploads\/2022\/05\/Kapitalis-big-size.png","contentUrl":"https:\/\/kapitalis.com\/tunisie\/wp-content\/uploads\/2022\/05\/Kapitalis-big-size.png","width":5000,"height":1500,"caption":"Kapitalis"},"image":{"@id":"https:\/\/kapitalis.com\/tunisie\/#\/schema\/logo\/image\/"},"sameAs":["https:\/\/www.facebook.com\/KapitalisInfo\/","https:\/\/x.com\/KapitalisInfo","https:\/\/www.youtube.com\/channel\/UC-yDYrHyfFBWWZaOw3FPg9Q"]},{"@type":"Person","@id":"https:\/\/kapitalis.com\/tunisie\/#\/schema\/person\/d71f33a9ca44f7bad4698210b480c8e9","name":"webmaster kapitalis","url":"https:\/\/kapitalis.com\/tunisie\/author\/webmaster-kapitalis\/"}]}},"_links":{"self":[{"href":"https:\/\/kapitalis.com\/tunisie\/wp-json\/wp\/v2\/posts\/286981","targetHints":{"allow":["GET"]}}],"collection":[{"href":"https:\/\/kapitalis.com\/tunisie\/wp-json\/wp\/v2\/posts"}],"about":[{"href":"https:\/\/kapitalis.com\/tunisie\/wp-json\/wp\/v2\/types\/post"}],"author":[{"embeddable":true,"href":"https:\/\/kapitalis.com\/tunisie\/wp-json\/wp\/v2\/users\/8"}],"replies":[{"embeddable":true,"href":"https:\/\/kapitalis.com\/tunisie\/wp-json\/wp\/v2\/comments?post=286981"}],"version-history":[{"count":0,"href":"https:\/\/kapitalis.com\/tunisie\/wp-json\/wp\/v2\/posts\/286981\/revisions"}],"wp:featuredmedia":[{"embeddable":true,"href":"https:\/\/kapitalis.com\/tunisie\/wp-json\/wp\/v2\/media\/286982"}],"wp:attachment":[{"href":"https:\/\/kapitalis.com\/tunisie\/wp-json\/wp\/v2\/media?parent=286981"}],"wp:term":[{"taxonomy":"category","embeddable":true,"href":"https:\/\/kapitalis.com\/tunisie\/wp-json\/wp\/v2\/categories?post=286981"},{"taxonomy":"post_tag","embeddable":true,"href":"https:\/\/kapitalis.com\/tunisie\/wp-json\/wp\/v2\/tags?post=286981"}],"curies":[{"name":"wp","href":"https:\/\/api.w.org\/{rel}","templated":true}]}}