{"id":287225,"date":"2020-03-11T09:31:45","date_gmt":"2020-03-11T08:31:45","guid":{"rendered":"http:\/\/kapitalis.com\/tunisie\/?p=287225"},"modified":"2020-03-11T10:55:36","modified_gmt":"2020-03-11T09:55:36","slug":"tunisie-les-proprietaires-de-louages-observent-une-greve-sur-tout-le-territoire","status":"publish","type":"post","link":"https:\/\/kapitalis.com\/tunisie\/2020\/03\/11\/tunisie-les-proprietaires-de-louages-observent-une-greve-sur-tout-le-territoire\/","title":{"rendered":"Tunisie : Les propri\u00e9taires de louages observent une gr\u00e8ve sur tout le territoire"},"content":{"rendered":"\n<figure class=\"wp-block-image size-large\"><img decoding=\"async\" src=\"http:\/\/kapitalis.com\/tunisie\/wp-content\/uploads\/2020\/02\/louages.jpg\" alt=\"\" class=\"wp-image-281824\"\/><\/figure>\n\n\n\n<p> <strong><em>La Chambre syndicale nationale des propri\u00e9taires de voitures de louage, relevant de l&rsquo;Union tunisienne de l&rsquo;industrie, du commerce et de l&rsquo;artisanat (Utica), a annonc\u00e9 hier, mardi 10 mars 2020, que la gr\u00e8ve g\u00e9n\u00e9rale pr\u00e9vue pour ce mercredi 11 mars, est toujours d&rsquo;actualit\u00e9 et qu&rsquo;elle sera observ\u00e9e \u00e0 partir de minuit.<\/em><\/strong><\/p>\n\n\n\n<!--more-->\n\n\n\n<p>La raison qui a \u00e9t\u00e9 avanc\u00e9e par le syndicat dans son communiqu\u00e9 est le mutisme l\u2019autorit\u00e9 de tutelle face aux revendications des propri\u00e9taires de ces v\u00e9hicules et la\u00a0non-application de certaines dispositions de l\u2019accord du 7 avril 2019 avec le minist\u00e8re du Transport. <\/p>\n\n\n\n<p> Un accord qui pr\u00e9voit l\u2019augmentation des tarifs du transport irr\u00e9gulier de 8% \u00e0 partir de 2020, la r\u00e9vision \u00e0 la baisse des tarifs de l\u2019assurance, l\u2019\u00e9chelonnement des dettes des professionnels, l\u2019octroi du fonds de commerce aux professionnels du transport irr\u00e9gulier et l\u2019autorisation d\u2019importer des v\u00e9hicules d\u2019occasion avec des avantages fiscaux. <\/p>\n\n\n\n<p class=\"has-text-align-right\"><strong>C. B. Y.<\/strong><\/p>\n","protected":false},"excerpt":{"rendered":"<p>La Chambre syndicale nationale des propri\u00e9taires de voitures de louage, relevant de l&rsquo;Union tunisienne de l&rsquo;industrie, du commerce et de l&rsquo;artisanat (Utica), a annonc\u00e9 hier, mardi 10 mars 2020, que la gr\u00e8ve g\u00e9n\u00e9rale pr\u00e9vue pour ce mercredi 11 mars, est toujours d&rsquo;actualit\u00e9 et qu&rsquo;elle sera observ\u00e9e \u00e0 partir de minuit.<\/p>\n","protected":false},"author":24,"featured_media":0,"comment_status":"open","ping_status":"open","sticky":false,"template":"","format":"standard","meta":{"footnotes":""},"categories":[998,2433],"tags":[76339,940],"class_list":["post-287225","post","type-post","status-publish","format-standard","hentry","category-societe","category-tunisie","tag-greve-des-louages","tag-utica"],"yoast_head":"<!-- This site is optimized with the Yoast SEO plugin v26.6 - https:\/\/yoast.com\/wordpress\/plugins\/seo\/ -->\n<title>Tunisie : Les propri\u00e9taires de louages observent une gr\u00e8ve sur tout le territoire - Kapitalis<\/title>\n<meta name=\"robots\" content=\"index, follow, max-snippet:-1, max-image-preview:large, max-video-preview:-1\" \/>\n<link rel=\"canonical\" href=\"https:\/\/kapitalis.com\/tunisie\/2020\/03\/11\/tunisie-les-proprietaires-de-louages-observent-une-greve-sur-tout-le-territoire\/\" \/>\n<meta property=\"og:locale\" content=\"fr_FR\" \/>\n<meta property=\"og:type\" content=\"article\" \/>\n<meta property=\"og:title\" content=\"Tunisie : Les propri\u00e9taires de louages observent une gr\u00e8ve sur tout le territoire - Kapitalis\" \/>\n<meta property=\"og:description\" content=\"La Chambre syndicale nationale des propri\u00e9taires de voitures de louage, relevant de l&rsquo;Union tunisienne de l&rsquo;industrie, du commerce et de l&rsquo;artisanat (Utica), a annonc\u00e9 hier, mardi 10 mars 2020, que la gr\u00e8ve g\u00e9n\u00e9rale pr\u00e9vue pour ce mercredi 11 mars, est toujours d&rsquo;actualit\u00e9 et qu&rsquo;elle sera observ\u00e9e \u00e0 partir de minuit.\" \/>\n<meta property=\"og:url\" content=\"https:\/\/kapitalis.com\/tunisie\/2020\/03\/11\/tunisie-les-proprietaires-de-louages-observent-une-greve-sur-tout-le-territoire\/\" \/>\n<meta property=\"og:site_name\" content=\"Kapitalis\" \/>\n<meta property=\"article:publisher\" content=\"https:\/\/www.facebook.com\/KapitalisInfo\/\" \/>\n<meta property=\"article:published_time\" content=\"2020-03-11T08:31:45+00:00\" \/>\n<meta property=\"article:modified_time\" content=\"2020-03-11T09:55:36+00:00\" \/>\n<meta property=\"og:image\" content=\"http:\/\/kapitalis.com\/tunisie\/wp-content\/uploads\/2020\/02\/louages.jpg\" \/>\n<meta name=\"author\" content=\"Cherif Benyounes\" \/>\n<meta name=\"twitter:card\" content=\"summary_large_image\" \/>\n<meta name=\"twitter:creator\" content=\"@KapitalisInfo\" \/>\n<meta name=\"twitter:site\" content=\"@KapitalisInfo\" \/>\n<meta name=\"twitter:label1\" content=\"\u00c9crit par\" \/>\n\t<meta name=\"twitter:data1\" content=\"Cherif Benyounes\" \/>\n\t<meta name=\"twitter:label2\" content=\"Dur\u00e9e de lecture estim\u00e9e\" \/>\n\t<meta name=\"twitter:data2\" content=\"1 minute\" \/>\n<script type=\"application\/ld+json\" class=\"yoast-schema-graph\">{\"@context\":\"https:\/\/schema.org\",\"@graph\":[{\"@type\":\"Article\",\"@id\":\"https:\/\/kapitalis.com\/tunisie\/2020\/03\/11\/tunisie-les-proprietaires-de-louages-observent-une-greve-sur-tout-le-territoire\/#article\",\"isPartOf\":{\"@id\":\"https:\/\/kapitalis.com\/tunisie\/2020\/03\/11\/tunisie-les-proprietaires-de-louages-observent-une-greve-sur-tout-le-territoire\/\"},\"author\":{\"name\":\"Cherif Benyounes\",\"@id\":\"https:\/\/kapitalis.com\/tunisie\/#\/schema\/person\/b35b8d631961131107263178aeb8019e\"},\"headline\":\"Tunisie : Les propri\u00e9taires de louages observent une gr\u00e8ve sur tout le territoire\",\"datePublished\":\"2020-03-11T08:31:45+00:00\",\"dateModified\":\"2020-03-11T09:55:36+00:00\",\"mainEntityOfPage\":{\"@id\":\"https:\/\/kapitalis.com\/tunisie\/2020\/03\/11\/tunisie-les-proprietaires-de-louages-observent-une-greve-sur-tout-le-territoire\/\"},\"wordCount\":174,\"commentCount\":1,\"publisher\":{\"@id\":\"https:\/\/kapitalis.com\/tunisie\/#organization\"},\"image\":{\"@id\":\"https:\/\/kapitalis.com\/tunisie\/2020\/03\/11\/tunisie-les-proprietaires-de-louages-observent-une-greve-sur-tout-le-territoire\/#primaryimage\"},\"thumbnailUrl\":\"http:\/\/kapitalis.com\/tunisie\/wp-content\/uploads\/2020\/02\/louages.jpg\",\"keywords\":[\"gr\u00e8ve des louages\",\"Utica\"],\"articleSection\":[\"SOCIETE\",\"Tunisie\"],\"inLanguage\":\"fr-FR\",\"potentialAction\":[{\"@type\":\"CommentAction\",\"name\":\"Comment\",\"target\":[\"https:\/\/kapitalis.com\/tunisie\/2020\/03\/11\/tunisie-les-proprietaires-de-louages-observent-une-greve-sur-tout-le-territoire\/#respond\"]}]},{\"@type\":\"WebPage\",\"@id\":\"https:\/\/kapitalis.com\/tunisie\/2020\/03\/11\/tunisie-les-proprietaires-de-louages-observent-une-greve-sur-tout-le-territoire\/\",\"url\":\"https:\/\/kapitalis.com\/tunisie\/2020\/03\/11\/tunisie-les-proprietaires-de-louages-observent-une-greve-sur-tout-le-territoire\/\",\"name\":\"Tunisie : Les propri\u00e9taires de louages observent une gr\u00e8ve sur tout le territoire - Kapitalis\",\"isPartOf\":{\"@id\":\"https:\/\/kapitalis.com\/tunisie\/#website\"},\"primaryImageOfPage\":{\"@id\":\"https:\/\/kapitalis.com\/tunisie\/2020\/03\/11\/tunisie-les-proprietaires-de-louages-observent-une-greve-sur-tout-le-territoire\/#primaryimage\"},\"image\":{\"@id\":\"https:\/\/kapitalis.com\/tunisie\/2020\/03\/11\/tunisie-les-proprietaires-de-louages-observent-une-greve-sur-tout-le-territoire\/#primaryimage\"},\"thumbnailUrl\":\"http:\/\/kapitalis.com\/tunisie\/wp-content\/uploads\/2020\/02\/louages.jpg\",\"datePublished\":\"2020-03-11T08:31:45+00:00\",\"dateModified\":\"2020-03-11T09:55:36+00:00\",\"breadcrumb\":{\"@id\":\"https:\/\/kapitalis.com\/tunisie\/2020\/03\/11\/tunisie-les-proprietaires-de-louages-observent-une-greve-sur-tout-le-territoire\/#breadcrumb\"},\"inLanguage\":\"fr-FR\",\"potentialAction\":[{\"@type\":\"ReadAction\",\"target\":[\"https:\/\/kapitalis.com\/tunisie\/2020\/03\/11\/tunisie-les-proprietaires-de-louages-observent-une-greve-sur-tout-le-territoire\/\"]}]},{\"@type\":\"ImageObject\",\"inLanguage\":\"fr-FR\",\"@id\":\"https:\/\/kapitalis.com\/tunisie\/2020\/03\/11\/tunisie-les-proprietaires-de-louages-observent-une-greve-sur-tout-le-territoire\/#primaryimage\",\"url\":\"\",\"contentUrl\":\"\"},{\"@type\":\"BreadcrumbList\",\"@id\":\"https:\/\/kapitalis.com\/tunisie\/2020\/03\/11\/tunisie-les-proprietaires-de-louages-observent-une-greve-sur-tout-le-territoire\/#breadcrumb\",\"itemListElement\":[{\"@type\":\"ListItem\",\"position\":1,\"name\":\"Accueil\",\"item\":\"https:\/\/kapitalis.com\/tunisie\/\"},{\"@type\":\"ListItem\",\"position\":2,\"name\":\"Tunisie : Les propri\u00e9taires de louages observent une gr\u00e8ve sur tout le territoire\"}]},{\"@type\":\"WebSite\",\"@id\":\"https:\/\/kapitalis.com\/tunisie\/#website\",\"url\":\"https:\/\/kapitalis.com\/tunisie\/\",\"name\":\"Kapitalis\",\"description\":\"L&#039;actualit\u00e9 en Tunisie et dans le monde\",\"publisher\":{\"@id\":\"https:\/\/kapitalis.com\/tunisie\/#organization\"},\"potentialAction\":[{\"@type\":\"SearchAction\",\"target\":{\"@type\":\"EntryPoint\",\"urlTemplate\":\"https:\/\/kapitalis.com\/tunisie\/?s={search_term_string}\"},\"query-input\":{\"@type\":\"PropertyValueSpecification\",\"valueRequired\":true,\"valueName\":\"search_term_string\"}}],\"inLanguage\":\"fr-FR\"},{\"@type\":\"Organization\",\"@id\":\"https:\/\/kapitalis.com\/tunisie\/#organization\",\"name\":\"Kapitalis\",\"url\":\"https:\/\/kapitalis.com\/tunisie\/\",\"logo\":{\"@type\":\"ImageObject\",\"inLanguage\":\"fr-FR\",\"@id\":\"https:\/\/kapitalis.com\/tunisie\/#\/schema\/logo\/image\/\",\"url\":\"https:\/\/kapitalis.com\/tunisie\/wp-content\/uploads\/2022\/05\/Kapitalis-big-size.png\",\"contentUrl\":\"https:\/\/kapitalis.com\/tunisie\/wp-content\/uploads\/2022\/05\/Kapitalis-big-size.png\",\"width\":5000,\"height\":1500,\"caption\":\"Kapitalis\"},\"image\":{\"@id\":\"https:\/\/kapitalis.com\/tunisie\/#\/schema\/logo\/image\/\"},\"sameAs\":[\"https:\/\/www.facebook.com\/KapitalisInfo\/\",\"https:\/\/x.com\/KapitalisInfo\",\"https:\/\/www.youtube.com\/channel\/UC-yDYrHyfFBWWZaOw3FPg9Q\"]},{\"@type\":\"Person\",\"@id\":\"https:\/\/kapitalis.com\/tunisie\/#\/schema\/person\/b35b8d631961131107263178aeb8019e\",\"name\":\"Cherif Benyounes\",\"url\":\"https:\/\/kapitalis.com\/tunisie\/author\/cherif\/\"}]}<\/script>\n<!-- \/ Yoast SEO plugin. -->","yoast_head_json":{"title":"Tunisie : Les propri\u00e9taires de louages observent une gr\u00e8ve sur tout le territoire - Kapitalis","robots":{"index":"index","follow":"follow","max-snippet":"max-snippet:-1","max-image-preview":"max-image-preview:large","max-video-preview":"max-video-preview:-1"},"canonical":"https:\/\/kapitalis.com\/tunisie\/2020\/03\/11\/tunisie-les-proprietaires-de-louages-observent-une-greve-sur-tout-le-territoire\/","og_locale":"fr_FR","og_type":"article","og_title":"Tunisie : Les propri\u00e9taires de louages observent une gr\u00e8ve sur tout le territoire - Kapitalis","og_description":"La Chambre syndicale nationale des propri\u00e9taires de voitures de louage, relevant de l&rsquo;Union tunisienne de l&rsquo;industrie, du commerce et de l&rsquo;artisanat (Utica), a annonc\u00e9 hier, mardi 10 mars 2020, que la gr\u00e8ve g\u00e9n\u00e9rale pr\u00e9vue pour ce mercredi 11 mars, est toujours d&rsquo;actualit\u00e9 et qu&rsquo;elle sera observ\u00e9e \u00e0 partir de minuit.","og_url":"https:\/\/kapitalis.com\/tunisie\/2020\/03\/11\/tunisie-les-proprietaires-de-louages-observent-une-greve-sur-tout-le-territoire\/","og_site_name":"Kapitalis","article_publisher":"https:\/\/www.facebook.com\/KapitalisInfo\/","article_published_time":"2020-03-11T08:31:45+00:00","article_modified_time":"2020-03-11T09:55:36+00:00","og_image":[{"url":"http:\/\/kapitalis.com\/tunisie\/wp-content\/uploads\/2020\/02\/louages.jpg","type":"","width":"","height":""}],"author":"Cherif Benyounes","twitter_card":"summary_large_image","twitter_creator":"@KapitalisInfo","twitter_site":"@KapitalisInfo","twitter_misc":{"\u00c9crit par":"Cherif Benyounes","Dur\u00e9e de lecture estim\u00e9e":"1 minute"},"schema":{"@context":"https:\/\/schema.org","@graph":[{"@type":"Article","@id":"https:\/\/kapitalis.com\/tunisie\/2020\/03\/11\/tunisie-les-proprietaires-de-louages-observent-une-greve-sur-tout-le-territoire\/#article","isPartOf":{"@id":"https:\/\/kapitalis.com\/tunisie\/2020\/03\/11\/tunisie-les-proprietaires-de-louages-observent-une-greve-sur-tout-le-territoire\/"},"author":{"name":"Cherif Benyounes","@id":"https:\/\/kapitalis.com\/tunisie\/#\/schema\/person\/b35b8d631961131107263178aeb8019e"},"headline":"Tunisie : Les propri\u00e9taires de louages observent une gr\u00e8ve sur tout le territoire","datePublished":"2020-03-11T08:31:45+00:00","dateModified":"2020-03-11T09:55:36+00:00","mainEntityOfPage":{"@id":"https:\/\/kapitalis.com\/tunisie\/2020\/03\/11\/tunisie-les-proprietaires-de-louages-observent-une-greve-sur-tout-le-territoire\/"},"wordCount":174,"commentCount":1,"publisher":{"@id":"https:\/\/kapitalis.com\/tunisie\/#organization"},"image":{"@id":"https:\/\/kapitalis.com\/tunisie\/2020\/03\/11\/tunisie-les-proprietaires-de-louages-observent-une-greve-sur-tout-le-territoire\/#primaryimage"},"thumbnailUrl":"http:\/\/kapitalis.com\/tunisie\/wp-content\/uploads\/2020\/02\/louages.jpg","keywords":["gr\u00e8ve des louages","Utica"],"articleSection":["SOCIETE","Tunisie"],"inLanguage":"fr-FR","potentialAction":[{"@type":"CommentAction","name":"Comment","target":["https:\/\/kapitalis.com\/tunisie\/2020\/03\/11\/tunisie-les-proprietaires-de-louages-observent-une-greve-sur-tout-le-territoire\/#respond"]}]},{"@type":"WebPage","@id":"https:\/\/kapitalis.com\/tunisie\/2020\/03\/11\/tunisie-les-proprietaires-de-louages-observent-une-greve-sur-tout-le-territoire\/","url":"https:\/\/kapitalis.com\/tunisie\/2020\/03\/11\/tunisie-les-proprietaires-de-louages-observent-une-greve-sur-tout-le-territoire\/","name":"Tunisie : Les propri\u00e9taires de louages observent une gr\u00e8ve sur tout le territoire - Kapitalis","isPartOf":{"@id":"https:\/\/kapitalis.com\/tunisie\/#website"},"primaryImageOfPage":{"@id":"https:\/\/kapitalis.com\/tunisie\/2020\/03\/11\/tunisie-les-proprietaires-de-louages-observent-une-greve-sur-tout-le-territoire\/#primaryimage"},"image":{"@id":"https:\/\/kapitalis.com\/tunisie\/2020\/03\/11\/tunisie-les-proprietaires-de-louages-observent-une-greve-sur-tout-le-territoire\/#primaryimage"},"thumbnailUrl":"http:\/\/kapitalis.com\/tunisie\/wp-content\/uploads\/2020\/02\/louages.jpg","datePublished":"2020-03-11T08:31:45+00:00","dateModified":"2020-03-11T09:55:36+00:00","breadcrumb":{"@id":"https:\/\/kapitalis.com\/tunisie\/2020\/03\/11\/tunisie-les-proprietaires-de-louages-observent-une-greve-sur-tout-le-territoire\/#breadcrumb"},"inLanguage":"fr-FR","potentialAction":[{"@type":"ReadAction","target":["https:\/\/kapitalis.com\/tunisie\/2020\/03\/11\/tunisie-les-proprietaires-de-louages-observent-une-greve-sur-tout-le-territoire\/"]}]},{"@type":"ImageObject","inLanguage":"fr-FR","@id":"https:\/\/kapitalis.com\/tunisie\/2020\/03\/11\/tunisie-les-proprietaires-de-louages-observent-une-greve-sur-tout-le-territoire\/#primaryimage","url":"","contentUrl":""},{"@type":"BreadcrumbList","@id":"https:\/\/kapitalis.com\/tunisie\/2020\/03\/11\/tunisie-les-proprietaires-de-louages-observent-une-greve-sur-tout-le-territoire\/#breadcrumb","itemListElement":[{"@type":"ListItem","position":1,"name":"Accueil","item":"https:\/\/kapitalis.com\/tunisie\/"},{"@type":"ListItem","position":2,"name":"Tunisie : Les propri\u00e9taires de louages observent une gr\u00e8ve sur tout le territoire"}]},{"@type":"WebSite","@id":"https:\/\/kapitalis.com\/tunisie\/#website","url":"https:\/\/kapitalis.com\/tunisie\/","name":"Kapitalis","description":"L&#039;actualit\u00e9 en Tunisie et dans le monde","publisher":{"@id":"https:\/\/kapitalis.com\/tunisie\/#organization"},"potentialAction":[{"@type":"SearchAction","target":{"@type":"EntryPoint","urlTemplate":"https:\/\/kapitalis.com\/tunisie\/?s={search_term_string}"},"query-input":{"@type":"PropertyValueSpecification","valueRequired":true,"valueName":"search_term_string"}}],"inLanguage":"fr-FR"},{"@type":"Organization","@id":"https:\/\/kapitalis.com\/tunisie\/#organization","name":"Kapitalis","url":"https:\/\/kapitalis.com\/tunisie\/","logo":{"@type":"ImageObject","inLanguage":"fr-FR","@id":"https:\/\/kapitalis.com\/tunisie\/#\/schema\/logo\/image\/","url":"https:\/\/kapitalis.com\/tunisie\/wp-content\/uploads\/2022\/05\/Kapitalis-big-size.png","contentUrl":"https:\/\/kapitalis.com\/tunisie\/wp-content\/uploads\/2022\/05\/Kapitalis-big-size.png","width":5000,"height":1500,"caption":"Kapitalis"},"image":{"@id":"https:\/\/kapitalis.com\/tunisie\/#\/schema\/logo\/image\/"},"sameAs":["https:\/\/www.facebook.com\/KapitalisInfo\/","https:\/\/x.com\/KapitalisInfo","https:\/\/www.youtube.com\/channel\/UC-yDYrHyfFBWWZaOw3FPg9Q"]},{"@type":"Person","@id":"https:\/\/kapitalis.com\/tunisie\/#\/schema\/person\/b35b8d631961131107263178aeb8019e","name":"Cherif Benyounes","url":"https:\/\/kapitalis.com\/tunisie\/author\/cherif\/"}]}},"_links":{"self":[{"href":"https:\/\/kapitalis.com\/tunisie\/wp-json\/wp\/v2\/posts\/287225","targetHints":{"allow":["GET"]}}],"collection":[{"href":"https:\/\/kapitalis.com\/tunisie\/wp-json\/wp\/v2\/posts"}],"about":[{"href":"https:\/\/kapitalis.com\/tunisie\/wp-json\/wp\/v2\/types\/post"}],"author":[{"embeddable":true,"href":"https:\/\/kapitalis.com\/tunisie\/wp-json\/wp\/v2\/users\/24"}],"replies":[{"embeddable":true,"href":"https:\/\/kapitalis.com\/tunisie\/wp-json\/wp\/v2\/comments?post=287225"}],"version-history":[{"count":0,"href":"https:\/\/kapitalis.com\/tunisie\/wp-json\/wp\/v2\/posts\/287225\/revisions"}],"wp:attachment":[{"href":"https:\/\/kapitalis.com\/tunisie\/wp-json\/wp\/v2\/media?parent=287225"}],"wp:term":[{"taxonomy":"category","embeddable":true,"href":"https:\/\/kapitalis.com\/tunisie\/wp-json\/wp\/v2\/categories?post=287225"},{"taxonomy":"post_tag","embeddable":true,"href":"https:\/\/kapitalis.com\/tunisie\/wp-json\/wp\/v2\/tags?post=287225"}],"curies":[{"name":"wp","href":"https:\/\/api.w.org\/{rel}","templated":true}]}}