{"id":287260,"date":"2020-03-11T10:51:11","date_gmt":"2020-03-11T09:51:11","guid":{"rendered":"http:\/\/kapitalis.com\/tunisie\/?p=287260"},"modified":"2020-03-11T11:25:07","modified_gmt":"2020-03-11T10:25:07","slug":"coronavirus-deficit-commercial-de-700-mdt-en-2-mois-avec-la-france-et-litalie","status":"publish","type":"post","link":"https:\/\/kapitalis.com\/tunisie\/2020\/03\/11\/coronavirus-deficit-commercial-de-700-mdt-en-2-mois-avec-la-france-et-litalie\/","title":{"rendered":"Coronavirus : D\u00e9ficit commercial de 700 MDT en 2 mois avec la France et l&rsquo;Italie"},"content":{"rendered":"\n<figure class=\"wp-block-image size-large\"><img decoding=\"async\" src=\"http:\/\/kapitalis.com\/tunisie\/wp-content\/uploads\/2020\/03\/maher-ben-aissa.jpg\" alt=\"\" class=\"wp-image-287275\"\/><\/figure>\n\n\n\n<p><strong><em>La propagation du coronavirus (Covid-19) dans le monde a eu des r\u00e9percussions n\u00e9fastes sur l&rsquo;\u00e9conomie tunisienne, a assur\u00e9 ce matin, mercredi 11 mars 2020, Maher Ben Aissa, vice-pr\u00e9sident de la Chambre nationale des entreprises du commerce international, relevant de l\u2019Utica.<\/em><\/strong><\/p>\n\n\n\n<!--more-->\n\n\n\n<p>Dans une d\u00e9claration accord\u00e9e \u00e0 Shems FM, M. Ben Aissa a rappel\u00e9 que  60% des transactions commerciales tunisiennes se font avec la Chine, l\u2019Italie et la France. Soit 3 des 5 pays les plus touch\u00e9s par l&rsquo;\u00e9pid\u00e9mie jusqu&rsquo;\u00e0 maintenant.<\/p>\n\n\n\n<p>De ce fait, un d\u00e9ficit de 400 millions de dinars (MDT) a \u00e9t\u00e9 enregistr\u00e9 dans les transactions commerciales avec la France et de 300 MDT dans celles avec l&rsquo;Italie, au cours des 2 derniers mois. <\/p>\n\n\n\n<p>Ces chiffres devraient, bien entendu, augmenter dans les prochaines semaines, en raison de la baisse de la demande dans ces deux pays, en attendant qu&rsquo;une solution m\u00e9dicale au virus soit trouv\u00e9e.<\/p>\n\n\n\n<p> En ce qui concerne les \u00e9changes commerciaux avec la Chine, les pertes sont moins importantes, n&rsquo;\u00e9tant \u00ab<em>que<\/em>\u00bb de 50 MDT, au vu du d\u00e9lai de 2 mois que n\u00e9cessite l&rsquo;arriv\u00e9e de marchandises de ce pays, a expliqu\u00e9 Maher Ben Aissa. L&rsquo;impact financier devrait donc commercer \u00e0 se faire sentir \u00e0 partir de ce mois de mars, a-t-il regrett\u00e9.<\/p>\n\n\n\n<p class=\"has-text-align-right\"><strong>C. B. Y.<\/strong><\/p>\n","protected":false},"excerpt":{"rendered":"<p>La propagation du coronavirus (Covid-19) dans le monde a eu des r\u00e9percussions n\u00e9fastes sur l&rsquo;\u00e9conomie tunisienne, a assur\u00e9 ce matin, mercredi 11 mars 2020, Maher Ben Aissa, vice-pr\u00e9sident de la Chambre nationale des entreprises du commerce international, relevant de l\u2019Utica.<\/p>\n","protected":false},"author":24,"featured_media":287275,"comment_status":"open","ping_status":"open","sticky":false,"template":"","format":"standard","meta":{"footnotes":""},"categories":[995,2433],"tags":[73060,75291,76347,940],"class_list":["post-287260","post","type-post","status-publish","format-standard","has-post-thumbnail","hentry","category-economie","category-tunisie","tag-coronavirus","tag-covid-19","tag-maher-ben-aissa","tag-utica"],"yoast_head":"<!-- This site is optimized with the Yoast SEO plugin v26.6 - https:\/\/yoast.com\/wordpress\/plugins\/seo\/ -->\n<title>Coronavirus : D\u00e9ficit commercial de 700 MDT en 2 mois avec la France et l&#039;Italie - Kapitalis<\/title>\n<meta name=\"robots\" content=\"index, follow, max-snippet:-1, max-image-preview:large, max-video-preview:-1\" \/>\n<link rel=\"canonical\" href=\"https:\/\/kapitalis.com\/tunisie\/2020\/03\/11\/coronavirus-deficit-commercial-de-700-mdt-en-2-mois-avec-la-france-et-litalie\/\" \/>\n<meta property=\"og:locale\" content=\"fr_FR\" \/>\n<meta property=\"og:type\" content=\"article\" \/>\n<meta property=\"og:title\" content=\"Coronavirus : D\u00e9ficit commercial de 700 MDT en 2 mois avec la France et l&#039;Italie - Kapitalis\" \/>\n<meta property=\"og:description\" content=\"La propagation du coronavirus (Covid-19) dans le monde a eu des r\u00e9percussions n\u00e9fastes sur l&rsquo;\u00e9conomie tunisienne, a assur\u00e9 ce matin, mercredi 11 mars 2020, Maher Ben Aissa, vice-pr\u00e9sident de la Chambre nationale des entreprises du commerce international, relevant de l\u2019Utica.\" \/>\n<meta property=\"og:url\" content=\"https:\/\/kapitalis.com\/tunisie\/2020\/03\/11\/coronavirus-deficit-commercial-de-700-mdt-en-2-mois-avec-la-france-et-litalie\/\" \/>\n<meta property=\"og:site_name\" content=\"Kapitalis\" \/>\n<meta property=\"article:publisher\" content=\"https:\/\/www.facebook.com\/KapitalisInfo\/\" \/>\n<meta property=\"article:published_time\" content=\"2020-03-11T09:51:11+00:00\" \/>\n<meta property=\"article:modified_time\" content=\"2020-03-11T10:25:07+00:00\" \/>\n<meta property=\"og:image\" content=\"https:\/\/kapitalis.com\/tunisie\/wp-content\/uploads\/2022\/05\/kapitalis-logo-fb.png\" \/>\n\t<meta property=\"og:image:width\" content=\"1200\" \/>\n\t<meta property=\"og:image:height\" content=\"630\" \/>\n\t<meta property=\"og:image:type\" content=\"image\/png\" \/>\n<meta name=\"author\" content=\"Cherif Benyounes\" \/>\n<meta name=\"twitter:card\" content=\"summary_large_image\" \/>\n<meta name=\"twitter:creator\" content=\"@KapitalisInfo\" \/>\n<meta name=\"twitter:site\" content=\"@KapitalisInfo\" \/>\n<meta name=\"twitter:label1\" content=\"\u00c9crit par\" \/>\n\t<meta name=\"twitter:data1\" content=\"Cherif Benyounes\" \/>\n\t<meta name=\"twitter:label2\" content=\"Dur\u00e9e de lecture estim\u00e9e\" \/>\n\t<meta name=\"twitter:data2\" content=\"1 minute\" \/>\n<script type=\"application\/ld+json\" class=\"yoast-schema-graph\">{\"@context\":\"https:\/\/schema.org\",\"@graph\":[{\"@type\":\"Article\",\"@id\":\"https:\/\/kapitalis.com\/tunisie\/2020\/03\/11\/coronavirus-deficit-commercial-de-700-mdt-en-2-mois-avec-la-france-et-litalie\/#article\",\"isPartOf\":{\"@id\":\"https:\/\/kapitalis.com\/tunisie\/2020\/03\/11\/coronavirus-deficit-commercial-de-700-mdt-en-2-mois-avec-la-france-et-litalie\/\"},\"author\":{\"name\":\"Cherif Benyounes\",\"@id\":\"https:\/\/kapitalis.com\/tunisie\/#\/schema\/person\/b35b8d631961131107263178aeb8019e\"},\"headline\":\"Coronavirus : D\u00e9ficit commercial de 700 MDT en 2 mois avec la France et l&rsquo;Italie\",\"datePublished\":\"2020-03-11T09:51:11+00:00\",\"dateModified\":\"2020-03-11T10:25:07+00:00\",\"mainEntityOfPage\":{\"@id\":\"https:\/\/kapitalis.com\/tunisie\/2020\/03\/11\/coronavirus-deficit-commercial-de-700-mdt-en-2-mois-avec-la-france-et-litalie\/\"},\"wordCount\":224,\"commentCount\":0,\"publisher\":{\"@id\":\"https:\/\/kapitalis.com\/tunisie\/#organization\"},\"image\":{\"@id\":\"https:\/\/kapitalis.com\/tunisie\/2020\/03\/11\/coronavirus-deficit-commercial-de-700-mdt-en-2-mois-avec-la-france-et-litalie\/#primaryimage\"},\"thumbnailUrl\":\"\",\"keywords\":[\"Coronavirus\",\"Covid-19\",\"maher ben aissa\",\"Utica\"],\"articleSection\":[\"ECONOMIE\",\"Tunisie\"],\"inLanguage\":\"fr-FR\",\"potentialAction\":[{\"@type\":\"CommentAction\",\"name\":\"Comment\",\"target\":[\"https:\/\/kapitalis.com\/tunisie\/2020\/03\/11\/coronavirus-deficit-commercial-de-700-mdt-en-2-mois-avec-la-france-et-litalie\/#respond\"]}]},{\"@type\":\"WebPage\",\"@id\":\"https:\/\/kapitalis.com\/tunisie\/2020\/03\/11\/coronavirus-deficit-commercial-de-700-mdt-en-2-mois-avec-la-france-et-litalie\/\",\"url\":\"https:\/\/kapitalis.com\/tunisie\/2020\/03\/11\/coronavirus-deficit-commercial-de-700-mdt-en-2-mois-avec-la-france-et-litalie\/\",\"name\":\"Coronavirus : D\u00e9ficit commercial de 700 MDT en 2 mois avec la France et l'Italie - Kapitalis\",\"isPartOf\":{\"@id\":\"https:\/\/kapitalis.com\/tunisie\/#website\"},\"primaryImageOfPage\":{\"@id\":\"https:\/\/kapitalis.com\/tunisie\/2020\/03\/11\/coronavirus-deficit-commercial-de-700-mdt-en-2-mois-avec-la-france-et-litalie\/#primaryimage\"},\"image\":{\"@id\":\"https:\/\/kapitalis.com\/tunisie\/2020\/03\/11\/coronavirus-deficit-commercial-de-700-mdt-en-2-mois-avec-la-france-et-litalie\/#primaryimage\"},\"thumbnailUrl\":\"\",\"datePublished\":\"2020-03-11T09:51:11+00:00\",\"dateModified\":\"2020-03-11T10:25:07+00:00\",\"breadcrumb\":{\"@id\":\"https:\/\/kapitalis.com\/tunisie\/2020\/03\/11\/coronavirus-deficit-commercial-de-700-mdt-en-2-mois-avec-la-france-et-litalie\/#breadcrumb\"},\"inLanguage\":\"fr-FR\",\"potentialAction\":[{\"@type\":\"ReadAction\",\"target\":[\"https:\/\/kapitalis.com\/tunisie\/2020\/03\/11\/coronavirus-deficit-commercial-de-700-mdt-en-2-mois-avec-la-france-et-litalie\/\"]}]},{\"@type\":\"ImageObject\",\"inLanguage\":\"fr-FR\",\"@id\":\"https:\/\/kapitalis.com\/tunisie\/2020\/03\/11\/coronavirus-deficit-commercial-de-700-mdt-en-2-mois-avec-la-france-et-litalie\/#primaryimage\",\"url\":\"\",\"contentUrl\":\"\"},{\"@type\":\"BreadcrumbList\",\"@id\":\"https:\/\/kapitalis.com\/tunisie\/2020\/03\/11\/coronavirus-deficit-commercial-de-700-mdt-en-2-mois-avec-la-france-et-litalie\/#breadcrumb\",\"itemListElement\":[{\"@type\":\"ListItem\",\"position\":1,\"name\":\"Accueil\",\"item\":\"https:\/\/kapitalis.com\/tunisie\/\"},{\"@type\":\"ListItem\",\"position\":2,\"name\":\"Coronavirus : D\u00e9ficit commercial de 700 MDT en 2 mois avec la France et l&rsquo;Italie\"}]},{\"@type\":\"WebSite\",\"@id\":\"https:\/\/kapitalis.com\/tunisie\/#website\",\"url\":\"https:\/\/kapitalis.com\/tunisie\/\",\"name\":\"Kapitalis\",\"description\":\"L&#039;actualit\u00e9 en Tunisie et dans le monde\",\"publisher\":{\"@id\":\"https:\/\/kapitalis.com\/tunisie\/#organization\"},\"potentialAction\":[{\"@type\":\"SearchAction\",\"target\":{\"@type\":\"EntryPoint\",\"urlTemplate\":\"https:\/\/kapitalis.com\/tunisie\/?s={search_term_string}\"},\"query-input\":{\"@type\":\"PropertyValueSpecification\",\"valueRequired\":true,\"valueName\":\"search_term_string\"}}],\"inLanguage\":\"fr-FR\"},{\"@type\":\"Organization\",\"@id\":\"https:\/\/kapitalis.com\/tunisie\/#organization\",\"name\":\"Kapitalis\",\"url\":\"https:\/\/kapitalis.com\/tunisie\/\",\"logo\":{\"@type\":\"ImageObject\",\"inLanguage\":\"fr-FR\",\"@id\":\"https:\/\/kapitalis.com\/tunisie\/#\/schema\/logo\/image\/\",\"url\":\"https:\/\/kapitalis.com\/tunisie\/wp-content\/uploads\/2022\/05\/Kapitalis-big-size.png\",\"contentUrl\":\"https:\/\/kapitalis.com\/tunisie\/wp-content\/uploads\/2022\/05\/Kapitalis-big-size.png\",\"width\":5000,\"height\":1500,\"caption\":\"Kapitalis\"},\"image\":{\"@id\":\"https:\/\/kapitalis.com\/tunisie\/#\/schema\/logo\/image\/\"},\"sameAs\":[\"https:\/\/www.facebook.com\/KapitalisInfo\/\",\"https:\/\/x.com\/KapitalisInfo\",\"https:\/\/www.youtube.com\/channel\/UC-yDYrHyfFBWWZaOw3FPg9Q\"]},{\"@type\":\"Person\",\"@id\":\"https:\/\/kapitalis.com\/tunisie\/#\/schema\/person\/b35b8d631961131107263178aeb8019e\",\"name\":\"Cherif Benyounes\",\"url\":\"https:\/\/kapitalis.com\/tunisie\/author\/cherif\/\"}]}<\/script>\n<!-- \/ Yoast SEO plugin. -->","yoast_head_json":{"title":"Coronavirus : D\u00e9ficit commercial de 700 MDT en 2 mois avec la France et l'Italie - Kapitalis","robots":{"index":"index","follow":"follow","max-snippet":"max-snippet:-1","max-image-preview":"max-image-preview:large","max-video-preview":"max-video-preview:-1"},"canonical":"https:\/\/kapitalis.com\/tunisie\/2020\/03\/11\/coronavirus-deficit-commercial-de-700-mdt-en-2-mois-avec-la-france-et-litalie\/","og_locale":"fr_FR","og_type":"article","og_title":"Coronavirus : D\u00e9ficit commercial de 700 MDT en 2 mois avec la France et l'Italie - Kapitalis","og_description":"La propagation du coronavirus (Covid-19) dans le monde a eu des r\u00e9percussions n\u00e9fastes sur l&rsquo;\u00e9conomie tunisienne, a assur\u00e9 ce matin, mercredi 11 mars 2020, Maher Ben Aissa, vice-pr\u00e9sident de la Chambre nationale des entreprises du commerce international, relevant de l\u2019Utica.","og_url":"https:\/\/kapitalis.com\/tunisie\/2020\/03\/11\/coronavirus-deficit-commercial-de-700-mdt-en-2-mois-avec-la-france-et-litalie\/","og_site_name":"Kapitalis","article_publisher":"https:\/\/www.facebook.com\/KapitalisInfo\/","article_published_time":"2020-03-11T09:51:11+00:00","article_modified_time":"2020-03-11T10:25:07+00:00","og_image":[{"width":1200,"height":630,"url":"https:\/\/kapitalis.com\/tunisie\/wp-content\/uploads\/2022\/05\/kapitalis-logo-fb.png","type":"image\/png"}],"author":"Cherif Benyounes","twitter_card":"summary_large_image","twitter_creator":"@KapitalisInfo","twitter_site":"@KapitalisInfo","twitter_misc":{"\u00c9crit par":"Cherif Benyounes","Dur\u00e9e de lecture estim\u00e9e":"1 minute"},"schema":{"@context":"https:\/\/schema.org","@graph":[{"@type":"Article","@id":"https:\/\/kapitalis.com\/tunisie\/2020\/03\/11\/coronavirus-deficit-commercial-de-700-mdt-en-2-mois-avec-la-france-et-litalie\/#article","isPartOf":{"@id":"https:\/\/kapitalis.com\/tunisie\/2020\/03\/11\/coronavirus-deficit-commercial-de-700-mdt-en-2-mois-avec-la-france-et-litalie\/"},"author":{"name":"Cherif Benyounes","@id":"https:\/\/kapitalis.com\/tunisie\/#\/schema\/person\/b35b8d631961131107263178aeb8019e"},"headline":"Coronavirus : D\u00e9ficit commercial de 700 MDT en 2 mois avec la France et l&rsquo;Italie","datePublished":"2020-03-11T09:51:11+00:00","dateModified":"2020-03-11T10:25:07+00:00","mainEntityOfPage":{"@id":"https:\/\/kapitalis.com\/tunisie\/2020\/03\/11\/coronavirus-deficit-commercial-de-700-mdt-en-2-mois-avec-la-france-et-litalie\/"},"wordCount":224,"commentCount":0,"publisher":{"@id":"https:\/\/kapitalis.com\/tunisie\/#organization"},"image":{"@id":"https:\/\/kapitalis.com\/tunisie\/2020\/03\/11\/coronavirus-deficit-commercial-de-700-mdt-en-2-mois-avec-la-france-et-litalie\/#primaryimage"},"thumbnailUrl":"","keywords":["Coronavirus","Covid-19","maher ben aissa","Utica"],"articleSection":["ECONOMIE","Tunisie"],"inLanguage":"fr-FR","potentialAction":[{"@type":"CommentAction","name":"Comment","target":["https:\/\/kapitalis.com\/tunisie\/2020\/03\/11\/coronavirus-deficit-commercial-de-700-mdt-en-2-mois-avec-la-france-et-litalie\/#respond"]}]},{"@type":"WebPage","@id":"https:\/\/kapitalis.com\/tunisie\/2020\/03\/11\/coronavirus-deficit-commercial-de-700-mdt-en-2-mois-avec-la-france-et-litalie\/","url":"https:\/\/kapitalis.com\/tunisie\/2020\/03\/11\/coronavirus-deficit-commercial-de-700-mdt-en-2-mois-avec-la-france-et-litalie\/","name":"Coronavirus : D\u00e9ficit commercial de 700 MDT en 2 mois avec la France et l'Italie - Kapitalis","isPartOf":{"@id":"https:\/\/kapitalis.com\/tunisie\/#website"},"primaryImageOfPage":{"@id":"https:\/\/kapitalis.com\/tunisie\/2020\/03\/11\/coronavirus-deficit-commercial-de-700-mdt-en-2-mois-avec-la-france-et-litalie\/#primaryimage"},"image":{"@id":"https:\/\/kapitalis.com\/tunisie\/2020\/03\/11\/coronavirus-deficit-commercial-de-700-mdt-en-2-mois-avec-la-france-et-litalie\/#primaryimage"},"thumbnailUrl":"","datePublished":"2020-03-11T09:51:11+00:00","dateModified":"2020-03-11T10:25:07+00:00","breadcrumb":{"@id":"https:\/\/kapitalis.com\/tunisie\/2020\/03\/11\/coronavirus-deficit-commercial-de-700-mdt-en-2-mois-avec-la-france-et-litalie\/#breadcrumb"},"inLanguage":"fr-FR","potentialAction":[{"@type":"ReadAction","target":["https:\/\/kapitalis.com\/tunisie\/2020\/03\/11\/coronavirus-deficit-commercial-de-700-mdt-en-2-mois-avec-la-france-et-litalie\/"]}]},{"@type":"ImageObject","inLanguage":"fr-FR","@id":"https:\/\/kapitalis.com\/tunisie\/2020\/03\/11\/coronavirus-deficit-commercial-de-700-mdt-en-2-mois-avec-la-france-et-litalie\/#primaryimage","url":"","contentUrl":""},{"@type":"BreadcrumbList","@id":"https:\/\/kapitalis.com\/tunisie\/2020\/03\/11\/coronavirus-deficit-commercial-de-700-mdt-en-2-mois-avec-la-france-et-litalie\/#breadcrumb","itemListElement":[{"@type":"ListItem","position":1,"name":"Accueil","item":"https:\/\/kapitalis.com\/tunisie\/"},{"@type":"ListItem","position":2,"name":"Coronavirus : D\u00e9ficit commercial de 700 MDT en 2 mois avec la France et l&rsquo;Italie"}]},{"@type":"WebSite","@id":"https:\/\/kapitalis.com\/tunisie\/#website","url":"https:\/\/kapitalis.com\/tunisie\/","name":"Kapitalis","description":"L&#039;actualit\u00e9 en Tunisie et dans le monde","publisher":{"@id":"https:\/\/kapitalis.com\/tunisie\/#organization"},"potentialAction":[{"@type":"SearchAction","target":{"@type":"EntryPoint","urlTemplate":"https:\/\/kapitalis.com\/tunisie\/?s={search_term_string}"},"query-input":{"@type":"PropertyValueSpecification","valueRequired":true,"valueName":"search_term_string"}}],"inLanguage":"fr-FR"},{"@type":"Organization","@id":"https:\/\/kapitalis.com\/tunisie\/#organization","name":"Kapitalis","url":"https:\/\/kapitalis.com\/tunisie\/","logo":{"@type":"ImageObject","inLanguage":"fr-FR","@id":"https:\/\/kapitalis.com\/tunisie\/#\/schema\/logo\/image\/","url":"https:\/\/kapitalis.com\/tunisie\/wp-content\/uploads\/2022\/05\/Kapitalis-big-size.png","contentUrl":"https:\/\/kapitalis.com\/tunisie\/wp-content\/uploads\/2022\/05\/Kapitalis-big-size.png","width":5000,"height":1500,"caption":"Kapitalis"},"image":{"@id":"https:\/\/kapitalis.com\/tunisie\/#\/schema\/logo\/image\/"},"sameAs":["https:\/\/www.facebook.com\/KapitalisInfo\/","https:\/\/x.com\/KapitalisInfo","https:\/\/www.youtube.com\/channel\/UC-yDYrHyfFBWWZaOw3FPg9Q"]},{"@type":"Person","@id":"https:\/\/kapitalis.com\/tunisie\/#\/schema\/person\/b35b8d631961131107263178aeb8019e","name":"Cherif Benyounes","url":"https:\/\/kapitalis.com\/tunisie\/author\/cherif\/"}]}},"_links":{"self":[{"href":"https:\/\/kapitalis.com\/tunisie\/wp-json\/wp\/v2\/posts\/287260","targetHints":{"allow":["GET"]}}],"collection":[{"href":"https:\/\/kapitalis.com\/tunisie\/wp-json\/wp\/v2\/posts"}],"about":[{"href":"https:\/\/kapitalis.com\/tunisie\/wp-json\/wp\/v2\/types\/post"}],"author":[{"embeddable":true,"href":"https:\/\/kapitalis.com\/tunisie\/wp-json\/wp\/v2\/users\/24"}],"replies":[{"embeddable":true,"href":"https:\/\/kapitalis.com\/tunisie\/wp-json\/wp\/v2\/comments?post=287260"}],"version-history":[{"count":0,"href":"https:\/\/kapitalis.com\/tunisie\/wp-json\/wp\/v2\/posts\/287260\/revisions"}],"wp:featuredmedia":[{"embeddable":true,"href":"https:\/\/kapitalis.com\/tunisie\/wp-json\/wp\/v2\/media\/287275"}],"wp:attachment":[{"href":"https:\/\/kapitalis.com\/tunisie\/wp-json\/wp\/v2\/media?parent=287260"}],"wp:term":[{"taxonomy":"category","embeddable":true,"href":"https:\/\/kapitalis.com\/tunisie\/wp-json\/wp\/v2\/categories?post=287260"},{"taxonomy":"post_tag","embeddable":true,"href":"https:\/\/kapitalis.com\/tunisie\/wp-json\/wp\/v2\/tags?post=287260"}],"curies":[{"name":"wp","href":"https:\/\/api.w.org\/{rel}","templated":true}]}}