{"id":287337,"date":"2020-03-11T17:59:51","date_gmt":"2020-03-11T16:59:51","guid":{"rendered":"http:\/\/kapitalis.com\/tunisie\/?p=287337"},"modified":"2020-03-11T18:02:49","modified_gmt":"2020-03-11T17:02:49","slug":"coronavirus-sensibiliser-les-personnes-a-mobilite-reduite-par-le-toucher-et-pas-seulement-avec-les-mots","status":"publish","type":"post","link":"https:\/\/kapitalis.com\/tunisie\/2020\/03\/11\/coronavirus-sensibiliser-les-personnes-a-mobilite-reduite-par-le-toucher-et-pas-seulement-avec-les-mots\/","title":{"rendered":"Coronavirus : sensibiliser les personnes \u00e0 mobilit\u00e9 r\u00e9duite par le toucher et pas seulement avec les mots"},"content":{"rendered":"\n<figure class=\"wp-block-image size-large\"><img decoding=\"async\" src=\"http:\/\/kapitalis.com\/tunisie\/wp-content\/uploads\/2020\/03\/handicap\u00e9-coronavirus.jpg\" alt=\"\" class=\"wp-image-287372\"\/><\/figure>\n\n\n\n<p><strong><em>Aider les personnes \u00e0 mobilit\u00e9 r\u00e9duite -notamment celles ayant des probl\u00e8mes d&rsquo;audition- \u00e0 se pr\u00e9munir contre le coronavirus devrait \u00eatre (logiquement) fait par le toucher plut\u00f4t que par des mots (vid\u00e9o)<\/em><\/strong>.<\/p>\n\n\n\n<!--more-->\n\n\n\n<p>Tels sont les propos d&rsquo;un membre de l&rsquo;Association de d\u00e9fense des personnes \u00e0 mobilit\u00e9 r\u00e9duite, dans une vid\u00e9o du <a rel=\"noreferrer noopener\" aria-label=\"ministere affaires sociales (s\u2019ouvre dans un nouvel onglet)\" href=\"https:\/\/www.facebook.com\/pg\/santetunisie.rns.tn\/posts\/?ref=page_internal\" target=\"_blank\">minist\u00e8re de la Sant\u00e9<\/a> diffus\u00e9e sur sa page Facebook.<\/p>\n\n\n\n<figure><iframe loading=\"lazy\" src=\"https:\/\/www.facebook.com\/plugins\/video.php?href=https%3A%2F%2Fwww.facebook.com%2Fsantetunisie.rns.tn%2Fvideos%2F799584700528248%2F&amp;show_text=0&amp;width=560\" width=\"560\" height=\"314\" allowfullscreen=\"true\"><\/iframe><\/figure>\n\n\n\n<p>Les personnes ayant des d\u00e9ficiences physiques ne peuvent  pas toujours comprendre les explications sur la pr\u00e9vention du coronavirus par des mots. Il est beaucoup plus appropri\u00e9 de les sensibiliser \u00e0 la pr\u00e9vention &#8211; aussi &#8211; par le toucher. <\/p>\n\n\n\n<p>Par ailleurs, les sessions de sensibilisation devraient \u00eatre augment\u00e9es par la pratique dans les centres pour les \u00e9l\u00e8ves \u00e0 mobilit\u00e9 r\u00e9duite, notamment sur la n\u00e9cessit\u00e9 de se laver les mains, ne pas toucher les autres, etc.<\/p>\n\n\n\n<p>Dans son intervention, Dr. Chokri Hammouda, directeur des soins de sante de base, pr\u00e9cise que vu les moyens, il faut sortir de cette crise avec le moins de frais possibles, une alternative \u00e0 laquelle le minist\u00e8re de la Sant\u00e9 travaille beaucoup et pour laquelle l&rsquo;espoir est permis.<\/p>\n\n\n\n<p>De son c\u00f4t\u00e9, l&rsquo;Association de d\u00e9fense des personnes \u00e0 mobilit\u00e9 r\u00e9duite pr\u00e9conise la cr\u00e9ation de sessions de sensibilisation sur les r\u00e9seaux sociaux.<\/p>\n\n\n\n<p class=\"has-text-align-right\"><strong>A. M.<\/strong><\/p>\n","protected":false},"excerpt":{"rendered":"<p>Aider les personnes \u00e0 mobilit\u00e9 r\u00e9duite -notamment celles ayant des probl\u00e8mes d&rsquo;audition- \u00e0 se pr\u00e9munir contre le coronavirus devrait \u00eatre (logiquement) fait par le toucher plut\u00f4t que par des mots (vid\u00e9o).<\/p>\n","protected":false},"author":22,"featured_media":287372,"comment_status":"open","ping_status":"open","sticky":false,"template":"","format":"standard","meta":{"footnotes":""},"categories":[998,2433],"tags":[76373,75933,10369],"class_list":["post-287337","post","type-post","status-publish","format-standard","has-post-thumbnail","hentry","category-societe","category-tunisie","tag-association-de-defense-des-personnes-a-mobilite-reduite","tag-dr-chokri-hammouda","tag-ministere-de-la-sante"],"yoast_head":"<!-- This site is optimized with the Yoast SEO plugin v26.6 - https:\/\/yoast.com\/wordpress\/plugins\/seo\/ -->\n<title>Coronavirus : sensibiliser les personnes \u00e0 mobilit\u00e9 r\u00e9duite par le toucher et pas seulement avec les mots - Kapitalis<\/title>\n<meta name=\"robots\" content=\"index, follow, max-snippet:-1, max-image-preview:large, max-video-preview:-1\" \/>\n<link rel=\"canonical\" href=\"https:\/\/kapitalis.com\/tunisie\/2020\/03\/11\/coronavirus-sensibiliser-les-personnes-a-mobilite-reduite-par-le-toucher-et-pas-seulement-avec-les-mots\/\" \/>\n<meta property=\"og:locale\" content=\"fr_FR\" \/>\n<meta property=\"og:type\" content=\"article\" \/>\n<meta property=\"og:title\" content=\"Coronavirus : sensibiliser les personnes \u00e0 mobilit\u00e9 r\u00e9duite par le toucher et pas seulement avec les mots - Kapitalis\" \/>\n<meta property=\"og:description\" content=\"Aider les personnes \u00e0 mobilit\u00e9 r\u00e9duite -notamment celles ayant des probl\u00e8mes d&rsquo;audition- \u00e0 se pr\u00e9munir contre le coronavirus devrait \u00eatre (logiquement) fait par le toucher plut\u00f4t que par des mots (vid\u00e9o).\" \/>\n<meta property=\"og:url\" content=\"https:\/\/kapitalis.com\/tunisie\/2020\/03\/11\/coronavirus-sensibiliser-les-personnes-a-mobilite-reduite-par-le-toucher-et-pas-seulement-avec-les-mots\/\" \/>\n<meta property=\"og:site_name\" content=\"Kapitalis\" \/>\n<meta property=\"article:publisher\" content=\"https:\/\/www.facebook.com\/KapitalisInfo\/\" \/>\n<meta property=\"article:published_time\" content=\"2020-03-11T16:59:51+00:00\" \/>\n<meta property=\"article:modified_time\" content=\"2020-03-11T17:02:49+00:00\" \/>\n<meta property=\"og:image\" content=\"https:\/\/kapitalis.com\/tunisie\/wp-content\/uploads\/2022\/05\/kapitalis-logo-fb.png\" \/>\n\t<meta property=\"og:image:width\" content=\"1200\" \/>\n\t<meta property=\"og:image:height\" content=\"630\" \/>\n\t<meta property=\"og:image:type\" content=\"image\/png\" \/>\n<meta name=\"author\" content=\"Amina Mkada\" \/>\n<meta name=\"twitter:card\" content=\"summary_large_image\" \/>\n<meta name=\"twitter:creator\" content=\"@KapitalisInfo\" \/>\n<meta name=\"twitter:site\" content=\"@KapitalisInfo\" \/>\n<meta name=\"twitter:label1\" content=\"\u00c9crit par\" \/>\n\t<meta name=\"twitter:data1\" content=\"Amina Mkada\" \/>\n\t<meta name=\"twitter:label2\" content=\"Dur\u00e9e de lecture estim\u00e9e\" \/>\n\t<meta name=\"twitter:data2\" content=\"1 minute\" \/>\n<script type=\"application\/ld+json\" class=\"yoast-schema-graph\">{\"@context\":\"https:\/\/schema.org\",\"@graph\":[{\"@type\":\"Article\",\"@id\":\"https:\/\/kapitalis.com\/tunisie\/2020\/03\/11\/coronavirus-sensibiliser-les-personnes-a-mobilite-reduite-par-le-toucher-et-pas-seulement-avec-les-mots\/#article\",\"isPartOf\":{\"@id\":\"https:\/\/kapitalis.com\/tunisie\/2020\/03\/11\/coronavirus-sensibiliser-les-personnes-a-mobilite-reduite-par-le-toucher-et-pas-seulement-avec-les-mots\/\"},\"author\":{\"name\":\"Amina Mkada\",\"@id\":\"https:\/\/kapitalis.com\/tunisie\/#\/schema\/person\/093913313d3017554cb3ad077fff3fbd\"},\"headline\":\"Coronavirus : sensibiliser les personnes \u00e0 mobilit\u00e9 r\u00e9duite par le toucher et pas seulement avec les mots\",\"datePublished\":\"2020-03-11T16:59:51+00:00\",\"dateModified\":\"2020-03-11T17:02:49+00:00\",\"mainEntityOfPage\":{\"@id\":\"https:\/\/kapitalis.com\/tunisie\/2020\/03\/11\/coronavirus-sensibiliser-les-personnes-a-mobilite-reduite-par-le-toucher-et-pas-seulement-avec-les-mots\/\"},\"wordCount\":238,\"commentCount\":0,\"publisher\":{\"@id\":\"https:\/\/kapitalis.com\/tunisie\/#organization\"},\"image\":{\"@id\":\"https:\/\/kapitalis.com\/tunisie\/2020\/03\/11\/coronavirus-sensibiliser-les-personnes-a-mobilite-reduite-par-le-toucher-et-pas-seulement-avec-les-mots\/#primaryimage\"},\"thumbnailUrl\":\"\",\"keywords\":[\"Association de d\u00e9fense des personnes \u00e0 mobilit\u00e9 r\u00e9duite\",\"Dr Chokri hammouda\",\"minist\u00e8re de la Sant\u00e9\"],\"articleSection\":[\"SOCIETE\",\"Tunisie\"],\"inLanguage\":\"fr-FR\",\"potentialAction\":[{\"@type\":\"CommentAction\",\"name\":\"Comment\",\"target\":[\"https:\/\/kapitalis.com\/tunisie\/2020\/03\/11\/coronavirus-sensibiliser-les-personnes-a-mobilite-reduite-par-le-toucher-et-pas-seulement-avec-les-mots\/#respond\"]}]},{\"@type\":\"WebPage\",\"@id\":\"https:\/\/kapitalis.com\/tunisie\/2020\/03\/11\/coronavirus-sensibiliser-les-personnes-a-mobilite-reduite-par-le-toucher-et-pas-seulement-avec-les-mots\/\",\"url\":\"https:\/\/kapitalis.com\/tunisie\/2020\/03\/11\/coronavirus-sensibiliser-les-personnes-a-mobilite-reduite-par-le-toucher-et-pas-seulement-avec-les-mots\/\",\"name\":\"Coronavirus : sensibiliser les personnes \u00e0 mobilit\u00e9 r\u00e9duite par le toucher et pas seulement avec les mots - Kapitalis\",\"isPartOf\":{\"@id\":\"https:\/\/kapitalis.com\/tunisie\/#website\"},\"primaryImageOfPage\":{\"@id\":\"https:\/\/kapitalis.com\/tunisie\/2020\/03\/11\/coronavirus-sensibiliser-les-personnes-a-mobilite-reduite-par-le-toucher-et-pas-seulement-avec-les-mots\/#primaryimage\"},\"image\":{\"@id\":\"https:\/\/kapitalis.com\/tunisie\/2020\/03\/11\/coronavirus-sensibiliser-les-personnes-a-mobilite-reduite-par-le-toucher-et-pas-seulement-avec-les-mots\/#primaryimage\"},\"thumbnailUrl\":\"\",\"datePublished\":\"2020-03-11T16:59:51+00:00\",\"dateModified\":\"2020-03-11T17:02:49+00:00\",\"breadcrumb\":{\"@id\":\"https:\/\/kapitalis.com\/tunisie\/2020\/03\/11\/coronavirus-sensibiliser-les-personnes-a-mobilite-reduite-par-le-toucher-et-pas-seulement-avec-les-mots\/#breadcrumb\"},\"inLanguage\":\"fr-FR\",\"potentialAction\":[{\"@type\":\"ReadAction\",\"target\":[\"https:\/\/kapitalis.com\/tunisie\/2020\/03\/11\/coronavirus-sensibiliser-les-personnes-a-mobilite-reduite-par-le-toucher-et-pas-seulement-avec-les-mots\/\"]}]},{\"@type\":\"ImageObject\",\"inLanguage\":\"fr-FR\",\"@id\":\"https:\/\/kapitalis.com\/tunisie\/2020\/03\/11\/coronavirus-sensibiliser-les-personnes-a-mobilite-reduite-par-le-toucher-et-pas-seulement-avec-les-mots\/#primaryimage\",\"url\":\"\",\"contentUrl\":\"\"},{\"@type\":\"BreadcrumbList\",\"@id\":\"https:\/\/kapitalis.com\/tunisie\/2020\/03\/11\/coronavirus-sensibiliser-les-personnes-a-mobilite-reduite-par-le-toucher-et-pas-seulement-avec-les-mots\/#breadcrumb\",\"itemListElement\":[{\"@type\":\"ListItem\",\"position\":1,\"name\":\"Accueil\",\"item\":\"https:\/\/kapitalis.com\/tunisie\/\"},{\"@type\":\"ListItem\",\"position\":2,\"name\":\"Coronavirus : sensibiliser les personnes \u00e0 mobilit\u00e9 r\u00e9duite par le toucher et pas seulement avec les mots\"}]},{\"@type\":\"WebSite\",\"@id\":\"https:\/\/kapitalis.com\/tunisie\/#website\",\"url\":\"https:\/\/kapitalis.com\/tunisie\/\",\"name\":\"Kapitalis\",\"description\":\"L&#039;actualit\u00e9 en Tunisie et dans le monde\",\"publisher\":{\"@id\":\"https:\/\/kapitalis.com\/tunisie\/#organization\"},\"potentialAction\":[{\"@type\":\"SearchAction\",\"target\":{\"@type\":\"EntryPoint\",\"urlTemplate\":\"https:\/\/kapitalis.com\/tunisie\/?s={search_term_string}\"},\"query-input\":{\"@type\":\"PropertyValueSpecification\",\"valueRequired\":true,\"valueName\":\"search_term_string\"}}],\"inLanguage\":\"fr-FR\"},{\"@type\":\"Organization\",\"@id\":\"https:\/\/kapitalis.com\/tunisie\/#organization\",\"name\":\"Kapitalis\",\"url\":\"https:\/\/kapitalis.com\/tunisie\/\",\"logo\":{\"@type\":\"ImageObject\",\"inLanguage\":\"fr-FR\",\"@id\":\"https:\/\/kapitalis.com\/tunisie\/#\/schema\/logo\/image\/\",\"url\":\"https:\/\/kapitalis.com\/tunisie\/wp-content\/uploads\/2022\/05\/Kapitalis-big-size.png\",\"contentUrl\":\"https:\/\/kapitalis.com\/tunisie\/wp-content\/uploads\/2022\/05\/Kapitalis-big-size.png\",\"width\":5000,\"height\":1500,\"caption\":\"Kapitalis\"},\"image\":{\"@id\":\"https:\/\/kapitalis.com\/tunisie\/#\/schema\/logo\/image\/\"},\"sameAs\":[\"https:\/\/www.facebook.com\/KapitalisInfo\/\",\"https:\/\/x.com\/KapitalisInfo\",\"https:\/\/www.youtube.com\/channel\/UC-yDYrHyfFBWWZaOw3FPg9Q\"]},{\"@type\":\"Person\",\"@id\":\"https:\/\/kapitalis.com\/tunisie\/#\/schema\/person\/093913313d3017554cb3ad077fff3fbd\",\"name\":\"Amina Mkada\",\"url\":\"https:\/\/kapitalis.com\/tunisie\/author\/amina\/\"}]}<\/script>\n<!-- \/ Yoast SEO plugin. -->","yoast_head_json":{"title":"Coronavirus : sensibiliser les personnes \u00e0 mobilit\u00e9 r\u00e9duite par le toucher et pas seulement avec les mots - Kapitalis","robots":{"index":"index","follow":"follow","max-snippet":"max-snippet:-1","max-image-preview":"max-image-preview:large","max-video-preview":"max-video-preview:-1"},"canonical":"https:\/\/kapitalis.com\/tunisie\/2020\/03\/11\/coronavirus-sensibiliser-les-personnes-a-mobilite-reduite-par-le-toucher-et-pas-seulement-avec-les-mots\/","og_locale":"fr_FR","og_type":"article","og_title":"Coronavirus : sensibiliser les personnes \u00e0 mobilit\u00e9 r\u00e9duite par le toucher et pas seulement avec les mots - Kapitalis","og_description":"Aider les personnes \u00e0 mobilit\u00e9 r\u00e9duite -notamment celles ayant des probl\u00e8mes d&rsquo;audition- \u00e0 se pr\u00e9munir contre le coronavirus devrait \u00eatre (logiquement) fait par le toucher plut\u00f4t que par des mots (vid\u00e9o).","og_url":"https:\/\/kapitalis.com\/tunisie\/2020\/03\/11\/coronavirus-sensibiliser-les-personnes-a-mobilite-reduite-par-le-toucher-et-pas-seulement-avec-les-mots\/","og_site_name":"Kapitalis","article_publisher":"https:\/\/www.facebook.com\/KapitalisInfo\/","article_published_time":"2020-03-11T16:59:51+00:00","article_modified_time":"2020-03-11T17:02:49+00:00","og_image":[{"width":1200,"height":630,"url":"https:\/\/kapitalis.com\/tunisie\/wp-content\/uploads\/2022\/05\/kapitalis-logo-fb.png","type":"image\/png"}],"author":"Amina Mkada","twitter_card":"summary_large_image","twitter_creator":"@KapitalisInfo","twitter_site":"@KapitalisInfo","twitter_misc":{"\u00c9crit par":"Amina Mkada","Dur\u00e9e de lecture estim\u00e9e":"1 minute"},"schema":{"@context":"https:\/\/schema.org","@graph":[{"@type":"Article","@id":"https:\/\/kapitalis.com\/tunisie\/2020\/03\/11\/coronavirus-sensibiliser-les-personnes-a-mobilite-reduite-par-le-toucher-et-pas-seulement-avec-les-mots\/#article","isPartOf":{"@id":"https:\/\/kapitalis.com\/tunisie\/2020\/03\/11\/coronavirus-sensibiliser-les-personnes-a-mobilite-reduite-par-le-toucher-et-pas-seulement-avec-les-mots\/"},"author":{"name":"Amina Mkada","@id":"https:\/\/kapitalis.com\/tunisie\/#\/schema\/person\/093913313d3017554cb3ad077fff3fbd"},"headline":"Coronavirus : sensibiliser les personnes \u00e0 mobilit\u00e9 r\u00e9duite par le toucher et pas seulement avec les mots","datePublished":"2020-03-11T16:59:51+00:00","dateModified":"2020-03-11T17:02:49+00:00","mainEntityOfPage":{"@id":"https:\/\/kapitalis.com\/tunisie\/2020\/03\/11\/coronavirus-sensibiliser-les-personnes-a-mobilite-reduite-par-le-toucher-et-pas-seulement-avec-les-mots\/"},"wordCount":238,"commentCount":0,"publisher":{"@id":"https:\/\/kapitalis.com\/tunisie\/#organization"},"image":{"@id":"https:\/\/kapitalis.com\/tunisie\/2020\/03\/11\/coronavirus-sensibiliser-les-personnes-a-mobilite-reduite-par-le-toucher-et-pas-seulement-avec-les-mots\/#primaryimage"},"thumbnailUrl":"","keywords":["Association de d\u00e9fense des personnes \u00e0 mobilit\u00e9 r\u00e9duite","Dr Chokri hammouda","minist\u00e8re de la Sant\u00e9"],"articleSection":["SOCIETE","Tunisie"],"inLanguage":"fr-FR","potentialAction":[{"@type":"CommentAction","name":"Comment","target":["https:\/\/kapitalis.com\/tunisie\/2020\/03\/11\/coronavirus-sensibiliser-les-personnes-a-mobilite-reduite-par-le-toucher-et-pas-seulement-avec-les-mots\/#respond"]}]},{"@type":"WebPage","@id":"https:\/\/kapitalis.com\/tunisie\/2020\/03\/11\/coronavirus-sensibiliser-les-personnes-a-mobilite-reduite-par-le-toucher-et-pas-seulement-avec-les-mots\/","url":"https:\/\/kapitalis.com\/tunisie\/2020\/03\/11\/coronavirus-sensibiliser-les-personnes-a-mobilite-reduite-par-le-toucher-et-pas-seulement-avec-les-mots\/","name":"Coronavirus : sensibiliser les personnes \u00e0 mobilit\u00e9 r\u00e9duite par le toucher et pas seulement avec les mots - Kapitalis","isPartOf":{"@id":"https:\/\/kapitalis.com\/tunisie\/#website"},"primaryImageOfPage":{"@id":"https:\/\/kapitalis.com\/tunisie\/2020\/03\/11\/coronavirus-sensibiliser-les-personnes-a-mobilite-reduite-par-le-toucher-et-pas-seulement-avec-les-mots\/#primaryimage"},"image":{"@id":"https:\/\/kapitalis.com\/tunisie\/2020\/03\/11\/coronavirus-sensibiliser-les-personnes-a-mobilite-reduite-par-le-toucher-et-pas-seulement-avec-les-mots\/#primaryimage"},"thumbnailUrl":"","datePublished":"2020-03-11T16:59:51+00:00","dateModified":"2020-03-11T17:02:49+00:00","breadcrumb":{"@id":"https:\/\/kapitalis.com\/tunisie\/2020\/03\/11\/coronavirus-sensibiliser-les-personnes-a-mobilite-reduite-par-le-toucher-et-pas-seulement-avec-les-mots\/#breadcrumb"},"inLanguage":"fr-FR","potentialAction":[{"@type":"ReadAction","target":["https:\/\/kapitalis.com\/tunisie\/2020\/03\/11\/coronavirus-sensibiliser-les-personnes-a-mobilite-reduite-par-le-toucher-et-pas-seulement-avec-les-mots\/"]}]},{"@type":"ImageObject","inLanguage":"fr-FR","@id":"https:\/\/kapitalis.com\/tunisie\/2020\/03\/11\/coronavirus-sensibiliser-les-personnes-a-mobilite-reduite-par-le-toucher-et-pas-seulement-avec-les-mots\/#primaryimage","url":"","contentUrl":""},{"@type":"BreadcrumbList","@id":"https:\/\/kapitalis.com\/tunisie\/2020\/03\/11\/coronavirus-sensibiliser-les-personnes-a-mobilite-reduite-par-le-toucher-et-pas-seulement-avec-les-mots\/#breadcrumb","itemListElement":[{"@type":"ListItem","position":1,"name":"Accueil","item":"https:\/\/kapitalis.com\/tunisie\/"},{"@type":"ListItem","position":2,"name":"Coronavirus : sensibiliser les personnes \u00e0 mobilit\u00e9 r\u00e9duite par le toucher et pas seulement avec les mots"}]},{"@type":"WebSite","@id":"https:\/\/kapitalis.com\/tunisie\/#website","url":"https:\/\/kapitalis.com\/tunisie\/","name":"Kapitalis","description":"L&#039;actualit\u00e9 en Tunisie et dans le monde","publisher":{"@id":"https:\/\/kapitalis.com\/tunisie\/#organization"},"potentialAction":[{"@type":"SearchAction","target":{"@type":"EntryPoint","urlTemplate":"https:\/\/kapitalis.com\/tunisie\/?s={search_term_string}"},"query-input":{"@type":"PropertyValueSpecification","valueRequired":true,"valueName":"search_term_string"}}],"inLanguage":"fr-FR"},{"@type":"Organization","@id":"https:\/\/kapitalis.com\/tunisie\/#organization","name":"Kapitalis","url":"https:\/\/kapitalis.com\/tunisie\/","logo":{"@type":"ImageObject","inLanguage":"fr-FR","@id":"https:\/\/kapitalis.com\/tunisie\/#\/schema\/logo\/image\/","url":"https:\/\/kapitalis.com\/tunisie\/wp-content\/uploads\/2022\/05\/Kapitalis-big-size.png","contentUrl":"https:\/\/kapitalis.com\/tunisie\/wp-content\/uploads\/2022\/05\/Kapitalis-big-size.png","width":5000,"height":1500,"caption":"Kapitalis"},"image":{"@id":"https:\/\/kapitalis.com\/tunisie\/#\/schema\/logo\/image\/"},"sameAs":["https:\/\/www.facebook.com\/KapitalisInfo\/","https:\/\/x.com\/KapitalisInfo","https:\/\/www.youtube.com\/channel\/UC-yDYrHyfFBWWZaOw3FPg9Q"]},{"@type":"Person","@id":"https:\/\/kapitalis.com\/tunisie\/#\/schema\/person\/093913313d3017554cb3ad077fff3fbd","name":"Amina Mkada","url":"https:\/\/kapitalis.com\/tunisie\/author\/amina\/"}]}},"_links":{"self":[{"href":"https:\/\/kapitalis.com\/tunisie\/wp-json\/wp\/v2\/posts\/287337","targetHints":{"allow":["GET"]}}],"collection":[{"href":"https:\/\/kapitalis.com\/tunisie\/wp-json\/wp\/v2\/posts"}],"about":[{"href":"https:\/\/kapitalis.com\/tunisie\/wp-json\/wp\/v2\/types\/post"}],"author":[{"embeddable":true,"href":"https:\/\/kapitalis.com\/tunisie\/wp-json\/wp\/v2\/users\/22"}],"replies":[{"embeddable":true,"href":"https:\/\/kapitalis.com\/tunisie\/wp-json\/wp\/v2\/comments?post=287337"}],"version-history":[{"count":0,"href":"https:\/\/kapitalis.com\/tunisie\/wp-json\/wp\/v2\/posts\/287337\/revisions"}],"wp:featuredmedia":[{"embeddable":true,"href":"https:\/\/kapitalis.com\/tunisie\/wp-json\/wp\/v2\/media\/287372"}],"wp:attachment":[{"href":"https:\/\/kapitalis.com\/tunisie\/wp-json\/wp\/v2\/media?parent=287337"}],"wp:term":[{"taxonomy":"category","embeddable":true,"href":"https:\/\/kapitalis.com\/tunisie\/wp-json\/wp\/v2\/categories?post=287337"},{"taxonomy":"post_tag","embeddable":true,"href":"https:\/\/kapitalis.com\/tunisie\/wp-json\/wp\/v2\/tags?post=287337"}],"curies":[{"name":"wp","href":"https:\/\/api.w.org\/{rel}","templated":true}]}}