{"id":2878647,"date":"2022-08-08T09:42:29","date_gmt":"2022-08-08T08:42:29","guid":{"rendered":"https:\/\/kapitalis.com\/tunisie\/?p=2878647"},"modified":"2022-08-08T09:43:20","modified_gmt":"2022-08-08T08:43:20","slug":"ticad-8-le-premier-ministre-japonais-sera-pour-la-premiere-fois-en-tunisie-et-au-maghreb","status":"publish","type":"post","link":"https:\/\/kapitalis.com\/tunisie\/2022\/08\/08\/ticad-8-le-premier-ministre-japonais-sera-pour-la-premiere-fois-en-tunisie-et-au-maghreb\/","title":{"rendered":"Ticad 8 : Le premier ministre japonais sera, pour la premi\u00e8re fois, en Tunisie et au Maghreb"},"content":{"rendered":"\n<p><em><strong>Le\u00a0coordinateur g\u00e9n\u00e9ral de la Conf\u00e9rence internationale de Tokyo sur le d\u00e9veloppement de l\u2019Afrique (Ticad 8), Ka\u00efs Darragi, a indiqu\u00e9, aujourd&rsquo;hui, lundi 8 ao\u00fbt 2022, que dans le cadre de ladite conf\u00e9rence, le premier ministre japonais, Fumio Kishida, sera pour la premi\u00e8re fois en Tunisie et au Maghreb, suite \u00e0 l&rsquo;invitation du pr\u00e9sident de la r\u00e9publique, Ka\u00efs Sa\u00efed.<\/strong><\/em><\/p>\n\n\n\n<!--more-->\n\n\n\n<p>Intervenu sur Shems FM, Darragi a estim\u00e9 que cette venue est d&rsquo;une grande importance, notamment sur le plan financier et par rapport aux investissements en Tunisie.<\/p>\n\n\n\n<p>Le responsable a, par ailleurs, soulign\u00e9 que 100 hommes et femmes d&rsquo;affaires japonais, repr\u00e9sentant 50 grandes entreprises japonaises de renomm\u00e9e mondiale, seront \u00e9galement pr\u00e9sents \u00e0 la Ticad 8, en plus de tous les chefs d&rsquo;\u00c9tat africains. <\/p>\n\n\n\n<p>Il y aura \u00e9galement plusieurs organisations japonaises et entrepreneurs Tunisiens et Africains, a-t-il ajout\u00e9.<\/p>\n\n\n\n<p>Rappelons que la Ticad 8 se tiendra en Tunisie les 27 et 28 ao\u00fbt 2022.<\/p>\n\n\n\n<p class=\"has-text-align-right\"><strong>C. B. Y.<\/strong><\/p>\n\n\n\n<figure class=\"wp-block-embed is-type-wp-embed is-provider-kapitalis wp-block-embed-kapitalis\"><div class=\"wp-block-embed__wrapper\">\n<blockquote class=\"wp-embedded-content\" data-secret=\"dRLitBi9zI\"><a href=\"https:\/\/kapitalis.com\/tunisie\/2022\/06\/07\/ticad-8-des-projets-triangulaires-entre-le-japon-la-tunisie-et-le-reste-de-lafrique-sont-attenbdus\/\">Ticad 8 : Des projets triangulaires, entre le Japon, la Tunisie et l&rsquo;Afrique sont attendus<\/a><\/blockquote><iframe loading=\"lazy\" class=\"wp-embedded-content\" sandbox=\"allow-scripts\" security=\"restricted\" style=\"position: absolute; clip: rect(1px, 1px, 1px, 1px);\" title=\"\u00ab\u00a0Ticad 8 : Des projets triangulaires, entre le Japon, la Tunisie et l&rsquo;Afrique sont attendus\u00a0\u00bb &#8212; Kapitalis\" src=\"https:\/\/kapitalis.com\/tunisie\/2022\/06\/07\/ticad-8-des-projets-triangulaires-entre-le-japon-la-tunisie-et-le-reste-de-lafrique-sont-attenbdus\/embed\/#?secret=OPJCbDuoVL#?secret=dRLitBi9zI\" data-secret=\"dRLitBi9zI\" width=\"600\" height=\"338\" frameborder=\"0\" marginwidth=\"0\" marginheight=\"0\" scrolling=\"no\"><\/iframe>\n<\/div><\/figure>\n","protected":false},"excerpt":{"rendered":"<p>Le\u00a0coordinateur g\u00e9n\u00e9ral de la Conf\u00e9rence internationale de Tokyo sur le d\u00e9veloppement de l\u2019Afrique (Ticad 8), Ka\u00efs Darragi, a indiqu\u00e9, aujourd&rsquo;hui, lundi 8 ao\u00fbt 2022, que dans le cadre de ladite conf\u00e9rence, le premier ministre japonais, Fumio Kishida, sera pour la premi\u00e8re fois en Tunisie et au Maghreb, suite \u00e0 l&rsquo;invitation du pr\u00e9sident de la r\u00e9publique,&#8230;<\/p>\n","protected":false},"author":24,"featured_media":2878933,"comment_status":"open","ping_status":"open","sticky":false,"template":"","format":"standard","meta":{"footnotes":""},"categories":[995,997,2433],"tags":[101897,101898,76012,80888,62643],"class_list":["post-2878647","post","type-post","status-publish","format-standard","has-post-thumbnail","hentry","category-economie","category-politique","category-tunisie","tag-fumio-kishida","tag-kais-darragi","tag-kais-saied-2","tag-ticad-8","tag-tunisie"],"yoast_head":"<!-- This site is optimized with the Yoast SEO plugin v26.6 - https:\/\/yoast.com\/wordpress\/plugins\/seo\/ -->\n<title>Ticad 8 : Le premier ministre japonais sera, pour la premi\u00e8re fois, en Tunisie et au Maghreb - Kapitalis<\/title>\n<meta name=\"robots\" content=\"index, follow, max-snippet:-1, max-image-preview:large, max-video-preview:-1\" \/>\n<link rel=\"canonical\" href=\"https:\/\/kapitalis.com\/tunisie\/2022\/08\/08\/ticad-8-le-premier-ministre-japonais-sera-pour-la-premiere-fois-en-tunisie-et-au-maghreb\/\" \/>\n<meta property=\"og:locale\" content=\"fr_FR\" \/>\n<meta property=\"og:type\" content=\"article\" \/>\n<meta property=\"og:title\" content=\"Ticad 8 : Le premier ministre japonais sera, pour la premi\u00e8re fois, en Tunisie et au Maghreb - Kapitalis\" \/>\n<meta property=\"og:description\" content=\"Le\u00a0coordinateur g\u00e9n\u00e9ral de la Conf\u00e9rence internationale de Tokyo sur le d\u00e9veloppement de l\u2019Afrique (Ticad 8), Ka\u00efs Darragi, a indiqu\u00e9, aujourd&rsquo;hui, lundi 8 ao\u00fbt 2022, que dans le cadre de ladite conf\u00e9rence, le premier ministre japonais, Fumio Kishida, sera pour la premi\u00e8re fois en Tunisie et au Maghreb, suite \u00e0 l&rsquo;invitation du pr\u00e9sident de la r\u00e9publique,...\" \/>\n<meta property=\"og:url\" content=\"https:\/\/kapitalis.com\/tunisie\/2022\/08\/08\/ticad-8-le-premier-ministre-japonais-sera-pour-la-premiere-fois-en-tunisie-et-au-maghreb\/\" \/>\n<meta property=\"og:site_name\" content=\"Kapitalis\" \/>\n<meta property=\"article:publisher\" content=\"https:\/\/www.facebook.com\/KapitalisInfo\/\" \/>\n<meta property=\"article:published_time\" content=\"2022-08-08T08:42:29+00:00\" \/>\n<meta property=\"article:modified_time\" content=\"2022-08-08T08:43:20+00:00\" \/>\n<meta property=\"og:image\" content=\"https:\/\/kapitalis.com\/tunisie\/wp-content\/uploads\/2022\/08\/Fumio-Kishida.jpg\" \/>\n\t<meta property=\"og:image:width\" content=\"1200\" \/>\n\t<meta property=\"og:image:height\" content=\"630\" \/>\n\t<meta property=\"og:image:type\" content=\"image\/jpeg\" \/>\n<meta name=\"author\" content=\"Cherif Benyounes\" \/>\n<meta name=\"twitter:card\" content=\"summary_large_image\" \/>\n<meta name=\"twitter:creator\" content=\"@KapitalisInfo\" \/>\n<meta name=\"twitter:site\" content=\"@KapitalisInfo\" \/>\n<meta name=\"twitter:label1\" content=\"\u00c9crit par\" \/>\n\t<meta name=\"twitter:data1\" content=\"Cherif Benyounes\" \/>\n\t<meta name=\"twitter:label2\" content=\"Dur\u00e9e de lecture estim\u00e9e\" \/>\n\t<meta name=\"twitter:data2\" content=\"1 minute\" \/>\n<script type=\"application\/ld+json\" class=\"yoast-schema-graph\">{\"@context\":\"https:\/\/schema.org\",\"@graph\":[{\"@type\":\"Article\",\"@id\":\"https:\/\/kapitalis.com\/tunisie\/2022\/08\/08\/ticad-8-le-premier-ministre-japonais-sera-pour-la-premiere-fois-en-tunisie-et-au-maghreb\/#article\",\"isPartOf\":{\"@id\":\"https:\/\/kapitalis.com\/tunisie\/2022\/08\/08\/ticad-8-le-premier-ministre-japonais-sera-pour-la-premiere-fois-en-tunisie-et-au-maghreb\/\"},\"author\":{\"name\":\"Cherif Benyounes\",\"@id\":\"https:\/\/kapitalis.com\/tunisie\/#\/schema\/person\/b35b8d631961131107263178aeb8019e\"},\"headline\":\"Ticad 8 : Le premier ministre japonais sera, pour la premi\u00e8re fois, en Tunisie et au Maghreb\",\"datePublished\":\"2022-08-08T08:42:29+00:00\",\"dateModified\":\"2022-08-08T08:43:20+00:00\",\"mainEntityOfPage\":{\"@id\":\"https:\/\/kapitalis.com\/tunisie\/2022\/08\/08\/ticad-8-le-premier-ministre-japonais-sera-pour-la-premiere-fois-en-tunisie-et-au-maghreb\/\"},\"wordCount\":180,\"commentCount\":1,\"publisher\":{\"@id\":\"https:\/\/kapitalis.com\/tunisie\/#organization\"},\"image\":{\"@id\":\"https:\/\/kapitalis.com\/tunisie\/2022\/08\/08\/ticad-8-le-premier-ministre-japonais-sera-pour-la-premiere-fois-en-tunisie-et-au-maghreb\/#primaryimage\"},\"thumbnailUrl\":\"https:\/\/kapitalis.com\/tunisie\/wp-content\/uploads\/2022\/08\/Fumio-Kishida.jpg\",\"keywords\":[\"Fumio Kishida\",\"Ka\u00efs Darragi\",\"Ka\u00efs Sa\u00efed\",\"Ticad 8\",\"Tunisie\"],\"articleSection\":[\"ECONOMIE\",\"POLITIQUE\",\"Tunisie\"],\"inLanguage\":\"fr-FR\",\"potentialAction\":[{\"@type\":\"CommentAction\",\"name\":\"Comment\",\"target\":[\"https:\/\/kapitalis.com\/tunisie\/2022\/08\/08\/ticad-8-le-premier-ministre-japonais-sera-pour-la-premiere-fois-en-tunisie-et-au-maghreb\/#respond\"]}]},{\"@type\":\"WebPage\",\"@id\":\"https:\/\/kapitalis.com\/tunisie\/2022\/08\/08\/ticad-8-le-premier-ministre-japonais-sera-pour-la-premiere-fois-en-tunisie-et-au-maghreb\/\",\"url\":\"https:\/\/kapitalis.com\/tunisie\/2022\/08\/08\/ticad-8-le-premier-ministre-japonais-sera-pour-la-premiere-fois-en-tunisie-et-au-maghreb\/\",\"name\":\"Ticad 8 : Le premier ministre japonais sera, pour la premi\u00e8re fois, en Tunisie et au Maghreb - Kapitalis\",\"isPartOf\":{\"@id\":\"https:\/\/kapitalis.com\/tunisie\/#website\"},\"primaryImageOfPage\":{\"@id\":\"https:\/\/kapitalis.com\/tunisie\/2022\/08\/08\/ticad-8-le-premier-ministre-japonais-sera-pour-la-premiere-fois-en-tunisie-et-au-maghreb\/#primaryimage\"},\"image\":{\"@id\":\"https:\/\/kapitalis.com\/tunisie\/2022\/08\/08\/ticad-8-le-premier-ministre-japonais-sera-pour-la-premiere-fois-en-tunisie-et-au-maghreb\/#primaryimage\"},\"thumbnailUrl\":\"https:\/\/kapitalis.com\/tunisie\/wp-content\/uploads\/2022\/08\/Fumio-Kishida.jpg\",\"datePublished\":\"2022-08-08T08:42:29+00:00\",\"dateModified\":\"2022-08-08T08:43:20+00:00\",\"breadcrumb\":{\"@id\":\"https:\/\/kapitalis.com\/tunisie\/2022\/08\/08\/ticad-8-le-premier-ministre-japonais-sera-pour-la-premiere-fois-en-tunisie-et-au-maghreb\/#breadcrumb\"},\"inLanguage\":\"fr-FR\",\"potentialAction\":[{\"@type\":\"ReadAction\",\"target\":[\"https:\/\/kapitalis.com\/tunisie\/2022\/08\/08\/ticad-8-le-premier-ministre-japonais-sera-pour-la-premiere-fois-en-tunisie-et-au-maghreb\/\"]}]},{\"@type\":\"ImageObject\",\"inLanguage\":\"fr-FR\",\"@id\":\"https:\/\/kapitalis.com\/tunisie\/2022\/08\/08\/ticad-8-le-premier-ministre-japonais-sera-pour-la-premiere-fois-en-tunisie-et-au-maghreb\/#primaryimage\",\"url\":\"https:\/\/kapitalis.com\/tunisie\/wp-content\/uploads\/2022\/08\/Fumio-Kishida.jpg\",\"contentUrl\":\"https:\/\/kapitalis.com\/tunisie\/wp-content\/uploads\/2022\/08\/Fumio-Kishida.jpg\",\"width\":1200,\"height\":630},{\"@type\":\"BreadcrumbList\",\"@id\":\"https:\/\/kapitalis.com\/tunisie\/2022\/08\/08\/ticad-8-le-premier-ministre-japonais-sera-pour-la-premiere-fois-en-tunisie-et-au-maghreb\/#breadcrumb\",\"itemListElement\":[{\"@type\":\"ListItem\",\"position\":1,\"name\":\"Accueil\",\"item\":\"https:\/\/kapitalis.com\/tunisie\/\"},{\"@type\":\"ListItem\",\"position\":2,\"name\":\"Ticad 8 : Le premier ministre japonais sera, pour la premi\u00e8re fois, en Tunisie et au Maghreb\"}]},{\"@type\":\"WebSite\",\"@id\":\"https:\/\/kapitalis.com\/tunisie\/#website\",\"url\":\"https:\/\/kapitalis.com\/tunisie\/\",\"name\":\"Kapitalis\",\"description\":\"L&#039;actualit\u00e9 en Tunisie et dans le monde\",\"publisher\":{\"@id\":\"https:\/\/kapitalis.com\/tunisie\/#organization\"},\"potentialAction\":[{\"@type\":\"SearchAction\",\"target\":{\"@type\":\"EntryPoint\",\"urlTemplate\":\"https:\/\/kapitalis.com\/tunisie\/?s={search_term_string}\"},\"query-input\":{\"@type\":\"PropertyValueSpecification\",\"valueRequired\":true,\"valueName\":\"search_term_string\"}}],\"inLanguage\":\"fr-FR\"},{\"@type\":\"Organization\",\"@id\":\"https:\/\/kapitalis.com\/tunisie\/#organization\",\"name\":\"Kapitalis\",\"url\":\"https:\/\/kapitalis.com\/tunisie\/\",\"logo\":{\"@type\":\"ImageObject\",\"inLanguage\":\"fr-FR\",\"@id\":\"https:\/\/kapitalis.com\/tunisie\/#\/schema\/logo\/image\/\",\"url\":\"https:\/\/kapitalis.com\/tunisie\/wp-content\/uploads\/2022\/05\/Kapitalis-big-size.png\",\"contentUrl\":\"https:\/\/kapitalis.com\/tunisie\/wp-content\/uploads\/2022\/05\/Kapitalis-big-size.png\",\"width\":5000,\"height\":1500,\"caption\":\"Kapitalis\"},\"image\":{\"@id\":\"https:\/\/kapitalis.com\/tunisie\/#\/schema\/logo\/image\/\"},\"sameAs\":[\"https:\/\/www.facebook.com\/KapitalisInfo\/\",\"https:\/\/x.com\/KapitalisInfo\",\"https:\/\/www.youtube.com\/channel\/UC-yDYrHyfFBWWZaOw3FPg9Q\"]},{\"@type\":\"Person\",\"@id\":\"https:\/\/kapitalis.com\/tunisie\/#\/schema\/person\/b35b8d631961131107263178aeb8019e\",\"name\":\"Cherif Benyounes\",\"url\":\"https:\/\/kapitalis.com\/tunisie\/author\/cherif\/\"}]}<\/script>\n<!-- \/ Yoast SEO plugin. -->","yoast_head_json":{"title":"Ticad 8 : Le premier ministre japonais sera, pour la premi\u00e8re fois, en Tunisie et au Maghreb - Kapitalis","robots":{"index":"index","follow":"follow","max-snippet":"max-snippet:-1","max-image-preview":"max-image-preview:large","max-video-preview":"max-video-preview:-1"},"canonical":"https:\/\/kapitalis.com\/tunisie\/2022\/08\/08\/ticad-8-le-premier-ministre-japonais-sera-pour-la-premiere-fois-en-tunisie-et-au-maghreb\/","og_locale":"fr_FR","og_type":"article","og_title":"Ticad 8 : Le premier ministre japonais sera, pour la premi\u00e8re fois, en Tunisie et au Maghreb - Kapitalis","og_description":"Le\u00a0coordinateur g\u00e9n\u00e9ral de la Conf\u00e9rence internationale de Tokyo sur le d\u00e9veloppement de l\u2019Afrique (Ticad 8), Ka\u00efs Darragi, a indiqu\u00e9, aujourd&rsquo;hui, lundi 8 ao\u00fbt 2022, que dans le cadre de ladite conf\u00e9rence, le premier ministre japonais, Fumio Kishida, sera pour la premi\u00e8re fois en Tunisie et au Maghreb, suite \u00e0 l&rsquo;invitation du pr\u00e9sident de la r\u00e9publique,...","og_url":"https:\/\/kapitalis.com\/tunisie\/2022\/08\/08\/ticad-8-le-premier-ministre-japonais-sera-pour-la-premiere-fois-en-tunisie-et-au-maghreb\/","og_site_name":"Kapitalis","article_publisher":"https:\/\/www.facebook.com\/KapitalisInfo\/","article_published_time":"2022-08-08T08:42:29+00:00","article_modified_time":"2022-08-08T08:43:20+00:00","og_image":[{"width":1200,"height":630,"url":"https:\/\/kapitalis.com\/tunisie\/wp-content\/uploads\/2022\/08\/Fumio-Kishida.jpg","type":"image\/jpeg"}],"author":"Cherif Benyounes","twitter_card":"summary_large_image","twitter_creator":"@KapitalisInfo","twitter_site":"@KapitalisInfo","twitter_misc":{"\u00c9crit par":"Cherif Benyounes","Dur\u00e9e de lecture estim\u00e9e":"1 minute"},"schema":{"@context":"https:\/\/schema.org","@graph":[{"@type":"Article","@id":"https:\/\/kapitalis.com\/tunisie\/2022\/08\/08\/ticad-8-le-premier-ministre-japonais-sera-pour-la-premiere-fois-en-tunisie-et-au-maghreb\/#article","isPartOf":{"@id":"https:\/\/kapitalis.com\/tunisie\/2022\/08\/08\/ticad-8-le-premier-ministre-japonais-sera-pour-la-premiere-fois-en-tunisie-et-au-maghreb\/"},"author":{"name":"Cherif Benyounes","@id":"https:\/\/kapitalis.com\/tunisie\/#\/schema\/person\/b35b8d631961131107263178aeb8019e"},"headline":"Ticad 8 : Le premier ministre japonais sera, pour la premi\u00e8re fois, en Tunisie et au Maghreb","datePublished":"2022-08-08T08:42:29+00:00","dateModified":"2022-08-08T08:43:20+00:00","mainEntityOfPage":{"@id":"https:\/\/kapitalis.com\/tunisie\/2022\/08\/08\/ticad-8-le-premier-ministre-japonais-sera-pour-la-premiere-fois-en-tunisie-et-au-maghreb\/"},"wordCount":180,"commentCount":1,"publisher":{"@id":"https:\/\/kapitalis.com\/tunisie\/#organization"},"image":{"@id":"https:\/\/kapitalis.com\/tunisie\/2022\/08\/08\/ticad-8-le-premier-ministre-japonais-sera-pour-la-premiere-fois-en-tunisie-et-au-maghreb\/#primaryimage"},"thumbnailUrl":"https:\/\/kapitalis.com\/tunisie\/wp-content\/uploads\/2022\/08\/Fumio-Kishida.jpg","keywords":["Fumio Kishida","Ka\u00efs Darragi","Ka\u00efs Sa\u00efed","Ticad 8","Tunisie"],"articleSection":["ECONOMIE","POLITIQUE","Tunisie"],"inLanguage":"fr-FR","potentialAction":[{"@type":"CommentAction","name":"Comment","target":["https:\/\/kapitalis.com\/tunisie\/2022\/08\/08\/ticad-8-le-premier-ministre-japonais-sera-pour-la-premiere-fois-en-tunisie-et-au-maghreb\/#respond"]}]},{"@type":"WebPage","@id":"https:\/\/kapitalis.com\/tunisie\/2022\/08\/08\/ticad-8-le-premier-ministre-japonais-sera-pour-la-premiere-fois-en-tunisie-et-au-maghreb\/","url":"https:\/\/kapitalis.com\/tunisie\/2022\/08\/08\/ticad-8-le-premier-ministre-japonais-sera-pour-la-premiere-fois-en-tunisie-et-au-maghreb\/","name":"Ticad 8 : Le premier ministre japonais sera, pour la premi\u00e8re fois, en Tunisie et au Maghreb - Kapitalis","isPartOf":{"@id":"https:\/\/kapitalis.com\/tunisie\/#website"},"primaryImageOfPage":{"@id":"https:\/\/kapitalis.com\/tunisie\/2022\/08\/08\/ticad-8-le-premier-ministre-japonais-sera-pour-la-premiere-fois-en-tunisie-et-au-maghreb\/#primaryimage"},"image":{"@id":"https:\/\/kapitalis.com\/tunisie\/2022\/08\/08\/ticad-8-le-premier-ministre-japonais-sera-pour-la-premiere-fois-en-tunisie-et-au-maghreb\/#primaryimage"},"thumbnailUrl":"https:\/\/kapitalis.com\/tunisie\/wp-content\/uploads\/2022\/08\/Fumio-Kishida.jpg","datePublished":"2022-08-08T08:42:29+00:00","dateModified":"2022-08-08T08:43:20+00:00","breadcrumb":{"@id":"https:\/\/kapitalis.com\/tunisie\/2022\/08\/08\/ticad-8-le-premier-ministre-japonais-sera-pour-la-premiere-fois-en-tunisie-et-au-maghreb\/#breadcrumb"},"inLanguage":"fr-FR","potentialAction":[{"@type":"ReadAction","target":["https:\/\/kapitalis.com\/tunisie\/2022\/08\/08\/ticad-8-le-premier-ministre-japonais-sera-pour-la-premiere-fois-en-tunisie-et-au-maghreb\/"]}]},{"@type":"ImageObject","inLanguage":"fr-FR","@id":"https:\/\/kapitalis.com\/tunisie\/2022\/08\/08\/ticad-8-le-premier-ministre-japonais-sera-pour-la-premiere-fois-en-tunisie-et-au-maghreb\/#primaryimage","url":"https:\/\/kapitalis.com\/tunisie\/wp-content\/uploads\/2022\/08\/Fumio-Kishida.jpg","contentUrl":"https:\/\/kapitalis.com\/tunisie\/wp-content\/uploads\/2022\/08\/Fumio-Kishida.jpg","width":1200,"height":630},{"@type":"BreadcrumbList","@id":"https:\/\/kapitalis.com\/tunisie\/2022\/08\/08\/ticad-8-le-premier-ministre-japonais-sera-pour-la-premiere-fois-en-tunisie-et-au-maghreb\/#breadcrumb","itemListElement":[{"@type":"ListItem","position":1,"name":"Accueil","item":"https:\/\/kapitalis.com\/tunisie\/"},{"@type":"ListItem","position":2,"name":"Ticad 8 : Le premier ministre japonais sera, pour la premi\u00e8re fois, en Tunisie et au Maghreb"}]},{"@type":"WebSite","@id":"https:\/\/kapitalis.com\/tunisie\/#website","url":"https:\/\/kapitalis.com\/tunisie\/","name":"Kapitalis","description":"L&#039;actualit\u00e9 en Tunisie et dans le monde","publisher":{"@id":"https:\/\/kapitalis.com\/tunisie\/#organization"},"potentialAction":[{"@type":"SearchAction","target":{"@type":"EntryPoint","urlTemplate":"https:\/\/kapitalis.com\/tunisie\/?s={search_term_string}"},"query-input":{"@type":"PropertyValueSpecification","valueRequired":true,"valueName":"search_term_string"}}],"inLanguage":"fr-FR"},{"@type":"Organization","@id":"https:\/\/kapitalis.com\/tunisie\/#organization","name":"Kapitalis","url":"https:\/\/kapitalis.com\/tunisie\/","logo":{"@type":"ImageObject","inLanguage":"fr-FR","@id":"https:\/\/kapitalis.com\/tunisie\/#\/schema\/logo\/image\/","url":"https:\/\/kapitalis.com\/tunisie\/wp-content\/uploads\/2022\/05\/Kapitalis-big-size.png","contentUrl":"https:\/\/kapitalis.com\/tunisie\/wp-content\/uploads\/2022\/05\/Kapitalis-big-size.png","width":5000,"height":1500,"caption":"Kapitalis"},"image":{"@id":"https:\/\/kapitalis.com\/tunisie\/#\/schema\/logo\/image\/"},"sameAs":["https:\/\/www.facebook.com\/KapitalisInfo\/","https:\/\/x.com\/KapitalisInfo","https:\/\/www.youtube.com\/channel\/UC-yDYrHyfFBWWZaOw3FPg9Q"]},{"@type":"Person","@id":"https:\/\/kapitalis.com\/tunisie\/#\/schema\/person\/b35b8d631961131107263178aeb8019e","name":"Cherif Benyounes","url":"https:\/\/kapitalis.com\/tunisie\/author\/cherif\/"}]}},"_links":{"self":[{"href":"https:\/\/kapitalis.com\/tunisie\/wp-json\/wp\/v2\/posts\/2878647","targetHints":{"allow":["GET"]}}],"collection":[{"href":"https:\/\/kapitalis.com\/tunisie\/wp-json\/wp\/v2\/posts"}],"about":[{"href":"https:\/\/kapitalis.com\/tunisie\/wp-json\/wp\/v2\/types\/post"}],"author":[{"embeddable":true,"href":"https:\/\/kapitalis.com\/tunisie\/wp-json\/wp\/v2\/users\/24"}],"replies":[{"embeddable":true,"href":"https:\/\/kapitalis.com\/tunisie\/wp-json\/wp\/v2\/comments?post=2878647"}],"version-history":[{"count":0,"href":"https:\/\/kapitalis.com\/tunisie\/wp-json\/wp\/v2\/posts\/2878647\/revisions"}],"wp:featuredmedia":[{"embeddable":true,"href":"https:\/\/kapitalis.com\/tunisie\/wp-json\/wp\/v2\/media\/2878933"}],"wp:attachment":[{"href":"https:\/\/kapitalis.com\/tunisie\/wp-json\/wp\/v2\/media?parent=2878647"}],"wp:term":[{"taxonomy":"category","embeddable":true,"href":"https:\/\/kapitalis.com\/tunisie\/wp-json\/wp\/v2\/categories?post=2878647"},{"taxonomy":"post_tag","embeddable":true,"href":"https:\/\/kapitalis.com\/tunisie\/wp-json\/wp\/v2\/tags?post=2878647"}],"curies":[{"name":"wp","href":"https:\/\/api.w.org\/{rel}","templated":true}]}}