{"id":288095,"date":"2020-03-14T12:12:52","date_gmt":"2020-03-14T11:12:52","guid":{"rendered":"http:\/\/kapitalis.com\/tunisie\/?p=288095"},"modified":"2020-03-14T12:12:54","modified_gmt":"2020-03-14T11:12:54","slug":"commerce-sidi-bouzid-ferme-son-marche-hebdomadaire","status":"publish","type":"post","link":"https:\/\/kapitalis.com\/tunisie\/2020\/03\/14\/commerce-sidi-bouzid-ferme-son-marche-hebdomadaire\/","title":{"rendered":"Commerce : Sidi Bouzid ferme son march\u00e9 hebdomadaire"},"content":{"rendered":"\n<figure class=\"wp-block-image size-large\"><img decoding=\"async\" src=\"http:\/\/kapitalis.com\/tunisie\/wp-content\/uploads\/2020\/03\/sidi-bouzid..jpg\" alt=\"\" class=\"wp-image-288096\"\/><\/figure>\n\n\n\n<p><em><strong>Le march\u00e9 hebdomadaire de la ville de <a rel=\"noreferrer noopener\" aria-label=\"Sidi Bouzid (s\u2019ouvre dans un nouvel onglet)\" href=\"https:\/\/www.facebook.com\/pg\/CommuneSidiBouzid\/posts\/?ref=page_internal\" target=\"_blank\">Sidi Bouzid<\/a>, au centre de la Tunisie, a ferm\u00e9 ses portes ce samedi 14 mars 2020, afin d&rsquo;\u00e9viter la propagation du coronavirus (Covid-19). <\/strong><\/em><\/p>\n\n\n\n<!--more-->\n\n\n\n<p>Suite \u00e0 la fermeture du march\u00e9 hebdomadaire et, notamment, du march\u00e9 des animaux se tenant concomitamment, les forces de s\u00e9curit\u00e9 se sont positionn\u00e9es aux entr\u00e9es de la ville, demandant aux voitures des commer\u00e7ants de rebrousser chemin. <\/p>\n\n\n\n<p>Cette mesure est prise pour enrayer le risque de propagation du coronavirus, sachant que les march\u00e9s attirent toujours une foule de gens, qui risquent d&rsquo;\u00eatre facilement infect\u00e9s vu la promiscuit\u00e9.<\/p>\n\n\n\n<p class=\"has-text-align-right\"><strong>A. M.<\/strong><\/p>\n","protected":false},"excerpt":{"rendered":"<p>Le march\u00e9 hebdomadaire de la ville de Sidi Bouzid, au centre de la Tunisie, a ferm\u00e9 ses portes ce samedi 14 mars 2020, afin d&rsquo;\u00e9viter la propagation du coronavirus (Covid-19).<\/p>\n","protected":false},"author":22,"featured_media":0,"comment_status":"open","ping_status":"open","sticky":false,"template":"","format":"standard","meta":{"footnotes":""},"categories":[998,2433],"tags":[73060,76512,828],"class_list":["post-288095","post","type-post","status-publish","format-standard","hentry","category-societe","category-tunisie","tag-coronavirus","tag-marche-de-daouab","tag-sidi-bouzid"],"yoast_head":"<!-- This site is optimized with the Yoast SEO plugin v26.6 - https:\/\/yoast.com\/wordpress\/plugins\/seo\/ -->\n<title>Commerce : Sidi Bouzid ferme son march\u00e9 hebdomadaire - Kapitalis<\/title>\n<meta name=\"robots\" content=\"index, follow, max-snippet:-1, max-image-preview:large, max-video-preview:-1\" \/>\n<link rel=\"canonical\" href=\"https:\/\/kapitalis.com\/tunisie\/2020\/03\/14\/commerce-sidi-bouzid-ferme-son-marche-hebdomadaire\/\" \/>\n<meta property=\"og:locale\" content=\"fr_FR\" \/>\n<meta property=\"og:type\" content=\"article\" \/>\n<meta property=\"og:title\" content=\"Commerce : Sidi Bouzid ferme son march\u00e9 hebdomadaire - Kapitalis\" \/>\n<meta property=\"og:description\" content=\"Le march\u00e9 hebdomadaire de la ville de Sidi Bouzid, au centre de la Tunisie, a ferm\u00e9 ses portes ce samedi 14 mars 2020, afin d&rsquo;\u00e9viter la propagation du coronavirus (Covid-19).\" \/>\n<meta property=\"og:url\" content=\"https:\/\/kapitalis.com\/tunisie\/2020\/03\/14\/commerce-sidi-bouzid-ferme-son-marche-hebdomadaire\/\" \/>\n<meta property=\"og:site_name\" content=\"Kapitalis\" \/>\n<meta property=\"article:publisher\" content=\"https:\/\/www.facebook.com\/KapitalisInfo\/\" \/>\n<meta property=\"article:published_time\" content=\"2020-03-14T11:12:52+00:00\" \/>\n<meta property=\"article:modified_time\" content=\"2020-03-14T11:12:54+00:00\" \/>\n<meta property=\"og:image\" content=\"http:\/\/kapitalis.com\/tunisie\/wp-content\/uploads\/2020\/03\/sidi-bouzid..jpg\" \/>\n<meta name=\"author\" content=\"Amina Mkada\" \/>\n<meta name=\"twitter:card\" content=\"summary_large_image\" \/>\n<meta name=\"twitter:creator\" content=\"@KapitalisInfo\" \/>\n<meta name=\"twitter:site\" content=\"@KapitalisInfo\" \/>\n<meta name=\"twitter:label1\" content=\"\u00c9crit par\" \/>\n\t<meta name=\"twitter:data1\" content=\"Amina Mkada\" \/>\n\t<meta name=\"twitter:label2\" content=\"Dur\u00e9e de lecture estim\u00e9e\" \/>\n\t<meta name=\"twitter:data2\" content=\"1 minute\" \/>\n<script type=\"application\/ld+json\" class=\"yoast-schema-graph\">{\"@context\":\"https:\/\/schema.org\",\"@graph\":[{\"@type\":\"Article\",\"@id\":\"https:\/\/kapitalis.com\/tunisie\/2020\/03\/14\/commerce-sidi-bouzid-ferme-son-marche-hebdomadaire\/#article\",\"isPartOf\":{\"@id\":\"https:\/\/kapitalis.com\/tunisie\/2020\/03\/14\/commerce-sidi-bouzid-ferme-son-marche-hebdomadaire\/\"},\"author\":{\"name\":\"Amina Mkada\",\"@id\":\"https:\/\/kapitalis.com\/tunisie\/#\/schema\/person\/093913313d3017554cb3ad077fff3fbd\"},\"headline\":\"Commerce : Sidi Bouzid ferme son march\u00e9 hebdomadaire\",\"datePublished\":\"2020-03-14T11:12:52+00:00\",\"dateModified\":\"2020-03-14T11:12:54+00:00\",\"mainEntityOfPage\":{\"@id\":\"https:\/\/kapitalis.com\/tunisie\/2020\/03\/14\/commerce-sidi-bouzid-ferme-son-marche-hebdomadaire\/\"},\"wordCount\":110,\"commentCount\":0,\"publisher\":{\"@id\":\"https:\/\/kapitalis.com\/tunisie\/#organization\"},\"image\":{\"@id\":\"https:\/\/kapitalis.com\/tunisie\/2020\/03\/14\/commerce-sidi-bouzid-ferme-son-marche-hebdomadaire\/#primaryimage\"},\"thumbnailUrl\":\"http:\/\/kapitalis.com\/tunisie\/wp-content\/uploads\/2020\/03\/sidi-bouzid..jpg\",\"keywords\":[\"Coronavirus\",\"March\u00e9 de Daouab\",\"Sidi Bouzid\"],\"articleSection\":[\"SOCIETE\",\"Tunisie\"],\"inLanguage\":\"fr-FR\",\"potentialAction\":[{\"@type\":\"CommentAction\",\"name\":\"Comment\",\"target\":[\"https:\/\/kapitalis.com\/tunisie\/2020\/03\/14\/commerce-sidi-bouzid-ferme-son-marche-hebdomadaire\/#respond\"]}]},{\"@type\":\"WebPage\",\"@id\":\"https:\/\/kapitalis.com\/tunisie\/2020\/03\/14\/commerce-sidi-bouzid-ferme-son-marche-hebdomadaire\/\",\"url\":\"https:\/\/kapitalis.com\/tunisie\/2020\/03\/14\/commerce-sidi-bouzid-ferme-son-marche-hebdomadaire\/\",\"name\":\"Commerce : Sidi Bouzid ferme son march\u00e9 hebdomadaire - Kapitalis\",\"isPartOf\":{\"@id\":\"https:\/\/kapitalis.com\/tunisie\/#website\"},\"primaryImageOfPage\":{\"@id\":\"https:\/\/kapitalis.com\/tunisie\/2020\/03\/14\/commerce-sidi-bouzid-ferme-son-marche-hebdomadaire\/#primaryimage\"},\"image\":{\"@id\":\"https:\/\/kapitalis.com\/tunisie\/2020\/03\/14\/commerce-sidi-bouzid-ferme-son-marche-hebdomadaire\/#primaryimage\"},\"thumbnailUrl\":\"http:\/\/kapitalis.com\/tunisie\/wp-content\/uploads\/2020\/03\/sidi-bouzid..jpg\",\"datePublished\":\"2020-03-14T11:12:52+00:00\",\"dateModified\":\"2020-03-14T11:12:54+00:00\",\"breadcrumb\":{\"@id\":\"https:\/\/kapitalis.com\/tunisie\/2020\/03\/14\/commerce-sidi-bouzid-ferme-son-marche-hebdomadaire\/#breadcrumb\"},\"inLanguage\":\"fr-FR\",\"potentialAction\":[{\"@type\":\"ReadAction\",\"target\":[\"https:\/\/kapitalis.com\/tunisie\/2020\/03\/14\/commerce-sidi-bouzid-ferme-son-marche-hebdomadaire\/\"]}]},{\"@type\":\"ImageObject\",\"inLanguage\":\"fr-FR\",\"@id\":\"https:\/\/kapitalis.com\/tunisie\/2020\/03\/14\/commerce-sidi-bouzid-ferme-son-marche-hebdomadaire\/#primaryimage\",\"url\":\"\",\"contentUrl\":\"\"},{\"@type\":\"BreadcrumbList\",\"@id\":\"https:\/\/kapitalis.com\/tunisie\/2020\/03\/14\/commerce-sidi-bouzid-ferme-son-marche-hebdomadaire\/#breadcrumb\",\"itemListElement\":[{\"@type\":\"ListItem\",\"position\":1,\"name\":\"Accueil\",\"item\":\"https:\/\/kapitalis.com\/tunisie\/\"},{\"@type\":\"ListItem\",\"position\":2,\"name\":\"Commerce : Sidi Bouzid ferme son march\u00e9 hebdomadaire\"}]},{\"@type\":\"WebSite\",\"@id\":\"https:\/\/kapitalis.com\/tunisie\/#website\",\"url\":\"https:\/\/kapitalis.com\/tunisie\/\",\"name\":\"Kapitalis\",\"description\":\"L&#039;actualit\u00e9 en Tunisie et dans le monde\",\"publisher\":{\"@id\":\"https:\/\/kapitalis.com\/tunisie\/#organization\"},\"potentialAction\":[{\"@type\":\"SearchAction\",\"target\":{\"@type\":\"EntryPoint\",\"urlTemplate\":\"https:\/\/kapitalis.com\/tunisie\/?s={search_term_string}\"},\"query-input\":{\"@type\":\"PropertyValueSpecification\",\"valueRequired\":true,\"valueName\":\"search_term_string\"}}],\"inLanguage\":\"fr-FR\"},{\"@type\":\"Organization\",\"@id\":\"https:\/\/kapitalis.com\/tunisie\/#organization\",\"name\":\"Kapitalis\",\"url\":\"https:\/\/kapitalis.com\/tunisie\/\",\"logo\":{\"@type\":\"ImageObject\",\"inLanguage\":\"fr-FR\",\"@id\":\"https:\/\/kapitalis.com\/tunisie\/#\/schema\/logo\/image\/\",\"url\":\"https:\/\/kapitalis.com\/tunisie\/wp-content\/uploads\/2022\/05\/Kapitalis-big-size.png\",\"contentUrl\":\"https:\/\/kapitalis.com\/tunisie\/wp-content\/uploads\/2022\/05\/Kapitalis-big-size.png\",\"width\":5000,\"height\":1500,\"caption\":\"Kapitalis\"},\"image\":{\"@id\":\"https:\/\/kapitalis.com\/tunisie\/#\/schema\/logo\/image\/\"},\"sameAs\":[\"https:\/\/www.facebook.com\/KapitalisInfo\/\",\"https:\/\/x.com\/KapitalisInfo\",\"https:\/\/www.youtube.com\/channel\/UC-yDYrHyfFBWWZaOw3FPg9Q\"]},{\"@type\":\"Person\",\"@id\":\"https:\/\/kapitalis.com\/tunisie\/#\/schema\/person\/093913313d3017554cb3ad077fff3fbd\",\"name\":\"Amina Mkada\",\"url\":\"https:\/\/kapitalis.com\/tunisie\/author\/amina\/\"}]}<\/script>\n<!-- \/ Yoast SEO plugin. -->","yoast_head_json":{"title":"Commerce : Sidi Bouzid ferme son march\u00e9 hebdomadaire - Kapitalis","robots":{"index":"index","follow":"follow","max-snippet":"max-snippet:-1","max-image-preview":"max-image-preview:large","max-video-preview":"max-video-preview:-1"},"canonical":"https:\/\/kapitalis.com\/tunisie\/2020\/03\/14\/commerce-sidi-bouzid-ferme-son-marche-hebdomadaire\/","og_locale":"fr_FR","og_type":"article","og_title":"Commerce : Sidi Bouzid ferme son march\u00e9 hebdomadaire - Kapitalis","og_description":"Le march\u00e9 hebdomadaire de la ville de Sidi Bouzid, au centre de la Tunisie, a ferm\u00e9 ses portes ce samedi 14 mars 2020, afin d&rsquo;\u00e9viter la propagation du coronavirus (Covid-19).","og_url":"https:\/\/kapitalis.com\/tunisie\/2020\/03\/14\/commerce-sidi-bouzid-ferme-son-marche-hebdomadaire\/","og_site_name":"Kapitalis","article_publisher":"https:\/\/www.facebook.com\/KapitalisInfo\/","article_published_time":"2020-03-14T11:12:52+00:00","article_modified_time":"2020-03-14T11:12:54+00:00","og_image":[{"url":"http:\/\/kapitalis.com\/tunisie\/wp-content\/uploads\/2020\/03\/sidi-bouzid..jpg","type":"","width":"","height":""}],"author":"Amina Mkada","twitter_card":"summary_large_image","twitter_creator":"@KapitalisInfo","twitter_site":"@KapitalisInfo","twitter_misc":{"\u00c9crit par":"Amina Mkada","Dur\u00e9e de lecture estim\u00e9e":"1 minute"},"schema":{"@context":"https:\/\/schema.org","@graph":[{"@type":"Article","@id":"https:\/\/kapitalis.com\/tunisie\/2020\/03\/14\/commerce-sidi-bouzid-ferme-son-marche-hebdomadaire\/#article","isPartOf":{"@id":"https:\/\/kapitalis.com\/tunisie\/2020\/03\/14\/commerce-sidi-bouzid-ferme-son-marche-hebdomadaire\/"},"author":{"name":"Amina Mkada","@id":"https:\/\/kapitalis.com\/tunisie\/#\/schema\/person\/093913313d3017554cb3ad077fff3fbd"},"headline":"Commerce : Sidi Bouzid ferme son march\u00e9 hebdomadaire","datePublished":"2020-03-14T11:12:52+00:00","dateModified":"2020-03-14T11:12:54+00:00","mainEntityOfPage":{"@id":"https:\/\/kapitalis.com\/tunisie\/2020\/03\/14\/commerce-sidi-bouzid-ferme-son-marche-hebdomadaire\/"},"wordCount":110,"commentCount":0,"publisher":{"@id":"https:\/\/kapitalis.com\/tunisie\/#organization"},"image":{"@id":"https:\/\/kapitalis.com\/tunisie\/2020\/03\/14\/commerce-sidi-bouzid-ferme-son-marche-hebdomadaire\/#primaryimage"},"thumbnailUrl":"http:\/\/kapitalis.com\/tunisie\/wp-content\/uploads\/2020\/03\/sidi-bouzid..jpg","keywords":["Coronavirus","March\u00e9 de Daouab","Sidi Bouzid"],"articleSection":["SOCIETE","Tunisie"],"inLanguage":"fr-FR","potentialAction":[{"@type":"CommentAction","name":"Comment","target":["https:\/\/kapitalis.com\/tunisie\/2020\/03\/14\/commerce-sidi-bouzid-ferme-son-marche-hebdomadaire\/#respond"]}]},{"@type":"WebPage","@id":"https:\/\/kapitalis.com\/tunisie\/2020\/03\/14\/commerce-sidi-bouzid-ferme-son-marche-hebdomadaire\/","url":"https:\/\/kapitalis.com\/tunisie\/2020\/03\/14\/commerce-sidi-bouzid-ferme-son-marche-hebdomadaire\/","name":"Commerce : Sidi Bouzid ferme son march\u00e9 hebdomadaire - Kapitalis","isPartOf":{"@id":"https:\/\/kapitalis.com\/tunisie\/#website"},"primaryImageOfPage":{"@id":"https:\/\/kapitalis.com\/tunisie\/2020\/03\/14\/commerce-sidi-bouzid-ferme-son-marche-hebdomadaire\/#primaryimage"},"image":{"@id":"https:\/\/kapitalis.com\/tunisie\/2020\/03\/14\/commerce-sidi-bouzid-ferme-son-marche-hebdomadaire\/#primaryimage"},"thumbnailUrl":"http:\/\/kapitalis.com\/tunisie\/wp-content\/uploads\/2020\/03\/sidi-bouzid..jpg","datePublished":"2020-03-14T11:12:52+00:00","dateModified":"2020-03-14T11:12:54+00:00","breadcrumb":{"@id":"https:\/\/kapitalis.com\/tunisie\/2020\/03\/14\/commerce-sidi-bouzid-ferme-son-marche-hebdomadaire\/#breadcrumb"},"inLanguage":"fr-FR","potentialAction":[{"@type":"ReadAction","target":["https:\/\/kapitalis.com\/tunisie\/2020\/03\/14\/commerce-sidi-bouzid-ferme-son-marche-hebdomadaire\/"]}]},{"@type":"ImageObject","inLanguage":"fr-FR","@id":"https:\/\/kapitalis.com\/tunisie\/2020\/03\/14\/commerce-sidi-bouzid-ferme-son-marche-hebdomadaire\/#primaryimage","url":"","contentUrl":""},{"@type":"BreadcrumbList","@id":"https:\/\/kapitalis.com\/tunisie\/2020\/03\/14\/commerce-sidi-bouzid-ferme-son-marche-hebdomadaire\/#breadcrumb","itemListElement":[{"@type":"ListItem","position":1,"name":"Accueil","item":"https:\/\/kapitalis.com\/tunisie\/"},{"@type":"ListItem","position":2,"name":"Commerce : Sidi Bouzid ferme son march\u00e9 hebdomadaire"}]},{"@type":"WebSite","@id":"https:\/\/kapitalis.com\/tunisie\/#website","url":"https:\/\/kapitalis.com\/tunisie\/","name":"Kapitalis","description":"L&#039;actualit\u00e9 en Tunisie et dans le monde","publisher":{"@id":"https:\/\/kapitalis.com\/tunisie\/#organization"},"potentialAction":[{"@type":"SearchAction","target":{"@type":"EntryPoint","urlTemplate":"https:\/\/kapitalis.com\/tunisie\/?s={search_term_string}"},"query-input":{"@type":"PropertyValueSpecification","valueRequired":true,"valueName":"search_term_string"}}],"inLanguage":"fr-FR"},{"@type":"Organization","@id":"https:\/\/kapitalis.com\/tunisie\/#organization","name":"Kapitalis","url":"https:\/\/kapitalis.com\/tunisie\/","logo":{"@type":"ImageObject","inLanguage":"fr-FR","@id":"https:\/\/kapitalis.com\/tunisie\/#\/schema\/logo\/image\/","url":"https:\/\/kapitalis.com\/tunisie\/wp-content\/uploads\/2022\/05\/Kapitalis-big-size.png","contentUrl":"https:\/\/kapitalis.com\/tunisie\/wp-content\/uploads\/2022\/05\/Kapitalis-big-size.png","width":5000,"height":1500,"caption":"Kapitalis"},"image":{"@id":"https:\/\/kapitalis.com\/tunisie\/#\/schema\/logo\/image\/"},"sameAs":["https:\/\/www.facebook.com\/KapitalisInfo\/","https:\/\/x.com\/KapitalisInfo","https:\/\/www.youtube.com\/channel\/UC-yDYrHyfFBWWZaOw3FPg9Q"]},{"@type":"Person","@id":"https:\/\/kapitalis.com\/tunisie\/#\/schema\/person\/093913313d3017554cb3ad077fff3fbd","name":"Amina Mkada","url":"https:\/\/kapitalis.com\/tunisie\/author\/amina\/"}]}},"_links":{"self":[{"href":"https:\/\/kapitalis.com\/tunisie\/wp-json\/wp\/v2\/posts\/288095","targetHints":{"allow":["GET"]}}],"collection":[{"href":"https:\/\/kapitalis.com\/tunisie\/wp-json\/wp\/v2\/posts"}],"about":[{"href":"https:\/\/kapitalis.com\/tunisie\/wp-json\/wp\/v2\/types\/post"}],"author":[{"embeddable":true,"href":"https:\/\/kapitalis.com\/tunisie\/wp-json\/wp\/v2\/users\/22"}],"replies":[{"embeddable":true,"href":"https:\/\/kapitalis.com\/tunisie\/wp-json\/wp\/v2\/comments?post=288095"}],"version-history":[{"count":0,"href":"https:\/\/kapitalis.com\/tunisie\/wp-json\/wp\/v2\/posts\/288095\/revisions"}],"wp:attachment":[{"href":"https:\/\/kapitalis.com\/tunisie\/wp-json\/wp\/v2\/media?parent=288095"}],"wp:term":[{"taxonomy":"category","embeddable":true,"href":"https:\/\/kapitalis.com\/tunisie\/wp-json\/wp\/v2\/categories?post=288095"},{"taxonomy":"post_tag","embeddable":true,"href":"https:\/\/kapitalis.com\/tunisie\/wp-json\/wp\/v2\/tags?post=288095"}],"curies":[{"name":"wp","href":"https:\/\/api.w.org\/{rel}","templated":true}]}}