{"id":288590,"date":"2020-03-16T22:20:22","date_gmt":"2020-03-16T21:20:22","guid":{"rendered":"http:\/\/kapitalis.com\/tunisie\/?p=288590"},"modified":"2020-03-17T07:48:59","modified_gmt":"2020-03-17T06:48:59","slug":"coronavirus-tunisie-le-chef-du-gouvernement-annonce-les-nouvelles-mesures-video","status":"publish","type":"post","link":"https:\/\/kapitalis.com\/tunisie\/2020\/03\/16\/coronavirus-tunisie-le-chef-du-gouvernement-annonce-les-nouvelles-mesures-video\/","title":{"rendered":"Coronavirus-Tunisie : Le chef du gouvernement annonce de nouvelles mesures pr\u00e9ventives (Vid\u00e9o)"},"content":{"rendered":"\n<figure class=\"wp-block-image size-large\"><img decoding=\"async\" src=\"http:\/\/kapitalis.com\/tunisie\/wp-content\/uploads\/2020\/03\/Elyes-Fakhfakh-2.jpg\" alt=\"\" class=\"wp-image-288594\"\/><\/figure>\n\n\n\n<p><strong><em>\u00abAvec 24 cas confirm\u00e9s en Tunisie, la situation reste sous contr\u00f4le\u00bb, a indiqu\u00e9 le chef du gouvernement, Elyes Fakhfakh ce soir, lundi 16 mars 2020, lors de son intervention sur la cha\u00eene Watania 1, o\u00f9 il a annonc\u00e9 les nouvelles mesures prises par le gouvernement afin de renforcer la strat\u00e9gie nationale de pr\u00e9vention contre le coronavirus.<\/em><\/strong><\/p>\n\n\n\n<!--more-->\n\n\n\n<p>S\u2019adressant au peuple tunisien, Elyes Fakhfakh s&rsquo;est montr\u00e9 rassurant en affirmant que le respect des mesures pr\u00e9ventives, essentiellement la mesure d&rsquo;isolement, la solidarit\u00e9 et l&rsquo;effort commun permettront \u00e0 la Tunisie d&rsquo;\u00e9viter la propagation \u00e0 grande \u00e9chelle du covid-19. Mais il n&rsquo;a pas omis d&rsquo;appeler \u00e0 la vigilance et au respect rigoureux des mesures de protection et de pr\u00e9vention aux niveaux individuel et collectif. <\/p>\n\n\n\n<p>Il a ainsi \u00e9t\u00e9 d\u00e9cid\u00e9 de fermer les fronti\u00e8res a\u00e9riennes et terrestres (sauf pour le transport de certaines marchandises et les vols de rapatriement), d&rsquo;interdire les rassemblements, notamment dans les souks, les hammams, les salles de f\u00eates, et autres espaces, fix\u00e9s par les autorit\u00e9s locales. <\/p>\n\n\n\n<figure class=\"wp-block-embed-facebook wp-block-embed is-type-video is-provider-facebook\"><div class=\"wp-block-embed__wrapper\">\nhttps:\/\/www.facebook.com\/TVN.Tunisie\/videos\/2557940314524586\/\n<\/div><\/figure>\n\n\n\n<p>Elyes Fakhfakh a \u00e9galement annonc\u00e9 le travail en s\u00e9ance unique durant 5 heures par jour, sur deux plages horaires diff\u00e9rentes, pour d\u00e9sencombrer un tant soit peu les moyens de transport, ainsi que le report de tous les \u00e9v\u00e9nements sportifs, tout en affirmant que le gouvernement \u0153uvre \u00e0 la mise en place d\u2019un plan de protection, en collaboration des diff\u00e9rents d\u00e9partements concern\u00e9s, des Ong et des organisations internationales, afin de pouvoir faire face avec plus d&rsquo;efficacit\u00e9 au pic de la pand\u00e9mie, si elle venait \u00e0 \u00e9voluer en Tunisie.<\/p>\n\n\n\n<p>\u00ab<em>Avec 24 cas confirm\u00e9s en Tunisie, la situation reste sous contr\u00f4le mais il faut rester vigilant.<\/em> <em>Le respect de l&rsquo;isolement \u00e0 domicile, que certains continuent \u00e0 ne pas respecter, permettra d&rsquo;\u00e9viter les contagions<\/em>. <em>Sans cela, on pourrait passer \u00e0 des centaines voire des milliers de contamin\u00e9s<\/em>\u00bb, a averti M. Fakhfakh, en rappelant que la situation dans le monde et essentiellement en Europe a \u00e9t\u00e9 aggrav\u00e9e par le non respect de cette mesure et en appelant les Tunisiens \u00e0 respecter scrupuleusement les consignes et \u00e0 contribuer \u00e0 cette lutte contre le coronavirus.<\/p>\n\n\n\n<p>Le chef du gouvernement a aussi tenu \u00e0 remercier les Tunisiens, les acteurs de la soci\u00e9t\u00e9 civile et les professionnels du secteur de la sant\u00e9 ainsi que les forces s\u00e9curitaires, pour leur d\u00e9vouement et leur engagement.<\/p>\n\n\n\n<p>\u00ab<em>Nous devons tout mettre en \u0153uvre pour \u00e9viter que cette dure \u00e9preuve cause la perte de vies humaines, ou , du moins, minimiser les pertes. Nous allons nous en sortir et nous en sortirons probablement plus forts, avec cet \u00e9lan de patriotisme et cette unit\u00e9 nationale, pour construire la Tunisie dont nous r\u00eavons\u00bb,<\/em> a-t-il conclu, sur une note positive. Mais la solennit\u00e9 du discours \u00e9tait \u00e0 la hauteur de la gravit\u00e9 du moment<\/p>\n\n\n\n<p class=\"has-text-align-right\"><strong>Y. N.<\/strong><\/p>\n","protected":false},"excerpt":{"rendered":"<p>\u00abAvec 24 cas confirm\u00e9s en Tunisie, la situation reste sous contr\u00f4le\u00bb, a indiqu\u00e9 le chef du gouvernement, Elyes Fakhfakh ce soir, lundi 16 mars 2020, lors de son intervention sur la cha\u00eene Watania 1, o\u00f9 il a annonc\u00e9 les nouvelles mesures prises par le gouvernement afin de renforcer la strat\u00e9gie nationale de pr\u00e9vention contre le&#8230;<\/p>\n","protected":false},"author":6,"featured_media":288594,"comment_status":"open","ping_status":"open","sticky":false,"template":"","format":"standard","meta":{"footnotes":""},"categories":[997,2433,4806],"tags":[76446,73060,75291,63723,2682,418,767,810,62643],"class_list":["post-288590","post","type-post","status-publish","format-standard","has-post-thumbnail","hentry","category-politique","category-tunisie","category-videos","tag-contaminations","tag-coronavirus","tag-covid-19","tag-elyes-fakhfakh","tag-frontieres","tag-gouvernement","tag-rassemblement","tag-sante","tag-tunisie"],"yoast_head":"<!-- This site is optimized with the Yoast SEO plugin v26.6 - https:\/\/yoast.com\/wordpress\/plugins\/seo\/ -->\n<title>Coronavirus-Tunisie : Le chef du gouvernement annonce de nouvelles mesures pr\u00e9ventives (Vid\u00e9o) - Kapitalis<\/title>\n<meta name=\"robots\" content=\"index, follow, max-snippet:-1, max-image-preview:large, max-video-preview:-1\" \/>\n<link rel=\"canonical\" href=\"https:\/\/kapitalis.com\/tunisie\/2020\/03\/16\/coronavirus-tunisie-le-chef-du-gouvernement-annonce-les-nouvelles-mesures-video\/\" \/>\n<meta property=\"og:locale\" content=\"fr_FR\" \/>\n<meta property=\"og:type\" content=\"article\" \/>\n<meta property=\"og:title\" content=\"Coronavirus-Tunisie : Le chef du gouvernement annonce de nouvelles mesures pr\u00e9ventives (Vid\u00e9o) - Kapitalis\" \/>\n<meta property=\"og:description\" content=\"\u00abAvec 24 cas confirm\u00e9s en Tunisie, la situation reste sous contr\u00f4le\u00bb, a indiqu\u00e9 le chef du gouvernement, Elyes Fakhfakh ce soir, lundi 16 mars 2020, lors de son intervention sur la cha\u00eene Watania 1, o\u00f9 il a annonc\u00e9 les nouvelles mesures prises par le gouvernement afin de renforcer la strat\u00e9gie nationale de pr\u00e9vention contre le...\" \/>\n<meta property=\"og:url\" content=\"https:\/\/kapitalis.com\/tunisie\/2020\/03\/16\/coronavirus-tunisie-le-chef-du-gouvernement-annonce-les-nouvelles-mesures-video\/\" \/>\n<meta property=\"og:site_name\" content=\"Kapitalis\" \/>\n<meta property=\"article:publisher\" content=\"https:\/\/www.facebook.com\/KapitalisInfo\/\" \/>\n<meta property=\"article:published_time\" content=\"2020-03-16T21:20:22+00:00\" \/>\n<meta property=\"article:modified_time\" content=\"2020-03-17T06:48:59+00:00\" \/>\n<meta property=\"og:image\" content=\"https:\/\/kapitalis.com\/tunisie\/wp-content\/uploads\/2022\/05\/kapitalis-logo-fb.png\" \/>\n\t<meta property=\"og:image:width\" content=\"1200\" \/>\n\t<meta property=\"og:image:height\" content=\"630\" \/>\n\t<meta property=\"og:image:type\" content=\"image\/png\" \/>\n<meta name=\"author\" content=\"Yusra NY\" \/>\n<meta name=\"twitter:card\" content=\"summary_large_image\" \/>\n<meta name=\"twitter:creator\" content=\"@KapitalisInfo\" \/>\n<meta name=\"twitter:site\" content=\"@KapitalisInfo\" \/>\n<meta name=\"twitter:label1\" content=\"\u00c9crit par\" \/>\n\t<meta name=\"twitter:data1\" content=\"Yusra NY\" \/>\n\t<meta name=\"twitter:label2\" content=\"Dur\u00e9e de lecture estim\u00e9e\" \/>\n\t<meta name=\"twitter:data2\" content=\"2 minutes\" \/>\n<script type=\"application\/ld+json\" class=\"yoast-schema-graph\">{\"@context\":\"https:\/\/schema.org\",\"@graph\":[{\"@type\":\"Article\",\"@id\":\"https:\/\/kapitalis.com\/tunisie\/2020\/03\/16\/coronavirus-tunisie-le-chef-du-gouvernement-annonce-les-nouvelles-mesures-video\/#article\",\"isPartOf\":{\"@id\":\"https:\/\/kapitalis.com\/tunisie\/2020\/03\/16\/coronavirus-tunisie-le-chef-du-gouvernement-annonce-les-nouvelles-mesures-video\/\"},\"author\":{\"name\":\"Yusra NY\",\"@id\":\"https:\/\/kapitalis.com\/tunisie\/#\/schema\/person\/74bbde0154d49d790a92aaeac5bc01d5\"},\"headline\":\"Coronavirus-Tunisie : Le chef du gouvernement annonce de nouvelles mesures pr\u00e9ventives (Vid\u00e9o)\",\"datePublished\":\"2020-03-16T21:20:22+00:00\",\"dateModified\":\"2020-03-17T06:48:59+00:00\",\"mainEntityOfPage\":{\"@id\":\"https:\/\/kapitalis.com\/tunisie\/2020\/03\/16\/coronavirus-tunisie-le-chef-du-gouvernement-annonce-les-nouvelles-mesures-video\/\"},\"wordCount\":486,\"commentCount\":21,\"publisher\":{\"@id\":\"https:\/\/kapitalis.com\/tunisie\/#organization\"},\"image\":{\"@id\":\"https:\/\/kapitalis.com\/tunisie\/2020\/03\/16\/coronavirus-tunisie-le-chef-du-gouvernement-annonce-les-nouvelles-mesures-video\/#primaryimage\"},\"thumbnailUrl\":\"\",\"keywords\":[\"contaminations\",\"Coronavirus\",\"Covid-19\",\"Ely\u00e8s Fakhfakh\",\"fronti\u00e8res\",\"gouvernement\",\"rassemblement\",\"Sant\u00e9\",\"Tunisie\"],\"articleSection\":[\"POLITIQUE\",\"Tunisie\",\"VIDEOS\"],\"inLanguage\":\"fr-FR\",\"potentialAction\":[{\"@type\":\"CommentAction\",\"name\":\"Comment\",\"target\":[\"https:\/\/kapitalis.com\/tunisie\/2020\/03\/16\/coronavirus-tunisie-le-chef-du-gouvernement-annonce-les-nouvelles-mesures-video\/#respond\"]}]},{\"@type\":\"WebPage\",\"@id\":\"https:\/\/kapitalis.com\/tunisie\/2020\/03\/16\/coronavirus-tunisie-le-chef-du-gouvernement-annonce-les-nouvelles-mesures-video\/\",\"url\":\"https:\/\/kapitalis.com\/tunisie\/2020\/03\/16\/coronavirus-tunisie-le-chef-du-gouvernement-annonce-les-nouvelles-mesures-video\/\",\"name\":\"Coronavirus-Tunisie : Le chef du gouvernement annonce de nouvelles mesures pr\u00e9ventives (Vid\u00e9o) - Kapitalis\",\"isPartOf\":{\"@id\":\"https:\/\/kapitalis.com\/tunisie\/#website\"},\"primaryImageOfPage\":{\"@id\":\"https:\/\/kapitalis.com\/tunisie\/2020\/03\/16\/coronavirus-tunisie-le-chef-du-gouvernement-annonce-les-nouvelles-mesures-video\/#primaryimage\"},\"image\":{\"@id\":\"https:\/\/kapitalis.com\/tunisie\/2020\/03\/16\/coronavirus-tunisie-le-chef-du-gouvernement-annonce-les-nouvelles-mesures-video\/#primaryimage\"},\"thumbnailUrl\":\"\",\"datePublished\":\"2020-03-16T21:20:22+00:00\",\"dateModified\":\"2020-03-17T06:48:59+00:00\",\"breadcrumb\":{\"@id\":\"https:\/\/kapitalis.com\/tunisie\/2020\/03\/16\/coronavirus-tunisie-le-chef-du-gouvernement-annonce-les-nouvelles-mesures-video\/#breadcrumb\"},\"inLanguage\":\"fr-FR\",\"potentialAction\":[{\"@type\":\"ReadAction\",\"target\":[\"https:\/\/kapitalis.com\/tunisie\/2020\/03\/16\/coronavirus-tunisie-le-chef-du-gouvernement-annonce-les-nouvelles-mesures-video\/\"]}]},{\"@type\":\"ImageObject\",\"inLanguage\":\"fr-FR\",\"@id\":\"https:\/\/kapitalis.com\/tunisie\/2020\/03\/16\/coronavirus-tunisie-le-chef-du-gouvernement-annonce-les-nouvelles-mesures-video\/#primaryimage\",\"url\":\"\",\"contentUrl\":\"\"},{\"@type\":\"BreadcrumbList\",\"@id\":\"https:\/\/kapitalis.com\/tunisie\/2020\/03\/16\/coronavirus-tunisie-le-chef-du-gouvernement-annonce-les-nouvelles-mesures-video\/#breadcrumb\",\"itemListElement\":[{\"@type\":\"ListItem\",\"position\":1,\"name\":\"Accueil\",\"item\":\"https:\/\/kapitalis.com\/tunisie\/\"},{\"@type\":\"ListItem\",\"position\":2,\"name\":\"Coronavirus-Tunisie : Le chef du gouvernement annonce de nouvelles mesures pr\u00e9ventives (Vid\u00e9o)\"}]},{\"@type\":\"WebSite\",\"@id\":\"https:\/\/kapitalis.com\/tunisie\/#website\",\"url\":\"https:\/\/kapitalis.com\/tunisie\/\",\"name\":\"Kapitalis\",\"description\":\"L&#039;actualit\u00e9 en Tunisie et dans le monde\",\"publisher\":{\"@id\":\"https:\/\/kapitalis.com\/tunisie\/#organization\"},\"potentialAction\":[{\"@type\":\"SearchAction\",\"target\":{\"@type\":\"EntryPoint\",\"urlTemplate\":\"https:\/\/kapitalis.com\/tunisie\/?s={search_term_string}\"},\"query-input\":{\"@type\":\"PropertyValueSpecification\",\"valueRequired\":true,\"valueName\":\"search_term_string\"}}],\"inLanguage\":\"fr-FR\"},{\"@type\":\"Organization\",\"@id\":\"https:\/\/kapitalis.com\/tunisie\/#organization\",\"name\":\"Kapitalis\",\"url\":\"https:\/\/kapitalis.com\/tunisie\/\",\"logo\":{\"@type\":\"ImageObject\",\"inLanguage\":\"fr-FR\",\"@id\":\"https:\/\/kapitalis.com\/tunisie\/#\/schema\/logo\/image\/\",\"url\":\"https:\/\/kapitalis.com\/tunisie\/wp-content\/uploads\/2022\/05\/Kapitalis-big-size.png\",\"contentUrl\":\"https:\/\/kapitalis.com\/tunisie\/wp-content\/uploads\/2022\/05\/Kapitalis-big-size.png\",\"width\":5000,\"height\":1500,\"caption\":\"Kapitalis\"},\"image\":{\"@id\":\"https:\/\/kapitalis.com\/tunisie\/#\/schema\/logo\/image\/\"},\"sameAs\":[\"https:\/\/www.facebook.com\/KapitalisInfo\/\",\"https:\/\/x.com\/KapitalisInfo\",\"https:\/\/www.youtube.com\/channel\/UC-yDYrHyfFBWWZaOw3FPg9Q\"]},{\"@type\":\"Person\",\"@id\":\"https:\/\/kapitalis.com\/tunisie\/#\/schema\/person\/74bbde0154d49d790a92aaeac5bc01d5\",\"name\":\"Yusra NY\",\"url\":\"https:\/\/kapitalis.com\/tunisie\/author\/yuza_adam\/\"}]}<\/script>\n<!-- \/ Yoast SEO plugin. -->","yoast_head_json":{"title":"Coronavirus-Tunisie : Le chef du gouvernement annonce de nouvelles mesures pr\u00e9ventives (Vid\u00e9o) - Kapitalis","robots":{"index":"index","follow":"follow","max-snippet":"max-snippet:-1","max-image-preview":"max-image-preview:large","max-video-preview":"max-video-preview:-1"},"canonical":"https:\/\/kapitalis.com\/tunisie\/2020\/03\/16\/coronavirus-tunisie-le-chef-du-gouvernement-annonce-les-nouvelles-mesures-video\/","og_locale":"fr_FR","og_type":"article","og_title":"Coronavirus-Tunisie : Le chef du gouvernement annonce de nouvelles mesures pr\u00e9ventives (Vid\u00e9o) - Kapitalis","og_description":"\u00abAvec 24 cas confirm\u00e9s en Tunisie, la situation reste sous contr\u00f4le\u00bb, a indiqu\u00e9 le chef du gouvernement, Elyes Fakhfakh ce soir, lundi 16 mars 2020, lors de son intervention sur la cha\u00eene Watania 1, o\u00f9 il a annonc\u00e9 les nouvelles mesures prises par le gouvernement afin de renforcer la strat\u00e9gie nationale de pr\u00e9vention contre le...","og_url":"https:\/\/kapitalis.com\/tunisie\/2020\/03\/16\/coronavirus-tunisie-le-chef-du-gouvernement-annonce-les-nouvelles-mesures-video\/","og_site_name":"Kapitalis","article_publisher":"https:\/\/www.facebook.com\/KapitalisInfo\/","article_published_time":"2020-03-16T21:20:22+00:00","article_modified_time":"2020-03-17T06:48:59+00:00","og_image":[{"width":1200,"height":630,"url":"https:\/\/kapitalis.com\/tunisie\/wp-content\/uploads\/2022\/05\/kapitalis-logo-fb.png","type":"image\/png"}],"author":"Yusra NY","twitter_card":"summary_large_image","twitter_creator":"@KapitalisInfo","twitter_site":"@KapitalisInfo","twitter_misc":{"\u00c9crit par":"Yusra NY","Dur\u00e9e de lecture estim\u00e9e":"2 minutes"},"schema":{"@context":"https:\/\/schema.org","@graph":[{"@type":"Article","@id":"https:\/\/kapitalis.com\/tunisie\/2020\/03\/16\/coronavirus-tunisie-le-chef-du-gouvernement-annonce-les-nouvelles-mesures-video\/#article","isPartOf":{"@id":"https:\/\/kapitalis.com\/tunisie\/2020\/03\/16\/coronavirus-tunisie-le-chef-du-gouvernement-annonce-les-nouvelles-mesures-video\/"},"author":{"name":"Yusra NY","@id":"https:\/\/kapitalis.com\/tunisie\/#\/schema\/person\/74bbde0154d49d790a92aaeac5bc01d5"},"headline":"Coronavirus-Tunisie : Le chef du gouvernement annonce de nouvelles mesures pr\u00e9ventives (Vid\u00e9o)","datePublished":"2020-03-16T21:20:22+00:00","dateModified":"2020-03-17T06:48:59+00:00","mainEntityOfPage":{"@id":"https:\/\/kapitalis.com\/tunisie\/2020\/03\/16\/coronavirus-tunisie-le-chef-du-gouvernement-annonce-les-nouvelles-mesures-video\/"},"wordCount":486,"commentCount":21,"publisher":{"@id":"https:\/\/kapitalis.com\/tunisie\/#organization"},"image":{"@id":"https:\/\/kapitalis.com\/tunisie\/2020\/03\/16\/coronavirus-tunisie-le-chef-du-gouvernement-annonce-les-nouvelles-mesures-video\/#primaryimage"},"thumbnailUrl":"","keywords":["contaminations","Coronavirus","Covid-19","Ely\u00e8s Fakhfakh","fronti\u00e8res","gouvernement","rassemblement","Sant\u00e9","Tunisie"],"articleSection":["POLITIQUE","Tunisie","VIDEOS"],"inLanguage":"fr-FR","potentialAction":[{"@type":"CommentAction","name":"Comment","target":["https:\/\/kapitalis.com\/tunisie\/2020\/03\/16\/coronavirus-tunisie-le-chef-du-gouvernement-annonce-les-nouvelles-mesures-video\/#respond"]}]},{"@type":"WebPage","@id":"https:\/\/kapitalis.com\/tunisie\/2020\/03\/16\/coronavirus-tunisie-le-chef-du-gouvernement-annonce-les-nouvelles-mesures-video\/","url":"https:\/\/kapitalis.com\/tunisie\/2020\/03\/16\/coronavirus-tunisie-le-chef-du-gouvernement-annonce-les-nouvelles-mesures-video\/","name":"Coronavirus-Tunisie : Le chef du gouvernement annonce de nouvelles mesures pr\u00e9ventives (Vid\u00e9o) - Kapitalis","isPartOf":{"@id":"https:\/\/kapitalis.com\/tunisie\/#website"},"primaryImageOfPage":{"@id":"https:\/\/kapitalis.com\/tunisie\/2020\/03\/16\/coronavirus-tunisie-le-chef-du-gouvernement-annonce-les-nouvelles-mesures-video\/#primaryimage"},"image":{"@id":"https:\/\/kapitalis.com\/tunisie\/2020\/03\/16\/coronavirus-tunisie-le-chef-du-gouvernement-annonce-les-nouvelles-mesures-video\/#primaryimage"},"thumbnailUrl":"","datePublished":"2020-03-16T21:20:22+00:00","dateModified":"2020-03-17T06:48:59+00:00","breadcrumb":{"@id":"https:\/\/kapitalis.com\/tunisie\/2020\/03\/16\/coronavirus-tunisie-le-chef-du-gouvernement-annonce-les-nouvelles-mesures-video\/#breadcrumb"},"inLanguage":"fr-FR","potentialAction":[{"@type":"ReadAction","target":["https:\/\/kapitalis.com\/tunisie\/2020\/03\/16\/coronavirus-tunisie-le-chef-du-gouvernement-annonce-les-nouvelles-mesures-video\/"]}]},{"@type":"ImageObject","inLanguage":"fr-FR","@id":"https:\/\/kapitalis.com\/tunisie\/2020\/03\/16\/coronavirus-tunisie-le-chef-du-gouvernement-annonce-les-nouvelles-mesures-video\/#primaryimage","url":"","contentUrl":""},{"@type":"BreadcrumbList","@id":"https:\/\/kapitalis.com\/tunisie\/2020\/03\/16\/coronavirus-tunisie-le-chef-du-gouvernement-annonce-les-nouvelles-mesures-video\/#breadcrumb","itemListElement":[{"@type":"ListItem","position":1,"name":"Accueil","item":"https:\/\/kapitalis.com\/tunisie\/"},{"@type":"ListItem","position":2,"name":"Coronavirus-Tunisie : Le chef du gouvernement annonce de nouvelles mesures pr\u00e9ventives (Vid\u00e9o)"}]},{"@type":"WebSite","@id":"https:\/\/kapitalis.com\/tunisie\/#website","url":"https:\/\/kapitalis.com\/tunisie\/","name":"Kapitalis","description":"L&#039;actualit\u00e9 en Tunisie et dans le monde","publisher":{"@id":"https:\/\/kapitalis.com\/tunisie\/#organization"},"potentialAction":[{"@type":"SearchAction","target":{"@type":"EntryPoint","urlTemplate":"https:\/\/kapitalis.com\/tunisie\/?s={search_term_string}"},"query-input":{"@type":"PropertyValueSpecification","valueRequired":true,"valueName":"search_term_string"}}],"inLanguage":"fr-FR"},{"@type":"Organization","@id":"https:\/\/kapitalis.com\/tunisie\/#organization","name":"Kapitalis","url":"https:\/\/kapitalis.com\/tunisie\/","logo":{"@type":"ImageObject","inLanguage":"fr-FR","@id":"https:\/\/kapitalis.com\/tunisie\/#\/schema\/logo\/image\/","url":"https:\/\/kapitalis.com\/tunisie\/wp-content\/uploads\/2022\/05\/Kapitalis-big-size.png","contentUrl":"https:\/\/kapitalis.com\/tunisie\/wp-content\/uploads\/2022\/05\/Kapitalis-big-size.png","width":5000,"height":1500,"caption":"Kapitalis"},"image":{"@id":"https:\/\/kapitalis.com\/tunisie\/#\/schema\/logo\/image\/"},"sameAs":["https:\/\/www.facebook.com\/KapitalisInfo\/","https:\/\/x.com\/KapitalisInfo","https:\/\/www.youtube.com\/channel\/UC-yDYrHyfFBWWZaOw3FPg9Q"]},{"@type":"Person","@id":"https:\/\/kapitalis.com\/tunisie\/#\/schema\/person\/74bbde0154d49d790a92aaeac5bc01d5","name":"Yusra NY","url":"https:\/\/kapitalis.com\/tunisie\/author\/yuza_adam\/"}]}},"_links":{"self":[{"href":"https:\/\/kapitalis.com\/tunisie\/wp-json\/wp\/v2\/posts\/288590","targetHints":{"allow":["GET"]}}],"collection":[{"href":"https:\/\/kapitalis.com\/tunisie\/wp-json\/wp\/v2\/posts"}],"about":[{"href":"https:\/\/kapitalis.com\/tunisie\/wp-json\/wp\/v2\/types\/post"}],"author":[{"embeddable":true,"href":"https:\/\/kapitalis.com\/tunisie\/wp-json\/wp\/v2\/users\/6"}],"replies":[{"embeddable":true,"href":"https:\/\/kapitalis.com\/tunisie\/wp-json\/wp\/v2\/comments?post=288590"}],"version-history":[{"count":0,"href":"https:\/\/kapitalis.com\/tunisie\/wp-json\/wp\/v2\/posts\/288590\/revisions"}],"wp:featuredmedia":[{"embeddable":true,"href":"https:\/\/kapitalis.com\/tunisie\/wp-json\/wp\/v2\/media\/288594"}],"wp:attachment":[{"href":"https:\/\/kapitalis.com\/tunisie\/wp-json\/wp\/v2\/media?parent=288590"}],"wp:term":[{"taxonomy":"category","embeddable":true,"href":"https:\/\/kapitalis.com\/tunisie\/wp-json\/wp\/v2\/categories?post=288590"},{"taxonomy":"post_tag","embeddable":true,"href":"https:\/\/kapitalis.com\/tunisie\/wp-json\/wp\/v2\/tags?post=288590"}],"curies":[{"name":"wp","href":"https:\/\/api.w.org\/{rel}","templated":true}]}}