{"id":288635,"date":"2020-03-17T09:32:06","date_gmt":"2020-03-17T08:32:06","guid":{"rendered":"http:\/\/kapitalis.com\/tunisie\/?p=288635"},"modified":"2020-03-17T10:14:58","modified_gmt":"2020-03-17T09:14:58","slug":"nouveaux-horaires-de-travail-les-precisions-de-mohamed-abbou","status":"publish","type":"post","link":"https:\/\/kapitalis.com\/tunisie\/2020\/03\/17\/nouveaux-horaires-de-travail-les-precisions-de-mohamed-abbou\/","title":{"rendered":"Nouveaux horaires de travail : Les pr\u00e9cisions de Mohamed Abbou"},"content":{"rendered":"\n<figure class=\"wp-block-image size-large\"><img decoding=\"async\" src=\"http:\/\/kapitalis.com\/tunisie\/wp-content\/uploads\/2020\/01\/mohamed-abbou.jpg\" alt=\"\" class=\"wp-image-271176\"\/><\/figure>\n\n\n\n<p><strong><em>Les nouveaux horaires de travail, en s\u00e9ance unique, qui ont \u00e9t\u00e9 <a href=\"http:\/\/kapitalis.com\/tunisie\/2020\/03\/16\/coronavirus-tunisie-le-chef-du-gouvernement-annonce-les-nouvelles-mesures-video\/\">annonc\u00e9s par le chef du gouvernement, Ely\u00e8s Fakhfakh<\/a>, hier soir, lundi 16 mars 2020, ne concerneront que les agents de la fonction publique, \u00e0 l&rsquo;exception des forces actives des institutions s\u00e9curitaire et militaire qui conserveront leurs horaires habituels. <\/em><\/strong><\/p>\n\n\n\n<!--more-->\n\n\n\n<p>C&rsquo;est ce qu&rsquo;a indiqu\u00e9, ce matin, sur Mosa\u00efque FM, le ministre d\u2019Etat charg\u00e9 de la Fonction publique, la Gouvernance et la Lutte contre la corruption, Mohamed Abbou.<\/p>\n\n\n\n<p>Rappelons que cette d\u00e9cision a \u00e9t\u00e9 prise dans le cadre d&rsquo;une s\u00e9rie de mesures visant \u00e0 lutter contre la pand\u00e9mie de coronavirus, Covid-19.<\/p>\n\n\n\n<p>Abbou a, par ailleurs, fourni plus de pr\u00e9cisions sur le r\u00e9gime de la s\u00e9ance unique adopt\u00e9 sur 2 plages horaires diff\u00e9rentes de 5 heures : un groupe d&#8217;employ\u00e9s travaillera de 8h \u00e0 13h et l&rsquo;autre groupe de 9h30 \u00e0 14h30. L&rsquo;objectif \u00e9tant d&rsquo;\u00e9viter l&rsquo;encombrement dans les administrations et dans les transports publics.<\/p>\n\n\n\n<p>Ainsi, l&rsquo;administration tunisienne sera ouverte de 8h \u00e0 14h30, a-t-il d\u00e9duit. Cet horaire exceptionnel et temporaire entrera en vigueur \u00e0 partir de demain, mercredi 18 mars. <\/p>\n\n\n\n<p>Mohamed Abbou a soulign\u00e9, d&rsquo;autre part, que le t\u00e9l\u00e9travail a d\u00e9j\u00e0 \u00e9t\u00e9 efficacement adopt\u00e9 dans le secteur priv\u00e9 et que l\u2019Etat devra aussi y recourir lors de la crise actuelle. \u00a0 <\/p>\n\n\n\n<p class=\"has-text-align-right\"><strong>C. B. Y.<\/strong><\/p>\n\n\n\n<figure class=\"wp-block-embed-wordpress wp-block-embed is-type-wp-embed is-provider-kapitalis\"><div class=\"wp-block-embed__wrapper\">\n<blockquote class=\"wp-embedded-content\" data-secret=\"krgBfhn2bh\"><a href=\"https:\/\/kapitalis.com\/tunisie\/2020\/03\/16\/coronavirus-tunisie-le-chef-du-gouvernement-annonce-les-nouvelles-mesures-video\/\">Coronavirus-Tunisie : Le chef du gouvernement annonce de nouvelles mesures pr\u00e9ventives (Vid\u00e9o)<\/a><\/blockquote><iframe loading=\"lazy\" class=\"wp-embedded-content\" sandbox=\"allow-scripts\" security=\"restricted\" style=\"position: absolute; clip: rect(1px, 1px, 1px, 1px);\" title=\"\u00ab\u00a0Coronavirus-Tunisie : Le chef du gouvernement annonce de nouvelles mesures pr\u00e9ventives (Vid\u00e9o)\u00a0\u00bb &#8212; Kapitalis\" src=\"https:\/\/kapitalis.com\/tunisie\/2020\/03\/16\/coronavirus-tunisie-le-chef-du-gouvernement-annonce-les-nouvelles-mesures-video\/embed\/#?secret=YJB9anyDWy#?secret=krgBfhn2bh\" data-secret=\"krgBfhn2bh\" width=\"600\" height=\"338\" frameborder=\"0\" marginwidth=\"0\" marginheight=\"0\" scrolling=\"no\"><\/iframe>\n<\/div><\/figure>\n","protected":false},"excerpt":{"rendered":"<p>Les nouveaux horaires de travail, en s\u00e9ance unique, qui ont \u00e9t\u00e9 annonc\u00e9s par le chef du gouvernement, Ely\u00e8s Fakhfakh, hier soir, lundi 16 mars 2020, ne concerneront que les agents de la fonction publique, \u00e0 l&rsquo;exception des forces actives des institutions s\u00e9curitaire et militaire qui conserveront leurs horaires habituels.<\/p>\n","protected":false},"author":24,"featured_media":0,"comment_status":"open","ping_status":"open","sticky":false,"template":"","format":"standard","meta":{"footnotes":""},"categories":[998,2433],"tags":[73060,75291,4416],"class_list":["post-288635","post","type-post","status-publish","format-standard","hentry","category-societe","category-tunisie","tag-coronavirus","tag-covid-19","tag-mohamed-abbou"],"yoast_head":"<!-- This site is optimized with the Yoast SEO plugin v26.6 - https:\/\/yoast.com\/wordpress\/plugins\/seo\/ -->\n<title>Nouveaux horaires de travail : Les pr\u00e9cisions de Mohamed Abbou - Kapitalis<\/title>\n<meta name=\"robots\" content=\"index, follow, max-snippet:-1, max-image-preview:large, max-video-preview:-1\" \/>\n<link rel=\"canonical\" href=\"https:\/\/kapitalis.com\/tunisie\/2020\/03\/17\/nouveaux-horaires-de-travail-les-precisions-de-mohamed-abbou\/\" \/>\n<meta property=\"og:locale\" content=\"fr_FR\" \/>\n<meta property=\"og:type\" content=\"article\" \/>\n<meta property=\"og:title\" content=\"Nouveaux horaires de travail : Les pr\u00e9cisions de Mohamed Abbou - Kapitalis\" \/>\n<meta property=\"og:description\" content=\"Les nouveaux horaires de travail, en s\u00e9ance unique, qui ont \u00e9t\u00e9 annonc\u00e9s par le chef du gouvernement, Ely\u00e8s Fakhfakh, hier soir, lundi 16 mars 2020, ne concerneront que les agents de la fonction publique, \u00e0 l&rsquo;exception des forces actives des institutions s\u00e9curitaire et militaire qui conserveront leurs horaires habituels.\" \/>\n<meta property=\"og:url\" content=\"https:\/\/kapitalis.com\/tunisie\/2020\/03\/17\/nouveaux-horaires-de-travail-les-precisions-de-mohamed-abbou\/\" \/>\n<meta property=\"og:site_name\" content=\"Kapitalis\" \/>\n<meta property=\"article:publisher\" content=\"https:\/\/www.facebook.com\/KapitalisInfo\/\" \/>\n<meta property=\"article:published_time\" content=\"2020-03-17T08:32:06+00:00\" \/>\n<meta property=\"article:modified_time\" content=\"2020-03-17T09:14:58+00:00\" \/>\n<meta property=\"og:image\" content=\"http:\/\/kapitalis.com\/tunisie\/wp-content\/uploads\/2020\/01\/mohamed-abbou.jpg\" \/>\n<meta name=\"author\" content=\"Cherif Benyounes\" \/>\n<meta name=\"twitter:card\" content=\"summary_large_image\" \/>\n<meta name=\"twitter:creator\" content=\"@KapitalisInfo\" \/>\n<meta name=\"twitter:site\" content=\"@KapitalisInfo\" \/>\n<meta name=\"twitter:label1\" content=\"\u00c9crit par\" \/>\n\t<meta name=\"twitter:data1\" content=\"Cherif Benyounes\" \/>\n\t<meta name=\"twitter:label2\" content=\"Dur\u00e9e de lecture estim\u00e9e\" \/>\n\t<meta name=\"twitter:data2\" content=\"1 minute\" \/>\n<script type=\"application\/ld+json\" class=\"yoast-schema-graph\">{\"@context\":\"https:\/\/schema.org\",\"@graph\":[{\"@type\":\"Article\",\"@id\":\"https:\/\/kapitalis.com\/tunisie\/2020\/03\/17\/nouveaux-horaires-de-travail-les-precisions-de-mohamed-abbou\/#article\",\"isPartOf\":{\"@id\":\"https:\/\/kapitalis.com\/tunisie\/2020\/03\/17\/nouveaux-horaires-de-travail-les-precisions-de-mohamed-abbou\/\"},\"author\":{\"name\":\"Cherif Benyounes\",\"@id\":\"https:\/\/kapitalis.com\/tunisie\/#\/schema\/person\/b35b8d631961131107263178aeb8019e\"},\"headline\":\"Nouveaux horaires de travail : Les pr\u00e9cisions de Mohamed Abbou\",\"datePublished\":\"2020-03-17T08:32:06+00:00\",\"dateModified\":\"2020-03-17T09:14:58+00:00\",\"mainEntityOfPage\":{\"@id\":\"https:\/\/kapitalis.com\/tunisie\/2020\/03\/17\/nouveaux-horaires-de-travail-les-precisions-de-mohamed-abbou\/\"},\"wordCount\":233,\"commentCount\":3,\"publisher\":{\"@id\":\"https:\/\/kapitalis.com\/tunisie\/#organization\"},\"image\":{\"@id\":\"https:\/\/kapitalis.com\/tunisie\/2020\/03\/17\/nouveaux-horaires-de-travail-les-precisions-de-mohamed-abbou\/#primaryimage\"},\"thumbnailUrl\":\"http:\/\/kapitalis.com\/tunisie\/wp-content\/uploads\/2020\/01\/mohamed-abbou.jpg\",\"keywords\":[\"Coronavirus\",\"Covid-19\",\"Mohamed Abbou\"],\"articleSection\":[\"SOCIETE\",\"Tunisie\"],\"inLanguage\":\"fr-FR\",\"potentialAction\":[{\"@type\":\"CommentAction\",\"name\":\"Comment\",\"target\":[\"https:\/\/kapitalis.com\/tunisie\/2020\/03\/17\/nouveaux-horaires-de-travail-les-precisions-de-mohamed-abbou\/#respond\"]}]},{\"@type\":\"WebPage\",\"@id\":\"https:\/\/kapitalis.com\/tunisie\/2020\/03\/17\/nouveaux-horaires-de-travail-les-precisions-de-mohamed-abbou\/\",\"url\":\"https:\/\/kapitalis.com\/tunisie\/2020\/03\/17\/nouveaux-horaires-de-travail-les-precisions-de-mohamed-abbou\/\",\"name\":\"Nouveaux horaires de travail : Les pr\u00e9cisions de Mohamed Abbou - Kapitalis\",\"isPartOf\":{\"@id\":\"https:\/\/kapitalis.com\/tunisie\/#website\"},\"primaryImageOfPage\":{\"@id\":\"https:\/\/kapitalis.com\/tunisie\/2020\/03\/17\/nouveaux-horaires-de-travail-les-precisions-de-mohamed-abbou\/#primaryimage\"},\"image\":{\"@id\":\"https:\/\/kapitalis.com\/tunisie\/2020\/03\/17\/nouveaux-horaires-de-travail-les-precisions-de-mohamed-abbou\/#primaryimage\"},\"thumbnailUrl\":\"http:\/\/kapitalis.com\/tunisie\/wp-content\/uploads\/2020\/01\/mohamed-abbou.jpg\",\"datePublished\":\"2020-03-17T08:32:06+00:00\",\"dateModified\":\"2020-03-17T09:14:58+00:00\",\"breadcrumb\":{\"@id\":\"https:\/\/kapitalis.com\/tunisie\/2020\/03\/17\/nouveaux-horaires-de-travail-les-precisions-de-mohamed-abbou\/#breadcrumb\"},\"inLanguage\":\"fr-FR\",\"potentialAction\":[{\"@type\":\"ReadAction\",\"target\":[\"https:\/\/kapitalis.com\/tunisie\/2020\/03\/17\/nouveaux-horaires-de-travail-les-precisions-de-mohamed-abbou\/\"]}]},{\"@type\":\"ImageObject\",\"inLanguage\":\"fr-FR\",\"@id\":\"https:\/\/kapitalis.com\/tunisie\/2020\/03\/17\/nouveaux-horaires-de-travail-les-precisions-de-mohamed-abbou\/#primaryimage\",\"url\":\"\",\"contentUrl\":\"\"},{\"@type\":\"BreadcrumbList\",\"@id\":\"https:\/\/kapitalis.com\/tunisie\/2020\/03\/17\/nouveaux-horaires-de-travail-les-precisions-de-mohamed-abbou\/#breadcrumb\",\"itemListElement\":[{\"@type\":\"ListItem\",\"position\":1,\"name\":\"Accueil\",\"item\":\"https:\/\/kapitalis.com\/tunisie\/\"},{\"@type\":\"ListItem\",\"position\":2,\"name\":\"Nouveaux horaires de travail : Les pr\u00e9cisions de Mohamed Abbou\"}]},{\"@type\":\"WebSite\",\"@id\":\"https:\/\/kapitalis.com\/tunisie\/#website\",\"url\":\"https:\/\/kapitalis.com\/tunisie\/\",\"name\":\"Kapitalis\",\"description\":\"L&#039;actualit\u00e9 en Tunisie et dans le monde\",\"publisher\":{\"@id\":\"https:\/\/kapitalis.com\/tunisie\/#organization\"},\"potentialAction\":[{\"@type\":\"SearchAction\",\"target\":{\"@type\":\"EntryPoint\",\"urlTemplate\":\"https:\/\/kapitalis.com\/tunisie\/?s={search_term_string}\"},\"query-input\":{\"@type\":\"PropertyValueSpecification\",\"valueRequired\":true,\"valueName\":\"search_term_string\"}}],\"inLanguage\":\"fr-FR\"},{\"@type\":\"Organization\",\"@id\":\"https:\/\/kapitalis.com\/tunisie\/#organization\",\"name\":\"Kapitalis\",\"url\":\"https:\/\/kapitalis.com\/tunisie\/\",\"logo\":{\"@type\":\"ImageObject\",\"inLanguage\":\"fr-FR\",\"@id\":\"https:\/\/kapitalis.com\/tunisie\/#\/schema\/logo\/image\/\",\"url\":\"https:\/\/kapitalis.com\/tunisie\/wp-content\/uploads\/2022\/05\/Kapitalis-big-size.png\",\"contentUrl\":\"https:\/\/kapitalis.com\/tunisie\/wp-content\/uploads\/2022\/05\/Kapitalis-big-size.png\",\"width\":5000,\"height\":1500,\"caption\":\"Kapitalis\"},\"image\":{\"@id\":\"https:\/\/kapitalis.com\/tunisie\/#\/schema\/logo\/image\/\"},\"sameAs\":[\"https:\/\/www.facebook.com\/KapitalisInfo\/\",\"https:\/\/x.com\/KapitalisInfo\",\"https:\/\/www.youtube.com\/channel\/UC-yDYrHyfFBWWZaOw3FPg9Q\"]},{\"@type\":\"Person\",\"@id\":\"https:\/\/kapitalis.com\/tunisie\/#\/schema\/person\/b35b8d631961131107263178aeb8019e\",\"name\":\"Cherif Benyounes\",\"url\":\"https:\/\/kapitalis.com\/tunisie\/author\/cherif\/\"}]}<\/script>\n<!-- \/ Yoast SEO plugin. -->","yoast_head_json":{"title":"Nouveaux horaires de travail : Les pr\u00e9cisions de Mohamed Abbou - Kapitalis","robots":{"index":"index","follow":"follow","max-snippet":"max-snippet:-1","max-image-preview":"max-image-preview:large","max-video-preview":"max-video-preview:-1"},"canonical":"https:\/\/kapitalis.com\/tunisie\/2020\/03\/17\/nouveaux-horaires-de-travail-les-precisions-de-mohamed-abbou\/","og_locale":"fr_FR","og_type":"article","og_title":"Nouveaux horaires de travail : Les pr\u00e9cisions de Mohamed Abbou - Kapitalis","og_description":"Les nouveaux horaires de travail, en s\u00e9ance unique, qui ont \u00e9t\u00e9 annonc\u00e9s par le chef du gouvernement, Ely\u00e8s Fakhfakh, hier soir, lundi 16 mars 2020, ne concerneront que les agents de la fonction publique, \u00e0 l&rsquo;exception des forces actives des institutions s\u00e9curitaire et militaire qui conserveront leurs horaires habituels.","og_url":"https:\/\/kapitalis.com\/tunisie\/2020\/03\/17\/nouveaux-horaires-de-travail-les-precisions-de-mohamed-abbou\/","og_site_name":"Kapitalis","article_publisher":"https:\/\/www.facebook.com\/KapitalisInfo\/","article_published_time":"2020-03-17T08:32:06+00:00","article_modified_time":"2020-03-17T09:14:58+00:00","og_image":[{"url":"http:\/\/kapitalis.com\/tunisie\/wp-content\/uploads\/2020\/01\/mohamed-abbou.jpg","type":"","width":"","height":""}],"author":"Cherif Benyounes","twitter_card":"summary_large_image","twitter_creator":"@KapitalisInfo","twitter_site":"@KapitalisInfo","twitter_misc":{"\u00c9crit par":"Cherif Benyounes","Dur\u00e9e de lecture estim\u00e9e":"1 minute"},"schema":{"@context":"https:\/\/schema.org","@graph":[{"@type":"Article","@id":"https:\/\/kapitalis.com\/tunisie\/2020\/03\/17\/nouveaux-horaires-de-travail-les-precisions-de-mohamed-abbou\/#article","isPartOf":{"@id":"https:\/\/kapitalis.com\/tunisie\/2020\/03\/17\/nouveaux-horaires-de-travail-les-precisions-de-mohamed-abbou\/"},"author":{"name":"Cherif Benyounes","@id":"https:\/\/kapitalis.com\/tunisie\/#\/schema\/person\/b35b8d631961131107263178aeb8019e"},"headline":"Nouveaux horaires de travail : Les pr\u00e9cisions de Mohamed Abbou","datePublished":"2020-03-17T08:32:06+00:00","dateModified":"2020-03-17T09:14:58+00:00","mainEntityOfPage":{"@id":"https:\/\/kapitalis.com\/tunisie\/2020\/03\/17\/nouveaux-horaires-de-travail-les-precisions-de-mohamed-abbou\/"},"wordCount":233,"commentCount":3,"publisher":{"@id":"https:\/\/kapitalis.com\/tunisie\/#organization"},"image":{"@id":"https:\/\/kapitalis.com\/tunisie\/2020\/03\/17\/nouveaux-horaires-de-travail-les-precisions-de-mohamed-abbou\/#primaryimage"},"thumbnailUrl":"http:\/\/kapitalis.com\/tunisie\/wp-content\/uploads\/2020\/01\/mohamed-abbou.jpg","keywords":["Coronavirus","Covid-19","Mohamed Abbou"],"articleSection":["SOCIETE","Tunisie"],"inLanguage":"fr-FR","potentialAction":[{"@type":"CommentAction","name":"Comment","target":["https:\/\/kapitalis.com\/tunisie\/2020\/03\/17\/nouveaux-horaires-de-travail-les-precisions-de-mohamed-abbou\/#respond"]}]},{"@type":"WebPage","@id":"https:\/\/kapitalis.com\/tunisie\/2020\/03\/17\/nouveaux-horaires-de-travail-les-precisions-de-mohamed-abbou\/","url":"https:\/\/kapitalis.com\/tunisie\/2020\/03\/17\/nouveaux-horaires-de-travail-les-precisions-de-mohamed-abbou\/","name":"Nouveaux horaires de travail : Les pr\u00e9cisions de Mohamed Abbou - Kapitalis","isPartOf":{"@id":"https:\/\/kapitalis.com\/tunisie\/#website"},"primaryImageOfPage":{"@id":"https:\/\/kapitalis.com\/tunisie\/2020\/03\/17\/nouveaux-horaires-de-travail-les-precisions-de-mohamed-abbou\/#primaryimage"},"image":{"@id":"https:\/\/kapitalis.com\/tunisie\/2020\/03\/17\/nouveaux-horaires-de-travail-les-precisions-de-mohamed-abbou\/#primaryimage"},"thumbnailUrl":"http:\/\/kapitalis.com\/tunisie\/wp-content\/uploads\/2020\/01\/mohamed-abbou.jpg","datePublished":"2020-03-17T08:32:06+00:00","dateModified":"2020-03-17T09:14:58+00:00","breadcrumb":{"@id":"https:\/\/kapitalis.com\/tunisie\/2020\/03\/17\/nouveaux-horaires-de-travail-les-precisions-de-mohamed-abbou\/#breadcrumb"},"inLanguage":"fr-FR","potentialAction":[{"@type":"ReadAction","target":["https:\/\/kapitalis.com\/tunisie\/2020\/03\/17\/nouveaux-horaires-de-travail-les-precisions-de-mohamed-abbou\/"]}]},{"@type":"ImageObject","inLanguage":"fr-FR","@id":"https:\/\/kapitalis.com\/tunisie\/2020\/03\/17\/nouveaux-horaires-de-travail-les-precisions-de-mohamed-abbou\/#primaryimage","url":"","contentUrl":""},{"@type":"BreadcrumbList","@id":"https:\/\/kapitalis.com\/tunisie\/2020\/03\/17\/nouveaux-horaires-de-travail-les-precisions-de-mohamed-abbou\/#breadcrumb","itemListElement":[{"@type":"ListItem","position":1,"name":"Accueil","item":"https:\/\/kapitalis.com\/tunisie\/"},{"@type":"ListItem","position":2,"name":"Nouveaux horaires de travail : Les pr\u00e9cisions de Mohamed Abbou"}]},{"@type":"WebSite","@id":"https:\/\/kapitalis.com\/tunisie\/#website","url":"https:\/\/kapitalis.com\/tunisie\/","name":"Kapitalis","description":"L&#039;actualit\u00e9 en Tunisie et dans le monde","publisher":{"@id":"https:\/\/kapitalis.com\/tunisie\/#organization"},"potentialAction":[{"@type":"SearchAction","target":{"@type":"EntryPoint","urlTemplate":"https:\/\/kapitalis.com\/tunisie\/?s={search_term_string}"},"query-input":{"@type":"PropertyValueSpecification","valueRequired":true,"valueName":"search_term_string"}}],"inLanguage":"fr-FR"},{"@type":"Organization","@id":"https:\/\/kapitalis.com\/tunisie\/#organization","name":"Kapitalis","url":"https:\/\/kapitalis.com\/tunisie\/","logo":{"@type":"ImageObject","inLanguage":"fr-FR","@id":"https:\/\/kapitalis.com\/tunisie\/#\/schema\/logo\/image\/","url":"https:\/\/kapitalis.com\/tunisie\/wp-content\/uploads\/2022\/05\/Kapitalis-big-size.png","contentUrl":"https:\/\/kapitalis.com\/tunisie\/wp-content\/uploads\/2022\/05\/Kapitalis-big-size.png","width":5000,"height":1500,"caption":"Kapitalis"},"image":{"@id":"https:\/\/kapitalis.com\/tunisie\/#\/schema\/logo\/image\/"},"sameAs":["https:\/\/www.facebook.com\/KapitalisInfo\/","https:\/\/x.com\/KapitalisInfo","https:\/\/www.youtube.com\/channel\/UC-yDYrHyfFBWWZaOw3FPg9Q"]},{"@type":"Person","@id":"https:\/\/kapitalis.com\/tunisie\/#\/schema\/person\/b35b8d631961131107263178aeb8019e","name":"Cherif Benyounes","url":"https:\/\/kapitalis.com\/tunisie\/author\/cherif\/"}]}},"_links":{"self":[{"href":"https:\/\/kapitalis.com\/tunisie\/wp-json\/wp\/v2\/posts\/288635","targetHints":{"allow":["GET"]}}],"collection":[{"href":"https:\/\/kapitalis.com\/tunisie\/wp-json\/wp\/v2\/posts"}],"about":[{"href":"https:\/\/kapitalis.com\/tunisie\/wp-json\/wp\/v2\/types\/post"}],"author":[{"embeddable":true,"href":"https:\/\/kapitalis.com\/tunisie\/wp-json\/wp\/v2\/users\/24"}],"replies":[{"embeddable":true,"href":"https:\/\/kapitalis.com\/tunisie\/wp-json\/wp\/v2\/comments?post=288635"}],"version-history":[{"count":0,"href":"https:\/\/kapitalis.com\/tunisie\/wp-json\/wp\/v2\/posts\/288635\/revisions"}],"wp:attachment":[{"href":"https:\/\/kapitalis.com\/tunisie\/wp-json\/wp\/v2\/media?parent=288635"}],"wp:term":[{"taxonomy":"category","embeddable":true,"href":"https:\/\/kapitalis.com\/tunisie\/wp-json\/wp\/v2\/categories?post=288635"},{"taxonomy":"post_tag","embeddable":true,"href":"https:\/\/kapitalis.com\/tunisie\/wp-json\/wp\/v2\/tags?post=288635"}],"curies":[{"name":"wp","href":"https:\/\/api.w.org\/{rel}","templated":true}]}}