{"id":288846,"date":"2020-03-17T18:19:36","date_gmt":"2020-03-17T17:19:36","guid":{"rendered":"http:\/\/kapitalis.com\/tunisie\/?p=288846"},"modified":"2020-03-17T18:19:37","modified_gmt":"2020-03-17T17:19:37","slug":"jet-multimedia-tunisia-sort-definitivement-de-karthago-group","status":"publish","type":"post","link":"https:\/\/kapitalis.com\/tunisie\/2020\/03\/17\/jet-multimedia-tunisia-sort-definitivement-de-karthago-group\/","title":{"rendered":"Jet Multimedia Tunisia sort d\u00e9finitivement de Karthago Group"},"content":{"rendered":"\n<figure class=\"wp-block-image size-large\"><img decoding=\"async\" src=\"http:\/\/kapitalis.com\/tunisie\/wp-content\/uploads\/2020\/03\/Jet-Multimedia-Tunisia.jpg\" alt=\"\" class=\"wp-image-288865\"\/><\/figure>\n\n\n\n<p><strong><em>Jet Multim\u00e9dia Tunisia, anciennement filiale de Karthago Group qu&rsquo;avait fond\u00e9 Belhassen Trabelsi, gendre de Ben Ali, actuellement incarc\u00e9r\u00e9 en France, vient d&rsquo;\u00eatre vendue par appel d&rsquo;offres international au fran\u00e7ais Digital Virgo.<\/em><\/strong><\/p>\n\n\n\n<!--more-->\n\n\n\n<p>Jet Multim\u00e9dia Tunisia, filiale parmi 10 autres de Karthage Group, a \u00e9t\u00e9 confisqu\u00e9e \u00e0 Belhassen Trabelsi en 2011, et transf\u00e9r\u00e9e \u00e0 Al Karama Holding, dont la vocation et la charge est de c\u00e9der toutes les soci\u00e9t\u00e9s confisqu\u00e9es pour son propre compte, ou le compte de l&rsquo;\u00c9tat. <\/p>\n\n\n\n<p>Al Karama Holding l&rsquo;a vendue \u00e0 Digital Virgo qui a remport\u00e9 l&rsquo;appel d&rsquo;offres international, une transaction r\u00e9alis\u00e9e \u00e0 travers Capital African Partners Bank (Cap Bank) et Dakhlaoui &amp; Partners. <\/p>\n\n\n\n<p>Jet Multimedia Tunisia est une entreprise de t\u00e9l\u00e9communications, lanc\u00e9e en 2005, et couvre l&rsquo;ensemble des m\u00e9tiers de l&rsquo;activit\u00e9 mobile.<\/p>\n\n\n\n<p>Quant \u00e0 l&rsquo;acqu\u00e9reur de Jet Multimedia Tunisia, le Fran\u00e7ais Digital Virgo, il est sp\u00e9cialis\u00e9 en paiement t\u00e9l\u00e9coms, mon\u00e9tisation et marketing digital. L&rsquo;entreprise fait partie du top 50 des soci\u00e9t\u00e9s qui recrutent dans le num\u00e9rique.   <\/p>\n\n\n\n<p class=\"has-text-align-right\"><strong>A. M.<\/strong><\/p>\n","protected":false},"excerpt":{"rendered":"<p>Jet Multim\u00e9dia Tunisia, anciennement filiale de Karthago Group qu&rsquo;avait fond\u00e9 Belhassen Trabelsi, gendre de Ben Ali, actuellement incarc\u00e9r\u00e9 en France, vient d&rsquo;\u00eatre vendue par appel d&rsquo;offres international au fran\u00e7ais Digital Virgo.<\/p>\n","protected":false},"author":22,"featured_media":288865,"comment_status":"open","ping_status":"open","sticky":false,"template":"","format":"standard","meta":{"footnotes":""},"categories":[995,2433],"tags":[3418,1791,71421,76699,76697,76696,76700],"class_list":["post-288846","post","type-post","status-publish","format-standard","has-post-thumbnail","hentry","category-economie","category-tunisie","tag-al-karama-holding","tag-belhassen-trabelsi","tag-cap-bank","tag-dakhlaoui-partners","tag-digital-virgo","tag-jet-multimedia-tunisia","tag-karthago-group"],"yoast_head":"<!-- This site is optimized with the Yoast SEO plugin v26.6 - https:\/\/yoast.com\/wordpress\/plugins\/seo\/ -->\n<title>Jet Multimedia Tunisia sort d\u00e9finitivement de Karthago Group - Kapitalis<\/title>\n<meta name=\"robots\" content=\"index, follow, max-snippet:-1, max-image-preview:large, max-video-preview:-1\" \/>\n<link rel=\"canonical\" href=\"https:\/\/kapitalis.com\/tunisie\/2020\/03\/17\/jet-multimedia-tunisia-sort-definitivement-de-karthago-group\/\" \/>\n<meta property=\"og:locale\" content=\"fr_FR\" \/>\n<meta property=\"og:type\" content=\"article\" \/>\n<meta property=\"og:title\" content=\"Jet Multimedia Tunisia sort d\u00e9finitivement de Karthago Group - Kapitalis\" \/>\n<meta property=\"og:description\" content=\"Jet Multim\u00e9dia Tunisia, anciennement filiale de Karthago Group qu&rsquo;avait fond\u00e9 Belhassen Trabelsi, gendre de Ben Ali, actuellement incarc\u00e9r\u00e9 en France, vient d&rsquo;\u00eatre vendue par appel d&rsquo;offres international au fran\u00e7ais Digital Virgo.\" \/>\n<meta property=\"og:url\" content=\"https:\/\/kapitalis.com\/tunisie\/2020\/03\/17\/jet-multimedia-tunisia-sort-definitivement-de-karthago-group\/\" \/>\n<meta property=\"og:site_name\" content=\"Kapitalis\" \/>\n<meta property=\"article:publisher\" content=\"https:\/\/www.facebook.com\/KapitalisInfo\/\" \/>\n<meta property=\"article:published_time\" content=\"2020-03-17T17:19:36+00:00\" \/>\n<meta property=\"article:modified_time\" content=\"2020-03-17T17:19:37+00:00\" \/>\n<meta property=\"og:image\" content=\"https:\/\/kapitalis.com\/tunisie\/wp-content\/uploads\/2022\/05\/kapitalis-logo-fb.png\" \/>\n\t<meta property=\"og:image:width\" content=\"1200\" \/>\n\t<meta property=\"og:image:height\" content=\"630\" \/>\n\t<meta property=\"og:image:type\" content=\"image\/png\" \/>\n<meta name=\"author\" content=\"Amina Mkada\" \/>\n<meta name=\"twitter:card\" content=\"summary_large_image\" \/>\n<meta name=\"twitter:creator\" content=\"@KapitalisInfo\" \/>\n<meta name=\"twitter:site\" content=\"@KapitalisInfo\" \/>\n<meta name=\"twitter:label1\" content=\"\u00c9crit par\" \/>\n\t<meta name=\"twitter:data1\" content=\"Amina Mkada\" \/>\n\t<meta name=\"twitter:label2\" content=\"Dur\u00e9e de lecture estim\u00e9e\" \/>\n\t<meta name=\"twitter:data2\" content=\"1 minute\" \/>\n<script type=\"application\/ld+json\" class=\"yoast-schema-graph\">{\"@context\":\"https:\/\/schema.org\",\"@graph\":[{\"@type\":\"Article\",\"@id\":\"https:\/\/kapitalis.com\/tunisie\/2020\/03\/17\/jet-multimedia-tunisia-sort-definitivement-de-karthago-group\/#article\",\"isPartOf\":{\"@id\":\"https:\/\/kapitalis.com\/tunisie\/2020\/03\/17\/jet-multimedia-tunisia-sort-definitivement-de-karthago-group\/\"},\"author\":{\"name\":\"Amina Mkada\",\"@id\":\"https:\/\/kapitalis.com\/tunisie\/#\/schema\/person\/093913313d3017554cb3ad077fff3fbd\"},\"headline\":\"Jet Multimedia Tunisia sort d\u00e9finitivement de Karthago Group\",\"datePublished\":\"2020-03-17T17:19:36+00:00\",\"dateModified\":\"2020-03-17T17:19:37+00:00\",\"mainEntityOfPage\":{\"@id\":\"https:\/\/kapitalis.com\/tunisie\/2020\/03\/17\/jet-multimedia-tunisia-sort-definitivement-de-karthago-group\/\"},\"wordCount\":189,\"commentCount\":1,\"publisher\":{\"@id\":\"https:\/\/kapitalis.com\/tunisie\/#organization\"},\"image\":{\"@id\":\"https:\/\/kapitalis.com\/tunisie\/2020\/03\/17\/jet-multimedia-tunisia-sort-definitivement-de-karthago-group\/#primaryimage\"},\"thumbnailUrl\":\"\",\"keywords\":[\"Al-Karama Holding\",\"Belhassen Trabelsi\",\"Cap Bank\",\"Dakhlaoui &amp; Partners\",\"Digital Virgo\",\"Jet Multimedia Tunisia\",\"Karthago Group\"],\"articleSection\":[\"ECONOMIE\",\"Tunisie\"],\"inLanguage\":\"fr-FR\",\"potentialAction\":[{\"@type\":\"CommentAction\",\"name\":\"Comment\",\"target\":[\"https:\/\/kapitalis.com\/tunisie\/2020\/03\/17\/jet-multimedia-tunisia-sort-definitivement-de-karthago-group\/#respond\"]}]},{\"@type\":\"WebPage\",\"@id\":\"https:\/\/kapitalis.com\/tunisie\/2020\/03\/17\/jet-multimedia-tunisia-sort-definitivement-de-karthago-group\/\",\"url\":\"https:\/\/kapitalis.com\/tunisie\/2020\/03\/17\/jet-multimedia-tunisia-sort-definitivement-de-karthago-group\/\",\"name\":\"Jet Multimedia Tunisia sort d\u00e9finitivement de Karthago Group - Kapitalis\",\"isPartOf\":{\"@id\":\"https:\/\/kapitalis.com\/tunisie\/#website\"},\"primaryImageOfPage\":{\"@id\":\"https:\/\/kapitalis.com\/tunisie\/2020\/03\/17\/jet-multimedia-tunisia-sort-definitivement-de-karthago-group\/#primaryimage\"},\"image\":{\"@id\":\"https:\/\/kapitalis.com\/tunisie\/2020\/03\/17\/jet-multimedia-tunisia-sort-definitivement-de-karthago-group\/#primaryimage\"},\"thumbnailUrl\":\"\",\"datePublished\":\"2020-03-17T17:19:36+00:00\",\"dateModified\":\"2020-03-17T17:19:37+00:00\",\"breadcrumb\":{\"@id\":\"https:\/\/kapitalis.com\/tunisie\/2020\/03\/17\/jet-multimedia-tunisia-sort-definitivement-de-karthago-group\/#breadcrumb\"},\"inLanguage\":\"fr-FR\",\"potentialAction\":[{\"@type\":\"ReadAction\",\"target\":[\"https:\/\/kapitalis.com\/tunisie\/2020\/03\/17\/jet-multimedia-tunisia-sort-definitivement-de-karthago-group\/\"]}]},{\"@type\":\"ImageObject\",\"inLanguage\":\"fr-FR\",\"@id\":\"https:\/\/kapitalis.com\/tunisie\/2020\/03\/17\/jet-multimedia-tunisia-sort-definitivement-de-karthago-group\/#primaryimage\",\"url\":\"\",\"contentUrl\":\"\"},{\"@type\":\"BreadcrumbList\",\"@id\":\"https:\/\/kapitalis.com\/tunisie\/2020\/03\/17\/jet-multimedia-tunisia-sort-definitivement-de-karthago-group\/#breadcrumb\",\"itemListElement\":[{\"@type\":\"ListItem\",\"position\":1,\"name\":\"Accueil\",\"item\":\"https:\/\/kapitalis.com\/tunisie\/\"},{\"@type\":\"ListItem\",\"position\":2,\"name\":\"Jet Multimedia Tunisia sort d\u00e9finitivement de Karthago Group\"}]},{\"@type\":\"WebSite\",\"@id\":\"https:\/\/kapitalis.com\/tunisie\/#website\",\"url\":\"https:\/\/kapitalis.com\/tunisie\/\",\"name\":\"Kapitalis\",\"description\":\"L&#039;actualit\u00e9 en Tunisie et dans le monde\",\"publisher\":{\"@id\":\"https:\/\/kapitalis.com\/tunisie\/#organization\"},\"potentialAction\":[{\"@type\":\"SearchAction\",\"target\":{\"@type\":\"EntryPoint\",\"urlTemplate\":\"https:\/\/kapitalis.com\/tunisie\/?s={search_term_string}\"},\"query-input\":{\"@type\":\"PropertyValueSpecification\",\"valueRequired\":true,\"valueName\":\"search_term_string\"}}],\"inLanguage\":\"fr-FR\"},{\"@type\":\"Organization\",\"@id\":\"https:\/\/kapitalis.com\/tunisie\/#organization\",\"name\":\"Kapitalis\",\"url\":\"https:\/\/kapitalis.com\/tunisie\/\",\"logo\":{\"@type\":\"ImageObject\",\"inLanguage\":\"fr-FR\",\"@id\":\"https:\/\/kapitalis.com\/tunisie\/#\/schema\/logo\/image\/\",\"url\":\"https:\/\/kapitalis.com\/tunisie\/wp-content\/uploads\/2022\/05\/Kapitalis-big-size.png\",\"contentUrl\":\"https:\/\/kapitalis.com\/tunisie\/wp-content\/uploads\/2022\/05\/Kapitalis-big-size.png\",\"width\":5000,\"height\":1500,\"caption\":\"Kapitalis\"},\"image\":{\"@id\":\"https:\/\/kapitalis.com\/tunisie\/#\/schema\/logo\/image\/\"},\"sameAs\":[\"https:\/\/www.facebook.com\/KapitalisInfo\/\",\"https:\/\/x.com\/KapitalisInfo\",\"https:\/\/www.youtube.com\/channel\/UC-yDYrHyfFBWWZaOw3FPg9Q\"]},{\"@type\":\"Person\",\"@id\":\"https:\/\/kapitalis.com\/tunisie\/#\/schema\/person\/093913313d3017554cb3ad077fff3fbd\",\"name\":\"Amina Mkada\",\"url\":\"https:\/\/kapitalis.com\/tunisie\/author\/amina\/\"}]}<\/script>\n<!-- \/ Yoast SEO plugin. -->","yoast_head_json":{"title":"Jet Multimedia Tunisia sort d\u00e9finitivement de Karthago Group - Kapitalis","robots":{"index":"index","follow":"follow","max-snippet":"max-snippet:-1","max-image-preview":"max-image-preview:large","max-video-preview":"max-video-preview:-1"},"canonical":"https:\/\/kapitalis.com\/tunisie\/2020\/03\/17\/jet-multimedia-tunisia-sort-definitivement-de-karthago-group\/","og_locale":"fr_FR","og_type":"article","og_title":"Jet Multimedia Tunisia sort d\u00e9finitivement de Karthago Group - Kapitalis","og_description":"Jet Multim\u00e9dia Tunisia, anciennement filiale de Karthago Group qu&rsquo;avait fond\u00e9 Belhassen Trabelsi, gendre de Ben Ali, actuellement incarc\u00e9r\u00e9 en France, vient d&rsquo;\u00eatre vendue par appel d&rsquo;offres international au fran\u00e7ais Digital Virgo.","og_url":"https:\/\/kapitalis.com\/tunisie\/2020\/03\/17\/jet-multimedia-tunisia-sort-definitivement-de-karthago-group\/","og_site_name":"Kapitalis","article_publisher":"https:\/\/www.facebook.com\/KapitalisInfo\/","article_published_time":"2020-03-17T17:19:36+00:00","article_modified_time":"2020-03-17T17:19:37+00:00","og_image":[{"width":1200,"height":630,"url":"https:\/\/kapitalis.com\/tunisie\/wp-content\/uploads\/2022\/05\/kapitalis-logo-fb.png","type":"image\/png"}],"author":"Amina Mkada","twitter_card":"summary_large_image","twitter_creator":"@KapitalisInfo","twitter_site":"@KapitalisInfo","twitter_misc":{"\u00c9crit par":"Amina Mkada","Dur\u00e9e de lecture estim\u00e9e":"1 minute"},"schema":{"@context":"https:\/\/schema.org","@graph":[{"@type":"Article","@id":"https:\/\/kapitalis.com\/tunisie\/2020\/03\/17\/jet-multimedia-tunisia-sort-definitivement-de-karthago-group\/#article","isPartOf":{"@id":"https:\/\/kapitalis.com\/tunisie\/2020\/03\/17\/jet-multimedia-tunisia-sort-definitivement-de-karthago-group\/"},"author":{"name":"Amina Mkada","@id":"https:\/\/kapitalis.com\/tunisie\/#\/schema\/person\/093913313d3017554cb3ad077fff3fbd"},"headline":"Jet Multimedia Tunisia sort d\u00e9finitivement de Karthago Group","datePublished":"2020-03-17T17:19:36+00:00","dateModified":"2020-03-17T17:19:37+00:00","mainEntityOfPage":{"@id":"https:\/\/kapitalis.com\/tunisie\/2020\/03\/17\/jet-multimedia-tunisia-sort-definitivement-de-karthago-group\/"},"wordCount":189,"commentCount":1,"publisher":{"@id":"https:\/\/kapitalis.com\/tunisie\/#organization"},"image":{"@id":"https:\/\/kapitalis.com\/tunisie\/2020\/03\/17\/jet-multimedia-tunisia-sort-definitivement-de-karthago-group\/#primaryimage"},"thumbnailUrl":"","keywords":["Al-Karama Holding","Belhassen Trabelsi","Cap Bank","Dakhlaoui &amp; Partners","Digital Virgo","Jet Multimedia Tunisia","Karthago Group"],"articleSection":["ECONOMIE","Tunisie"],"inLanguage":"fr-FR","potentialAction":[{"@type":"CommentAction","name":"Comment","target":["https:\/\/kapitalis.com\/tunisie\/2020\/03\/17\/jet-multimedia-tunisia-sort-definitivement-de-karthago-group\/#respond"]}]},{"@type":"WebPage","@id":"https:\/\/kapitalis.com\/tunisie\/2020\/03\/17\/jet-multimedia-tunisia-sort-definitivement-de-karthago-group\/","url":"https:\/\/kapitalis.com\/tunisie\/2020\/03\/17\/jet-multimedia-tunisia-sort-definitivement-de-karthago-group\/","name":"Jet Multimedia Tunisia sort d\u00e9finitivement de Karthago Group - Kapitalis","isPartOf":{"@id":"https:\/\/kapitalis.com\/tunisie\/#website"},"primaryImageOfPage":{"@id":"https:\/\/kapitalis.com\/tunisie\/2020\/03\/17\/jet-multimedia-tunisia-sort-definitivement-de-karthago-group\/#primaryimage"},"image":{"@id":"https:\/\/kapitalis.com\/tunisie\/2020\/03\/17\/jet-multimedia-tunisia-sort-definitivement-de-karthago-group\/#primaryimage"},"thumbnailUrl":"","datePublished":"2020-03-17T17:19:36+00:00","dateModified":"2020-03-17T17:19:37+00:00","breadcrumb":{"@id":"https:\/\/kapitalis.com\/tunisie\/2020\/03\/17\/jet-multimedia-tunisia-sort-definitivement-de-karthago-group\/#breadcrumb"},"inLanguage":"fr-FR","potentialAction":[{"@type":"ReadAction","target":["https:\/\/kapitalis.com\/tunisie\/2020\/03\/17\/jet-multimedia-tunisia-sort-definitivement-de-karthago-group\/"]}]},{"@type":"ImageObject","inLanguage":"fr-FR","@id":"https:\/\/kapitalis.com\/tunisie\/2020\/03\/17\/jet-multimedia-tunisia-sort-definitivement-de-karthago-group\/#primaryimage","url":"","contentUrl":""},{"@type":"BreadcrumbList","@id":"https:\/\/kapitalis.com\/tunisie\/2020\/03\/17\/jet-multimedia-tunisia-sort-definitivement-de-karthago-group\/#breadcrumb","itemListElement":[{"@type":"ListItem","position":1,"name":"Accueil","item":"https:\/\/kapitalis.com\/tunisie\/"},{"@type":"ListItem","position":2,"name":"Jet Multimedia Tunisia sort d\u00e9finitivement de Karthago Group"}]},{"@type":"WebSite","@id":"https:\/\/kapitalis.com\/tunisie\/#website","url":"https:\/\/kapitalis.com\/tunisie\/","name":"Kapitalis","description":"L&#039;actualit\u00e9 en Tunisie et dans le monde","publisher":{"@id":"https:\/\/kapitalis.com\/tunisie\/#organization"},"potentialAction":[{"@type":"SearchAction","target":{"@type":"EntryPoint","urlTemplate":"https:\/\/kapitalis.com\/tunisie\/?s={search_term_string}"},"query-input":{"@type":"PropertyValueSpecification","valueRequired":true,"valueName":"search_term_string"}}],"inLanguage":"fr-FR"},{"@type":"Organization","@id":"https:\/\/kapitalis.com\/tunisie\/#organization","name":"Kapitalis","url":"https:\/\/kapitalis.com\/tunisie\/","logo":{"@type":"ImageObject","inLanguage":"fr-FR","@id":"https:\/\/kapitalis.com\/tunisie\/#\/schema\/logo\/image\/","url":"https:\/\/kapitalis.com\/tunisie\/wp-content\/uploads\/2022\/05\/Kapitalis-big-size.png","contentUrl":"https:\/\/kapitalis.com\/tunisie\/wp-content\/uploads\/2022\/05\/Kapitalis-big-size.png","width":5000,"height":1500,"caption":"Kapitalis"},"image":{"@id":"https:\/\/kapitalis.com\/tunisie\/#\/schema\/logo\/image\/"},"sameAs":["https:\/\/www.facebook.com\/KapitalisInfo\/","https:\/\/x.com\/KapitalisInfo","https:\/\/www.youtube.com\/channel\/UC-yDYrHyfFBWWZaOw3FPg9Q"]},{"@type":"Person","@id":"https:\/\/kapitalis.com\/tunisie\/#\/schema\/person\/093913313d3017554cb3ad077fff3fbd","name":"Amina Mkada","url":"https:\/\/kapitalis.com\/tunisie\/author\/amina\/"}]}},"_links":{"self":[{"href":"https:\/\/kapitalis.com\/tunisie\/wp-json\/wp\/v2\/posts\/288846","targetHints":{"allow":["GET"]}}],"collection":[{"href":"https:\/\/kapitalis.com\/tunisie\/wp-json\/wp\/v2\/posts"}],"about":[{"href":"https:\/\/kapitalis.com\/tunisie\/wp-json\/wp\/v2\/types\/post"}],"author":[{"embeddable":true,"href":"https:\/\/kapitalis.com\/tunisie\/wp-json\/wp\/v2\/users\/22"}],"replies":[{"embeddable":true,"href":"https:\/\/kapitalis.com\/tunisie\/wp-json\/wp\/v2\/comments?post=288846"}],"version-history":[{"count":0,"href":"https:\/\/kapitalis.com\/tunisie\/wp-json\/wp\/v2\/posts\/288846\/revisions"}],"wp:featuredmedia":[{"embeddable":true,"href":"https:\/\/kapitalis.com\/tunisie\/wp-json\/wp\/v2\/media\/288865"}],"wp:attachment":[{"href":"https:\/\/kapitalis.com\/tunisie\/wp-json\/wp\/v2\/media?parent=288846"}],"wp:term":[{"taxonomy":"category","embeddable":true,"href":"https:\/\/kapitalis.com\/tunisie\/wp-json\/wp\/v2\/categories?post=288846"},{"taxonomy":"post_tag","embeddable":true,"href":"https:\/\/kapitalis.com\/tunisie\/wp-json\/wp\/v2\/tags?post=288846"}],"curies":[{"name":"wp","href":"https:\/\/api.w.org\/{rel}","templated":true}]}}