{"id":288874,"date":"2020-03-18T07:41:55","date_gmt":"2020-03-18T06:41:55","guid":{"rendered":"http:\/\/kapitalis.com\/tunisie\/?p=288874"},"modified":"2020-03-18T07:41:57","modified_gmt":"2020-03-18T06:41:57","slug":"a-cause-de-la-crise-du-coronavirus-la-steg-recule-dun-mois-le-paiement-des-factures","status":"publish","type":"post","link":"https:\/\/kapitalis.com\/tunisie\/2020\/03\/18\/a-cause-de-la-crise-du-coronavirus-la-steg-recule-dun-mois-le-paiement-des-factures\/","title":{"rendered":"A cause de la crise du coronavirus, la Steg recule d&rsquo;un mois le paiement des factures"},"content":{"rendered":"\n<figure class=\"wp-block-image size-large\"><img decoding=\"async\" src=\"http:\/\/kapitalis.com\/tunisie\/wp-content\/uploads\/2019\/12\/Steg-Energie-solaire.jpg\" alt=\"\" class=\"wp-image-267450\"\/><\/figure>\n\n\n\n<p><strong><em>Dans un communiqu\u00e9 publi\u00e9 mardi 17 mars 2020, la Soci\u00e9t\u00e9 tunisienne d&rsquo;\u00e9lectricit\u00e9 et de gaz (<a rel=\"noreferrer noopener\" aria-label=\"Steg (s\u2019ouvre dans un nouvel onglet)\" href=\"https:\/\/www.facebook.com\/pg\/steg.tunisie\/posts\/?ref=page_internal\" target=\"_blank\">Steg<\/a>) annonce le report du paiement des factures d&rsquo;un mois, \u00e0 titre exceptionnel, pour tous les clients de la cat\u00e9gorie basse tension de la soci\u00e9t\u00e9.  <\/em><\/strong><\/p>\n\n\n\n<!--more-->\n\n\n\n<p>Compte tenu des circonstances exceptionnelles que traverse le pays face \u00e0 la crise sanitaire provoqu\u00e9e par la pand\u00e9mie du coronavirus, et dans l&rsquo;int\u00e9r\u00eat de la Steg de soutenir ses clients, il a \u00e9t\u00e9 d\u00e9cid\u00e9 de reporter d&rsquo;un mois la coupure de l&rsquo;\u00e9lectricit\u00e9 pour ceux d&rsquo;entre eux qui n&rsquo;ont pas pay\u00e9 leur facture, \u00e0 compter de la date de ce communiqu\u00e9, soit le 17 mars 2020.<\/p>\n\n\n\n<p>Par ailleurs, la Steg renouvelle son invitation \u00e0 tous ses clients \u00e0 faire preuve de responsabilit\u00e9 et d&rsquo;initiative et de payer leurs factures, \u00e0 travers ses services en ligne, accessibles \u00e0 distance et disponibles sur son <a rel=\"noreferrer noopener\" aria-label=\"site web (s\u2019ouvre dans un nouvel onglet)\" href=\"http:\/\/www.steg.com.tn\" target=\"_blank\"><strong>site web<\/strong><\/a>, ainsi que sur le service USSD pour les op\u00e9rateurs de t\u00e9l\u00e9phonie mobile (Tunisie Telecom et Ooredoo). <\/p>\n\n\n\n<p class=\"has-text-align-right\"><strong>A. M.<\/strong><\/p>\n","protected":false},"excerpt":{"rendered":"<p>Dans un communiqu\u00e9 publi\u00e9 mardi 17 mars 2020, la Soci\u00e9t\u00e9 tunisienne d&rsquo;\u00e9lectricit\u00e9 et de gaz (Steg) annonce le report du paiement des factures d&rsquo;un mois, \u00e0 titre exceptionnel, pour tous les clients de la cat\u00e9gorie basse tension de la soci\u00e9t\u00e9.<\/p>\n","protected":false},"author":22,"featured_media":0,"comment_status":"open","ping_status":"open","sticky":false,"template":"","format":"standard","meta":{"footnotes":""},"categories":[993,998,2433],"tags":[73060,3764,3763,930],"class_list":["post-288874","post","type-post","status-publish","format-standard","hentry","category-conso","category-societe","category-tunisie","tag-coronavirus","tag-factures","tag-steg","tag-tunisie-telecom"],"yoast_head":"<!-- This site is optimized with the Yoast SEO plugin v26.6 - https:\/\/yoast.com\/wordpress\/plugins\/seo\/ -->\n<title>A cause de la crise du coronavirus, la Steg recule d&#039;un mois le paiement des factures - Kapitalis<\/title>\n<meta name=\"robots\" content=\"index, follow, max-snippet:-1, max-image-preview:large, max-video-preview:-1\" \/>\n<link rel=\"canonical\" href=\"https:\/\/kapitalis.com\/tunisie\/2020\/03\/18\/a-cause-de-la-crise-du-coronavirus-la-steg-recule-dun-mois-le-paiement-des-factures\/\" \/>\n<meta property=\"og:locale\" content=\"fr_FR\" \/>\n<meta property=\"og:type\" content=\"article\" \/>\n<meta property=\"og:title\" content=\"A cause de la crise du coronavirus, la Steg recule d&#039;un mois le paiement des factures - Kapitalis\" \/>\n<meta property=\"og:description\" content=\"Dans un communiqu\u00e9 publi\u00e9 mardi 17 mars 2020, la Soci\u00e9t\u00e9 tunisienne d&rsquo;\u00e9lectricit\u00e9 et de gaz (Steg) annonce le report du paiement des factures d&rsquo;un mois, \u00e0 titre exceptionnel, pour tous les clients de la cat\u00e9gorie basse tension de la soci\u00e9t\u00e9.\" \/>\n<meta property=\"og:url\" content=\"https:\/\/kapitalis.com\/tunisie\/2020\/03\/18\/a-cause-de-la-crise-du-coronavirus-la-steg-recule-dun-mois-le-paiement-des-factures\/\" \/>\n<meta property=\"og:site_name\" content=\"Kapitalis\" \/>\n<meta property=\"article:publisher\" content=\"https:\/\/www.facebook.com\/KapitalisInfo\/\" \/>\n<meta property=\"article:published_time\" content=\"2020-03-18T06:41:55+00:00\" \/>\n<meta property=\"article:modified_time\" content=\"2020-03-18T06:41:57+00:00\" \/>\n<meta property=\"og:image\" content=\"http:\/\/kapitalis.com\/tunisie\/wp-content\/uploads\/2019\/12\/Steg-Energie-solaire.jpg\" \/>\n<meta name=\"author\" content=\"Amina Mkada\" \/>\n<meta name=\"twitter:card\" content=\"summary_large_image\" \/>\n<meta name=\"twitter:creator\" content=\"@KapitalisInfo\" \/>\n<meta name=\"twitter:site\" content=\"@KapitalisInfo\" \/>\n<meta name=\"twitter:label1\" content=\"\u00c9crit par\" \/>\n\t<meta name=\"twitter:data1\" content=\"Amina Mkada\" \/>\n\t<meta name=\"twitter:label2\" content=\"Dur\u00e9e de lecture estim\u00e9e\" \/>\n\t<meta name=\"twitter:data2\" content=\"1 minute\" \/>\n<script type=\"application\/ld+json\" class=\"yoast-schema-graph\">{\"@context\":\"https:\/\/schema.org\",\"@graph\":[{\"@type\":\"Article\",\"@id\":\"https:\/\/kapitalis.com\/tunisie\/2020\/03\/18\/a-cause-de-la-crise-du-coronavirus-la-steg-recule-dun-mois-le-paiement-des-factures\/#article\",\"isPartOf\":{\"@id\":\"https:\/\/kapitalis.com\/tunisie\/2020\/03\/18\/a-cause-de-la-crise-du-coronavirus-la-steg-recule-dun-mois-le-paiement-des-factures\/\"},\"author\":{\"name\":\"Amina Mkada\",\"@id\":\"https:\/\/kapitalis.com\/tunisie\/#\/schema\/person\/093913313d3017554cb3ad077fff3fbd\"},\"headline\":\"A cause de la crise du coronavirus, la Steg recule d&rsquo;un mois le paiement des factures\",\"datePublished\":\"2020-03-18T06:41:55+00:00\",\"dateModified\":\"2020-03-18T06:41:57+00:00\",\"mainEntityOfPage\":{\"@id\":\"https:\/\/kapitalis.com\/tunisie\/2020\/03\/18\/a-cause-de-la-crise-du-coronavirus-la-steg-recule-dun-mois-le-paiement-des-factures\/\"},\"wordCount\":179,\"commentCount\":5,\"publisher\":{\"@id\":\"https:\/\/kapitalis.com\/tunisie\/#organization\"},\"image\":{\"@id\":\"https:\/\/kapitalis.com\/tunisie\/2020\/03\/18\/a-cause-de-la-crise-du-coronavirus-la-steg-recule-dun-mois-le-paiement-des-factures\/#primaryimage\"},\"thumbnailUrl\":\"http:\/\/kapitalis.com\/tunisie\/wp-content\/uploads\/2019\/12\/Steg-Energie-solaire.jpg\",\"keywords\":[\"Coronavirus\",\"factures\",\"Steg\",\"Tunisie Telecom\"],\"articleSection\":[\"CONSO\",\"SOCIETE\",\"Tunisie\"],\"inLanguage\":\"fr-FR\",\"potentialAction\":[{\"@type\":\"CommentAction\",\"name\":\"Comment\",\"target\":[\"https:\/\/kapitalis.com\/tunisie\/2020\/03\/18\/a-cause-de-la-crise-du-coronavirus-la-steg-recule-dun-mois-le-paiement-des-factures\/#respond\"]}]},{\"@type\":\"WebPage\",\"@id\":\"https:\/\/kapitalis.com\/tunisie\/2020\/03\/18\/a-cause-de-la-crise-du-coronavirus-la-steg-recule-dun-mois-le-paiement-des-factures\/\",\"url\":\"https:\/\/kapitalis.com\/tunisie\/2020\/03\/18\/a-cause-de-la-crise-du-coronavirus-la-steg-recule-dun-mois-le-paiement-des-factures\/\",\"name\":\"A cause de la crise du coronavirus, la Steg recule d'un mois le paiement des factures - Kapitalis\",\"isPartOf\":{\"@id\":\"https:\/\/kapitalis.com\/tunisie\/#website\"},\"primaryImageOfPage\":{\"@id\":\"https:\/\/kapitalis.com\/tunisie\/2020\/03\/18\/a-cause-de-la-crise-du-coronavirus-la-steg-recule-dun-mois-le-paiement-des-factures\/#primaryimage\"},\"image\":{\"@id\":\"https:\/\/kapitalis.com\/tunisie\/2020\/03\/18\/a-cause-de-la-crise-du-coronavirus-la-steg-recule-dun-mois-le-paiement-des-factures\/#primaryimage\"},\"thumbnailUrl\":\"http:\/\/kapitalis.com\/tunisie\/wp-content\/uploads\/2019\/12\/Steg-Energie-solaire.jpg\",\"datePublished\":\"2020-03-18T06:41:55+00:00\",\"dateModified\":\"2020-03-18T06:41:57+00:00\",\"breadcrumb\":{\"@id\":\"https:\/\/kapitalis.com\/tunisie\/2020\/03\/18\/a-cause-de-la-crise-du-coronavirus-la-steg-recule-dun-mois-le-paiement-des-factures\/#breadcrumb\"},\"inLanguage\":\"fr-FR\",\"potentialAction\":[{\"@type\":\"ReadAction\",\"target\":[\"https:\/\/kapitalis.com\/tunisie\/2020\/03\/18\/a-cause-de-la-crise-du-coronavirus-la-steg-recule-dun-mois-le-paiement-des-factures\/\"]}]},{\"@type\":\"ImageObject\",\"inLanguage\":\"fr-FR\",\"@id\":\"https:\/\/kapitalis.com\/tunisie\/2020\/03\/18\/a-cause-de-la-crise-du-coronavirus-la-steg-recule-dun-mois-le-paiement-des-factures\/#primaryimage\",\"url\":\"\",\"contentUrl\":\"\"},{\"@type\":\"BreadcrumbList\",\"@id\":\"https:\/\/kapitalis.com\/tunisie\/2020\/03\/18\/a-cause-de-la-crise-du-coronavirus-la-steg-recule-dun-mois-le-paiement-des-factures\/#breadcrumb\",\"itemListElement\":[{\"@type\":\"ListItem\",\"position\":1,\"name\":\"Accueil\",\"item\":\"https:\/\/kapitalis.com\/tunisie\/\"},{\"@type\":\"ListItem\",\"position\":2,\"name\":\"A cause de la crise du coronavirus, la Steg recule d&rsquo;un mois le paiement des factures\"}]},{\"@type\":\"WebSite\",\"@id\":\"https:\/\/kapitalis.com\/tunisie\/#website\",\"url\":\"https:\/\/kapitalis.com\/tunisie\/\",\"name\":\"Kapitalis\",\"description\":\"L&#039;actualit\u00e9 en Tunisie et dans le monde\",\"publisher\":{\"@id\":\"https:\/\/kapitalis.com\/tunisie\/#organization\"},\"potentialAction\":[{\"@type\":\"SearchAction\",\"target\":{\"@type\":\"EntryPoint\",\"urlTemplate\":\"https:\/\/kapitalis.com\/tunisie\/?s={search_term_string}\"},\"query-input\":{\"@type\":\"PropertyValueSpecification\",\"valueRequired\":true,\"valueName\":\"search_term_string\"}}],\"inLanguage\":\"fr-FR\"},{\"@type\":\"Organization\",\"@id\":\"https:\/\/kapitalis.com\/tunisie\/#organization\",\"name\":\"Kapitalis\",\"url\":\"https:\/\/kapitalis.com\/tunisie\/\",\"logo\":{\"@type\":\"ImageObject\",\"inLanguage\":\"fr-FR\",\"@id\":\"https:\/\/kapitalis.com\/tunisie\/#\/schema\/logo\/image\/\",\"url\":\"https:\/\/kapitalis.com\/tunisie\/wp-content\/uploads\/2022\/05\/Kapitalis-big-size.png\",\"contentUrl\":\"https:\/\/kapitalis.com\/tunisie\/wp-content\/uploads\/2022\/05\/Kapitalis-big-size.png\",\"width\":5000,\"height\":1500,\"caption\":\"Kapitalis\"},\"image\":{\"@id\":\"https:\/\/kapitalis.com\/tunisie\/#\/schema\/logo\/image\/\"},\"sameAs\":[\"https:\/\/www.facebook.com\/KapitalisInfo\/\",\"https:\/\/x.com\/KapitalisInfo\",\"https:\/\/www.youtube.com\/channel\/UC-yDYrHyfFBWWZaOw3FPg9Q\"]},{\"@type\":\"Person\",\"@id\":\"https:\/\/kapitalis.com\/tunisie\/#\/schema\/person\/093913313d3017554cb3ad077fff3fbd\",\"name\":\"Amina Mkada\",\"url\":\"https:\/\/kapitalis.com\/tunisie\/author\/amina\/\"}]}<\/script>\n<!-- \/ Yoast SEO plugin. -->","yoast_head_json":{"title":"A cause de la crise du coronavirus, la Steg recule d'un mois le paiement des factures - Kapitalis","robots":{"index":"index","follow":"follow","max-snippet":"max-snippet:-1","max-image-preview":"max-image-preview:large","max-video-preview":"max-video-preview:-1"},"canonical":"https:\/\/kapitalis.com\/tunisie\/2020\/03\/18\/a-cause-de-la-crise-du-coronavirus-la-steg-recule-dun-mois-le-paiement-des-factures\/","og_locale":"fr_FR","og_type":"article","og_title":"A cause de la crise du coronavirus, la Steg recule d'un mois le paiement des factures - Kapitalis","og_description":"Dans un communiqu\u00e9 publi\u00e9 mardi 17 mars 2020, la Soci\u00e9t\u00e9 tunisienne d&rsquo;\u00e9lectricit\u00e9 et de gaz (Steg) annonce le report du paiement des factures d&rsquo;un mois, \u00e0 titre exceptionnel, pour tous les clients de la cat\u00e9gorie basse tension de la soci\u00e9t\u00e9.","og_url":"https:\/\/kapitalis.com\/tunisie\/2020\/03\/18\/a-cause-de-la-crise-du-coronavirus-la-steg-recule-dun-mois-le-paiement-des-factures\/","og_site_name":"Kapitalis","article_publisher":"https:\/\/www.facebook.com\/KapitalisInfo\/","article_published_time":"2020-03-18T06:41:55+00:00","article_modified_time":"2020-03-18T06:41:57+00:00","og_image":[{"url":"http:\/\/kapitalis.com\/tunisie\/wp-content\/uploads\/2019\/12\/Steg-Energie-solaire.jpg","type":"","width":"","height":""}],"author":"Amina Mkada","twitter_card":"summary_large_image","twitter_creator":"@KapitalisInfo","twitter_site":"@KapitalisInfo","twitter_misc":{"\u00c9crit par":"Amina Mkada","Dur\u00e9e de lecture estim\u00e9e":"1 minute"},"schema":{"@context":"https:\/\/schema.org","@graph":[{"@type":"Article","@id":"https:\/\/kapitalis.com\/tunisie\/2020\/03\/18\/a-cause-de-la-crise-du-coronavirus-la-steg-recule-dun-mois-le-paiement-des-factures\/#article","isPartOf":{"@id":"https:\/\/kapitalis.com\/tunisie\/2020\/03\/18\/a-cause-de-la-crise-du-coronavirus-la-steg-recule-dun-mois-le-paiement-des-factures\/"},"author":{"name":"Amina Mkada","@id":"https:\/\/kapitalis.com\/tunisie\/#\/schema\/person\/093913313d3017554cb3ad077fff3fbd"},"headline":"A cause de la crise du coronavirus, la Steg recule d&rsquo;un mois le paiement des factures","datePublished":"2020-03-18T06:41:55+00:00","dateModified":"2020-03-18T06:41:57+00:00","mainEntityOfPage":{"@id":"https:\/\/kapitalis.com\/tunisie\/2020\/03\/18\/a-cause-de-la-crise-du-coronavirus-la-steg-recule-dun-mois-le-paiement-des-factures\/"},"wordCount":179,"commentCount":5,"publisher":{"@id":"https:\/\/kapitalis.com\/tunisie\/#organization"},"image":{"@id":"https:\/\/kapitalis.com\/tunisie\/2020\/03\/18\/a-cause-de-la-crise-du-coronavirus-la-steg-recule-dun-mois-le-paiement-des-factures\/#primaryimage"},"thumbnailUrl":"http:\/\/kapitalis.com\/tunisie\/wp-content\/uploads\/2019\/12\/Steg-Energie-solaire.jpg","keywords":["Coronavirus","factures","Steg","Tunisie Telecom"],"articleSection":["CONSO","SOCIETE","Tunisie"],"inLanguage":"fr-FR","potentialAction":[{"@type":"CommentAction","name":"Comment","target":["https:\/\/kapitalis.com\/tunisie\/2020\/03\/18\/a-cause-de-la-crise-du-coronavirus-la-steg-recule-dun-mois-le-paiement-des-factures\/#respond"]}]},{"@type":"WebPage","@id":"https:\/\/kapitalis.com\/tunisie\/2020\/03\/18\/a-cause-de-la-crise-du-coronavirus-la-steg-recule-dun-mois-le-paiement-des-factures\/","url":"https:\/\/kapitalis.com\/tunisie\/2020\/03\/18\/a-cause-de-la-crise-du-coronavirus-la-steg-recule-dun-mois-le-paiement-des-factures\/","name":"A cause de la crise du coronavirus, la Steg recule d'un mois le paiement des factures - Kapitalis","isPartOf":{"@id":"https:\/\/kapitalis.com\/tunisie\/#website"},"primaryImageOfPage":{"@id":"https:\/\/kapitalis.com\/tunisie\/2020\/03\/18\/a-cause-de-la-crise-du-coronavirus-la-steg-recule-dun-mois-le-paiement-des-factures\/#primaryimage"},"image":{"@id":"https:\/\/kapitalis.com\/tunisie\/2020\/03\/18\/a-cause-de-la-crise-du-coronavirus-la-steg-recule-dun-mois-le-paiement-des-factures\/#primaryimage"},"thumbnailUrl":"http:\/\/kapitalis.com\/tunisie\/wp-content\/uploads\/2019\/12\/Steg-Energie-solaire.jpg","datePublished":"2020-03-18T06:41:55+00:00","dateModified":"2020-03-18T06:41:57+00:00","breadcrumb":{"@id":"https:\/\/kapitalis.com\/tunisie\/2020\/03\/18\/a-cause-de-la-crise-du-coronavirus-la-steg-recule-dun-mois-le-paiement-des-factures\/#breadcrumb"},"inLanguage":"fr-FR","potentialAction":[{"@type":"ReadAction","target":["https:\/\/kapitalis.com\/tunisie\/2020\/03\/18\/a-cause-de-la-crise-du-coronavirus-la-steg-recule-dun-mois-le-paiement-des-factures\/"]}]},{"@type":"ImageObject","inLanguage":"fr-FR","@id":"https:\/\/kapitalis.com\/tunisie\/2020\/03\/18\/a-cause-de-la-crise-du-coronavirus-la-steg-recule-dun-mois-le-paiement-des-factures\/#primaryimage","url":"","contentUrl":""},{"@type":"BreadcrumbList","@id":"https:\/\/kapitalis.com\/tunisie\/2020\/03\/18\/a-cause-de-la-crise-du-coronavirus-la-steg-recule-dun-mois-le-paiement-des-factures\/#breadcrumb","itemListElement":[{"@type":"ListItem","position":1,"name":"Accueil","item":"https:\/\/kapitalis.com\/tunisie\/"},{"@type":"ListItem","position":2,"name":"A cause de la crise du coronavirus, la Steg recule d&rsquo;un mois le paiement des factures"}]},{"@type":"WebSite","@id":"https:\/\/kapitalis.com\/tunisie\/#website","url":"https:\/\/kapitalis.com\/tunisie\/","name":"Kapitalis","description":"L&#039;actualit\u00e9 en Tunisie et dans le monde","publisher":{"@id":"https:\/\/kapitalis.com\/tunisie\/#organization"},"potentialAction":[{"@type":"SearchAction","target":{"@type":"EntryPoint","urlTemplate":"https:\/\/kapitalis.com\/tunisie\/?s={search_term_string}"},"query-input":{"@type":"PropertyValueSpecification","valueRequired":true,"valueName":"search_term_string"}}],"inLanguage":"fr-FR"},{"@type":"Organization","@id":"https:\/\/kapitalis.com\/tunisie\/#organization","name":"Kapitalis","url":"https:\/\/kapitalis.com\/tunisie\/","logo":{"@type":"ImageObject","inLanguage":"fr-FR","@id":"https:\/\/kapitalis.com\/tunisie\/#\/schema\/logo\/image\/","url":"https:\/\/kapitalis.com\/tunisie\/wp-content\/uploads\/2022\/05\/Kapitalis-big-size.png","contentUrl":"https:\/\/kapitalis.com\/tunisie\/wp-content\/uploads\/2022\/05\/Kapitalis-big-size.png","width":5000,"height":1500,"caption":"Kapitalis"},"image":{"@id":"https:\/\/kapitalis.com\/tunisie\/#\/schema\/logo\/image\/"},"sameAs":["https:\/\/www.facebook.com\/KapitalisInfo\/","https:\/\/x.com\/KapitalisInfo","https:\/\/www.youtube.com\/channel\/UC-yDYrHyfFBWWZaOw3FPg9Q"]},{"@type":"Person","@id":"https:\/\/kapitalis.com\/tunisie\/#\/schema\/person\/093913313d3017554cb3ad077fff3fbd","name":"Amina Mkada","url":"https:\/\/kapitalis.com\/tunisie\/author\/amina\/"}]}},"_links":{"self":[{"href":"https:\/\/kapitalis.com\/tunisie\/wp-json\/wp\/v2\/posts\/288874","targetHints":{"allow":["GET"]}}],"collection":[{"href":"https:\/\/kapitalis.com\/tunisie\/wp-json\/wp\/v2\/posts"}],"about":[{"href":"https:\/\/kapitalis.com\/tunisie\/wp-json\/wp\/v2\/types\/post"}],"author":[{"embeddable":true,"href":"https:\/\/kapitalis.com\/tunisie\/wp-json\/wp\/v2\/users\/22"}],"replies":[{"embeddable":true,"href":"https:\/\/kapitalis.com\/tunisie\/wp-json\/wp\/v2\/comments?post=288874"}],"version-history":[{"count":0,"href":"https:\/\/kapitalis.com\/tunisie\/wp-json\/wp\/v2\/posts\/288874\/revisions"}],"wp:attachment":[{"href":"https:\/\/kapitalis.com\/tunisie\/wp-json\/wp\/v2\/media?parent=288874"}],"wp:term":[{"taxonomy":"category","embeddable":true,"href":"https:\/\/kapitalis.com\/tunisie\/wp-json\/wp\/v2\/categories?post=288874"},{"taxonomy":"post_tag","embeddable":true,"href":"https:\/\/kapitalis.com\/tunisie\/wp-json\/wp\/v2\/tags?post=288874"}],"curies":[{"name":"wp","href":"https:\/\/api.w.org\/{rel}","templated":true}]}}