{"id":28904,"date":"2015-12-05T11:38:11","date_gmt":"2015-12-05T10:38:11","guid":{"rendered":"http:\/\/kapitalis.com\/tunisie\/?p=28904"},"modified":"2015-12-05T12:37:23","modified_gmt":"2015-12-05T11:37:23","slug":"commemoration-du-63e-anniversaire-de-lassassinat-de-farhat-hached","status":"publish","type":"post","link":"https:\/\/kapitalis.com\/tunisie\/2015\/12\/05\/commemoration-du-63e-anniversaire-de-lassassinat-de-farhat-hached\/","title":{"rendered":"Comm\u00e9moration du 63e anniversaire de l&rsquo;assassinat de Farhat Hached"},"content":{"rendered":"<p><img loading=\"lazy\" decoding=\"async\" class=\"alignnone size-full wp-image-28906 aligncenter\" src=\"http:\/\/kapitalis.com\/tunisie\/wp-content\/uploads\/2015\/12\/Hached.jpg\" alt=\"Hached\" width=\"626\" height=\"380\" \/><\/p>\n<p><em><strong>Une c\u00e9r\u00e9monie officielle a \u00e9t\u00e9 organis\u00e9e aujourd&rsquo;hui\u00a0\u00e0 la Kasbah pour comm\u00e9morer le 63e anniversaire de l&rsquo;assassinat du leader syndicaliste Farhat Hached.<\/strong><\/em><br \/>\n<!--more--><\/p>\n<p>Etaient pr\u00e9sents au mausol\u00e9e Farhat Hached, le pr\u00e9sident de la r\u00e9publique Beji Ca\u00efd Essebsi, le pr\u00e9sident de l&rsquo;Assembl\u00e9e des repr\u00e9sentants du peuple (ARP) Mohamed Ennaceur et le chef du gouvernement Habib Essid, ainsi que le secr\u00e9taire g\u00e9n\u00e9ral de l&rsquo;Union g\u00e9n\u00e9rale tunisienne du travail (UGTT) Houcine Abassi, qui ont r\u00e9cit\u00e9 la Fatiha \u00e0 la m\u00e9moire du martyr et ont d\u00e9pos\u00e9 une gerbe de fleurs au pied de son m\u00e9morial.<\/p>\n<p>Farhat Hached, militant nationaliste et syndicaliste originaire de Kerkennah (Sfax), a fond\u00e9 l&rsquo;UGTT en 1946. Il a \u00e9t\u00e9 assassin\u00e9, le 5 d\u00e9cembre 1952, par des membres de l&rsquo;organisation colonialiste fran\u00e7aise, la Main Rouge. Un myst\u00e8re plane encore sur les circonstances exactes de son assassinat, ainsi que sur les commanditaires et les ex\u00e9cutants\u00a0 de cet acte ignoble.<\/p>\n<p>Le fils du leader nationaliste, Noureddine Hached, pr\u00e9sent \u00e0 la c\u00e9r\u00e9monie d&rsquo;aujourd&rsquo;hui, oeuvre depuis des d\u00e9cennies \u00e0 r\u00e9unir les documents d&rsquo;archives sur ce douloureux \u00e9pisode historique.<\/p>\n<p>Dans une d\u00e9claration aux m\u00e9dias, le chef du gouvernement Habib Essid a appel\u00e9 les Tunisiens \u00e0 la coh\u00e9sion et au sacrifice au service des int\u00e9r\u00eats du pays, particuli\u00e8rement en cette p\u00e9riode difficile.<\/p>\n<p>De son c\u00f4t\u00e9, le secr\u00e9taire g\u00e9n\u00e9ral de l&rsquo;UGTT a rendu hommage \u00e0 la m\u00e9moire du leader syndicaliste appelant les Tunisiens \u00e0 s&rsquo;inspirer de ses id\u00e9es et de son parcours militant. Il a aussi assur\u00e9 l&rsquo;engagement des militants syndicalistes \u00e0 poursuivre le combat de Farhat Hached pour d\u00e9fendre les principes et les fondements de l&rsquo;organisation syndicale et poursuivre son r\u00f4le social et politique.<\/p>\n<p style=\"text-align: right;\"><strong>A. B. M.<\/strong> <em>(avec Tap)<\/em><\/p>\n","protected":false},"excerpt":{"rendered":"<p>Une c\u00e9r\u00e9monie officielle a \u00e9t\u00e9 organis\u00e9e aujourd&rsquo;hui\u00a0\u00e0 la Kasbah pour comm\u00e9morer le 63e anniversaire de l&rsquo;assassinat du leader syndicaliste Farhat Hached.<\/p>\n","protected":false},"author":11,"featured_media":28906,"comment_status":"open","ping_status":"open","sticky":false,"template":"","format":"standard","meta":{"footnotes":""},"categories":[997,2433],"tags":[1521,92,10812,10811,581,2645],"class_list":["post-28904","post","type-post","status-publish","format-standard","has-post-thumbnail","hentry","category-politique","category-tunisie","tag-anniversaire","tag-assassinat","tag-commemoration","tag-farhat-hached","tag-martyr","tag-president-de-la-republique"],"yoast_head":"<!-- This site is optimized with the Yoast SEO plugin v26.6 - https:\/\/yoast.com\/wordpress\/plugins\/seo\/ -->\n<title>Comm\u00e9moration du 63e anniversaire de l&#039;assassinat de Farhat Hached - Kapitalis<\/title>\n<meta name=\"robots\" content=\"index, follow, max-snippet:-1, max-image-preview:large, max-video-preview:-1\" \/>\n<link rel=\"canonical\" href=\"https:\/\/kapitalis.com\/tunisie\/2015\/12\/05\/commemoration-du-63e-anniversaire-de-lassassinat-de-farhat-hached\/\" \/>\n<meta property=\"og:locale\" content=\"fr_FR\" \/>\n<meta property=\"og:type\" content=\"article\" \/>\n<meta property=\"og:title\" content=\"Comm\u00e9moration du 63e anniversaire de l&#039;assassinat de Farhat Hached - Kapitalis\" \/>\n<meta property=\"og:description\" content=\"Une c\u00e9r\u00e9monie officielle a \u00e9t\u00e9 organis\u00e9e aujourd&rsquo;hui\u00a0\u00e0 la Kasbah pour comm\u00e9morer le 63e anniversaire de l&rsquo;assassinat du leader syndicaliste Farhat Hached.\" \/>\n<meta property=\"og:url\" content=\"https:\/\/kapitalis.com\/tunisie\/2015\/12\/05\/commemoration-du-63e-anniversaire-de-lassassinat-de-farhat-hached\/\" \/>\n<meta property=\"og:site_name\" content=\"Kapitalis\" \/>\n<meta property=\"article:publisher\" content=\"https:\/\/www.facebook.com\/KapitalisInfo\/\" \/>\n<meta property=\"article:published_time\" content=\"2015-12-05T10:38:11+00:00\" \/>\n<meta property=\"article:modified_time\" content=\"2015-12-05T11:37:23+00:00\" \/>\n<meta property=\"og:image\" content=\"https:\/\/kapitalis.com\/tunisie\/wp-content\/uploads\/2022\/05\/kapitalis-logo-fb.png\" \/>\n\t<meta property=\"og:image:width\" content=\"1200\" \/>\n\t<meta property=\"og:image:height\" content=\"630\" \/>\n\t<meta property=\"og:image:type\" content=\"image\/png\" \/>\n<meta name=\"author\" content=\"benmansour3 benmansour\" \/>\n<meta name=\"twitter:card\" content=\"summary_large_image\" \/>\n<meta name=\"twitter:creator\" content=\"@KapitalisInfo\" \/>\n<meta name=\"twitter:site\" content=\"@KapitalisInfo\" \/>\n<meta name=\"twitter:label1\" content=\"\u00c9crit par\" \/>\n\t<meta name=\"twitter:data1\" content=\"benmansour3 benmansour\" \/>\n\t<meta name=\"twitter:label2\" content=\"Dur\u00e9e de lecture estim\u00e9e\" \/>\n\t<meta name=\"twitter:data2\" content=\"2 minutes\" \/>\n<script type=\"application\/ld+json\" class=\"yoast-schema-graph\">{\"@context\":\"https:\/\/schema.org\",\"@graph\":[{\"@type\":\"Article\",\"@id\":\"https:\/\/kapitalis.com\/tunisie\/2015\/12\/05\/commemoration-du-63e-anniversaire-de-lassassinat-de-farhat-hached\/#article\",\"isPartOf\":{\"@id\":\"https:\/\/kapitalis.com\/tunisie\/2015\/12\/05\/commemoration-du-63e-anniversaire-de-lassassinat-de-farhat-hached\/\"},\"author\":{\"name\":\"benmansour3 benmansour\",\"@id\":\"https:\/\/kapitalis.com\/tunisie\/#\/schema\/person\/035372e645ad321edc01006468cd4c8b\"},\"headline\":\"Comm\u00e9moration du 63e anniversaire de l&rsquo;assassinat de Farhat Hached\",\"datePublished\":\"2015-12-05T10:38:11+00:00\",\"dateModified\":\"2015-12-05T11:37:23+00:00\",\"mainEntityOfPage\":{\"@id\":\"https:\/\/kapitalis.com\/tunisie\/2015\/12\/05\/commemoration-du-63e-anniversaire-de-lassassinat-de-farhat-hached\/\"},\"wordCount\":315,\"commentCount\":1,\"publisher\":{\"@id\":\"https:\/\/kapitalis.com\/tunisie\/#organization\"},\"image\":{\"@id\":\"https:\/\/kapitalis.com\/tunisie\/2015\/12\/05\/commemoration-du-63e-anniversaire-de-lassassinat-de-farhat-hached\/#primaryimage\"},\"thumbnailUrl\":\"\",\"keywords\":[\"anniversaire\",\"assassinat\",\"comm\u00e9moration\",\"Farhat Hached\",\"martyr\",\"pr\u00e9sident de la r\u00e9publique\"],\"articleSection\":[\"POLITIQUE\",\"Tunisie\"],\"inLanguage\":\"fr-FR\",\"potentialAction\":[{\"@type\":\"CommentAction\",\"name\":\"Comment\",\"target\":[\"https:\/\/kapitalis.com\/tunisie\/2015\/12\/05\/commemoration-du-63e-anniversaire-de-lassassinat-de-farhat-hached\/#respond\"]}]},{\"@type\":\"WebPage\",\"@id\":\"https:\/\/kapitalis.com\/tunisie\/2015\/12\/05\/commemoration-du-63e-anniversaire-de-lassassinat-de-farhat-hached\/\",\"url\":\"https:\/\/kapitalis.com\/tunisie\/2015\/12\/05\/commemoration-du-63e-anniversaire-de-lassassinat-de-farhat-hached\/\",\"name\":\"Comm\u00e9moration du 63e anniversaire de l'assassinat de Farhat Hached - Kapitalis\",\"isPartOf\":{\"@id\":\"https:\/\/kapitalis.com\/tunisie\/#website\"},\"primaryImageOfPage\":{\"@id\":\"https:\/\/kapitalis.com\/tunisie\/2015\/12\/05\/commemoration-du-63e-anniversaire-de-lassassinat-de-farhat-hached\/#primaryimage\"},\"image\":{\"@id\":\"https:\/\/kapitalis.com\/tunisie\/2015\/12\/05\/commemoration-du-63e-anniversaire-de-lassassinat-de-farhat-hached\/#primaryimage\"},\"thumbnailUrl\":\"\",\"datePublished\":\"2015-12-05T10:38:11+00:00\",\"dateModified\":\"2015-12-05T11:37:23+00:00\",\"breadcrumb\":{\"@id\":\"https:\/\/kapitalis.com\/tunisie\/2015\/12\/05\/commemoration-du-63e-anniversaire-de-lassassinat-de-farhat-hached\/#breadcrumb\"},\"inLanguage\":\"fr-FR\",\"potentialAction\":[{\"@type\":\"ReadAction\",\"target\":[\"https:\/\/kapitalis.com\/tunisie\/2015\/12\/05\/commemoration-du-63e-anniversaire-de-lassassinat-de-farhat-hached\/\"]}]},{\"@type\":\"ImageObject\",\"inLanguage\":\"fr-FR\",\"@id\":\"https:\/\/kapitalis.com\/tunisie\/2015\/12\/05\/commemoration-du-63e-anniversaire-de-lassassinat-de-farhat-hached\/#primaryimage\",\"url\":\"\",\"contentUrl\":\"\"},{\"@type\":\"BreadcrumbList\",\"@id\":\"https:\/\/kapitalis.com\/tunisie\/2015\/12\/05\/commemoration-du-63e-anniversaire-de-lassassinat-de-farhat-hached\/#breadcrumb\",\"itemListElement\":[{\"@type\":\"ListItem\",\"position\":1,\"name\":\"Accueil\",\"item\":\"https:\/\/kapitalis.com\/tunisie\/\"},{\"@type\":\"ListItem\",\"position\":2,\"name\":\"Comm\u00e9moration du 63e anniversaire de l&rsquo;assassinat de Farhat Hached\"}]},{\"@type\":\"WebSite\",\"@id\":\"https:\/\/kapitalis.com\/tunisie\/#website\",\"url\":\"https:\/\/kapitalis.com\/tunisie\/\",\"name\":\"Kapitalis\",\"description\":\"L&#039;actualit\u00e9 en Tunisie et dans le monde\",\"publisher\":{\"@id\":\"https:\/\/kapitalis.com\/tunisie\/#organization\"},\"potentialAction\":[{\"@type\":\"SearchAction\",\"target\":{\"@type\":\"EntryPoint\",\"urlTemplate\":\"https:\/\/kapitalis.com\/tunisie\/?s={search_term_string}\"},\"query-input\":{\"@type\":\"PropertyValueSpecification\",\"valueRequired\":true,\"valueName\":\"search_term_string\"}}],\"inLanguage\":\"fr-FR\"},{\"@type\":\"Organization\",\"@id\":\"https:\/\/kapitalis.com\/tunisie\/#organization\",\"name\":\"Kapitalis\",\"url\":\"https:\/\/kapitalis.com\/tunisie\/\",\"logo\":{\"@type\":\"ImageObject\",\"inLanguage\":\"fr-FR\",\"@id\":\"https:\/\/kapitalis.com\/tunisie\/#\/schema\/logo\/image\/\",\"url\":\"https:\/\/kapitalis.com\/tunisie\/wp-content\/uploads\/2022\/05\/Kapitalis-big-size.png\",\"contentUrl\":\"https:\/\/kapitalis.com\/tunisie\/wp-content\/uploads\/2022\/05\/Kapitalis-big-size.png\",\"width\":5000,\"height\":1500,\"caption\":\"Kapitalis\"},\"image\":{\"@id\":\"https:\/\/kapitalis.com\/tunisie\/#\/schema\/logo\/image\/\"},\"sameAs\":[\"https:\/\/www.facebook.com\/KapitalisInfo\/\",\"https:\/\/x.com\/KapitalisInfo\",\"https:\/\/www.youtube.com\/channel\/UC-yDYrHyfFBWWZaOw3FPg9Q\"]},{\"@type\":\"Person\",\"@id\":\"https:\/\/kapitalis.com\/tunisie\/#\/schema\/person\/035372e645ad321edc01006468cd4c8b\",\"name\":\"benmansour3 benmansour\",\"url\":\"https:\/\/kapitalis.com\/tunisie\/author\/benmansour3\/\"}]}<\/script>\n<!-- \/ Yoast SEO plugin. -->","yoast_head_json":{"title":"Comm\u00e9moration du 63e anniversaire de l'assassinat de Farhat Hached - Kapitalis","robots":{"index":"index","follow":"follow","max-snippet":"max-snippet:-1","max-image-preview":"max-image-preview:large","max-video-preview":"max-video-preview:-1"},"canonical":"https:\/\/kapitalis.com\/tunisie\/2015\/12\/05\/commemoration-du-63e-anniversaire-de-lassassinat-de-farhat-hached\/","og_locale":"fr_FR","og_type":"article","og_title":"Comm\u00e9moration du 63e anniversaire de l'assassinat de Farhat Hached - Kapitalis","og_description":"Une c\u00e9r\u00e9monie officielle a \u00e9t\u00e9 organis\u00e9e aujourd&rsquo;hui\u00a0\u00e0 la Kasbah pour comm\u00e9morer le 63e anniversaire de l&rsquo;assassinat du leader syndicaliste Farhat Hached.","og_url":"https:\/\/kapitalis.com\/tunisie\/2015\/12\/05\/commemoration-du-63e-anniversaire-de-lassassinat-de-farhat-hached\/","og_site_name":"Kapitalis","article_publisher":"https:\/\/www.facebook.com\/KapitalisInfo\/","article_published_time":"2015-12-05T10:38:11+00:00","article_modified_time":"2015-12-05T11:37:23+00:00","og_image":[{"width":1200,"height":630,"url":"https:\/\/kapitalis.com\/tunisie\/wp-content\/uploads\/2022\/05\/kapitalis-logo-fb.png","type":"image\/png"}],"author":"benmansour3 benmansour","twitter_card":"summary_large_image","twitter_creator":"@KapitalisInfo","twitter_site":"@KapitalisInfo","twitter_misc":{"\u00c9crit par":"benmansour3 benmansour","Dur\u00e9e de lecture estim\u00e9e":"2 minutes"},"schema":{"@context":"https:\/\/schema.org","@graph":[{"@type":"Article","@id":"https:\/\/kapitalis.com\/tunisie\/2015\/12\/05\/commemoration-du-63e-anniversaire-de-lassassinat-de-farhat-hached\/#article","isPartOf":{"@id":"https:\/\/kapitalis.com\/tunisie\/2015\/12\/05\/commemoration-du-63e-anniversaire-de-lassassinat-de-farhat-hached\/"},"author":{"name":"benmansour3 benmansour","@id":"https:\/\/kapitalis.com\/tunisie\/#\/schema\/person\/035372e645ad321edc01006468cd4c8b"},"headline":"Comm\u00e9moration du 63e anniversaire de l&rsquo;assassinat de Farhat Hached","datePublished":"2015-12-05T10:38:11+00:00","dateModified":"2015-12-05T11:37:23+00:00","mainEntityOfPage":{"@id":"https:\/\/kapitalis.com\/tunisie\/2015\/12\/05\/commemoration-du-63e-anniversaire-de-lassassinat-de-farhat-hached\/"},"wordCount":315,"commentCount":1,"publisher":{"@id":"https:\/\/kapitalis.com\/tunisie\/#organization"},"image":{"@id":"https:\/\/kapitalis.com\/tunisie\/2015\/12\/05\/commemoration-du-63e-anniversaire-de-lassassinat-de-farhat-hached\/#primaryimage"},"thumbnailUrl":"","keywords":["anniversaire","assassinat","comm\u00e9moration","Farhat Hached","martyr","pr\u00e9sident de la r\u00e9publique"],"articleSection":["POLITIQUE","Tunisie"],"inLanguage":"fr-FR","potentialAction":[{"@type":"CommentAction","name":"Comment","target":["https:\/\/kapitalis.com\/tunisie\/2015\/12\/05\/commemoration-du-63e-anniversaire-de-lassassinat-de-farhat-hached\/#respond"]}]},{"@type":"WebPage","@id":"https:\/\/kapitalis.com\/tunisie\/2015\/12\/05\/commemoration-du-63e-anniversaire-de-lassassinat-de-farhat-hached\/","url":"https:\/\/kapitalis.com\/tunisie\/2015\/12\/05\/commemoration-du-63e-anniversaire-de-lassassinat-de-farhat-hached\/","name":"Comm\u00e9moration du 63e anniversaire de l'assassinat de Farhat Hached - Kapitalis","isPartOf":{"@id":"https:\/\/kapitalis.com\/tunisie\/#website"},"primaryImageOfPage":{"@id":"https:\/\/kapitalis.com\/tunisie\/2015\/12\/05\/commemoration-du-63e-anniversaire-de-lassassinat-de-farhat-hached\/#primaryimage"},"image":{"@id":"https:\/\/kapitalis.com\/tunisie\/2015\/12\/05\/commemoration-du-63e-anniversaire-de-lassassinat-de-farhat-hached\/#primaryimage"},"thumbnailUrl":"","datePublished":"2015-12-05T10:38:11+00:00","dateModified":"2015-12-05T11:37:23+00:00","breadcrumb":{"@id":"https:\/\/kapitalis.com\/tunisie\/2015\/12\/05\/commemoration-du-63e-anniversaire-de-lassassinat-de-farhat-hached\/#breadcrumb"},"inLanguage":"fr-FR","potentialAction":[{"@type":"ReadAction","target":["https:\/\/kapitalis.com\/tunisie\/2015\/12\/05\/commemoration-du-63e-anniversaire-de-lassassinat-de-farhat-hached\/"]}]},{"@type":"ImageObject","inLanguage":"fr-FR","@id":"https:\/\/kapitalis.com\/tunisie\/2015\/12\/05\/commemoration-du-63e-anniversaire-de-lassassinat-de-farhat-hached\/#primaryimage","url":"","contentUrl":""},{"@type":"BreadcrumbList","@id":"https:\/\/kapitalis.com\/tunisie\/2015\/12\/05\/commemoration-du-63e-anniversaire-de-lassassinat-de-farhat-hached\/#breadcrumb","itemListElement":[{"@type":"ListItem","position":1,"name":"Accueil","item":"https:\/\/kapitalis.com\/tunisie\/"},{"@type":"ListItem","position":2,"name":"Comm\u00e9moration du 63e anniversaire de l&rsquo;assassinat de Farhat Hached"}]},{"@type":"WebSite","@id":"https:\/\/kapitalis.com\/tunisie\/#website","url":"https:\/\/kapitalis.com\/tunisie\/","name":"Kapitalis","description":"L&#039;actualit\u00e9 en Tunisie et dans le monde","publisher":{"@id":"https:\/\/kapitalis.com\/tunisie\/#organization"},"potentialAction":[{"@type":"SearchAction","target":{"@type":"EntryPoint","urlTemplate":"https:\/\/kapitalis.com\/tunisie\/?s={search_term_string}"},"query-input":{"@type":"PropertyValueSpecification","valueRequired":true,"valueName":"search_term_string"}}],"inLanguage":"fr-FR"},{"@type":"Organization","@id":"https:\/\/kapitalis.com\/tunisie\/#organization","name":"Kapitalis","url":"https:\/\/kapitalis.com\/tunisie\/","logo":{"@type":"ImageObject","inLanguage":"fr-FR","@id":"https:\/\/kapitalis.com\/tunisie\/#\/schema\/logo\/image\/","url":"https:\/\/kapitalis.com\/tunisie\/wp-content\/uploads\/2022\/05\/Kapitalis-big-size.png","contentUrl":"https:\/\/kapitalis.com\/tunisie\/wp-content\/uploads\/2022\/05\/Kapitalis-big-size.png","width":5000,"height":1500,"caption":"Kapitalis"},"image":{"@id":"https:\/\/kapitalis.com\/tunisie\/#\/schema\/logo\/image\/"},"sameAs":["https:\/\/www.facebook.com\/KapitalisInfo\/","https:\/\/x.com\/KapitalisInfo","https:\/\/www.youtube.com\/channel\/UC-yDYrHyfFBWWZaOw3FPg9Q"]},{"@type":"Person","@id":"https:\/\/kapitalis.com\/tunisie\/#\/schema\/person\/035372e645ad321edc01006468cd4c8b","name":"benmansour3 benmansour","url":"https:\/\/kapitalis.com\/tunisie\/author\/benmansour3\/"}]}},"_links":{"self":[{"href":"https:\/\/kapitalis.com\/tunisie\/wp-json\/wp\/v2\/posts\/28904","targetHints":{"allow":["GET"]}}],"collection":[{"href":"https:\/\/kapitalis.com\/tunisie\/wp-json\/wp\/v2\/posts"}],"about":[{"href":"https:\/\/kapitalis.com\/tunisie\/wp-json\/wp\/v2\/types\/post"}],"author":[{"embeddable":true,"href":"https:\/\/kapitalis.com\/tunisie\/wp-json\/wp\/v2\/users\/11"}],"replies":[{"embeddable":true,"href":"https:\/\/kapitalis.com\/tunisie\/wp-json\/wp\/v2\/comments?post=28904"}],"version-history":[{"count":0,"href":"https:\/\/kapitalis.com\/tunisie\/wp-json\/wp\/v2\/posts\/28904\/revisions"}],"wp:featuredmedia":[{"embeddable":true,"href":"https:\/\/kapitalis.com\/tunisie\/wp-json\/wp\/v2\/media\/28906"}],"wp:attachment":[{"href":"https:\/\/kapitalis.com\/tunisie\/wp-json\/wp\/v2\/media?parent=28904"}],"wp:term":[{"taxonomy":"category","embeddable":true,"href":"https:\/\/kapitalis.com\/tunisie\/wp-json\/wp\/v2\/categories?post=28904"},{"taxonomy":"post_tag","embeddable":true,"href":"https:\/\/kapitalis.com\/tunisie\/wp-json\/wp\/v2\/tags?post=28904"}],"curies":[{"name":"wp","href":"https:\/\/api.w.org\/{rel}","templated":true}]}}