{"id":289117,"date":"2020-03-18T18:17:17","date_gmt":"2020-03-18T17:17:17","guid":{"rendered":"http:\/\/kapitalis.com\/tunisie\/?p=289117"},"modified":"2020-03-19T07:35:30","modified_gmt":"2020-03-19T06:35:30","slug":"lutte-contre-le-coronavirus-des-locaux-du-rcd-a-disposition-des-ministeres-de-la-defense-et-de-la-sante","status":"publish","type":"post","link":"https:\/\/kapitalis.com\/tunisie\/2020\/03\/18\/lutte-contre-le-coronavirus-des-locaux-du-rcd-a-disposition-des-ministeres-de-la-defense-et-de-la-sante\/","title":{"rendered":"Lutte contre le coronavirus : Des locaux du RCD \u00e0 disposition des minist\u00e8res de la D\u00e9fense et de la Sant\u00e9"},"content":{"rendered":"\n<figure class=\"wp-block-image size-large\"><img decoding=\"async\" src=\"http:\/\/kapitalis.com\/tunisie\/wp-content\/uploads\/2020\/03\/minist\u00e8re-des-Domaines-de-l\u2019Etat-et-des-Affaires-fonci\u00e8res.jpg\" alt=\"\" class=\"wp-image-289125\"\/><\/figure>\n\n\n\n<p><strong><em>Le minist\u00e8re des Domaines de l\u2019Etat et des Affaires fonci\u00e8res a annonc\u00e9 que des locaux du Rassemblement constitutionnel d\u00e9mocratique (RCD), ancien parti au pouvoir dissous au lendemain de la r\u00e9volution tunisienne de 2011, seront mis \u00e0 la disposition des minist\u00e8res de la D\u00e9fense et de la Sant\u00e9, dans le cadre de la lutte nationale contre le coronavirus.<\/em><\/strong><\/p>\n\n\n\n<!--more-->\n\n\n\n<p>La commission de la liquidation des biens et fonds du RCD, qui a organis\u00e9 aujourd&rsquo;hui, mercredi 18 mars 2020, une r\u00e9union pr\u00e9sid\u00e9e par le ministre des Domaines de l\u2019Etat et des Affaires fonci\u00e8res, Ghazi Chaouachi, a r\u00e9affirm\u00e9 sa volont\u00e9 de prendre part aux efforts de l\u2019Etat dans la lutte contre le coronavirus, en assurant que des locaux du RCD seront temporairement mis \u00e0 la disposition des minist\u00e8res de la D\u00e9fense et de la Sant\u00e9, pour faciliter leurs actions men\u00e9es dans le cadre de cette lutte contre la pand\u00e9mie.<\/p>\n\n\n\n<p>D&rsquo;autre part, la commission a d\u00e9cid\u00e9 de verser 10 millions de dinars tunisiens (MDT), pris des recettes des op\u00e9rations de liquidation r\u00e9alis\u00e9es sous sa gestion, aux caisses de l\u2019Etat, ajoute le communiqu\u00e9 du minist\u00e8re : \u00ab<em>Le vice-pr\u00e9sident de la commission a \u00e9t\u00e9 charg\u00e9 d&rsquo;acc\u00e9l\u00e9rer la mise en \u0153uvre de ces d\u00e9cisions, compte tenu de la situation exceptionnelle et d\u00e9licate<\/em>\u00bb que traverse le pays avec la pand\u00e9mie du coronavirus. <\/p>\n\n\n\n<p class=\"has-text-align-right\"><strong>Y. N.<\/strong><\/p>\n","protected":false},"excerpt":{"rendered":"<p>Le minist\u00e8re des Domaines de l\u2019Etat et des Affaires fonci\u00e8res a annonc\u00e9 que des locaux du Rassemblement constitutionnel d\u00e9mocratique (RCD), ancien parti au pouvoir dissous au lendemain de la r\u00e9volution tunisienne de 2011, seront mis \u00e0 la disposition des minist\u00e8res de la D\u00e9fense et de la Sant\u00e9, dans le cadre de la lutte nationale contre&#8230;<\/p>\n","protected":false},"author":6,"featured_media":289125,"comment_status":"open","ping_status":"open","sticky":false,"template":"","format":"standard","meta":{"footnotes":""},"categories":[997,2433],"tags":[8744,76727,73060,75291,266,11356,15936,612,769,788,810],"class_list":["post-289117","post","type-post","status-publish","format-standard","has-post-thumbnail","hentry","category-politique","category-tunisie","tag-affaires-foncieres","tag-commission-liquidation-des-biens","tag-coronavirus","tag-covid-19","tag-defense","tag-domaines-de-letat","tag-ghazi-chaouachi","tag-ministere","tag-rcd","tag-revolution","tag-sante"],"yoast_head":"<!-- This site is optimized with the Yoast SEO plugin v26.6 - https:\/\/yoast.com\/wordpress\/plugins\/seo\/ -->\n<title>Lutte contre le coronavirus : Des locaux du RCD \u00e0 disposition des minist\u00e8res de la D\u00e9fense et de la Sant\u00e9 - Kapitalis<\/title>\n<meta name=\"robots\" content=\"index, follow, max-snippet:-1, max-image-preview:large, max-video-preview:-1\" \/>\n<link rel=\"canonical\" href=\"https:\/\/kapitalis.com\/tunisie\/2020\/03\/18\/lutte-contre-le-coronavirus-des-locaux-du-rcd-a-disposition-des-ministeres-de-la-defense-et-de-la-sante\/\" \/>\n<meta property=\"og:locale\" content=\"fr_FR\" \/>\n<meta property=\"og:type\" content=\"article\" \/>\n<meta property=\"og:title\" content=\"Lutte contre le coronavirus : Des locaux du RCD \u00e0 disposition des minist\u00e8res de la D\u00e9fense et de la Sant\u00e9 - Kapitalis\" \/>\n<meta property=\"og:description\" content=\"Le minist\u00e8re des Domaines de l\u2019Etat et des Affaires fonci\u00e8res a annonc\u00e9 que des locaux du Rassemblement constitutionnel d\u00e9mocratique (RCD), ancien parti au pouvoir dissous au lendemain de la r\u00e9volution tunisienne de 2011, seront mis \u00e0 la disposition des minist\u00e8res de la D\u00e9fense et de la Sant\u00e9, dans le cadre de la lutte nationale contre...\" \/>\n<meta property=\"og:url\" content=\"https:\/\/kapitalis.com\/tunisie\/2020\/03\/18\/lutte-contre-le-coronavirus-des-locaux-du-rcd-a-disposition-des-ministeres-de-la-defense-et-de-la-sante\/\" \/>\n<meta property=\"og:site_name\" content=\"Kapitalis\" \/>\n<meta property=\"article:publisher\" content=\"https:\/\/www.facebook.com\/KapitalisInfo\/\" \/>\n<meta property=\"article:published_time\" content=\"2020-03-18T17:17:17+00:00\" \/>\n<meta property=\"article:modified_time\" content=\"2020-03-19T06:35:30+00:00\" \/>\n<meta property=\"og:image\" content=\"https:\/\/kapitalis.com\/tunisie\/wp-content\/uploads\/2022\/05\/kapitalis-logo-fb.png\" \/>\n\t<meta property=\"og:image:width\" content=\"1200\" \/>\n\t<meta property=\"og:image:height\" content=\"630\" \/>\n\t<meta property=\"og:image:type\" content=\"image\/png\" \/>\n<meta name=\"author\" content=\"Yusra NY\" \/>\n<meta name=\"twitter:card\" content=\"summary_large_image\" \/>\n<meta name=\"twitter:creator\" content=\"@KapitalisInfo\" \/>\n<meta name=\"twitter:site\" content=\"@KapitalisInfo\" \/>\n<meta name=\"twitter:label1\" content=\"\u00c9crit par\" \/>\n\t<meta name=\"twitter:data1\" content=\"Yusra NY\" \/>\n\t<meta name=\"twitter:label2\" content=\"Dur\u00e9e de lecture estim\u00e9e\" \/>\n\t<meta name=\"twitter:data2\" content=\"1 minute\" \/>\n<script type=\"application\/ld+json\" class=\"yoast-schema-graph\">{\"@context\":\"https:\/\/schema.org\",\"@graph\":[{\"@type\":\"Article\",\"@id\":\"https:\/\/kapitalis.com\/tunisie\/2020\/03\/18\/lutte-contre-le-coronavirus-des-locaux-du-rcd-a-disposition-des-ministeres-de-la-defense-et-de-la-sante\/#article\",\"isPartOf\":{\"@id\":\"https:\/\/kapitalis.com\/tunisie\/2020\/03\/18\/lutte-contre-le-coronavirus-des-locaux-du-rcd-a-disposition-des-ministeres-de-la-defense-et-de-la-sante\/\"},\"author\":{\"name\":\"Yusra NY\",\"@id\":\"https:\/\/kapitalis.com\/tunisie\/#\/schema\/person\/74bbde0154d49d790a92aaeac5bc01d5\"},\"headline\":\"Lutte contre le coronavirus : Des locaux du RCD \u00e0 disposition des minist\u00e8res de la D\u00e9fense et de la Sant\u00e9\",\"datePublished\":\"2020-03-18T17:17:17+00:00\",\"dateModified\":\"2020-03-19T06:35:30+00:00\",\"mainEntityOfPage\":{\"@id\":\"https:\/\/kapitalis.com\/tunisie\/2020\/03\/18\/lutte-contre-le-coronavirus-des-locaux-du-rcd-a-disposition-des-ministeres-de-la-defense-et-de-la-sante\/\"},\"wordCount\":258,\"commentCount\":0,\"publisher\":{\"@id\":\"https:\/\/kapitalis.com\/tunisie\/#organization\"},\"image\":{\"@id\":\"https:\/\/kapitalis.com\/tunisie\/2020\/03\/18\/lutte-contre-le-coronavirus-des-locaux-du-rcd-a-disposition-des-ministeres-de-la-defense-et-de-la-sante\/#primaryimage\"},\"thumbnailUrl\":\"\",\"keywords\":[\"affaires fonci\u00e8res\",\"commission liquidation des biens\",\"Coronavirus\",\"Covid-19\",\"d\u00e9fense\",\"Domaines de l'Etat\",\"Ghazi Chaouachi\",\"minist\u00e8re\",\"RCD\",\"r\u00e9volution\",\"Sant\u00e9\"],\"articleSection\":[\"POLITIQUE\",\"Tunisie\"],\"inLanguage\":\"fr-FR\",\"potentialAction\":[{\"@type\":\"CommentAction\",\"name\":\"Comment\",\"target\":[\"https:\/\/kapitalis.com\/tunisie\/2020\/03\/18\/lutte-contre-le-coronavirus-des-locaux-du-rcd-a-disposition-des-ministeres-de-la-defense-et-de-la-sante\/#respond\"]}]},{\"@type\":\"WebPage\",\"@id\":\"https:\/\/kapitalis.com\/tunisie\/2020\/03\/18\/lutte-contre-le-coronavirus-des-locaux-du-rcd-a-disposition-des-ministeres-de-la-defense-et-de-la-sante\/\",\"url\":\"https:\/\/kapitalis.com\/tunisie\/2020\/03\/18\/lutte-contre-le-coronavirus-des-locaux-du-rcd-a-disposition-des-ministeres-de-la-defense-et-de-la-sante\/\",\"name\":\"Lutte contre le coronavirus : Des locaux du RCD \u00e0 disposition des minist\u00e8res de la D\u00e9fense et de la Sant\u00e9 - Kapitalis\",\"isPartOf\":{\"@id\":\"https:\/\/kapitalis.com\/tunisie\/#website\"},\"primaryImageOfPage\":{\"@id\":\"https:\/\/kapitalis.com\/tunisie\/2020\/03\/18\/lutte-contre-le-coronavirus-des-locaux-du-rcd-a-disposition-des-ministeres-de-la-defense-et-de-la-sante\/#primaryimage\"},\"image\":{\"@id\":\"https:\/\/kapitalis.com\/tunisie\/2020\/03\/18\/lutte-contre-le-coronavirus-des-locaux-du-rcd-a-disposition-des-ministeres-de-la-defense-et-de-la-sante\/#primaryimage\"},\"thumbnailUrl\":\"\",\"datePublished\":\"2020-03-18T17:17:17+00:00\",\"dateModified\":\"2020-03-19T06:35:30+00:00\",\"breadcrumb\":{\"@id\":\"https:\/\/kapitalis.com\/tunisie\/2020\/03\/18\/lutte-contre-le-coronavirus-des-locaux-du-rcd-a-disposition-des-ministeres-de-la-defense-et-de-la-sante\/#breadcrumb\"},\"inLanguage\":\"fr-FR\",\"potentialAction\":[{\"@type\":\"ReadAction\",\"target\":[\"https:\/\/kapitalis.com\/tunisie\/2020\/03\/18\/lutte-contre-le-coronavirus-des-locaux-du-rcd-a-disposition-des-ministeres-de-la-defense-et-de-la-sante\/\"]}]},{\"@type\":\"ImageObject\",\"inLanguage\":\"fr-FR\",\"@id\":\"https:\/\/kapitalis.com\/tunisie\/2020\/03\/18\/lutte-contre-le-coronavirus-des-locaux-du-rcd-a-disposition-des-ministeres-de-la-defense-et-de-la-sante\/#primaryimage\",\"url\":\"\",\"contentUrl\":\"\"},{\"@type\":\"BreadcrumbList\",\"@id\":\"https:\/\/kapitalis.com\/tunisie\/2020\/03\/18\/lutte-contre-le-coronavirus-des-locaux-du-rcd-a-disposition-des-ministeres-de-la-defense-et-de-la-sante\/#breadcrumb\",\"itemListElement\":[{\"@type\":\"ListItem\",\"position\":1,\"name\":\"Accueil\",\"item\":\"https:\/\/kapitalis.com\/tunisie\/\"},{\"@type\":\"ListItem\",\"position\":2,\"name\":\"Lutte contre le coronavirus : Des locaux du RCD \u00e0 disposition des minist\u00e8res de la D\u00e9fense et de la Sant\u00e9\"}]},{\"@type\":\"WebSite\",\"@id\":\"https:\/\/kapitalis.com\/tunisie\/#website\",\"url\":\"https:\/\/kapitalis.com\/tunisie\/\",\"name\":\"Kapitalis\",\"description\":\"L&#039;actualit\u00e9 en Tunisie et dans le monde\",\"publisher\":{\"@id\":\"https:\/\/kapitalis.com\/tunisie\/#organization\"},\"potentialAction\":[{\"@type\":\"SearchAction\",\"target\":{\"@type\":\"EntryPoint\",\"urlTemplate\":\"https:\/\/kapitalis.com\/tunisie\/?s={search_term_string}\"},\"query-input\":{\"@type\":\"PropertyValueSpecification\",\"valueRequired\":true,\"valueName\":\"search_term_string\"}}],\"inLanguage\":\"fr-FR\"},{\"@type\":\"Organization\",\"@id\":\"https:\/\/kapitalis.com\/tunisie\/#organization\",\"name\":\"Kapitalis\",\"url\":\"https:\/\/kapitalis.com\/tunisie\/\",\"logo\":{\"@type\":\"ImageObject\",\"inLanguage\":\"fr-FR\",\"@id\":\"https:\/\/kapitalis.com\/tunisie\/#\/schema\/logo\/image\/\",\"url\":\"https:\/\/kapitalis.com\/tunisie\/wp-content\/uploads\/2022\/05\/Kapitalis-big-size.png\",\"contentUrl\":\"https:\/\/kapitalis.com\/tunisie\/wp-content\/uploads\/2022\/05\/Kapitalis-big-size.png\",\"width\":5000,\"height\":1500,\"caption\":\"Kapitalis\"},\"image\":{\"@id\":\"https:\/\/kapitalis.com\/tunisie\/#\/schema\/logo\/image\/\"},\"sameAs\":[\"https:\/\/www.facebook.com\/KapitalisInfo\/\",\"https:\/\/x.com\/KapitalisInfo\",\"https:\/\/www.youtube.com\/channel\/UC-yDYrHyfFBWWZaOw3FPg9Q\"]},{\"@type\":\"Person\",\"@id\":\"https:\/\/kapitalis.com\/tunisie\/#\/schema\/person\/74bbde0154d49d790a92aaeac5bc01d5\",\"name\":\"Yusra NY\",\"url\":\"https:\/\/kapitalis.com\/tunisie\/author\/yuza_adam\/\"}]}<\/script>\n<!-- \/ Yoast SEO plugin. -->","yoast_head_json":{"title":"Lutte contre le coronavirus : Des locaux du RCD \u00e0 disposition des minist\u00e8res de la D\u00e9fense et de la Sant\u00e9 - Kapitalis","robots":{"index":"index","follow":"follow","max-snippet":"max-snippet:-1","max-image-preview":"max-image-preview:large","max-video-preview":"max-video-preview:-1"},"canonical":"https:\/\/kapitalis.com\/tunisie\/2020\/03\/18\/lutte-contre-le-coronavirus-des-locaux-du-rcd-a-disposition-des-ministeres-de-la-defense-et-de-la-sante\/","og_locale":"fr_FR","og_type":"article","og_title":"Lutte contre le coronavirus : Des locaux du RCD \u00e0 disposition des minist\u00e8res de la D\u00e9fense et de la Sant\u00e9 - Kapitalis","og_description":"Le minist\u00e8re des Domaines de l\u2019Etat et des Affaires fonci\u00e8res a annonc\u00e9 que des locaux du Rassemblement constitutionnel d\u00e9mocratique (RCD), ancien parti au pouvoir dissous au lendemain de la r\u00e9volution tunisienne de 2011, seront mis \u00e0 la disposition des minist\u00e8res de la D\u00e9fense et de la Sant\u00e9, dans le cadre de la lutte nationale contre...","og_url":"https:\/\/kapitalis.com\/tunisie\/2020\/03\/18\/lutte-contre-le-coronavirus-des-locaux-du-rcd-a-disposition-des-ministeres-de-la-defense-et-de-la-sante\/","og_site_name":"Kapitalis","article_publisher":"https:\/\/www.facebook.com\/KapitalisInfo\/","article_published_time":"2020-03-18T17:17:17+00:00","article_modified_time":"2020-03-19T06:35:30+00:00","og_image":[{"width":1200,"height":630,"url":"https:\/\/kapitalis.com\/tunisie\/wp-content\/uploads\/2022\/05\/kapitalis-logo-fb.png","type":"image\/png"}],"author":"Yusra NY","twitter_card":"summary_large_image","twitter_creator":"@KapitalisInfo","twitter_site":"@KapitalisInfo","twitter_misc":{"\u00c9crit par":"Yusra NY","Dur\u00e9e de lecture estim\u00e9e":"1 minute"},"schema":{"@context":"https:\/\/schema.org","@graph":[{"@type":"Article","@id":"https:\/\/kapitalis.com\/tunisie\/2020\/03\/18\/lutte-contre-le-coronavirus-des-locaux-du-rcd-a-disposition-des-ministeres-de-la-defense-et-de-la-sante\/#article","isPartOf":{"@id":"https:\/\/kapitalis.com\/tunisie\/2020\/03\/18\/lutte-contre-le-coronavirus-des-locaux-du-rcd-a-disposition-des-ministeres-de-la-defense-et-de-la-sante\/"},"author":{"name":"Yusra NY","@id":"https:\/\/kapitalis.com\/tunisie\/#\/schema\/person\/74bbde0154d49d790a92aaeac5bc01d5"},"headline":"Lutte contre le coronavirus : Des locaux du RCD \u00e0 disposition des minist\u00e8res de la D\u00e9fense et de la Sant\u00e9","datePublished":"2020-03-18T17:17:17+00:00","dateModified":"2020-03-19T06:35:30+00:00","mainEntityOfPage":{"@id":"https:\/\/kapitalis.com\/tunisie\/2020\/03\/18\/lutte-contre-le-coronavirus-des-locaux-du-rcd-a-disposition-des-ministeres-de-la-defense-et-de-la-sante\/"},"wordCount":258,"commentCount":0,"publisher":{"@id":"https:\/\/kapitalis.com\/tunisie\/#organization"},"image":{"@id":"https:\/\/kapitalis.com\/tunisie\/2020\/03\/18\/lutte-contre-le-coronavirus-des-locaux-du-rcd-a-disposition-des-ministeres-de-la-defense-et-de-la-sante\/#primaryimage"},"thumbnailUrl":"","keywords":["affaires fonci\u00e8res","commission liquidation des biens","Coronavirus","Covid-19","d\u00e9fense","Domaines de l'Etat","Ghazi Chaouachi","minist\u00e8re","RCD","r\u00e9volution","Sant\u00e9"],"articleSection":["POLITIQUE","Tunisie"],"inLanguage":"fr-FR","potentialAction":[{"@type":"CommentAction","name":"Comment","target":["https:\/\/kapitalis.com\/tunisie\/2020\/03\/18\/lutte-contre-le-coronavirus-des-locaux-du-rcd-a-disposition-des-ministeres-de-la-defense-et-de-la-sante\/#respond"]}]},{"@type":"WebPage","@id":"https:\/\/kapitalis.com\/tunisie\/2020\/03\/18\/lutte-contre-le-coronavirus-des-locaux-du-rcd-a-disposition-des-ministeres-de-la-defense-et-de-la-sante\/","url":"https:\/\/kapitalis.com\/tunisie\/2020\/03\/18\/lutte-contre-le-coronavirus-des-locaux-du-rcd-a-disposition-des-ministeres-de-la-defense-et-de-la-sante\/","name":"Lutte contre le coronavirus : Des locaux du RCD \u00e0 disposition des minist\u00e8res de la D\u00e9fense et de la Sant\u00e9 - Kapitalis","isPartOf":{"@id":"https:\/\/kapitalis.com\/tunisie\/#website"},"primaryImageOfPage":{"@id":"https:\/\/kapitalis.com\/tunisie\/2020\/03\/18\/lutte-contre-le-coronavirus-des-locaux-du-rcd-a-disposition-des-ministeres-de-la-defense-et-de-la-sante\/#primaryimage"},"image":{"@id":"https:\/\/kapitalis.com\/tunisie\/2020\/03\/18\/lutte-contre-le-coronavirus-des-locaux-du-rcd-a-disposition-des-ministeres-de-la-defense-et-de-la-sante\/#primaryimage"},"thumbnailUrl":"","datePublished":"2020-03-18T17:17:17+00:00","dateModified":"2020-03-19T06:35:30+00:00","breadcrumb":{"@id":"https:\/\/kapitalis.com\/tunisie\/2020\/03\/18\/lutte-contre-le-coronavirus-des-locaux-du-rcd-a-disposition-des-ministeres-de-la-defense-et-de-la-sante\/#breadcrumb"},"inLanguage":"fr-FR","potentialAction":[{"@type":"ReadAction","target":["https:\/\/kapitalis.com\/tunisie\/2020\/03\/18\/lutte-contre-le-coronavirus-des-locaux-du-rcd-a-disposition-des-ministeres-de-la-defense-et-de-la-sante\/"]}]},{"@type":"ImageObject","inLanguage":"fr-FR","@id":"https:\/\/kapitalis.com\/tunisie\/2020\/03\/18\/lutte-contre-le-coronavirus-des-locaux-du-rcd-a-disposition-des-ministeres-de-la-defense-et-de-la-sante\/#primaryimage","url":"","contentUrl":""},{"@type":"BreadcrumbList","@id":"https:\/\/kapitalis.com\/tunisie\/2020\/03\/18\/lutte-contre-le-coronavirus-des-locaux-du-rcd-a-disposition-des-ministeres-de-la-defense-et-de-la-sante\/#breadcrumb","itemListElement":[{"@type":"ListItem","position":1,"name":"Accueil","item":"https:\/\/kapitalis.com\/tunisie\/"},{"@type":"ListItem","position":2,"name":"Lutte contre le coronavirus : Des locaux du RCD \u00e0 disposition des minist\u00e8res de la D\u00e9fense et de la Sant\u00e9"}]},{"@type":"WebSite","@id":"https:\/\/kapitalis.com\/tunisie\/#website","url":"https:\/\/kapitalis.com\/tunisie\/","name":"Kapitalis","description":"L&#039;actualit\u00e9 en Tunisie et dans le monde","publisher":{"@id":"https:\/\/kapitalis.com\/tunisie\/#organization"},"potentialAction":[{"@type":"SearchAction","target":{"@type":"EntryPoint","urlTemplate":"https:\/\/kapitalis.com\/tunisie\/?s={search_term_string}"},"query-input":{"@type":"PropertyValueSpecification","valueRequired":true,"valueName":"search_term_string"}}],"inLanguage":"fr-FR"},{"@type":"Organization","@id":"https:\/\/kapitalis.com\/tunisie\/#organization","name":"Kapitalis","url":"https:\/\/kapitalis.com\/tunisie\/","logo":{"@type":"ImageObject","inLanguage":"fr-FR","@id":"https:\/\/kapitalis.com\/tunisie\/#\/schema\/logo\/image\/","url":"https:\/\/kapitalis.com\/tunisie\/wp-content\/uploads\/2022\/05\/Kapitalis-big-size.png","contentUrl":"https:\/\/kapitalis.com\/tunisie\/wp-content\/uploads\/2022\/05\/Kapitalis-big-size.png","width":5000,"height":1500,"caption":"Kapitalis"},"image":{"@id":"https:\/\/kapitalis.com\/tunisie\/#\/schema\/logo\/image\/"},"sameAs":["https:\/\/www.facebook.com\/KapitalisInfo\/","https:\/\/x.com\/KapitalisInfo","https:\/\/www.youtube.com\/channel\/UC-yDYrHyfFBWWZaOw3FPg9Q"]},{"@type":"Person","@id":"https:\/\/kapitalis.com\/tunisie\/#\/schema\/person\/74bbde0154d49d790a92aaeac5bc01d5","name":"Yusra NY","url":"https:\/\/kapitalis.com\/tunisie\/author\/yuza_adam\/"}]}},"_links":{"self":[{"href":"https:\/\/kapitalis.com\/tunisie\/wp-json\/wp\/v2\/posts\/289117","targetHints":{"allow":["GET"]}}],"collection":[{"href":"https:\/\/kapitalis.com\/tunisie\/wp-json\/wp\/v2\/posts"}],"about":[{"href":"https:\/\/kapitalis.com\/tunisie\/wp-json\/wp\/v2\/types\/post"}],"author":[{"embeddable":true,"href":"https:\/\/kapitalis.com\/tunisie\/wp-json\/wp\/v2\/users\/6"}],"replies":[{"embeddable":true,"href":"https:\/\/kapitalis.com\/tunisie\/wp-json\/wp\/v2\/comments?post=289117"}],"version-history":[{"count":0,"href":"https:\/\/kapitalis.com\/tunisie\/wp-json\/wp\/v2\/posts\/289117\/revisions"}],"wp:featuredmedia":[{"embeddable":true,"href":"https:\/\/kapitalis.com\/tunisie\/wp-json\/wp\/v2\/media\/289125"}],"wp:attachment":[{"href":"https:\/\/kapitalis.com\/tunisie\/wp-json\/wp\/v2\/media?parent=289117"}],"wp:term":[{"taxonomy":"category","embeddable":true,"href":"https:\/\/kapitalis.com\/tunisie\/wp-json\/wp\/v2\/categories?post=289117"},{"taxonomy":"post_tag","embeddable":true,"href":"https:\/\/kapitalis.com\/tunisie\/wp-json\/wp\/v2\/tags?post=289117"}],"curies":[{"name":"wp","href":"https:\/\/api.w.org\/{rel}","templated":true}]}}