{"id":289160,"date":"2020-03-18T23:43:53","date_gmt":"2020-03-18T22:43:53","guid":{"rendered":"http:\/\/kapitalis.com\/tunisie\/?p=289160"},"modified":"2020-03-19T08:02:56","modified_gmt":"2020-03-19T07:02:56","slug":"tunisie-programme-des-derniers-vols-de-rapatriement","status":"publish","type":"post","link":"https:\/\/kapitalis.com\/tunisie\/2020\/03\/18\/tunisie-programme-des-derniers-vols-de-rapatriement\/","title":{"rendered":"Tunisie : Programme des derniers vols de rapatriement"},"content":{"rendered":"\n<figure class=\"wp-block-image size-large\"><img decoding=\"async\" src=\"http:\/\/kapitalis.com\/tunisie\/wp-content\/uploads\/2020\/03\/vols-rapatriment.jpg\" alt=\"\" class=\"wp-image-288498\"\/><\/figure>\n\n\n\n<p><strong><em>Le minist\u00e8re du Transport et de la Logistique a annonc\u00e9 ce soir, mercredi 18 mars 2020, que le plan des vols de rapatriement, organis\u00e9 en coordination avec le minist\u00e8re des Affaires \u00e9trang\u00e8res et les compagnies a\u00e9riennes, prendra fin vendredi 20 mars 2020 \u00e0 23h59 (heure locale). <\/em><\/strong><\/p>\n\n\n\n<!--more-->\n\n\n\n<p>Le minist\u00e8re a appel\u00e9 les \u00e9trangers concern\u00e9s par ces vols \u00e0 contacter les compagnies a\u00e9riennes pour confirmer leurs r\u00e9servations, en pr\u00e9cisant que ceux qui ont d\u00e9j\u00e0 des billets de retour ont la priorit\u00e9  : <\/p>\n\n\n\n<figure class=\"wp-block-image size-large\"><img decoding=\"async\" src=\"http:\/\/kapitalis.com\/tunisie\/wp-content\/uploads\/2020\/03\/transport-planning-vols.jpg\" alt=\"\" class=\"wp-image-289163\"\/><\/figure>\n\n\n\n<p>D&rsquo;autre part, le communiqu\u00e9 rappelle que 62 vols de rapatriement ont \u00e9t\u00e9 assur\u00e9s depuis le 16 mars courant et que 4.900 Tunisiens, non r\u00e9sidant \u00e0 l\u2019\u00e9tranger, ont pu rentrer en Tunisie.<\/p>\n\n\n\n<p class=\"has-text-align-right\"><strong>Y. N. <\/strong><\/p>\n","protected":false},"excerpt":{"rendered":"<p>Le minist\u00e8re du Transport et de la Logistique a annonc\u00e9 ce soir, mercredi 18 mars 2020, que le plan des vols de rapatriement, organis\u00e9 en coordination avec le minist\u00e8re des Affaires \u00e9trang\u00e8res et les compagnies a\u00e9riennes, prendra fin vendredi 20 mars 2020 \u00e0 23h59 (heure locale).<\/p>\n","protected":false},"author":6,"featured_media":289163,"comment_status":"open","ping_status":"open","sticky":false,"template":"","format":"standard","meta":{"footnotes":""},"categories":[998,2433],"tags":[76734,9762,2780,918,4587],"class_list":["post-289160","post","type-post","status-publish","format-standard","has-post-thumbnail","hentry","category-societe","category-tunisie","tag-compagnies-aerienne","tag-ministere-des-affaires-etrangeres","tag-rapatriement","tag-transport","tag-vols"],"yoast_head":"<!-- This site is optimized with the Yoast SEO plugin v26.6 - https:\/\/yoast.com\/wordpress\/plugins\/seo\/ -->\n<title>Tunisie : Programme des derniers vols de rapatriement - Kapitalis<\/title>\n<meta name=\"robots\" content=\"index, follow, max-snippet:-1, max-image-preview:large, max-video-preview:-1\" \/>\n<link rel=\"canonical\" href=\"https:\/\/kapitalis.com\/tunisie\/2020\/03\/18\/tunisie-programme-des-derniers-vols-de-rapatriement\/\" \/>\n<meta property=\"og:locale\" content=\"fr_FR\" \/>\n<meta property=\"og:type\" content=\"article\" \/>\n<meta property=\"og:title\" content=\"Tunisie : Programme des derniers vols de rapatriement - Kapitalis\" \/>\n<meta property=\"og:description\" content=\"Le minist\u00e8re du Transport et de la Logistique a annonc\u00e9 ce soir, mercredi 18 mars 2020, que le plan des vols de rapatriement, organis\u00e9 en coordination avec le minist\u00e8re des Affaires \u00e9trang\u00e8res et les compagnies a\u00e9riennes, prendra fin vendredi 20 mars 2020 \u00e0 23h59 (heure locale).\" \/>\n<meta property=\"og:url\" content=\"https:\/\/kapitalis.com\/tunisie\/2020\/03\/18\/tunisie-programme-des-derniers-vols-de-rapatriement\/\" \/>\n<meta property=\"og:site_name\" content=\"Kapitalis\" \/>\n<meta property=\"article:publisher\" content=\"https:\/\/www.facebook.com\/KapitalisInfo\/\" \/>\n<meta property=\"article:published_time\" content=\"2020-03-18T22:43:53+00:00\" \/>\n<meta property=\"article:modified_time\" content=\"2020-03-19T07:02:56+00:00\" \/>\n<meta property=\"og:image\" content=\"https:\/\/kapitalis.com\/tunisie\/wp-content\/uploads\/2022\/05\/kapitalis-logo-fb.png\" \/>\n\t<meta property=\"og:image:width\" content=\"1200\" \/>\n\t<meta property=\"og:image:height\" content=\"630\" \/>\n\t<meta property=\"og:image:type\" content=\"image\/png\" \/>\n<meta name=\"author\" content=\"Yusra NY\" \/>\n<meta name=\"twitter:card\" content=\"summary_large_image\" \/>\n<meta name=\"twitter:creator\" content=\"@KapitalisInfo\" \/>\n<meta name=\"twitter:site\" content=\"@KapitalisInfo\" \/>\n<meta name=\"twitter:label1\" content=\"\u00c9crit par\" \/>\n\t<meta name=\"twitter:data1\" content=\"Yusra NY\" \/>\n\t<meta name=\"twitter:label2\" content=\"Dur\u00e9e de lecture estim\u00e9e\" \/>\n\t<meta name=\"twitter:data2\" content=\"1 minute\" \/>\n<script type=\"application\/ld+json\" class=\"yoast-schema-graph\">{\"@context\":\"https:\/\/schema.org\",\"@graph\":[{\"@type\":\"Article\",\"@id\":\"https:\/\/kapitalis.com\/tunisie\/2020\/03\/18\/tunisie-programme-des-derniers-vols-de-rapatriement\/#article\",\"isPartOf\":{\"@id\":\"https:\/\/kapitalis.com\/tunisie\/2020\/03\/18\/tunisie-programme-des-derniers-vols-de-rapatriement\/\"},\"author\":{\"name\":\"Yusra NY\",\"@id\":\"https:\/\/kapitalis.com\/tunisie\/#\/schema\/person\/74bbde0154d49d790a92aaeac5bc01d5\"},\"headline\":\"Tunisie : Programme des derniers vols de rapatriement\",\"datePublished\":\"2020-03-18T22:43:53+00:00\",\"dateModified\":\"2020-03-19T07:02:56+00:00\",\"mainEntityOfPage\":{\"@id\":\"https:\/\/kapitalis.com\/tunisie\/2020\/03\/18\/tunisie-programme-des-derniers-vols-de-rapatriement\/\"},\"wordCount\":122,\"commentCount\":6,\"publisher\":{\"@id\":\"https:\/\/kapitalis.com\/tunisie\/#organization\"},\"image\":{\"@id\":\"https:\/\/kapitalis.com\/tunisie\/2020\/03\/18\/tunisie-programme-des-derniers-vols-de-rapatriement\/#primaryimage\"},\"thumbnailUrl\":\"\",\"keywords\":[\"compagnies a\u00e9rienne\",\"minist\u00e8re des affaires \u00e9trang\u00e8res\",\"rapatriement\",\"transport\",\"vols\"],\"articleSection\":[\"SOCIETE\",\"Tunisie\"],\"inLanguage\":\"fr-FR\",\"potentialAction\":[{\"@type\":\"CommentAction\",\"name\":\"Comment\",\"target\":[\"https:\/\/kapitalis.com\/tunisie\/2020\/03\/18\/tunisie-programme-des-derniers-vols-de-rapatriement\/#respond\"]}]},{\"@type\":\"WebPage\",\"@id\":\"https:\/\/kapitalis.com\/tunisie\/2020\/03\/18\/tunisie-programme-des-derniers-vols-de-rapatriement\/\",\"url\":\"https:\/\/kapitalis.com\/tunisie\/2020\/03\/18\/tunisie-programme-des-derniers-vols-de-rapatriement\/\",\"name\":\"Tunisie : Programme des derniers vols de rapatriement - Kapitalis\",\"isPartOf\":{\"@id\":\"https:\/\/kapitalis.com\/tunisie\/#website\"},\"primaryImageOfPage\":{\"@id\":\"https:\/\/kapitalis.com\/tunisie\/2020\/03\/18\/tunisie-programme-des-derniers-vols-de-rapatriement\/#primaryimage\"},\"image\":{\"@id\":\"https:\/\/kapitalis.com\/tunisie\/2020\/03\/18\/tunisie-programme-des-derniers-vols-de-rapatriement\/#primaryimage\"},\"thumbnailUrl\":\"\",\"datePublished\":\"2020-03-18T22:43:53+00:00\",\"dateModified\":\"2020-03-19T07:02:56+00:00\",\"breadcrumb\":{\"@id\":\"https:\/\/kapitalis.com\/tunisie\/2020\/03\/18\/tunisie-programme-des-derniers-vols-de-rapatriement\/#breadcrumb\"},\"inLanguage\":\"fr-FR\",\"potentialAction\":[{\"@type\":\"ReadAction\",\"target\":[\"https:\/\/kapitalis.com\/tunisie\/2020\/03\/18\/tunisie-programme-des-derniers-vols-de-rapatriement\/\"]}]},{\"@type\":\"ImageObject\",\"inLanguage\":\"fr-FR\",\"@id\":\"https:\/\/kapitalis.com\/tunisie\/2020\/03\/18\/tunisie-programme-des-derniers-vols-de-rapatriement\/#primaryimage\",\"url\":\"\",\"contentUrl\":\"\"},{\"@type\":\"BreadcrumbList\",\"@id\":\"https:\/\/kapitalis.com\/tunisie\/2020\/03\/18\/tunisie-programme-des-derniers-vols-de-rapatriement\/#breadcrumb\",\"itemListElement\":[{\"@type\":\"ListItem\",\"position\":1,\"name\":\"Accueil\",\"item\":\"https:\/\/kapitalis.com\/tunisie\/\"},{\"@type\":\"ListItem\",\"position\":2,\"name\":\"Tunisie : Programme des derniers vols de rapatriement\"}]},{\"@type\":\"WebSite\",\"@id\":\"https:\/\/kapitalis.com\/tunisie\/#website\",\"url\":\"https:\/\/kapitalis.com\/tunisie\/\",\"name\":\"Kapitalis\",\"description\":\"L&#039;actualit\u00e9 en Tunisie et dans le monde\",\"publisher\":{\"@id\":\"https:\/\/kapitalis.com\/tunisie\/#organization\"},\"potentialAction\":[{\"@type\":\"SearchAction\",\"target\":{\"@type\":\"EntryPoint\",\"urlTemplate\":\"https:\/\/kapitalis.com\/tunisie\/?s={search_term_string}\"},\"query-input\":{\"@type\":\"PropertyValueSpecification\",\"valueRequired\":true,\"valueName\":\"search_term_string\"}}],\"inLanguage\":\"fr-FR\"},{\"@type\":\"Organization\",\"@id\":\"https:\/\/kapitalis.com\/tunisie\/#organization\",\"name\":\"Kapitalis\",\"url\":\"https:\/\/kapitalis.com\/tunisie\/\",\"logo\":{\"@type\":\"ImageObject\",\"inLanguage\":\"fr-FR\",\"@id\":\"https:\/\/kapitalis.com\/tunisie\/#\/schema\/logo\/image\/\",\"url\":\"https:\/\/kapitalis.com\/tunisie\/wp-content\/uploads\/2022\/05\/Kapitalis-big-size.png\",\"contentUrl\":\"https:\/\/kapitalis.com\/tunisie\/wp-content\/uploads\/2022\/05\/Kapitalis-big-size.png\",\"width\":5000,\"height\":1500,\"caption\":\"Kapitalis\"},\"image\":{\"@id\":\"https:\/\/kapitalis.com\/tunisie\/#\/schema\/logo\/image\/\"},\"sameAs\":[\"https:\/\/www.facebook.com\/KapitalisInfo\/\",\"https:\/\/x.com\/KapitalisInfo\",\"https:\/\/www.youtube.com\/channel\/UC-yDYrHyfFBWWZaOw3FPg9Q\"]},{\"@type\":\"Person\",\"@id\":\"https:\/\/kapitalis.com\/tunisie\/#\/schema\/person\/74bbde0154d49d790a92aaeac5bc01d5\",\"name\":\"Yusra NY\",\"url\":\"https:\/\/kapitalis.com\/tunisie\/author\/yuza_adam\/\"}]}<\/script>\n<!-- \/ Yoast SEO plugin. -->","yoast_head_json":{"title":"Tunisie : Programme des derniers vols de rapatriement - Kapitalis","robots":{"index":"index","follow":"follow","max-snippet":"max-snippet:-1","max-image-preview":"max-image-preview:large","max-video-preview":"max-video-preview:-1"},"canonical":"https:\/\/kapitalis.com\/tunisie\/2020\/03\/18\/tunisie-programme-des-derniers-vols-de-rapatriement\/","og_locale":"fr_FR","og_type":"article","og_title":"Tunisie : Programme des derniers vols de rapatriement - Kapitalis","og_description":"Le minist\u00e8re du Transport et de la Logistique a annonc\u00e9 ce soir, mercredi 18 mars 2020, que le plan des vols de rapatriement, organis\u00e9 en coordination avec le minist\u00e8re des Affaires \u00e9trang\u00e8res et les compagnies a\u00e9riennes, prendra fin vendredi 20 mars 2020 \u00e0 23h59 (heure locale).","og_url":"https:\/\/kapitalis.com\/tunisie\/2020\/03\/18\/tunisie-programme-des-derniers-vols-de-rapatriement\/","og_site_name":"Kapitalis","article_publisher":"https:\/\/www.facebook.com\/KapitalisInfo\/","article_published_time":"2020-03-18T22:43:53+00:00","article_modified_time":"2020-03-19T07:02:56+00:00","og_image":[{"width":1200,"height":630,"url":"https:\/\/kapitalis.com\/tunisie\/wp-content\/uploads\/2022\/05\/kapitalis-logo-fb.png","type":"image\/png"}],"author":"Yusra NY","twitter_card":"summary_large_image","twitter_creator":"@KapitalisInfo","twitter_site":"@KapitalisInfo","twitter_misc":{"\u00c9crit par":"Yusra NY","Dur\u00e9e de lecture estim\u00e9e":"1 minute"},"schema":{"@context":"https:\/\/schema.org","@graph":[{"@type":"Article","@id":"https:\/\/kapitalis.com\/tunisie\/2020\/03\/18\/tunisie-programme-des-derniers-vols-de-rapatriement\/#article","isPartOf":{"@id":"https:\/\/kapitalis.com\/tunisie\/2020\/03\/18\/tunisie-programme-des-derniers-vols-de-rapatriement\/"},"author":{"name":"Yusra NY","@id":"https:\/\/kapitalis.com\/tunisie\/#\/schema\/person\/74bbde0154d49d790a92aaeac5bc01d5"},"headline":"Tunisie : Programme des derniers vols de rapatriement","datePublished":"2020-03-18T22:43:53+00:00","dateModified":"2020-03-19T07:02:56+00:00","mainEntityOfPage":{"@id":"https:\/\/kapitalis.com\/tunisie\/2020\/03\/18\/tunisie-programme-des-derniers-vols-de-rapatriement\/"},"wordCount":122,"commentCount":6,"publisher":{"@id":"https:\/\/kapitalis.com\/tunisie\/#organization"},"image":{"@id":"https:\/\/kapitalis.com\/tunisie\/2020\/03\/18\/tunisie-programme-des-derniers-vols-de-rapatriement\/#primaryimage"},"thumbnailUrl":"","keywords":["compagnies a\u00e9rienne","minist\u00e8re des affaires \u00e9trang\u00e8res","rapatriement","transport","vols"],"articleSection":["SOCIETE","Tunisie"],"inLanguage":"fr-FR","potentialAction":[{"@type":"CommentAction","name":"Comment","target":["https:\/\/kapitalis.com\/tunisie\/2020\/03\/18\/tunisie-programme-des-derniers-vols-de-rapatriement\/#respond"]}]},{"@type":"WebPage","@id":"https:\/\/kapitalis.com\/tunisie\/2020\/03\/18\/tunisie-programme-des-derniers-vols-de-rapatriement\/","url":"https:\/\/kapitalis.com\/tunisie\/2020\/03\/18\/tunisie-programme-des-derniers-vols-de-rapatriement\/","name":"Tunisie : Programme des derniers vols de rapatriement - Kapitalis","isPartOf":{"@id":"https:\/\/kapitalis.com\/tunisie\/#website"},"primaryImageOfPage":{"@id":"https:\/\/kapitalis.com\/tunisie\/2020\/03\/18\/tunisie-programme-des-derniers-vols-de-rapatriement\/#primaryimage"},"image":{"@id":"https:\/\/kapitalis.com\/tunisie\/2020\/03\/18\/tunisie-programme-des-derniers-vols-de-rapatriement\/#primaryimage"},"thumbnailUrl":"","datePublished":"2020-03-18T22:43:53+00:00","dateModified":"2020-03-19T07:02:56+00:00","breadcrumb":{"@id":"https:\/\/kapitalis.com\/tunisie\/2020\/03\/18\/tunisie-programme-des-derniers-vols-de-rapatriement\/#breadcrumb"},"inLanguage":"fr-FR","potentialAction":[{"@type":"ReadAction","target":["https:\/\/kapitalis.com\/tunisie\/2020\/03\/18\/tunisie-programme-des-derniers-vols-de-rapatriement\/"]}]},{"@type":"ImageObject","inLanguage":"fr-FR","@id":"https:\/\/kapitalis.com\/tunisie\/2020\/03\/18\/tunisie-programme-des-derniers-vols-de-rapatriement\/#primaryimage","url":"","contentUrl":""},{"@type":"BreadcrumbList","@id":"https:\/\/kapitalis.com\/tunisie\/2020\/03\/18\/tunisie-programme-des-derniers-vols-de-rapatriement\/#breadcrumb","itemListElement":[{"@type":"ListItem","position":1,"name":"Accueil","item":"https:\/\/kapitalis.com\/tunisie\/"},{"@type":"ListItem","position":2,"name":"Tunisie : Programme des derniers vols de rapatriement"}]},{"@type":"WebSite","@id":"https:\/\/kapitalis.com\/tunisie\/#website","url":"https:\/\/kapitalis.com\/tunisie\/","name":"Kapitalis","description":"L&#039;actualit\u00e9 en Tunisie et dans le monde","publisher":{"@id":"https:\/\/kapitalis.com\/tunisie\/#organization"},"potentialAction":[{"@type":"SearchAction","target":{"@type":"EntryPoint","urlTemplate":"https:\/\/kapitalis.com\/tunisie\/?s={search_term_string}"},"query-input":{"@type":"PropertyValueSpecification","valueRequired":true,"valueName":"search_term_string"}}],"inLanguage":"fr-FR"},{"@type":"Organization","@id":"https:\/\/kapitalis.com\/tunisie\/#organization","name":"Kapitalis","url":"https:\/\/kapitalis.com\/tunisie\/","logo":{"@type":"ImageObject","inLanguage":"fr-FR","@id":"https:\/\/kapitalis.com\/tunisie\/#\/schema\/logo\/image\/","url":"https:\/\/kapitalis.com\/tunisie\/wp-content\/uploads\/2022\/05\/Kapitalis-big-size.png","contentUrl":"https:\/\/kapitalis.com\/tunisie\/wp-content\/uploads\/2022\/05\/Kapitalis-big-size.png","width":5000,"height":1500,"caption":"Kapitalis"},"image":{"@id":"https:\/\/kapitalis.com\/tunisie\/#\/schema\/logo\/image\/"},"sameAs":["https:\/\/www.facebook.com\/KapitalisInfo\/","https:\/\/x.com\/KapitalisInfo","https:\/\/www.youtube.com\/channel\/UC-yDYrHyfFBWWZaOw3FPg9Q"]},{"@type":"Person","@id":"https:\/\/kapitalis.com\/tunisie\/#\/schema\/person\/74bbde0154d49d790a92aaeac5bc01d5","name":"Yusra NY","url":"https:\/\/kapitalis.com\/tunisie\/author\/yuza_adam\/"}]}},"_links":{"self":[{"href":"https:\/\/kapitalis.com\/tunisie\/wp-json\/wp\/v2\/posts\/289160","targetHints":{"allow":["GET"]}}],"collection":[{"href":"https:\/\/kapitalis.com\/tunisie\/wp-json\/wp\/v2\/posts"}],"about":[{"href":"https:\/\/kapitalis.com\/tunisie\/wp-json\/wp\/v2\/types\/post"}],"author":[{"embeddable":true,"href":"https:\/\/kapitalis.com\/tunisie\/wp-json\/wp\/v2\/users\/6"}],"replies":[{"embeddable":true,"href":"https:\/\/kapitalis.com\/tunisie\/wp-json\/wp\/v2\/comments?post=289160"}],"version-history":[{"count":0,"href":"https:\/\/kapitalis.com\/tunisie\/wp-json\/wp\/v2\/posts\/289160\/revisions"}],"wp:featuredmedia":[{"embeddable":true,"href":"https:\/\/kapitalis.com\/tunisie\/wp-json\/wp\/v2\/media\/289163"}],"wp:attachment":[{"href":"https:\/\/kapitalis.com\/tunisie\/wp-json\/wp\/v2\/media?parent=289160"}],"wp:term":[{"taxonomy":"category","embeddable":true,"href":"https:\/\/kapitalis.com\/tunisie\/wp-json\/wp\/v2\/categories?post=289160"},{"taxonomy":"post_tag","embeddable":true,"href":"https:\/\/kapitalis.com\/tunisie\/wp-json\/wp\/v2\/tags?post=289160"}],"curies":[{"name":"wp","href":"https:\/\/api.w.org\/{rel}","templated":true}]}}