{"id":2895741,"date":"2022-08-09T09:44:24","date_gmt":"2022-08-09T08:44:24","guid":{"rendered":"https:\/\/kapitalis.com\/tunisie\/?p=2895741"},"modified":"2022-08-09T09:44:24","modified_gmt":"2022-08-09T08:44:24","slug":"tunisie-isie-limogeages-au-sein-des-instances-regionales","status":"publish","type":"post","link":"https:\/\/kapitalis.com\/tunisie\/2022\/08\/09\/tunisie-isie-limogeages-au-sein-des-instances-regionales\/","title":{"rendered":"Tunisie &#8211; Isie : Limogeages au sein des instances r\u00e9gionales"},"content":{"rendered":"\n<p><strong><em>R\u00e9uni lundi 8 ao\u00fbt 2022, le conseil de l&rsquo;Instance sup\u00e9rieure ind\u00e9pendante pour les \u00e9lections (Isie) a d\u00e9cid\u00e9 de limoger plusieurs membres des instances r\u00e9gionales \u00abqui n&rsquo;ont pas rempli les conditions de performance minimales requises\u00bb.<\/em><\/strong><\/p>\n\n\n\n<!--more-->\n\n\n\n<p>Le limogeage sera effectif \u00e0 partir du 15 ao\u00fbt, selon un communiqu\u00e9 de l&rsquo;instance.<\/p>\n\n\n\n<p>Le Conseil a \u00e9galement d\u00e9cid\u00e9 de \u00ab<em>suspendre la qualit\u00e9 de membre des membres des instances r\u00e9gionales qui ont prouv\u00e9 leur comp\u00e9tence dans la supervision du processus r\u00e9f\u00e9rendaire<\/em>\u00bb, \u00e0 compter du 01 septembre 2022, jusqu&rsquo;\u00e0 ce que le calendrier des prochaines \u00e9ch\u00e9ances \u00e9lectorales soit fix\u00e9.<\/p>\n\n\n\n<p class=\"has-text-align-right\"><strong>C. B. Y.<\/strong><\/p>\n","protected":false},"excerpt":{"rendered":"<p>R\u00e9uni lundi 8 ao\u00fbt 2022, le conseil de l&rsquo;Instance sup\u00e9rieure ind\u00e9pendante pour les \u00e9lections (Isie) a d\u00e9cid\u00e9 de limoger plusieurs membres des instances r\u00e9gionales \u00abqui n&rsquo;ont pas rempli les conditions de performance minimales requises\u00bb.<\/p>\n","protected":false},"author":24,"featured_media":928173,"comment_status":"open","ping_status":"open","sticky":false,"template":"","format":"standard","meta":{"footnotes":""},"categories":[997,2433],"tags":[101920,499],"class_list":["post-2895741","post","type-post","status-publish","format-standard","has-post-thumbnail","hentry","category-politique","category-tunisie","tag-instances-regionales","tag-isie"],"yoast_head":"<!-- This site is optimized with the Yoast SEO plugin v26.6 - https:\/\/yoast.com\/wordpress\/plugins\/seo\/ -->\n<title>Tunisie - Isie : Limogeages au sein des instances r\u00e9gionales - Kapitalis<\/title>\n<meta name=\"robots\" content=\"index, follow, max-snippet:-1, max-image-preview:large, max-video-preview:-1\" \/>\n<link rel=\"canonical\" href=\"https:\/\/kapitalis.com\/tunisie\/2022\/08\/09\/tunisie-isie-limogeages-au-sein-des-instances-regionales\/\" \/>\n<meta property=\"og:locale\" content=\"fr_FR\" \/>\n<meta property=\"og:type\" content=\"article\" \/>\n<meta property=\"og:title\" content=\"Tunisie - Isie : Limogeages au sein des instances r\u00e9gionales - Kapitalis\" \/>\n<meta property=\"og:description\" content=\"R\u00e9uni lundi 8 ao\u00fbt 2022, le conseil de l&rsquo;Instance sup\u00e9rieure ind\u00e9pendante pour les \u00e9lections (Isie) a d\u00e9cid\u00e9 de limoger plusieurs membres des instances r\u00e9gionales \u00abqui n&rsquo;ont pas rempli les conditions de performance minimales requises\u00bb.\" \/>\n<meta property=\"og:url\" content=\"https:\/\/kapitalis.com\/tunisie\/2022\/08\/09\/tunisie-isie-limogeages-au-sein-des-instances-regionales\/\" \/>\n<meta property=\"og:site_name\" content=\"Kapitalis\" \/>\n<meta property=\"article:publisher\" content=\"https:\/\/www.facebook.com\/KapitalisInfo\/\" \/>\n<meta property=\"article:published_time\" content=\"2022-08-09T08:44:24+00:00\" \/>\n<meta property=\"og:image\" content=\"https:\/\/kapitalis.com\/tunisie\/wp-content\/uploads\/2022\/05\/kapitalis-logo-fb.png\" \/>\n\t<meta property=\"og:image:width\" content=\"1200\" \/>\n\t<meta property=\"og:image:height\" content=\"630\" \/>\n\t<meta property=\"og:image:type\" content=\"image\/png\" \/>\n<meta name=\"author\" content=\"Cherif Benyounes\" \/>\n<meta name=\"twitter:card\" content=\"summary_large_image\" \/>\n<meta name=\"twitter:creator\" content=\"@KapitalisInfo\" \/>\n<meta name=\"twitter:site\" content=\"@KapitalisInfo\" \/>\n<meta name=\"twitter:label1\" content=\"\u00c9crit par\" \/>\n\t<meta name=\"twitter:data1\" content=\"Cherif Benyounes\" \/>\n\t<meta name=\"twitter:label2\" content=\"Dur\u00e9e de lecture estim\u00e9e\" \/>\n\t<meta name=\"twitter:data2\" content=\"1 minute\" \/>\n<script type=\"application\/ld+json\" class=\"yoast-schema-graph\">{\"@context\":\"https:\/\/schema.org\",\"@graph\":[{\"@type\":\"Article\",\"@id\":\"https:\/\/kapitalis.com\/tunisie\/2022\/08\/09\/tunisie-isie-limogeages-au-sein-des-instances-regionales\/#article\",\"isPartOf\":{\"@id\":\"https:\/\/kapitalis.com\/tunisie\/2022\/08\/09\/tunisie-isie-limogeages-au-sein-des-instances-regionales\/\"},\"author\":{\"name\":\"Cherif Benyounes\",\"@id\":\"https:\/\/kapitalis.com\/tunisie\/#\/schema\/person\/b35b8d631961131107263178aeb8019e\"},\"headline\":\"Tunisie &#8211; Isie : Limogeages au sein des instances r\u00e9gionales\",\"datePublished\":\"2022-08-09T08:44:24+00:00\",\"mainEntityOfPage\":{\"@id\":\"https:\/\/kapitalis.com\/tunisie\/2022\/08\/09\/tunisie-isie-limogeages-au-sein-des-instances-regionales\/\"},\"wordCount\":111,\"commentCount\":1,\"publisher\":{\"@id\":\"https:\/\/kapitalis.com\/tunisie\/#organization\"},\"image\":{\"@id\":\"https:\/\/kapitalis.com\/tunisie\/2022\/08\/09\/tunisie-isie-limogeages-au-sein-des-instances-regionales\/#primaryimage\"},\"thumbnailUrl\":\"https:\/\/kapitalis.com\/tunisie\/wp-content\/uploads\/2022\/05\/isie-2.jpg\",\"keywords\":[\"instances r\u00e9gionales\",\"Isie\"],\"articleSection\":[\"POLITIQUE\",\"Tunisie\"],\"inLanguage\":\"fr-FR\",\"potentialAction\":[{\"@type\":\"CommentAction\",\"name\":\"Comment\",\"target\":[\"https:\/\/kapitalis.com\/tunisie\/2022\/08\/09\/tunisie-isie-limogeages-au-sein-des-instances-regionales\/#respond\"]}]},{\"@type\":\"WebPage\",\"@id\":\"https:\/\/kapitalis.com\/tunisie\/2022\/08\/09\/tunisie-isie-limogeages-au-sein-des-instances-regionales\/\",\"url\":\"https:\/\/kapitalis.com\/tunisie\/2022\/08\/09\/tunisie-isie-limogeages-au-sein-des-instances-regionales\/\",\"name\":\"Tunisie - Isie : Limogeages au sein des instances r\u00e9gionales - Kapitalis\",\"isPartOf\":{\"@id\":\"https:\/\/kapitalis.com\/tunisie\/#website\"},\"primaryImageOfPage\":{\"@id\":\"https:\/\/kapitalis.com\/tunisie\/2022\/08\/09\/tunisie-isie-limogeages-au-sein-des-instances-regionales\/#primaryimage\"},\"image\":{\"@id\":\"https:\/\/kapitalis.com\/tunisie\/2022\/08\/09\/tunisie-isie-limogeages-au-sein-des-instances-regionales\/#primaryimage\"},\"thumbnailUrl\":\"https:\/\/kapitalis.com\/tunisie\/wp-content\/uploads\/2022\/05\/isie-2.jpg\",\"datePublished\":\"2022-08-09T08:44:24+00:00\",\"breadcrumb\":{\"@id\":\"https:\/\/kapitalis.com\/tunisie\/2022\/08\/09\/tunisie-isie-limogeages-au-sein-des-instances-regionales\/#breadcrumb\"},\"inLanguage\":\"fr-FR\",\"potentialAction\":[{\"@type\":\"ReadAction\",\"target\":[\"https:\/\/kapitalis.com\/tunisie\/2022\/08\/09\/tunisie-isie-limogeages-au-sein-des-instances-regionales\/\"]}]},{\"@type\":\"ImageObject\",\"inLanguage\":\"fr-FR\",\"@id\":\"https:\/\/kapitalis.com\/tunisie\/2022\/08\/09\/tunisie-isie-limogeages-au-sein-des-instances-regionales\/#primaryimage\",\"url\":\"https:\/\/kapitalis.com\/tunisie\/wp-content\/uploads\/2022\/05\/isie-2.jpg\",\"contentUrl\":\"https:\/\/kapitalis.com\/tunisie\/wp-content\/uploads\/2022\/05\/isie-2.jpg\",\"width\":1200,\"height\":630},{\"@type\":\"BreadcrumbList\",\"@id\":\"https:\/\/kapitalis.com\/tunisie\/2022\/08\/09\/tunisie-isie-limogeages-au-sein-des-instances-regionales\/#breadcrumb\",\"itemListElement\":[{\"@type\":\"ListItem\",\"position\":1,\"name\":\"Accueil\",\"item\":\"https:\/\/kapitalis.com\/tunisie\/\"},{\"@type\":\"ListItem\",\"position\":2,\"name\":\"Tunisie &#8211; Isie : Limogeages au sein des instances r\u00e9gionales\"}]},{\"@type\":\"WebSite\",\"@id\":\"https:\/\/kapitalis.com\/tunisie\/#website\",\"url\":\"https:\/\/kapitalis.com\/tunisie\/\",\"name\":\"Kapitalis\",\"description\":\"L&#039;actualit\u00e9 en Tunisie et dans le monde\",\"publisher\":{\"@id\":\"https:\/\/kapitalis.com\/tunisie\/#organization\"},\"potentialAction\":[{\"@type\":\"SearchAction\",\"target\":{\"@type\":\"EntryPoint\",\"urlTemplate\":\"https:\/\/kapitalis.com\/tunisie\/?s={search_term_string}\"},\"query-input\":{\"@type\":\"PropertyValueSpecification\",\"valueRequired\":true,\"valueName\":\"search_term_string\"}}],\"inLanguage\":\"fr-FR\"},{\"@type\":\"Organization\",\"@id\":\"https:\/\/kapitalis.com\/tunisie\/#organization\",\"name\":\"Kapitalis\",\"url\":\"https:\/\/kapitalis.com\/tunisie\/\",\"logo\":{\"@type\":\"ImageObject\",\"inLanguage\":\"fr-FR\",\"@id\":\"https:\/\/kapitalis.com\/tunisie\/#\/schema\/logo\/image\/\",\"url\":\"https:\/\/kapitalis.com\/tunisie\/wp-content\/uploads\/2022\/05\/Kapitalis-big-size.png\",\"contentUrl\":\"https:\/\/kapitalis.com\/tunisie\/wp-content\/uploads\/2022\/05\/Kapitalis-big-size.png\",\"width\":5000,\"height\":1500,\"caption\":\"Kapitalis\"},\"image\":{\"@id\":\"https:\/\/kapitalis.com\/tunisie\/#\/schema\/logo\/image\/\"},\"sameAs\":[\"https:\/\/www.facebook.com\/KapitalisInfo\/\",\"https:\/\/x.com\/KapitalisInfo\",\"https:\/\/www.youtube.com\/channel\/UC-yDYrHyfFBWWZaOw3FPg9Q\"]},{\"@type\":\"Person\",\"@id\":\"https:\/\/kapitalis.com\/tunisie\/#\/schema\/person\/b35b8d631961131107263178aeb8019e\",\"name\":\"Cherif Benyounes\",\"url\":\"https:\/\/kapitalis.com\/tunisie\/author\/cherif\/\"}]}<\/script>\n<!-- \/ Yoast SEO plugin. -->","yoast_head_json":{"title":"Tunisie - Isie : Limogeages au sein des instances r\u00e9gionales - Kapitalis","robots":{"index":"index","follow":"follow","max-snippet":"max-snippet:-1","max-image-preview":"max-image-preview:large","max-video-preview":"max-video-preview:-1"},"canonical":"https:\/\/kapitalis.com\/tunisie\/2022\/08\/09\/tunisie-isie-limogeages-au-sein-des-instances-regionales\/","og_locale":"fr_FR","og_type":"article","og_title":"Tunisie - Isie : Limogeages au sein des instances r\u00e9gionales - Kapitalis","og_description":"R\u00e9uni lundi 8 ao\u00fbt 2022, le conseil de l&rsquo;Instance sup\u00e9rieure ind\u00e9pendante pour les \u00e9lections (Isie) a d\u00e9cid\u00e9 de limoger plusieurs membres des instances r\u00e9gionales \u00abqui n&rsquo;ont pas rempli les conditions de performance minimales requises\u00bb.","og_url":"https:\/\/kapitalis.com\/tunisie\/2022\/08\/09\/tunisie-isie-limogeages-au-sein-des-instances-regionales\/","og_site_name":"Kapitalis","article_publisher":"https:\/\/www.facebook.com\/KapitalisInfo\/","article_published_time":"2022-08-09T08:44:24+00:00","og_image":[{"width":1200,"height":630,"url":"https:\/\/kapitalis.com\/tunisie\/wp-content\/uploads\/2022\/05\/kapitalis-logo-fb.png","type":"image\/png"}],"author":"Cherif Benyounes","twitter_card":"summary_large_image","twitter_creator":"@KapitalisInfo","twitter_site":"@KapitalisInfo","twitter_misc":{"\u00c9crit par":"Cherif Benyounes","Dur\u00e9e de lecture estim\u00e9e":"1 minute"},"schema":{"@context":"https:\/\/schema.org","@graph":[{"@type":"Article","@id":"https:\/\/kapitalis.com\/tunisie\/2022\/08\/09\/tunisie-isie-limogeages-au-sein-des-instances-regionales\/#article","isPartOf":{"@id":"https:\/\/kapitalis.com\/tunisie\/2022\/08\/09\/tunisie-isie-limogeages-au-sein-des-instances-regionales\/"},"author":{"name":"Cherif Benyounes","@id":"https:\/\/kapitalis.com\/tunisie\/#\/schema\/person\/b35b8d631961131107263178aeb8019e"},"headline":"Tunisie &#8211; Isie : Limogeages au sein des instances r\u00e9gionales","datePublished":"2022-08-09T08:44:24+00:00","mainEntityOfPage":{"@id":"https:\/\/kapitalis.com\/tunisie\/2022\/08\/09\/tunisie-isie-limogeages-au-sein-des-instances-regionales\/"},"wordCount":111,"commentCount":1,"publisher":{"@id":"https:\/\/kapitalis.com\/tunisie\/#organization"},"image":{"@id":"https:\/\/kapitalis.com\/tunisie\/2022\/08\/09\/tunisie-isie-limogeages-au-sein-des-instances-regionales\/#primaryimage"},"thumbnailUrl":"https:\/\/kapitalis.com\/tunisie\/wp-content\/uploads\/2022\/05\/isie-2.jpg","keywords":["instances r\u00e9gionales","Isie"],"articleSection":["POLITIQUE","Tunisie"],"inLanguage":"fr-FR","potentialAction":[{"@type":"CommentAction","name":"Comment","target":["https:\/\/kapitalis.com\/tunisie\/2022\/08\/09\/tunisie-isie-limogeages-au-sein-des-instances-regionales\/#respond"]}]},{"@type":"WebPage","@id":"https:\/\/kapitalis.com\/tunisie\/2022\/08\/09\/tunisie-isie-limogeages-au-sein-des-instances-regionales\/","url":"https:\/\/kapitalis.com\/tunisie\/2022\/08\/09\/tunisie-isie-limogeages-au-sein-des-instances-regionales\/","name":"Tunisie - Isie : Limogeages au sein des instances r\u00e9gionales - Kapitalis","isPartOf":{"@id":"https:\/\/kapitalis.com\/tunisie\/#website"},"primaryImageOfPage":{"@id":"https:\/\/kapitalis.com\/tunisie\/2022\/08\/09\/tunisie-isie-limogeages-au-sein-des-instances-regionales\/#primaryimage"},"image":{"@id":"https:\/\/kapitalis.com\/tunisie\/2022\/08\/09\/tunisie-isie-limogeages-au-sein-des-instances-regionales\/#primaryimage"},"thumbnailUrl":"https:\/\/kapitalis.com\/tunisie\/wp-content\/uploads\/2022\/05\/isie-2.jpg","datePublished":"2022-08-09T08:44:24+00:00","breadcrumb":{"@id":"https:\/\/kapitalis.com\/tunisie\/2022\/08\/09\/tunisie-isie-limogeages-au-sein-des-instances-regionales\/#breadcrumb"},"inLanguage":"fr-FR","potentialAction":[{"@type":"ReadAction","target":["https:\/\/kapitalis.com\/tunisie\/2022\/08\/09\/tunisie-isie-limogeages-au-sein-des-instances-regionales\/"]}]},{"@type":"ImageObject","inLanguage":"fr-FR","@id":"https:\/\/kapitalis.com\/tunisie\/2022\/08\/09\/tunisie-isie-limogeages-au-sein-des-instances-regionales\/#primaryimage","url":"https:\/\/kapitalis.com\/tunisie\/wp-content\/uploads\/2022\/05\/isie-2.jpg","contentUrl":"https:\/\/kapitalis.com\/tunisie\/wp-content\/uploads\/2022\/05\/isie-2.jpg","width":1200,"height":630},{"@type":"BreadcrumbList","@id":"https:\/\/kapitalis.com\/tunisie\/2022\/08\/09\/tunisie-isie-limogeages-au-sein-des-instances-regionales\/#breadcrumb","itemListElement":[{"@type":"ListItem","position":1,"name":"Accueil","item":"https:\/\/kapitalis.com\/tunisie\/"},{"@type":"ListItem","position":2,"name":"Tunisie &#8211; Isie : Limogeages au sein des instances r\u00e9gionales"}]},{"@type":"WebSite","@id":"https:\/\/kapitalis.com\/tunisie\/#website","url":"https:\/\/kapitalis.com\/tunisie\/","name":"Kapitalis","description":"L&#039;actualit\u00e9 en Tunisie et dans le monde","publisher":{"@id":"https:\/\/kapitalis.com\/tunisie\/#organization"},"potentialAction":[{"@type":"SearchAction","target":{"@type":"EntryPoint","urlTemplate":"https:\/\/kapitalis.com\/tunisie\/?s={search_term_string}"},"query-input":{"@type":"PropertyValueSpecification","valueRequired":true,"valueName":"search_term_string"}}],"inLanguage":"fr-FR"},{"@type":"Organization","@id":"https:\/\/kapitalis.com\/tunisie\/#organization","name":"Kapitalis","url":"https:\/\/kapitalis.com\/tunisie\/","logo":{"@type":"ImageObject","inLanguage":"fr-FR","@id":"https:\/\/kapitalis.com\/tunisie\/#\/schema\/logo\/image\/","url":"https:\/\/kapitalis.com\/tunisie\/wp-content\/uploads\/2022\/05\/Kapitalis-big-size.png","contentUrl":"https:\/\/kapitalis.com\/tunisie\/wp-content\/uploads\/2022\/05\/Kapitalis-big-size.png","width":5000,"height":1500,"caption":"Kapitalis"},"image":{"@id":"https:\/\/kapitalis.com\/tunisie\/#\/schema\/logo\/image\/"},"sameAs":["https:\/\/www.facebook.com\/KapitalisInfo\/","https:\/\/x.com\/KapitalisInfo","https:\/\/www.youtube.com\/channel\/UC-yDYrHyfFBWWZaOw3FPg9Q"]},{"@type":"Person","@id":"https:\/\/kapitalis.com\/tunisie\/#\/schema\/person\/b35b8d631961131107263178aeb8019e","name":"Cherif Benyounes","url":"https:\/\/kapitalis.com\/tunisie\/author\/cherif\/"}]}},"_links":{"self":[{"href":"https:\/\/kapitalis.com\/tunisie\/wp-json\/wp\/v2\/posts\/2895741","targetHints":{"allow":["GET"]}}],"collection":[{"href":"https:\/\/kapitalis.com\/tunisie\/wp-json\/wp\/v2\/posts"}],"about":[{"href":"https:\/\/kapitalis.com\/tunisie\/wp-json\/wp\/v2\/types\/post"}],"author":[{"embeddable":true,"href":"https:\/\/kapitalis.com\/tunisie\/wp-json\/wp\/v2\/users\/24"}],"replies":[{"embeddable":true,"href":"https:\/\/kapitalis.com\/tunisie\/wp-json\/wp\/v2\/comments?post=2895741"}],"version-history":[{"count":0,"href":"https:\/\/kapitalis.com\/tunisie\/wp-json\/wp\/v2\/posts\/2895741\/revisions"}],"wp:featuredmedia":[{"embeddable":true,"href":"https:\/\/kapitalis.com\/tunisie\/wp-json\/wp\/v2\/media\/928173"}],"wp:attachment":[{"href":"https:\/\/kapitalis.com\/tunisie\/wp-json\/wp\/v2\/media?parent=2895741"}],"wp:term":[{"taxonomy":"category","embeddable":true,"href":"https:\/\/kapitalis.com\/tunisie\/wp-json\/wp\/v2\/categories?post=2895741"},{"taxonomy":"post_tag","embeddable":true,"href":"https:\/\/kapitalis.com\/tunisie\/wp-json\/wp\/v2\/tags?post=2895741"}],"curies":[{"name":"wp","href":"https:\/\/api.w.org\/{rel}","templated":true}]}}