{"id":289838,"date":"2020-03-21T16:01:51","date_gmt":"2020-03-21T15:01:51","guid":{"rendered":"http:\/\/kapitalis.com\/tunisie\/?p=289838"},"modified":"2020-03-21T16:03:07","modified_gmt":"2020-03-21T15:03:07","slug":"coronavirus-les-sportifs-tunisiens-se-mobilisent","status":"publish","type":"post","link":"https:\/\/kapitalis.com\/tunisie\/2020\/03\/21\/coronavirus-les-sportifs-tunisiens-se-mobilisent\/","title":{"rendered":"Coronavirus : Les sportifs tunisiens se mobilisent"},"content":{"rendered":"\n<figure class=\"wp-block-image size-large\"><img decoding=\"async\" src=\"http:\/\/kapitalis.com\/tunisie\/wp-content\/uploads\/2020\/03\/Sportifs-Coronavirus.jpg\" alt=\"\" class=\"wp-image-289839\"\/><\/figure>\n\n\n\n<p><strong><em> Les sportifs tunisiens se mobilisent en apportant soutien financier et en lan\u00e7ant spots de sensibilisation en solidarit\u00e9 \u00e0 l\u2019effort de lutte contre la pand\u00e9mie de coronavirus.<\/em><\/strong><\/p>\n\n\n\n<p> Par <strong>Hassen Mzoughi <\/strong><\/p>\n\n\n\n<!--more-->\n\n\n\n<p> L\u2019international tunisien d\u2019Al Ahly du Caire, Ali Maaloul, s\u2019est engag\u00e9 via une vid\u00e9o sur sa page officielle sur Instagram, \u00e0 prendre en charge les besoins en produits de 20 familles tunisiennes pendant un mois entier, en ce moment difficile que traversent les Tunisiens.<\/p>\n\n\n\n<p> Maaloul n\u2019a pas manqu\u00e9 de d\u00e9fier ses co\u00e9quipiers de la s\u00e9lection, pour faire de m\u00eame, tels que Youssef Msakni. Le capitaine de l\u2019\u00e9quipe de Tunisie, qui \u00e9volue au club qatari d\u2019Al Duhail, a publi\u00e9 une vid\u00e9o sur sa page officielle sur Instagram, dans laquelle il s\u2019est engag\u00e9 \u00e0 couvrir les d\u00e9penses de 100 familles tunisiennes pendant un mois. <\/p>\n\n\n\n<p> Hamdi Naguez a d\u00e9clar\u00e9 qu\u2019il prendra en charge 20 familles pendant le mois de ramadan alors que le joueur de Zamalek, Ferjani Sassi, a promis de prendre en charge une famille.<\/p>\n\n\n\n<p> L\u2019attaquant du club \u00e9gyptien d\u2019Al Ismaily, Fakhreddine Ben Youssef, \u00e9tait le premier joueur tunisien \u00e0 verser, le 17 mars 2020, un ch\u00e8que au compte postal 1818 de soutien \u00e0 la lutte contre le coronavirus. L&rsquo;autre international tunisien Aymen Abdennour a lui aussi affirm\u00e9 sur sa page officielle facebook, qu\u2019il a fait don hier, vendredi 20 mars, d\u2019une somme d\u2019argent au fonds 1818. <\/p>\n\n\n\n<p> Pour ce qui concerne les joueurs actifs en Tunisie, l\u2019attaquant de l\u2019Esp\u00e9rance sportive de Tunis, Taha Yassine El-Khenissi, prendra soin de 30 familles, tandis que le milieu de terrain de l\u2019Etoile sportive du Sahel, Amine Ben Amor, il couvrira les d\u00e9penses de 20 familles pendant un mois.<\/p>\n\n\n\n<p> Il semble que cet \u00e9lan de solidarit\u00e9 ne s\u2019arr\u00eatera pas l\u00e0, et que d\u2019autres joueurs vont s\u2019y engager, tels que Yassine Meriah, Alaaeddine Marzouki et Iheb Mbarki, qui \u00e0 leur tour ont promis de participer \u00e0 ces campagnes sans r\u00e9v\u00e9ler le montant de leur soutien. <\/p>\n\n\n\n<p> Les arbitres et les entra\u00eeneurs sont \u00e9galement sensibilis\u00e9s \u00e0 cette action solidaire contre le virus. <\/p>\n\n\n\n<p> Apr\u00e8s avoir consacr\u00e9 100.000 dinars en frais d\u2019\u00e9quipements m\u00e9dicaux sp\u00e9cifiques des centres de Borj Cedria et Ain Draham, la F\u00e9d\u00e9ration tunisienne de football (FTF) a annonc\u00e9, hier, vendredi soir, 20 mars 2020, sur sa page Facebook, qu\u2019elle fournira 700 familles comprenant des personnes physiquement vuln\u00e9rables, en denr\u00e9es alimentaires de base, de produits de nettoyage et de gel hydroalcoolique. La FTF a indiqu\u00e9 que le Grand-Tunis est concern\u00e9, \u00e9tant donn\u00e9 qu\u2019il y a un certain nombre de personnes infect\u00e9es par le coronavirus.<\/p>\n\n\n\n<p> Cette aide sera distribu\u00e9e \u00e0 partir de ce lundi 23 mars, en coordination avec les gouverneurs de Tunis, Ariana, Ben Arous et Manouba.<\/p>\n\n\n\n<p> Une telle <em>\u00abg\u00e9n\u00e9rosit\u00e9\u00bb <\/em>ne fera pas oublier la bourde du pr\u00e9sident de la FTF, Wadii Al-Jari, d\u2019avoir brav\u00e9 toutes les consignes de pr\u00e9vention contre la pand\u00e9mie du coronavirus, en tenant son assembl\u00e9e g\u00e9n\u00e9rale en pr\u00e9sence de 700 personnes qui l\u2019ont \u00e9lu pour un troisi\u00e8me mandat.<\/p>\n\n\n\n<p> Des initiatives de soutien ont \u00e9t\u00e9 prises par d\u2019autres f\u00e9d\u00e9rations impliquant les joueurs internationaux telles que les f\u00e9d\u00e9rations tunisiennes de volley-ball, de basket-ball, de karat\u00e9 et de taekwondo.<\/p>\n\n\n\n<p> Des champions ont par ailleurs lanc\u00e9, \u00e0 travers les r\u00e9seaux sociaux, des messages de solidarit\u00e9 et de sensibilisation \u00e0 l\u2019adresse du peuple tunisien tels que les championnes olympiques Habiba Ghribi et Ines Boubakri ou les champions paralympiques Walid Ktila et Hania Aidi, en vue de contribuer \u00e0 l\u2019effort national de lutte contre la pand\u00e9mie du Covid-19. <\/p>\n","protected":false},"excerpt":{"rendered":"<p>Les sportifs tunisiens se mobilisent en apportant soutien financier et en lan\u00e7ant spots de sensibilisation en solidarit\u00e9 \u00e0 l\u2019effort de lutte contre la pand\u00e9mie de coronavirus. Par Hassen Mzoughi<\/p>\n","protected":false},"author":8,"featured_media":289839,"comment_status":"open","ping_status":"open","sticky":false,"template":"","format":"standard","meta":{"footnotes":""},"categories":[992,998,999,2433],"tags":[20249,2245,73060,3190,26578,37101,76389,76845,26523],"class_list":["post-289838","post","type-post","status-publish","format-standard","has-post-thumbnail","hentry","category-a-la-une","category-societe","category-sport","category-tunisie","tag-ali-maaloul","tag-aymen-abdennour","tag-coronavirus","tag-fakhreddine-ben-youssef","tag-ferjani-sassi","tag-hamdi-naguez","tag-sportifs-tunisiens","tag-taha-yassine-el-khenissi","tag-youssef-msakni"],"yoast_head":"<!-- This site is optimized with the Yoast SEO plugin v26.6 - https:\/\/yoast.com\/wordpress\/plugins\/seo\/ -->\n<title>Coronavirus : Les sportifs tunisiens se mobilisent - Kapitalis<\/title>\n<meta name=\"robots\" content=\"index, follow, max-snippet:-1, max-image-preview:large, max-video-preview:-1\" \/>\n<link rel=\"canonical\" href=\"https:\/\/kapitalis.com\/tunisie\/2020\/03\/21\/coronavirus-les-sportifs-tunisiens-se-mobilisent\/\" \/>\n<meta property=\"og:locale\" content=\"fr_FR\" \/>\n<meta property=\"og:type\" content=\"article\" \/>\n<meta property=\"og:title\" content=\"Coronavirus : Les sportifs tunisiens se mobilisent - Kapitalis\" \/>\n<meta property=\"og:description\" content=\"Les sportifs tunisiens se mobilisent en apportant soutien financier et en lan\u00e7ant spots de sensibilisation en solidarit\u00e9 \u00e0 l\u2019effort de lutte contre la pand\u00e9mie de coronavirus. Par Hassen Mzoughi\" \/>\n<meta property=\"og:url\" content=\"https:\/\/kapitalis.com\/tunisie\/2020\/03\/21\/coronavirus-les-sportifs-tunisiens-se-mobilisent\/\" \/>\n<meta property=\"og:site_name\" content=\"Kapitalis\" \/>\n<meta property=\"article:publisher\" content=\"https:\/\/www.facebook.com\/KapitalisInfo\/\" \/>\n<meta property=\"article:published_time\" content=\"2020-03-21T15:01:51+00:00\" \/>\n<meta property=\"article:modified_time\" content=\"2020-03-21T15:03:07+00:00\" \/>\n<meta property=\"og:image\" content=\"https:\/\/kapitalis.com\/tunisie\/wp-content\/uploads\/2022\/05\/kapitalis-logo-fb.png\" \/>\n\t<meta property=\"og:image:width\" content=\"1200\" \/>\n\t<meta property=\"og:image:height\" content=\"630\" \/>\n\t<meta property=\"og:image:type\" content=\"image\/png\" \/>\n<meta name=\"author\" content=\"webmaster kapitalis\" \/>\n<meta name=\"twitter:card\" content=\"summary_large_image\" \/>\n<meta name=\"twitter:creator\" content=\"@KapitalisInfo\" \/>\n<meta name=\"twitter:site\" content=\"@KapitalisInfo\" \/>\n<meta name=\"twitter:label1\" content=\"\u00c9crit par\" \/>\n\t<meta name=\"twitter:data1\" content=\"webmaster kapitalis\" \/>\n\t<meta name=\"twitter:label2\" content=\"Dur\u00e9e de lecture estim\u00e9e\" \/>\n\t<meta name=\"twitter:data2\" content=\"3 minutes\" \/>\n<script type=\"application\/ld+json\" class=\"yoast-schema-graph\">{\"@context\":\"https:\/\/schema.org\",\"@graph\":[{\"@type\":\"Article\",\"@id\":\"https:\/\/kapitalis.com\/tunisie\/2020\/03\/21\/coronavirus-les-sportifs-tunisiens-se-mobilisent\/#article\",\"isPartOf\":{\"@id\":\"https:\/\/kapitalis.com\/tunisie\/2020\/03\/21\/coronavirus-les-sportifs-tunisiens-se-mobilisent\/\"},\"author\":{\"name\":\"webmaster kapitalis\",\"@id\":\"https:\/\/kapitalis.com\/tunisie\/#\/schema\/person\/d71f33a9ca44f7bad4698210b480c8e9\"},\"headline\":\"Coronavirus : Les sportifs tunisiens se mobilisent\",\"datePublished\":\"2020-03-21T15:01:51+00:00\",\"dateModified\":\"2020-03-21T15:03:07+00:00\",\"mainEntityOfPage\":{\"@id\":\"https:\/\/kapitalis.com\/tunisie\/2020\/03\/21\/coronavirus-les-sportifs-tunisiens-se-mobilisent\/\"},\"wordCount\":612,\"commentCount\":0,\"publisher\":{\"@id\":\"https:\/\/kapitalis.com\/tunisie\/#organization\"},\"image\":{\"@id\":\"https:\/\/kapitalis.com\/tunisie\/2020\/03\/21\/coronavirus-les-sportifs-tunisiens-se-mobilisent\/#primaryimage\"},\"thumbnailUrl\":\"\",\"keywords\":[\"Ali Maaloul\",\"Aymen Abdennour\",\"Coronavirus\",\"Fakhreddine Ben Youssef\",\"Ferjani Sassi\",\"Hamdi Naguez\",\"sportifs tunisiens\",\"Taha Yassine El-Khenissi\",\"Youssef Msakni\"],\"articleSection\":[\"A LA UNE\",\"SOCIETE\",\"SPORT\",\"Tunisie\"],\"inLanguage\":\"fr-FR\",\"potentialAction\":[{\"@type\":\"CommentAction\",\"name\":\"Comment\",\"target\":[\"https:\/\/kapitalis.com\/tunisie\/2020\/03\/21\/coronavirus-les-sportifs-tunisiens-se-mobilisent\/#respond\"]}]},{\"@type\":\"WebPage\",\"@id\":\"https:\/\/kapitalis.com\/tunisie\/2020\/03\/21\/coronavirus-les-sportifs-tunisiens-se-mobilisent\/\",\"url\":\"https:\/\/kapitalis.com\/tunisie\/2020\/03\/21\/coronavirus-les-sportifs-tunisiens-se-mobilisent\/\",\"name\":\"Coronavirus : Les sportifs tunisiens se mobilisent - Kapitalis\",\"isPartOf\":{\"@id\":\"https:\/\/kapitalis.com\/tunisie\/#website\"},\"primaryImageOfPage\":{\"@id\":\"https:\/\/kapitalis.com\/tunisie\/2020\/03\/21\/coronavirus-les-sportifs-tunisiens-se-mobilisent\/#primaryimage\"},\"image\":{\"@id\":\"https:\/\/kapitalis.com\/tunisie\/2020\/03\/21\/coronavirus-les-sportifs-tunisiens-se-mobilisent\/#primaryimage\"},\"thumbnailUrl\":\"\",\"datePublished\":\"2020-03-21T15:01:51+00:00\",\"dateModified\":\"2020-03-21T15:03:07+00:00\",\"breadcrumb\":{\"@id\":\"https:\/\/kapitalis.com\/tunisie\/2020\/03\/21\/coronavirus-les-sportifs-tunisiens-se-mobilisent\/#breadcrumb\"},\"inLanguage\":\"fr-FR\",\"potentialAction\":[{\"@type\":\"ReadAction\",\"target\":[\"https:\/\/kapitalis.com\/tunisie\/2020\/03\/21\/coronavirus-les-sportifs-tunisiens-se-mobilisent\/\"]}]},{\"@type\":\"ImageObject\",\"inLanguage\":\"fr-FR\",\"@id\":\"https:\/\/kapitalis.com\/tunisie\/2020\/03\/21\/coronavirus-les-sportifs-tunisiens-se-mobilisent\/#primaryimage\",\"url\":\"\",\"contentUrl\":\"\"},{\"@type\":\"BreadcrumbList\",\"@id\":\"https:\/\/kapitalis.com\/tunisie\/2020\/03\/21\/coronavirus-les-sportifs-tunisiens-se-mobilisent\/#breadcrumb\",\"itemListElement\":[{\"@type\":\"ListItem\",\"position\":1,\"name\":\"Accueil\",\"item\":\"https:\/\/kapitalis.com\/tunisie\/\"},{\"@type\":\"ListItem\",\"position\":2,\"name\":\"Coronavirus : Les sportifs tunisiens se mobilisent\"}]},{\"@type\":\"WebSite\",\"@id\":\"https:\/\/kapitalis.com\/tunisie\/#website\",\"url\":\"https:\/\/kapitalis.com\/tunisie\/\",\"name\":\"Kapitalis\",\"description\":\"L&#039;actualit\u00e9 en Tunisie et dans le monde\",\"publisher\":{\"@id\":\"https:\/\/kapitalis.com\/tunisie\/#organization\"},\"potentialAction\":[{\"@type\":\"SearchAction\",\"target\":{\"@type\":\"EntryPoint\",\"urlTemplate\":\"https:\/\/kapitalis.com\/tunisie\/?s={search_term_string}\"},\"query-input\":{\"@type\":\"PropertyValueSpecification\",\"valueRequired\":true,\"valueName\":\"search_term_string\"}}],\"inLanguage\":\"fr-FR\"},{\"@type\":\"Organization\",\"@id\":\"https:\/\/kapitalis.com\/tunisie\/#organization\",\"name\":\"Kapitalis\",\"url\":\"https:\/\/kapitalis.com\/tunisie\/\",\"logo\":{\"@type\":\"ImageObject\",\"inLanguage\":\"fr-FR\",\"@id\":\"https:\/\/kapitalis.com\/tunisie\/#\/schema\/logo\/image\/\",\"url\":\"https:\/\/kapitalis.com\/tunisie\/wp-content\/uploads\/2022\/05\/Kapitalis-big-size.png\",\"contentUrl\":\"https:\/\/kapitalis.com\/tunisie\/wp-content\/uploads\/2022\/05\/Kapitalis-big-size.png\",\"width\":5000,\"height\":1500,\"caption\":\"Kapitalis\"},\"image\":{\"@id\":\"https:\/\/kapitalis.com\/tunisie\/#\/schema\/logo\/image\/\"},\"sameAs\":[\"https:\/\/www.facebook.com\/KapitalisInfo\/\",\"https:\/\/x.com\/KapitalisInfo\",\"https:\/\/www.youtube.com\/channel\/UC-yDYrHyfFBWWZaOw3FPg9Q\"]},{\"@type\":\"Person\",\"@id\":\"https:\/\/kapitalis.com\/tunisie\/#\/schema\/person\/d71f33a9ca44f7bad4698210b480c8e9\",\"name\":\"webmaster kapitalis\",\"url\":\"https:\/\/kapitalis.com\/tunisie\/author\/webmaster-kapitalis\/\"}]}<\/script>\n<!-- \/ Yoast SEO plugin. -->","yoast_head_json":{"title":"Coronavirus : Les sportifs tunisiens se mobilisent - Kapitalis","robots":{"index":"index","follow":"follow","max-snippet":"max-snippet:-1","max-image-preview":"max-image-preview:large","max-video-preview":"max-video-preview:-1"},"canonical":"https:\/\/kapitalis.com\/tunisie\/2020\/03\/21\/coronavirus-les-sportifs-tunisiens-se-mobilisent\/","og_locale":"fr_FR","og_type":"article","og_title":"Coronavirus : Les sportifs tunisiens se mobilisent - Kapitalis","og_description":"Les sportifs tunisiens se mobilisent en apportant soutien financier et en lan\u00e7ant spots de sensibilisation en solidarit\u00e9 \u00e0 l\u2019effort de lutte contre la pand\u00e9mie de coronavirus. Par Hassen Mzoughi","og_url":"https:\/\/kapitalis.com\/tunisie\/2020\/03\/21\/coronavirus-les-sportifs-tunisiens-se-mobilisent\/","og_site_name":"Kapitalis","article_publisher":"https:\/\/www.facebook.com\/KapitalisInfo\/","article_published_time":"2020-03-21T15:01:51+00:00","article_modified_time":"2020-03-21T15:03:07+00:00","og_image":[{"width":1200,"height":630,"url":"https:\/\/kapitalis.com\/tunisie\/wp-content\/uploads\/2022\/05\/kapitalis-logo-fb.png","type":"image\/png"}],"author":"webmaster kapitalis","twitter_card":"summary_large_image","twitter_creator":"@KapitalisInfo","twitter_site":"@KapitalisInfo","twitter_misc":{"\u00c9crit par":"webmaster kapitalis","Dur\u00e9e de lecture estim\u00e9e":"3 minutes"},"schema":{"@context":"https:\/\/schema.org","@graph":[{"@type":"Article","@id":"https:\/\/kapitalis.com\/tunisie\/2020\/03\/21\/coronavirus-les-sportifs-tunisiens-se-mobilisent\/#article","isPartOf":{"@id":"https:\/\/kapitalis.com\/tunisie\/2020\/03\/21\/coronavirus-les-sportifs-tunisiens-se-mobilisent\/"},"author":{"name":"webmaster kapitalis","@id":"https:\/\/kapitalis.com\/tunisie\/#\/schema\/person\/d71f33a9ca44f7bad4698210b480c8e9"},"headline":"Coronavirus : Les sportifs tunisiens se mobilisent","datePublished":"2020-03-21T15:01:51+00:00","dateModified":"2020-03-21T15:03:07+00:00","mainEntityOfPage":{"@id":"https:\/\/kapitalis.com\/tunisie\/2020\/03\/21\/coronavirus-les-sportifs-tunisiens-se-mobilisent\/"},"wordCount":612,"commentCount":0,"publisher":{"@id":"https:\/\/kapitalis.com\/tunisie\/#organization"},"image":{"@id":"https:\/\/kapitalis.com\/tunisie\/2020\/03\/21\/coronavirus-les-sportifs-tunisiens-se-mobilisent\/#primaryimage"},"thumbnailUrl":"","keywords":["Ali Maaloul","Aymen Abdennour","Coronavirus","Fakhreddine Ben Youssef","Ferjani Sassi","Hamdi Naguez","sportifs tunisiens","Taha Yassine El-Khenissi","Youssef Msakni"],"articleSection":["A LA UNE","SOCIETE","SPORT","Tunisie"],"inLanguage":"fr-FR","potentialAction":[{"@type":"CommentAction","name":"Comment","target":["https:\/\/kapitalis.com\/tunisie\/2020\/03\/21\/coronavirus-les-sportifs-tunisiens-se-mobilisent\/#respond"]}]},{"@type":"WebPage","@id":"https:\/\/kapitalis.com\/tunisie\/2020\/03\/21\/coronavirus-les-sportifs-tunisiens-se-mobilisent\/","url":"https:\/\/kapitalis.com\/tunisie\/2020\/03\/21\/coronavirus-les-sportifs-tunisiens-se-mobilisent\/","name":"Coronavirus : Les sportifs tunisiens se mobilisent - Kapitalis","isPartOf":{"@id":"https:\/\/kapitalis.com\/tunisie\/#website"},"primaryImageOfPage":{"@id":"https:\/\/kapitalis.com\/tunisie\/2020\/03\/21\/coronavirus-les-sportifs-tunisiens-se-mobilisent\/#primaryimage"},"image":{"@id":"https:\/\/kapitalis.com\/tunisie\/2020\/03\/21\/coronavirus-les-sportifs-tunisiens-se-mobilisent\/#primaryimage"},"thumbnailUrl":"","datePublished":"2020-03-21T15:01:51+00:00","dateModified":"2020-03-21T15:03:07+00:00","breadcrumb":{"@id":"https:\/\/kapitalis.com\/tunisie\/2020\/03\/21\/coronavirus-les-sportifs-tunisiens-se-mobilisent\/#breadcrumb"},"inLanguage":"fr-FR","potentialAction":[{"@type":"ReadAction","target":["https:\/\/kapitalis.com\/tunisie\/2020\/03\/21\/coronavirus-les-sportifs-tunisiens-se-mobilisent\/"]}]},{"@type":"ImageObject","inLanguage":"fr-FR","@id":"https:\/\/kapitalis.com\/tunisie\/2020\/03\/21\/coronavirus-les-sportifs-tunisiens-se-mobilisent\/#primaryimage","url":"","contentUrl":""},{"@type":"BreadcrumbList","@id":"https:\/\/kapitalis.com\/tunisie\/2020\/03\/21\/coronavirus-les-sportifs-tunisiens-se-mobilisent\/#breadcrumb","itemListElement":[{"@type":"ListItem","position":1,"name":"Accueil","item":"https:\/\/kapitalis.com\/tunisie\/"},{"@type":"ListItem","position":2,"name":"Coronavirus : Les sportifs tunisiens se mobilisent"}]},{"@type":"WebSite","@id":"https:\/\/kapitalis.com\/tunisie\/#website","url":"https:\/\/kapitalis.com\/tunisie\/","name":"Kapitalis","description":"L&#039;actualit\u00e9 en Tunisie et dans le monde","publisher":{"@id":"https:\/\/kapitalis.com\/tunisie\/#organization"},"potentialAction":[{"@type":"SearchAction","target":{"@type":"EntryPoint","urlTemplate":"https:\/\/kapitalis.com\/tunisie\/?s={search_term_string}"},"query-input":{"@type":"PropertyValueSpecification","valueRequired":true,"valueName":"search_term_string"}}],"inLanguage":"fr-FR"},{"@type":"Organization","@id":"https:\/\/kapitalis.com\/tunisie\/#organization","name":"Kapitalis","url":"https:\/\/kapitalis.com\/tunisie\/","logo":{"@type":"ImageObject","inLanguage":"fr-FR","@id":"https:\/\/kapitalis.com\/tunisie\/#\/schema\/logo\/image\/","url":"https:\/\/kapitalis.com\/tunisie\/wp-content\/uploads\/2022\/05\/Kapitalis-big-size.png","contentUrl":"https:\/\/kapitalis.com\/tunisie\/wp-content\/uploads\/2022\/05\/Kapitalis-big-size.png","width":5000,"height":1500,"caption":"Kapitalis"},"image":{"@id":"https:\/\/kapitalis.com\/tunisie\/#\/schema\/logo\/image\/"},"sameAs":["https:\/\/www.facebook.com\/KapitalisInfo\/","https:\/\/x.com\/KapitalisInfo","https:\/\/www.youtube.com\/channel\/UC-yDYrHyfFBWWZaOw3FPg9Q"]},{"@type":"Person","@id":"https:\/\/kapitalis.com\/tunisie\/#\/schema\/person\/d71f33a9ca44f7bad4698210b480c8e9","name":"webmaster kapitalis","url":"https:\/\/kapitalis.com\/tunisie\/author\/webmaster-kapitalis\/"}]}},"_links":{"self":[{"href":"https:\/\/kapitalis.com\/tunisie\/wp-json\/wp\/v2\/posts\/289838","targetHints":{"allow":["GET"]}}],"collection":[{"href":"https:\/\/kapitalis.com\/tunisie\/wp-json\/wp\/v2\/posts"}],"about":[{"href":"https:\/\/kapitalis.com\/tunisie\/wp-json\/wp\/v2\/types\/post"}],"author":[{"embeddable":true,"href":"https:\/\/kapitalis.com\/tunisie\/wp-json\/wp\/v2\/users\/8"}],"replies":[{"embeddable":true,"href":"https:\/\/kapitalis.com\/tunisie\/wp-json\/wp\/v2\/comments?post=289838"}],"version-history":[{"count":0,"href":"https:\/\/kapitalis.com\/tunisie\/wp-json\/wp\/v2\/posts\/289838\/revisions"}],"wp:featuredmedia":[{"embeddable":true,"href":"https:\/\/kapitalis.com\/tunisie\/wp-json\/wp\/v2\/media\/289839"}],"wp:attachment":[{"href":"https:\/\/kapitalis.com\/tunisie\/wp-json\/wp\/v2\/media?parent=289838"}],"wp:term":[{"taxonomy":"category","embeddable":true,"href":"https:\/\/kapitalis.com\/tunisie\/wp-json\/wp\/v2\/categories?post=289838"},{"taxonomy":"post_tag","embeddable":true,"href":"https:\/\/kapitalis.com\/tunisie\/wp-json\/wp\/v2\/tags?post=289838"}],"curies":[{"name":"wp","href":"https:\/\/api.w.org\/{rel}","templated":true}]}}