{"id":28984,"date":"2015-12-06T12:09:04","date_gmt":"2015-12-06T11:09:04","guid":{"rendered":"http:\/\/kapitalis.com\/tunisie\/?p=28984"},"modified":"2015-12-07T11:08:49","modified_gmt":"2015-12-07T10:08:49","slug":"libye-un-accord-est-signe-entre-les-deux-camps-a-tunis","status":"publish","type":"post","link":"https:\/\/kapitalis.com\/tunisie\/2015\/12\/06\/libye-un-accord-est-signe-entre-les-deux-camps-a-tunis\/","title":{"rendered":"Libye : Un accord est sign\u00e9 entre les deux camps \u00e0 Tunis"},"content":{"rendered":"<p><img loading=\"lazy\" decoding=\"async\" class=\"alignnone size-full wp-image-28986 aligncenter\" src=\"http:\/\/kapitalis.com\/tunisie\/wp-content\/uploads\/2015\/12\/libye.jpg\" alt=\"libye\" width=\"591\" height=\"334\" \/><\/p>\n<p><em><strong>Les deux camps oppos\u00e9s en Libye,\u00a0de Tobrouk et de Tripoli, ont paraph\u00e9 un accord, hier soir, \u00e0 Tunis, apr\u00e8s des n\u00e9gociations s\u00e9cr\u00e8tes qui ont dur\u00e9 plusieurs jours.<\/strong> <\/em><br \/>\n<!--more--><\/p>\n<p>Les repr\u00e9sentants du Congr\u00e8s national g\u00e9n\u00e9ral (de Tripoli) et du Parlement libyen de Tobrouk (reconnu internationalement) ont sign\u00e9 l\u2019accord qui stipule la n\u00e9cessit\u00e9 de d\u00e9passer les diff\u00e9rends qui ont surgi apr\u00e8s les accords de Skhirat (Maroc).<\/p>\n<p>Ibrahim Fethi Amiche repr\u00e9sentait le parlement de Tobrouk tandis qu\u2019Aoudh Mohamed Abdessadok le Congr\u00e8s national g\u00e9n\u00e9ral (de Tripoli)<\/p>\n<p><img loading=\"lazy\" decoding=\"async\" class=\"alignnone size-full wp-image-28987 aligncenter\" src=\"http:\/\/kapitalis.com\/tunisie\/wp-content\/uploads\/2015\/12\/libye-2.jpg\" alt=\"libye 2\" width=\"500\" height=\"300\" \/><\/p>\n<p>Le nouvel accord pr\u00e9conise la formation d\u2019un gouvernement d\u2019unit\u00e9 nationale dans un d\u00e9lai de 25 jours, la constitution d\u2019une commission de 10 membres des deux parlements qui doit dans 10 jours nommer un pr\u00e9sident du gouvernement d\u2019unit\u00e9 nationale\u00a0et deux vice-pr\u00e9sidents parmi les d\u00e9put\u00e9s de deux camps.<\/p>\n<p>Les deux parties se sont mises d\u2019accord aussi sur le retour \u00e0 la constitution de 1963 de la Libye en y introduisant des amendements.<\/p>\n<p>Plusieurs m\u00e9dias signalent que cet accord a \u00e9t\u00e9 le fruit d\u2019une s\u00e9rie de rencontres secr\u00e8tes tenues \u00e0 Tunis au cours des derniers jours, et que l\u2019envoy\u00e9 sp\u00e9cial de l\u2019ONU, Martin Kobler a d\u00fb assister en fin de soir\u00e9e \u00e0 sa signature.<\/p>\n<p style=\"text-align: right;\"><strong>A. B. M.\u00a0<\/strong><\/p>\n","protected":false},"excerpt":{"rendered":"<p>Les deux camps oppos\u00e9s en Libye,\u00a0de Tobrouk et de Tripoli, ont paraph\u00e9 un accord, hier soir, \u00e0 Tunis, apr\u00e8s des n\u00e9gociations s\u00e9cr\u00e8tes qui ont dur\u00e9 plusieurs jours.<\/p>\n","protected":false},"author":11,"featured_media":28986,"comment_status":"open","ping_status":"open","sticky":false,"template":"","format":"standard","meta":{"footnotes":""},"categories":[997,2433],"tags":[24,230,4386,3084,1119],"class_list":["post-28984","post","type-post","status-publish","format-standard","has-post-thumbnail","hentry","category-politique","category-tunisie","tag-accord","tag-constitution","tag-gouvernement-dunite-nationale","tag-tobrouk","tag-tripoli"],"yoast_head":"<!-- This site is optimized with the Yoast SEO plugin v26.6 - https:\/\/yoast.com\/wordpress\/plugins\/seo\/ -->\n<title>Libye : Un accord est sign\u00e9 entre les deux camps \u00e0 Tunis - Kapitalis<\/title>\n<meta name=\"robots\" content=\"index, follow, max-snippet:-1, max-image-preview:large, max-video-preview:-1\" \/>\n<link rel=\"canonical\" href=\"https:\/\/kapitalis.com\/tunisie\/2015\/12\/06\/libye-un-accord-est-signe-entre-les-deux-camps-a-tunis\/\" \/>\n<meta property=\"og:locale\" content=\"fr_FR\" \/>\n<meta property=\"og:type\" content=\"article\" \/>\n<meta property=\"og:title\" content=\"Libye : Un accord est sign\u00e9 entre les deux camps \u00e0 Tunis - Kapitalis\" \/>\n<meta property=\"og:description\" content=\"Les deux camps oppos\u00e9s en Libye,\u00a0de Tobrouk et de Tripoli, ont paraph\u00e9 un accord, hier soir, \u00e0 Tunis, apr\u00e8s des n\u00e9gociations s\u00e9cr\u00e8tes qui ont dur\u00e9 plusieurs jours.\" \/>\n<meta property=\"og:url\" content=\"https:\/\/kapitalis.com\/tunisie\/2015\/12\/06\/libye-un-accord-est-signe-entre-les-deux-camps-a-tunis\/\" \/>\n<meta property=\"og:site_name\" content=\"Kapitalis\" \/>\n<meta property=\"article:publisher\" content=\"https:\/\/www.facebook.com\/KapitalisInfo\/\" \/>\n<meta property=\"article:published_time\" content=\"2015-12-06T11:09:04+00:00\" \/>\n<meta property=\"article:modified_time\" content=\"2015-12-07T10:08:49+00:00\" \/>\n<meta property=\"og:image\" content=\"https:\/\/kapitalis.com\/tunisie\/wp-content\/uploads\/2022\/05\/kapitalis-logo-fb.png\" \/>\n\t<meta property=\"og:image:width\" content=\"1200\" \/>\n\t<meta property=\"og:image:height\" content=\"630\" \/>\n\t<meta property=\"og:image:type\" content=\"image\/png\" \/>\n<meta name=\"author\" content=\"benmansour3 benmansour\" \/>\n<meta name=\"twitter:card\" content=\"summary_large_image\" \/>\n<meta name=\"twitter:creator\" content=\"@KapitalisInfo\" \/>\n<meta name=\"twitter:site\" content=\"@KapitalisInfo\" \/>\n<meta name=\"twitter:label1\" content=\"\u00c9crit par\" \/>\n\t<meta name=\"twitter:data1\" content=\"benmansour3 benmansour\" \/>\n\t<meta name=\"twitter:label2\" content=\"Dur\u00e9e de lecture estim\u00e9e\" \/>\n\t<meta name=\"twitter:data2\" content=\"1 minute\" \/>\n<script type=\"application\/ld+json\" class=\"yoast-schema-graph\">{\"@context\":\"https:\/\/schema.org\",\"@graph\":[{\"@type\":\"Article\",\"@id\":\"https:\/\/kapitalis.com\/tunisie\/2015\/12\/06\/libye-un-accord-est-signe-entre-les-deux-camps-a-tunis\/#article\",\"isPartOf\":{\"@id\":\"https:\/\/kapitalis.com\/tunisie\/2015\/12\/06\/libye-un-accord-est-signe-entre-les-deux-camps-a-tunis\/\"},\"author\":{\"name\":\"benmansour3 benmansour\",\"@id\":\"https:\/\/kapitalis.com\/tunisie\/#\/schema\/person\/035372e645ad321edc01006468cd4c8b\"},\"headline\":\"Libye : Un accord est sign\u00e9 entre les deux camps \u00e0 Tunis\",\"datePublished\":\"2015-12-06T11:09:04+00:00\",\"dateModified\":\"2015-12-07T10:08:49+00:00\",\"mainEntityOfPage\":{\"@id\":\"https:\/\/kapitalis.com\/tunisie\/2015\/12\/06\/libye-un-accord-est-signe-entre-les-deux-camps-a-tunis\/\"},\"wordCount\":237,\"commentCount\":0,\"publisher\":{\"@id\":\"https:\/\/kapitalis.com\/tunisie\/#organization\"},\"image\":{\"@id\":\"https:\/\/kapitalis.com\/tunisie\/2015\/12\/06\/libye-un-accord-est-signe-entre-les-deux-camps-a-tunis\/#primaryimage\"},\"thumbnailUrl\":\"\",\"keywords\":[\"accord\",\"constitution\",\"gouvernement d'unit\u00e9 nationale\",\"Tobrouk\",\"Tripoli\"],\"articleSection\":[\"POLITIQUE\",\"Tunisie\"],\"inLanguage\":\"fr-FR\",\"potentialAction\":[{\"@type\":\"CommentAction\",\"name\":\"Comment\",\"target\":[\"https:\/\/kapitalis.com\/tunisie\/2015\/12\/06\/libye-un-accord-est-signe-entre-les-deux-camps-a-tunis\/#respond\"]}]},{\"@type\":\"WebPage\",\"@id\":\"https:\/\/kapitalis.com\/tunisie\/2015\/12\/06\/libye-un-accord-est-signe-entre-les-deux-camps-a-tunis\/\",\"url\":\"https:\/\/kapitalis.com\/tunisie\/2015\/12\/06\/libye-un-accord-est-signe-entre-les-deux-camps-a-tunis\/\",\"name\":\"Libye : Un accord est sign\u00e9 entre les deux camps \u00e0 Tunis - Kapitalis\",\"isPartOf\":{\"@id\":\"https:\/\/kapitalis.com\/tunisie\/#website\"},\"primaryImageOfPage\":{\"@id\":\"https:\/\/kapitalis.com\/tunisie\/2015\/12\/06\/libye-un-accord-est-signe-entre-les-deux-camps-a-tunis\/#primaryimage\"},\"image\":{\"@id\":\"https:\/\/kapitalis.com\/tunisie\/2015\/12\/06\/libye-un-accord-est-signe-entre-les-deux-camps-a-tunis\/#primaryimage\"},\"thumbnailUrl\":\"\",\"datePublished\":\"2015-12-06T11:09:04+00:00\",\"dateModified\":\"2015-12-07T10:08:49+00:00\",\"breadcrumb\":{\"@id\":\"https:\/\/kapitalis.com\/tunisie\/2015\/12\/06\/libye-un-accord-est-signe-entre-les-deux-camps-a-tunis\/#breadcrumb\"},\"inLanguage\":\"fr-FR\",\"potentialAction\":[{\"@type\":\"ReadAction\",\"target\":[\"https:\/\/kapitalis.com\/tunisie\/2015\/12\/06\/libye-un-accord-est-signe-entre-les-deux-camps-a-tunis\/\"]}]},{\"@type\":\"ImageObject\",\"inLanguage\":\"fr-FR\",\"@id\":\"https:\/\/kapitalis.com\/tunisie\/2015\/12\/06\/libye-un-accord-est-signe-entre-les-deux-camps-a-tunis\/#primaryimage\",\"url\":\"\",\"contentUrl\":\"\"},{\"@type\":\"BreadcrumbList\",\"@id\":\"https:\/\/kapitalis.com\/tunisie\/2015\/12\/06\/libye-un-accord-est-signe-entre-les-deux-camps-a-tunis\/#breadcrumb\",\"itemListElement\":[{\"@type\":\"ListItem\",\"position\":1,\"name\":\"Accueil\",\"item\":\"https:\/\/kapitalis.com\/tunisie\/\"},{\"@type\":\"ListItem\",\"position\":2,\"name\":\"Libye : Un accord est sign\u00e9 entre les deux camps \u00e0 Tunis\"}]},{\"@type\":\"WebSite\",\"@id\":\"https:\/\/kapitalis.com\/tunisie\/#website\",\"url\":\"https:\/\/kapitalis.com\/tunisie\/\",\"name\":\"Kapitalis\",\"description\":\"L&#039;actualit\u00e9 en Tunisie et dans le monde\",\"publisher\":{\"@id\":\"https:\/\/kapitalis.com\/tunisie\/#organization\"},\"potentialAction\":[{\"@type\":\"SearchAction\",\"target\":{\"@type\":\"EntryPoint\",\"urlTemplate\":\"https:\/\/kapitalis.com\/tunisie\/?s={search_term_string}\"},\"query-input\":{\"@type\":\"PropertyValueSpecification\",\"valueRequired\":true,\"valueName\":\"search_term_string\"}}],\"inLanguage\":\"fr-FR\"},{\"@type\":\"Organization\",\"@id\":\"https:\/\/kapitalis.com\/tunisie\/#organization\",\"name\":\"Kapitalis\",\"url\":\"https:\/\/kapitalis.com\/tunisie\/\",\"logo\":{\"@type\":\"ImageObject\",\"inLanguage\":\"fr-FR\",\"@id\":\"https:\/\/kapitalis.com\/tunisie\/#\/schema\/logo\/image\/\",\"url\":\"https:\/\/kapitalis.com\/tunisie\/wp-content\/uploads\/2022\/05\/Kapitalis-big-size.png\",\"contentUrl\":\"https:\/\/kapitalis.com\/tunisie\/wp-content\/uploads\/2022\/05\/Kapitalis-big-size.png\",\"width\":5000,\"height\":1500,\"caption\":\"Kapitalis\"},\"image\":{\"@id\":\"https:\/\/kapitalis.com\/tunisie\/#\/schema\/logo\/image\/\"},\"sameAs\":[\"https:\/\/www.facebook.com\/KapitalisInfo\/\",\"https:\/\/x.com\/KapitalisInfo\",\"https:\/\/www.youtube.com\/channel\/UC-yDYrHyfFBWWZaOw3FPg9Q\"]},{\"@type\":\"Person\",\"@id\":\"https:\/\/kapitalis.com\/tunisie\/#\/schema\/person\/035372e645ad321edc01006468cd4c8b\",\"name\":\"benmansour3 benmansour\",\"url\":\"https:\/\/kapitalis.com\/tunisie\/author\/benmansour3\/\"}]}<\/script>\n<!-- \/ Yoast SEO plugin. -->","yoast_head_json":{"title":"Libye : Un accord est sign\u00e9 entre les deux camps \u00e0 Tunis - Kapitalis","robots":{"index":"index","follow":"follow","max-snippet":"max-snippet:-1","max-image-preview":"max-image-preview:large","max-video-preview":"max-video-preview:-1"},"canonical":"https:\/\/kapitalis.com\/tunisie\/2015\/12\/06\/libye-un-accord-est-signe-entre-les-deux-camps-a-tunis\/","og_locale":"fr_FR","og_type":"article","og_title":"Libye : Un accord est sign\u00e9 entre les deux camps \u00e0 Tunis - Kapitalis","og_description":"Les deux camps oppos\u00e9s en Libye,\u00a0de Tobrouk et de Tripoli, ont paraph\u00e9 un accord, hier soir, \u00e0 Tunis, apr\u00e8s des n\u00e9gociations s\u00e9cr\u00e8tes qui ont dur\u00e9 plusieurs jours.","og_url":"https:\/\/kapitalis.com\/tunisie\/2015\/12\/06\/libye-un-accord-est-signe-entre-les-deux-camps-a-tunis\/","og_site_name":"Kapitalis","article_publisher":"https:\/\/www.facebook.com\/KapitalisInfo\/","article_published_time":"2015-12-06T11:09:04+00:00","article_modified_time":"2015-12-07T10:08:49+00:00","og_image":[{"width":1200,"height":630,"url":"https:\/\/kapitalis.com\/tunisie\/wp-content\/uploads\/2022\/05\/kapitalis-logo-fb.png","type":"image\/png"}],"author":"benmansour3 benmansour","twitter_card":"summary_large_image","twitter_creator":"@KapitalisInfo","twitter_site":"@KapitalisInfo","twitter_misc":{"\u00c9crit par":"benmansour3 benmansour","Dur\u00e9e de lecture estim\u00e9e":"1 minute"},"schema":{"@context":"https:\/\/schema.org","@graph":[{"@type":"Article","@id":"https:\/\/kapitalis.com\/tunisie\/2015\/12\/06\/libye-un-accord-est-signe-entre-les-deux-camps-a-tunis\/#article","isPartOf":{"@id":"https:\/\/kapitalis.com\/tunisie\/2015\/12\/06\/libye-un-accord-est-signe-entre-les-deux-camps-a-tunis\/"},"author":{"name":"benmansour3 benmansour","@id":"https:\/\/kapitalis.com\/tunisie\/#\/schema\/person\/035372e645ad321edc01006468cd4c8b"},"headline":"Libye : Un accord est sign\u00e9 entre les deux camps \u00e0 Tunis","datePublished":"2015-12-06T11:09:04+00:00","dateModified":"2015-12-07T10:08:49+00:00","mainEntityOfPage":{"@id":"https:\/\/kapitalis.com\/tunisie\/2015\/12\/06\/libye-un-accord-est-signe-entre-les-deux-camps-a-tunis\/"},"wordCount":237,"commentCount":0,"publisher":{"@id":"https:\/\/kapitalis.com\/tunisie\/#organization"},"image":{"@id":"https:\/\/kapitalis.com\/tunisie\/2015\/12\/06\/libye-un-accord-est-signe-entre-les-deux-camps-a-tunis\/#primaryimage"},"thumbnailUrl":"","keywords":["accord","constitution","gouvernement d'unit\u00e9 nationale","Tobrouk","Tripoli"],"articleSection":["POLITIQUE","Tunisie"],"inLanguage":"fr-FR","potentialAction":[{"@type":"CommentAction","name":"Comment","target":["https:\/\/kapitalis.com\/tunisie\/2015\/12\/06\/libye-un-accord-est-signe-entre-les-deux-camps-a-tunis\/#respond"]}]},{"@type":"WebPage","@id":"https:\/\/kapitalis.com\/tunisie\/2015\/12\/06\/libye-un-accord-est-signe-entre-les-deux-camps-a-tunis\/","url":"https:\/\/kapitalis.com\/tunisie\/2015\/12\/06\/libye-un-accord-est-signe-entre-les-deux-camps-a-tunis\/","name":"Libye : Un accord est sign\u00e9 entre les deux camps \u00e0 Tunis - Kapitalis","isPartOf":{"@id":"https:\/\/kapitalis.com\/tunisie\/#website"},"primaryImageOfPage":{"@id":"https:\/\/kapitalis.com\/tunisie\/2015\/12\/06\/libye-un-accord-est-signe-entre-les-deux-camps-a-tunis\/#primaryimage"},"image":{"@id":"https:\/\/kapitalis.com\/tunisie\/2015\/12\/06\/libye-un-accord-est-signe-entre-les-deux-camps-a-tunis\/#primaryimage"},"thumbnailUrl":"","datePublished":"2015-12-06T11:09:04+00:00","dateModified":"2015-12-07T10:08:49+00:00","breadcrumb":{"@id":"https:\/\/kapitalis.com\/tunisie\/2015\/12\/06\/libye-un-accord-est-signe-entre-les-deux-camps-a-tunis\/#breadcrumb"},"inLanguage":"fr-FR","potentialAction":[{"@type":"ReadAction","target":["https:\/\/kapitalis.com\/tunisie\/2015\/12\/06\/libye-un-accord-est-signe-entre-les-deux-camps-a-tunis\/"]}]},{"@type":"ImageObject","inLanguage":"fr-FR","@id":"https:\/\/kapitalis.com\/tunisie\/2015\/12\/06\/libye-un-accord-est-signe-entre-les-deux-camps-a-tunis\/#primaryimage","url":"","contentUrl":""},{"@type":"BreadcrumbList","@id":"https:\/\/kapitalis.com\/tunisie\/2015\/12\/06\/libye-un-accord-est-signe-entre-les-deux-camps-a-tunis\/#breadcrumb","itemListElement":[{"@type":"ListItem","position":1,"name":"Accueil","item":"https:\/\/kapitalis.com\/tunisie\/"},{"@type":"ListItem","position":2,"name":"Libye : Un accord est sign\u00e9 entre les deux camps \u00e0 Tunis"}]},{"@type":"WebSite","@id":"https:\/\/kapitalis.com\/tunisie\/#website","url":"https:\/\/kapitalis.com\/tunisie\/","name":"Kapitalis","description":"L&#039;actualit\u00e9 en Tunisie et dans le monde","publisher":{"@id":"https:\/\/kapitalis.com\/tunisie\/#organization"},"potentialAction":[{"@type":"SearchAction","target":{"@type":"EntryPoint","urlTemplate":"https:\/\/kapitalis.com\/tunisie\/?s={search_term_string}"},"query-input":{"@type":"PropertyValueSpecification","valueRequired":true,"valueName":"search_term_string"}}],"inLanguage":"fr-FR"},{"@type":"Organization","@id":"https:\/\/kapitalis.com\/tunisie\/#organization","name":"Kapitalis","url":"https:\/\/kapitalis.com\/tunisie\/","logo":{"@type":"ImageObject","inLanguage":"fr-FR","@id":"https:\/\/kapitalis.com\/tunisie\/#\/schema\/logo\/image\/","url":"https:\/\/kapitalis.com\/tunisie\/wp-content\/uploads\/2022\/05\/Kapitalis-big-size.png","contentUrl":"https:\/\/kapitalis.com\/tunisie\/wp-content\/uploads\/2022\/05\/Kapitalis-big-size.png","width":5000,"height":1500,"caption":"Kapitalis"},"image":{"@id":"https:\/\/kapitalis.com\/tunisie\/#\/schema\/logo\/image\/"},"sameAs":["https:\/\/www.facebook.com\/KapitalisInfo\/","https:\/\/x.com\/KapitalisInfo","https:\/\/www.youtube.com\/channel\/UC-yDYrHyfFBWWZaOw3FPg9Q"]},{"@type":"Person","@id":"https:\/\/kapitalis.com\/tunisie\/#\/schema\/person\/035372e645ad321edc01006468cd4c8b","name":"benmansour3 benmansour","url":"https:\/\/kapitalis.com\/tunisie\/author\/benmansour3\/"}]}},"_links":{"self":[{"href":"https:\/\/kapitalis.com\/tunisie\/wp-json\/wp\/v2\/posts\/28984","targetHints":{"allow":["GET"]}}],"collection":[{"href":"https:\/\/kapitalis.com\/tunisie\/wp-json\/wp\/v2\/posts"}],"about":[{"href":"https:\/\/kapitalis.com\/tunisie\/wp-json\/wp\/v2\/types\/post"}],"author":[{"embeddable":true,"href":"https:\/\/kapitalis.com\/tunisie\/wp-json\/wp\/v2\/users\/11"}],"replies":[{"embeddable":true,"href":"https:\/\/kapitalis.com\/tunisie\/wp-json\/wp\/v2\/comments?post=28984"}],"version-history":[{"count":0,"href":"https:\/\/kapitalis.com\/tunisie\/wp-json\/wp\/v2\/posts\/28984\/revisions"}],"wp:featuredmedia":[{"embeddable":true,"href":"https:\/\/kapitalis.com\/tunisie\/wp-json\/wp\/v2\/media\/28986"}],"wp:attachment":[{"href":"https:\/\/kapitalis.com\/tunisie\/wp-json\/wp\/v2\/media?parent=28984"}],"wp:term":[{"taxonomy":"category","embeddable":true,"href":"https:\/\/kapitalis.com\/tunisie\/wp-json\/wp\/v2\/categories?post=28984"},{"taxonomy":"post_tag","embeddable":true,"href":"https:\/\/kapitalis.com\/tunisie\/wp-json\/wp\/v2\/tags?post=28984"}],"curies":[{"name":"wp","href":"https:\/\/api.w.org\/{rel}","templated":true}]}}