{"id":290009,"date":"2020-03-23T10:53:11","date_gmt":"2020-03-23T09:53:11","guid":{"rendered":"http:\/\/kapitalis.com\/tunisie\/?p=290009"},"modified":"2020-03-23T11:23:40","modified_gmt":"2020-03-23T10:23:40","slug":"abdellatif-mekki-realimente-la-rumeur-je-suis-en-contact-avec-le-chercheur-tunisien-en-allemagne","status":"publish","type":"post","link":"https:\/\/kapitalis.com\/tunisie\/2020\/03\/23\/abdellatif-mekki-realimente-la-rumeur-je-suis-en-contact-avec-le-chercheur-tunisien-en-allemagne\/","title":{"rendered":"Abdellatif Mekki r\u00e9alimente la rumeur : \u00abJe suis en contact avec le chercheur tunisien en Allemagne\u00bb"},"content":{"rendered":"\n<figure class=\"wp-block-image size-large\"><img decoding=\"async\" src=\"http:\/\/kapitalis.com\/tunisie\/wp-content\/uploads\/2019\/12\/abdellatif-mekki.jpg\" alt=\"\" class=\"wp-image-267280\"\/><\/figure>\n\n\n\n<p><strong><em>La grossi\u00e8re intox selon laquelle un chercheur tunisien r\u00e9sidant en Allemagne, nomm\u00e9 Dr. Kamoune, <a href=\"http:\/\/kapitalis.com\/tunisie\/2020\/03\/22\/cest-une-intox-le-tunisien-sophien-kamoun-na-pas-invente-un-remede-contre-le-coronavirus\/\">aurait invent\u00e9 un rem\u00e8de contre le coronavirus<\/a>, Covid-19, a r\u00e9ussi \u00e0 enflammer les r\u00e9seaux sociaux hier, dimanche 23 mars 2020, et a donn\u00e9 de faux espoirs aux plus cr\u00e9dules. Ce matin, aussi surprenant cela soit-il, c&rsquo;est Abdellatif Mekki, ministre de la Sant\u00e9 publique, en personne, qui annonce \u00eatre en contact avec lui !<\/em><\/strong><\/p>\n\n\n\n<!--more-->\n\n\n\n<p> \u00ab<em>Je suis en contact avec le chercheur tunisien en Allemagne, en coordination avec le chef du gouvernement, et la question sera trait\u00e9e et \u00e9valu\u00e9e scientifiquement, avec la rapidit\u00e9 requise. Nous nous occupons \u00e9galement de toutes les recherches pertinentes suivant une m\u00e9thodologie scientifique stricte<\/em>\u00bb, lit-on sur sa page facebook officielle.<\/p>\n\n\n\n<p>Pourtant, l&rsquo;histoire, nullement cr\u00e9dible, invent\u00e9e par un facebooker tunisien, ressemble plus \u00e0 de l&rsquo;escroquerie qu&rsquo;\u00e0 toute autre chose. Le chercheur en question n&rsquo;existant pas. Et la soci\u00e9t\u00e9 au nom de laquelle il aurait envoy\u00e9 une correspondance au pr\u00e9sident de la r\u00e9publique (\u00ab<em>Hic GmBH &amp; Co. KG<\/em>\u00bb), pour l&rsquo;informer de cette pr\u00e9tendue invention, n&rsquo;existe, elle aussi, quasiment pas : son chiffre d&rsquo;affaires est de 0, le dernier rapport relatif \u00e0 son activit\u00e9 date de 2017 et elle n&rsquo;a ni adresse postale officielle ni site web ni employ\u00e9s.<\/p>\n\n\n\n<div class=\"wp-block-image\"><figure class=\"aligncenter size-large is-resized\"><img decoding=\"async\" src=\"http:\/\/kapitalis.com\/tunisie\/wp-content\/uploads\/2020\/03\/capture-mekki-rumeur-1-1.jpg\" alt=\"\" class=\"wp-image-290033\" width=\"500\"\/><\/figure><\/div>\n\n\n\n<p> \u00ab<em>Un accord serait sur le point d\u2019\u00eatre sign\u00e9 avec le gouvernement f\u00e9d\u00e9ral allemand en vue de la production et la commercialisation d\u2019un syst\u00e8me de d\u00e9pistage du coronavirus covid-19 et d\u2019un antidote invent\u00e9s par le chercheur et universitaire tunisien Dr.<\/em>\u00a0Radhouene Kamoune, avec un partenaire (A.E. Ph.D). <em>L\u2019Allemagne et le Canada ont test\u00e9 le syst\u00e8me de d\u00e9pistage et l\u2019antidote avec succ\u00e8s.<\/em> <em>Des n\u00e9gociations tr\u00e8s ardues en Allemagne au cours desquelles ce digne fils de Kerkennah a tenu, en d\u00e9pit d\u2019offres astronomiques (y compris des Etats-Unis d\u2019Am\u00e9rique), \u00e0 mettre son invention \u00e0 la disposition de la Tunisie parmi les premiers b\u00e9n\u00e9ficiaires. C\u2019est ce qui a retard\u00e9 l\u2019annonce d\u2019une telle invention<\/em>\u00bb, lit-on, notamment, dans la pr\u00e9tendue correspondance, visiblement un fake grossier ayant \u00e9chapp\u00e9 \u00e0 la vigilance du ministre Mekki, ce qui est pour le moins inqui\u00e9tant de la part d&rsquo;un responsable aussi haut plac\u00e9.  <\/p>\n\n\n\n<p>Alors M. le ministre est-il en contact avec un fant\u00f4me ? En attendant des pr\u00e9cisions de sa part sur ce post pour le moins \u00e9trange, cela a, une fois de plus, montr\u00e9 les lacunes et les probl\u00e8mes li\u00e9s \u00e0 la communication du gouvernement tunisien, malgr\u00e9 ses efforts notables, sur ce plan-l\u00e0, depuis le d\u00e9but de la crise sanitaire. Il faut dire<em> <\/em>que la pression du coronavirus, ajout\u00e9e \u00e0 celle, habituelle, du public des facebookeurs, est intenable. <\/p>\n\n\n\n<p class=\"has-text-align-right\"><strong>C. B. Y.<\/strong><\/p>\n\n\n\n<figure class=\"wp-block-embed-wordpress wp-block-embed is-type-wp-embed is-provider-kapitalis\"><div class=\"wp-block-embed__wrapper\">\n<blockquote class=\"wp-embedded-content\" data-secret=\"sQGAkpXsLy\"><a href=\"https:\/\/kapitalis.com\/tunisie\/2020\/03\/22\/cest-une-intox-le-tunisien-sophien-kamoun-na-pas-invente-un-remede-contre-le-coronavirus\/\">C\u2019est une intox : Le Tunisien Sophien Kamoun n\u2019a pas invent\u00e9 un rem\u00e8de contre le coronavirus<\/a><\/blockquote><iframe loading=\"lazy\" class=\"wp-embedded-content\" sandbox=\"allow-scripts\" security=\"restricted\" style=\"position: absolute; clip: rect(1px, 1px, 1px, 1px);\" title=\"\u00ab\u00a0C\u2019est une intox : Le Tunisien Sophien Kamoun n\u2019a pas invent\u00e9 un rem\u00e8de contre le coronavirus\u00a0\u00bb &#8212; Kapitalis\" src=\"https:\/\/kapitalis.com\/tunisie\/2020\/03\/22\/cest-une-intox-le-tunisien-sophien-kamoun-na-pas-invente-un-remede-contre-le-coronavirus\/embed\/#?secret=3tGEQCV1x6#?secret=sQGAkpXsLy\" data-secret=\"sQGAkpXsLy\" width=\"600\" height=\"338\" frameborder=\"0\" marginwidth=\"0\" marginheight=\"0\" scrolling=\"no\"><\/iframe>\n<\/div><\/figure>\n","protected":false},"excerpt":{"rendered":"<p>La grossi\u00e8re intox selon laquelle un chercheur tunisien r\u00e9sidant en Allemagne, nomm\u00e9 Dr. Kamoune, aurait invent\u00e9 un rem\u00e8de contre le coronavirus, Covid-19, a r\u00e9ussi \u00e0 enflammer les r\u00e9seaux sociaux hier, dimanche 23 mars 2020, et a donn\u00e9 de faux espoirs aux plus cr\u00e9dules. Ce matin, aussi surprenant cela soit-il, c&rsquo;est Abdellatif Mekki, ministre de la&#8230;<\/p>\n","protected":false},"author":24,"featured_media":290028,"comment_status":"open","ping_status":"open","sticky":false,"template":"","format":"standard","meta":{"footnotes":""},"categories":[997,998,2433],"tags":[17,73060,75291,76878],"class_list":["post-290009","post","type-post","status-publish","format-standard","has-post-thumbnail","hentry","category-politique","category-societe","category-tunisie","tag-abdellatif-mekki","tag-coronavirus","tag-covid-19","tag-sofien-kammoun"],"yoast_head":"<!-- This site is optimized with the Yoast SEO plugin v26.6 - https:\/\/yoast.com\/wordpress\/plugins\/seo\/ -->\n<title>Abdellatif Mekki r\u00e9alimente la rumeur : \u00abJe suis en contact avec le chercheur tunisien en Allemagne\u00bb - Kapitalis<\/title>\n<meta name=\"robots\" content=\"index, follow, max-snippet:-1, max-image-preview:large, max-video-preview:-1\" \/>\n<link rel=\"canonical\" href=\"https:\/\/kapitalis.com\/tunisie\/2020\/03\/23\/abdellatif-mekki-realimente-la-rumeur-je-suis-en-contact-avec-le-chercheur-tunisien-en-allemagne\/\" \/>\n<meta property=\"og:locale\" content=\"fr_FR\" \/>\n<meta property=\"og:type\" content=\"article\" \/>\n<meta property=\"og:title\" content=\"Abdellatif Mekki r\u00e9alimente la rumeur : \u00abJe suis en contact avec le chercheur tunisien en Allemagne\u00bb - Kapitalis\" \/>\n<meta property=\"og:description\" content=\"La grossi\u00e8re intox selon laquelle un chercheur tunisien r\u00e9sidant en Allemagne, nomm\u00e9 Dr. Kamoune, aurait invent\u00e9 un rem\u00e8de contre le coronavirus, Covid-19, a r\u00e9ussi \u00e0 enflammer les r\u00e9seaux sociaux hier, dimanche 23 mars 2020, et a donn\u00e9 de faux espoirs aux plus cr\u00e9dules. Ce matin, aussi surprenant cela soit-il, c&rsquo;est Abdellatif Mekki, ministre de la...\" \/>\n<meta property=\"og:url\" content=\"https:\/\/kapitalis.com\/tunisie\/2020\/03\/23\/abdellatif-mekki-realimente-la-rumeur-je-suis-en-contact-avec-le-chercheur-tunisien-en-allemagne\/\" \/>\n<meta property=\"og:site_name\" content=\"Kapitalis\" \/>\n<meta property=\"article:publisher\" content=\"https:\/\/www.facebook.com\/KapitalisInfo\/\" \/>\n<meta property=\"article:published_time\" content=\"2020-03-23T09:53:11+00:00\" \/>\n<meta property=\"article:modified_time\" content=\"2020-03-23T10:23:40+00:00\" \/>\n<meta property=\"og:image\" content=\"https:\/\/kapitalis.com\/tunisie\/wp-content\/uploads\/2022\/05\/kapitalis-logo-fb.png\" \/>\n\t<meta property=\"og:image:width\" content=\"1200\" \/>\n\t<meta property=\"og:image:height\" content=\"630\" \/>\n\t<meta property=\"og:image:type\" content=\"image\/png\" \/>\n<meta name=\"author\" content=\"Cherif Benyounes\" \/>\n<meta name=\"twitter:card\" content=\"summary_large_image\" \/>\n<meta name=\"twitter:creator\" content=\"@KapitalisInfo\" \/>\n<meta name=\"twitter:site\" content=\"@KapitalisInfo\" \/>\n<meta name=\"twitter:label1\" content=\"\u00c9crit par\" \/>\n\t<meta name=\"twitter:data1\" content=\"Cherif Benyounes\" \/>\n\t<meta name=\"twitter:label2\" content=\"Dur\u00e9e de lecture estim\u00e9e\" \/>\n\t<meta name=\"twitter:data2\" content=\"2 minutes\" \/>\n<script type=\"application\/ld+json\" class=\"yoast-schema-graph\">{\"@context\":\"https:\/\/schema.org\",\"@graph\":[{\"@type\":\"Article\",\"@id\":\"https:\/\/kapitalis.com\/tunisie\/2020\/03\/23\/abdellatif-mekki-realimente-la-rumeur-je-suis-en-contact-avec-le-chercheur-tunisien-en-allemagne\/#article\",\"isPartOf\":{\"@id\":\"https:\/\/kapitalis.com\/tunisie\/2020\/03\/23\/abdellatif-mekki-realimente-la-rumeur-je-suis-en-contact-avec-le-chercheur-tunisien-en-allemagne\/\"},\"author\":{\"name\":\"Cherif Benyounes\",\"@id\":\"https:\/\/kapitalis.com\/tunisie\/#\/schema\/person\/b35b8d631961131107263178aeb8019e\"},\"headline\":\"Abdellatif Mekki r\u00e9alimente la rumeur : \u00abJe suis en contact avec le chercheur tunisien en Allemagne\u00bb\",\"datePublished\":\"2020-03-23T09:53:11+00:00\",\"dateModified\":\"2020-03-23T10:23:40+00:00\",\"mainEntityOfPage\":{\"@id\":\"https:\/\/kapitalis.com\/tunisie\/2020\/03\/23\/abdellatif-mekki-realimente-la-rumeur-je-suis-en-contact-avec-le-chercheur-tunisien-en-allemagne\/\"},\"wordCount\":478,\"commentCount\":14,\"publisher\":{\"@id\":\"https:\/\/kapitalis.com\/tunisie\/#organization\"},\"image\":{\"@id\":\"https:\/\/kapitalis.com\/tunisie\/2020\/03\/23\/abdellatif-mekki-realimente-la-rumeur-je-suis-en-contact-avec-le-chercheur-tunisien-en-allemagne\/#primaryimage\"},\"thumbnailUrl\":\"\",\"keywords\":[\"Abdellatif Mekki\",\"Coronavirus\",\"Covid-19\",\"sofien kammoun\"],\"articleSection\":[\"POLITIQUE\",\"SOCIETE\",\"Tunisie\"],\"inLanguage\":\"fr-FR\",\"potentialAction\":[{\"@type\":\"CommentAction\",\"name\":\"Comment\",\"target\":[\"https:\/\/kapitalis.com\/tunisie\/2020\/03\/23\/abdellatif-mekki-realimente-la-rumeur-je-suis-en-contact-avec-le-chercheur-tunisien-en-allemagne\/#respond\"]}]},{\"@type\":\"WebPage\",\"@id\":\"https:\/\/kapitalis.com\/tunisie\/2020\/03\/23\/abdellatif-mekki-realimente-la-rumeur-je-suis-en-contact-avec-le-chercheur-tunisien-en-allemagne\/\",\"url\":\"https:\/\/kapitalis.com\/tunisie\/2020\/03\/23\/abdellatif-mekki-realimente-la-rumeur-je-suis-en-contact-avec-le-chercheur-tunisien-en-allemagne\/\",\"name\":\"Abdellatif Mekki r\u00e9alimente la rumeur : \u00abJe suis en contact avec le chercheur tunisien en Allemagne\u00bb - Kapitalis\",\"isPartOf\":{\"@id\":\"https:\/\/kapitalis.com\/tunisie\/#website\"},\"primaryImageOfPage\":{\"@id\":\"https:\/\/kapitalis.com\/tunisie\/2020\/03\/23\/abdellatif-mekki-realimente-la-rumeur-je-suis-en-contact-avec-le-chercheur-tunisien-en-allemagne\/#primaryimage\"},\"image\":{\"@id\":\"https:\/\/kapitalis.com\/tunisie\/2020\/03\/23\/abdellatif-mekki-realimente-la-rumeur-je-suis-en-contact-avec-le-chercheur-tunisien-en-allemagne\/#primaryimage\"},\"thumbnailUrl\":\"\",\"datePublished\":\"2020-03-23T09:53:11+00:00\",\"dateModified\":\"2020-03-23T10:23:40+00:00\",\"breadcrumb\":{\"@id\":\"https:\/\/kapitalis.com\/tunisie\/2020\/03\/23\/abdellatif-mekki-realimente-la-rumeur-je-suis-en-contact-avec-le-chercheur-tunisien-en-allemagne\/#breadcrumb\"},\"inLanguage\":\"fr-FR\",\"potentialAction\":[{\"@type\":\"ReadAction\",\"target\":[\"https:\/\/kapitalis.com\/tunisie\/2020\/03\/23\/abdellatif-mekki-realimente-la-rumeur-je-suis-en-contact-avec-le-chercheur-tunisien-en-allemagne\/\"]}]},{\"@type\":\"ImageObject\",\"inLanguage\":\"fr-FR\",\"@id\":\"https:\/\/kapitalis.com\/tunisie\/2020\/03\/23\/abdellatif-mekki-realimente-la-rumeur-je-suis-en-contact-avec-le-chercheur-tunisien-en-allemagne\/#primaryimage\",\"url\":\"\",\"contentUrl\":\"\"},{\"@type\":\"BreadcrumbList\",\"@id\":\"https:\/\/kapitalis.com\/tunisie\/2020\/03\/23\/abdellatif-mekki-realimente-la-rumeur-je-suis-en-contact-avec-le-chercheur-tunisien-en-allemagne\/#breadcrumb\",\"itemListElement\":[{\"@type\":\"ListItem\",\"position\":1,\"name\":\"Accueil\",\"item\":\"https:\/\/kapitalis.com\/tunisie\/\"},{\"@type\":\"ListItem\",\"position\":2,\"name\":\"Abdellatif Mekki r\u00e9alimente la rumeur : \u00abJe suis en contact avec le chercheur tunisien en Allemagne\u00bb\"}]},{\"@type\":\"WebSite\",\"@id\":\"https:\/\/kapitalis.com\/tunisie\/#website\",\"url\":\"https:\/\/kapitalis.com\/tunisie\/\",\"name\":\"Kapitalis\",\"description\":\"L&#039;actualit\u00e9 en Tunisie et dans le monde\",\"publisher\":{\"@id\":\"https:\/\/kapitalis.com\/tunisie\/#organization\"},\"potentialAction\":[{\"@type\":\"SearchAction\",\"target\":{\"@type\":\"EntryPoint\",\"urlTemplate\":\"https:\/\/kapitalis.com\/tunisie\/?s={search_term_string}\"},\"query-input\":{\"@type\":\"PropertyValueSpecification\",\"valueRequired\":true,\"valueName\":\"search_term_string\"}}],\"inLanguage\":\"fr-FR\"},{\"@type\":\"Organization\",\"@id\":\"https:\/\/kapitalis.com\/tunisie\/#organization\",\"name\":\"Kapitalis\",\"url\":\"https:\/\/kapitalis.com\/tunisie\/\",\"logo\":{\"@type\":\"ImageObject\",\"inLanguage\":\"fr-FR\",\"@id\":\"https:\/\/kapitalis.com\/tunisie\/#\/schema\/logo\/image\/\",\"url\":\"https:\/\/kapitalis.com\/tunisie\/wp-content\/uploads\/2022\/05\/Kapitalis-big-size.png\",\"contentUrl\":\"https:\/\/kapitalis.com\/tunisie\/wp-content\/uploads\/2022\/05\/Kapitalis-big-size.png\",\"width\":5000,\"height\":1500,\"caption\":\"Kapitalis\"},\"image\":{\"@id\":\"https:\/\/kapitalis.com\/tunisie\/#\/schema\/logo\/image\/\"},\"sameAs\":[\"https:\/\/www.facebook.com\/KapitalisInfo\/\",\"https:\/\/x.com\/KapitalisInfo\",\"https:\/\/www.youtube.com\/channel\/UC-yDYrHyfFBWWZaOw3FPg9Q\"]},{\"@type\":\"Person\",\"@id\":\"https:\/\/kapitalis.com\/tunisie\/#\/schema\/person\/b35b8d631961131107263178aeb8019e\",\"name\":\"Cherif Benyounes\",\"url\":\"https:\/\/kapitalis.com\/tunisie\/author\/cherif\/\"}]}<\/script>\n<!-- \/ Yoast SEO plugin. -->","yoast_head_json":{"title":"Abdellatif Mekki r\u00e9alimente la rumeur : \u00abJe suis en contact avec le chercheur tunisien en Allemagne\u00bb - Kapitalis","robots":{"index":"index","follow":"follow","max-snippet":"max-snippet:-1","max-image-preview":"max-image-preview:large","max-video-preview":"max-video-preview:-1"},"canonical":"https:\/\/kapitalis.com\/tunisie\/2020\/03\/23\/abdellatif-mekki-realimente-la-rumeur-je-suis-en-contact-avec-le-chercheur-tunisien-en-allemagne\/","og_locale":"fr_FR","og_type":"article","og_title":"Abdellatif Mekki r\u00e9alimente la rumeur : \u00abJe suis en contact avec le chercheur tunisien en Allemagne\u00bb - Kapitalis","og_description":"La grossi\u00e8re intox selon laquelle un chercheur tunisien r\u00e9sidant en Allemagne, nomm\u00e9 Dr. Kamoune, aurait invent\u00e9 un rem\u00e8de contre le coronavirus, Covid-19, a r\u00e9ussi \u00e0 enflammer les r\u00e9seaux sociaux hier, dimanche 23 mars 2020, et a donn\u00e9 de faux espoirs aux plus cr\u00e9dules. Ce matin, aussi surprenant cela soit-il, c&rsquo;est Abdellatif Mekki, ministre de la...","og_url":"https:\/\/kapitalis.com\/tunisie\/2020\/03\/23\/abdellatif-mekki-realimente-la-rumeur-je-suis-en-contact-avec-le-chercheur-tunisien-en-allemagne\/","og_site_name":"Kapitalis","article_publisher":"https:\/\/www.facebook.com\/KapitalisInfo\/","article_published_time":"2020-03-23T09:53:11+00:00","article_modified_time":"2020-03-23T10:23:40+00:00","og_image":[{"width":1200,"height":630,"url":"https:\/\/kapitalis.com\/tunisie\/wp-content\/uploads\/2022\/05\/kapitalis-logo-fb.png","type":"image\/png"}],"author":"Cherif Benyounes","twitter_card":"summary_large_image","twitter_creator":"@KapitalisInfo","twitter_site":"@KapitalisInfo","twitter_misc":{"\u00c9crit par":"Cherif Benyounes","Dur\u00e9e de lecture estim\u00e9e":"2 minutes"},"schema":{"@context":"https:\/\/schema.org","@graph":[{"@type":"Article","@id":"https:\/\/kapitalis.com\/tunisie\/2020\/03\/23\/abdellatif-mekki-realimente-la-rumeur-je-suis-en-contact-avec-le-chercheur-tunisien-en-allemagne\/#article","isPartOf":{"@id":"https:\/\/kapitalis.com\/tunisie\/2020\/03\/23\/abdellatif-mekki-realimente-la-rumeur-je-suis-en-contact-avec-le-chercheur-tunisien-en-allemagne\/"},"author":{"name":"Cherif Benyounes","@id":"https:\/\/kapitalis.com\/tunisie\/#\/schema\/person\/b35b8d631961131107263178aeb8019e"},"headline":"Abdellatif Mekki r\u00e9alimente la rumeur : \u00abJe suis en contact avec le chercheur tunisien en Allemagne\u00bb","datePublished":"2020-03-23T09:53:11+00:00","dateModified":"2020-03-23T10:23:40+00:00","mainEntityOfPage":{"@id":"https:\/\/kapitalis.com\/tunisie\/2020\/03\/23\/abdellatif-mekki-realimente-la-rumeur-je-suis-en-contact-avec-le-chercheur-tunisien-en-allemagne\/"},"wordCount":478,"commentCount":14,"publisher":{"@id":"https:\/\/kapitalis.com\/tunisie\/#organization"},"image":{"@id":"https:\/\/kapitalis.com\/tunisie\/2020\/03\/23\/abdellatif-mekki-realimente-la-rumeur-je-suis-en-contact-avec-le-chercheur-tunisien-en-allemagne\/#primaryimage"},"thumbnailUrl":"","keywords":["Abdellatif Mekki","Coronavirus","Covid-19","sofien kammoun"],"articleSection":["POLITIQUE","SOCIETE","Tunisie"],"inLanguage":"fr-FR","potentialAction":[{"@type":"CommentAction","name":"Comment","target":["https:\/\/kapitalis.com\/tunisie\/2020\/03\/23\/abdellatif-mekki-realimente-la-rumeur-je-suis-en-contact-avec-le-chercheur-tunisien-en-allemagne\/#respond"]}]},{"@type":"WebPage","@id":"https:\/\/kapitalis.com\/tunisie\/2020\/03\/23\/abdellatif-mekki-realimente-la-rumeur-je-suis-en-contact-avec-le-chercheur-tunisien-en-allemagne\/","url":"https:\/\/kapitalis.com\/tunisie\/2020\/03\/23\/abdellatif-mekki-realimente-la-rumeur-je-suis-en-contact-avec-le-chercheur-tunisien-en-allemagne\/","name":"Abdellatif Mekki r\u00e9alimente la rumeur : \u00abJe suis en contact avec le chercheur tunisien en Allemagne\u00bb - Kapitalis","isPartOf":{"@id":"https:\/\/kapitalis.com\/tunisie\/#website"},"primaryImageOfPage":{"@id":"https:\/\/kapitalis.com\/tunisie\/2020\/03\/23\/abdellatif-mekki-realimente-la-rumeur-je-suis-en-contact-avec-le-chercheur-tunisien-en-allemagne\/#primaryimage"},"image":{"@id":"https:\/\/kapitalis.com\/tunisie\/2020\/03\/23\/abdellatif-mekki-realimente-la-rumeur-je-suis-en-contact-avec-le-chercheur-tunisien-en-allemagne\/#primaryimage"},"thumbnailUrl":"","datePublished":"2020-03-23T09:53:11+00:00","dateModified":"2020-03-23T10:23:40+00:00","breadcrumb":{"@id":"https:\/\/kapitalis.com\/tunisie\/2020\/03\/23\/abdellatif-mekki-realimente-la-rumeur-je-suis-en-contact-avec-le-chercheur-tunisien-en-allemagne\/#breadcrumb"},"inLanguage":"fr-FR","potentialAction":[{"@type":"ReadAction","target":["https:\/\/kapitalis.com\/tunisie\/2020\/03\/23\/abdellatif-mekki-realimente-la-rumeur-je-suis-en-contact-avec-le-chercheur-tunisien-en-allemagne\/"]}]},{"@type":"ImageObject","inLanguage":"fr-FR","@id":"https:\/\/kapitalis.com\/tunisie\/2020\/03\/23\/abdellatif-mekki-realimente-la-rumeur-je-suis-en-contact-avec-le-chercheur-tunisien-en-allemagne\/#primaryimage","url":"","contentUrl":""},{"@type":"BreadcrumbList","@id":"https:\/\/kapitalis.com\/tunisie\/2020\/03\/23\/abdellatif-mekki-realimente-la-rumeur-je-suis-en-contact-avec-le-chercheur-tunisien-en-allemagne\/#breadcrumb","itemListElement":[{"@type":"ListItem","position":1,"name":"Accueil","item":"https:\/\/kapitalis.com\/tunisie\/"},{"@type":"ListItem","position":2,"name":"Abdellatif Mekki r\u00e9alimente la rumeur : \u00abJe suis en contact avec le chercheur tunisien en Allemagne\u00bb"}]},{"@type":"WebSite","@id":"https:\/\/kapitalis.com\/tunisie\/#website","url":"https:\/\/kapitalis.com\/tunisie\/","name":"Kapitalis","description":"L&#039;actualit\u00e9 en Tunisie et dans le monde","publisher":{"@id":"https:\/\/kapitalis.com\/tunisie\/#organization"},"potentialAction":[{"@type":"SearchAction","target":{"@type":"EntryPoint","urlTemplate":"https:\/\/kapitalis.com\/tunisie\/?s={search_term_string}"},"query-input":{"@type":"PropertyValueSpecification","valueRequired":true,"valueName":"search_term_string"}}],"inLanguage":"fr-FR"},{"@type":"Organization","@id":"https:\/\/kapitalis.com\/tunisie\/#organization","name":"Kapitalis","url":"https:\/\/kapitalis.com\/tunisie\/","logo":{"@type":"ImageObject","inLanguage":"fr-FR","@id":"https:\/\/kapitalis.com\/tunisie\/#\/schema\/logo\/image\/","url":"https:\/\/kapitalis.com\/tunisie\/wp-content\/uploads\/2022\/05\/Kapitalis-big-size.png","contentUrl":"https:\/\/kapitalis.com\/tunisie\/wp-content\/uploads\/2022\/05\/Kapitalis-big-size.png","width":5000,"height":1500,"caption":"Kapitalis"},"image":{"@id":"https:\/\/kapitalis.com\/tunisie\/#\/schema\/logo\/image\/"},"sameAs":["https:\/\/www.facebook.com\/KapitalisInfo\/","https:\/\/x.com\/KapitalisInfo","https:\/\/www.youtube.com\/channel\/UC-yDYrHyfFBWWZaOw3FPg9Q"]},{"@type":"Person","@id":"https:\/\/kapitalis.com\/tunisie\/#\/schema\/person\/b35b8d631961131107263178aeb8019e","name":"Cherif Benyounes","url":"https:\/\/kapitalis.com\/tunisie\/author\/cherif\/"}]}},"_links":{"self":[{"href":"https:\/\/kapitalis.com\/tunisie\/wp-json\/wp\/v2\/posts\/290009","targetHints":{"allow":["GET"]}}],"collection":[{"href":"https:\/\/kapitalis.com\/tunisie\/wp-json\/wp\/v2\/posts"}],"about":[{"href":"https:\/\/kapitalis.com\/tunisie\/wp-json\/wp\/v2\/types\/post"}],"author":[{"embeddable":true,"href":"https:\/\/kapitalis.com\/tunisie\/wp-json\/wp\/v2\/users\/24"}],"replies":[{"embeddable":true,"href":"https:\/\/kapitalis.com\/tunisie\/wp-json\/wp\/v2\/comments?post=290009"}],"version-history":[{"count":0,"href":"https:\/\/kapitalis.com\/tunisie\/wp-json\/wp\/v2\/posts\/290009\/revisions"}],"wp:featuredmedia":[{"embeddable":true,"href":"https:\/\/kapitalis.com\/tunisie\/wp-json\/wp\/v2\/media\/290028"}],"wp:attachment":[{"href":"https:\/\/kapitalis.com\/tunisie\/wp-json\/wp\/v2\/media?parent=290009"}],"wp:term":[{"taxonomy":"category","embeddable":true,"href":"https:\/\/kapitalis.com\/tunisie\/wp-json\/wp\/v2\/categories?post=290009"},{"taxonomy":"post_tag","embeddable":true,"href":"https:\/\/kapitalis.com\/tunisie\/wp-json\/wp\/v2\/tags?post=290009"}],"curies":[{"name":"wp","href":"https:\/\/api.w.org\/{rel}","templated":true}]}}