{"id":290073,"date":"2020-03-23T14:28:49","date_gmt":"2020-03-23T13:28:49","guid":{"rendered":"http:\/\/kapitalis.com\/tunisie\/?p=290073"},"modified":"2020-03-23T14:28:51","modified_gmt":"2020-03-23T13:28:51","slug":"coronavirus-express-fm-consacre-une-journee-au-sauvetage-des-entreprises-et-a-la-preservation-des-emplois","status":"publish","type":"post","link":"https:\/\/kapitalis.com\/tunisie\/2020\/03\/23\/coronavirus-express-fm-consacre-une-journee-au-sauvetage-des-entreprises-et-a-la-preservation-des-emplois\/","title":{"rendered":"Coronavirus :  Express FM consacre une journ\u00e9e au sauvetage des entreprises et \u00e0 la pr\u00e9servation des emplois"},"content":{"rendered":"\n<figure class=\"wp-block-image size-large\"><img decoding=\"async\" src=\"http:\/\/kapitalis.com\/tunisie\/wp-content\/uploads\/2020\/03\/Express-FM-2.jpg\" alt=\"\" class=\"wp-image-290115\"\/><\/figure>\n\n\n\n<p><strong><em>La radio g\u00e9n\u00e9raliste \u00e0 vocation \u00e9conomique, <a rel=\"noreferrer noopener\" aria-label=\"Express FM (s\u2019ouvre dans un nouvel onglet)\" href=\"https:\/\/www.facebook.com\/pg\/RadioExpressFm\/posts\/?ref=page_internal\" target=\"_blank\">Express FM<\/a>, organise une journ\u00e9e sp\u00e9ciale, le mardi 24 mars 2020, de 7:00 \u00e0 17:00, sur le th\u00e8me<\/em><\/strong> : <strong><em>\u00abSauvons nos entreprises pour pr\u00e9server nos emplois\u00bb, face \u00e0 la menace de la pand\u00e9mie du Coronavirus.<\/em><\/strong><\/p>\n\n\n\n<!--more-->\n\n\n\n<p>A travers cette initiative, Express FM compte apporter sa contribution pour lutter contre la pand\u00e9mie du Coronavirus qui affecte \u00e9galement la Tunisie, par des initiatives de sensibilisation et la mise \u00e0 disposition d&rsquo;une antenne sp\u00e9ciale pour les citoyens.<\/p>\n\n\n\n<p>L&rsquo;objectif de cette journ\u00e9e du 24 mars \u00e9tant de participer au sauvetage de l&rsquo;\u00e9conomie du pays, r\u00e9duire les d\u00e9g\u00e2ts, et \u00e9pargner ainsi la soci\u00e9t\u00e9 tunisienne et partant de l\u00e0, toute la Tunisie, des cons\u00e9quences dramatiques r\u00e9sultant de ce virus. <\/p>\n\n\n\n<p>Pour ce faire, Express FM compte ratisser large durant cette journ\u00e9e, en mettant en oeuvre tous ses moyens pour atteindre les entreprises, les artisans, les salari\u00e9s, les institutions, les grands groupes, les petites et moyennes entreprises, m\u00eame les tr\u00e8s petites entreprises, les experts, les comptables, les juristes, les consultants, les universitaires, les syndicats, etc.<\/p>\n\n\n\n<p>L&rsquo;antenne de la cha\u00eene radio invite \u00e0 ce sujet toutes les formes de contribution, qu&rsquo;il s&rsquo;agisse de t\u00e9moignages, de conseils, d&rsquo;astuces, de bonnes pratiques, d&rsquo;appels \u00e0 l&rsquo;aide, de propositions de soutien, ou encore d&rsquo;offres de services gratuits.&nbsp; <\/p>\n\n\n\n<p>Express FM pr\u00e9cise que les citoyens intervenant sur antenne pourront se concerter avec des experts qui se relaieront tout au long de cette journ\u00e9e pour expliquer les mesures possibles. Les citoyens pourront \u00e9galement poser des questions \u00e0 des responsables politiques, sur les solutions d&rsquo;accompagnement qu&rsquo;ils proposent d&rsquo;apporter dans ce contexte. <\/p>\n\n\n\n<p>Les entreprises sinistr\u00e9es ne seront pas en reste puisqu&rsquo;Express FM leur offrira des spots gratuits pendant cette journ\u00e9e du 24 mars, pour leur permettre de passer des annonces d&rsquo;accompagnement de leurs clients. <\/p>\n\n\n\n<p>Pour terminer, la radio invite les int\u00e9ress\u00e9s \u00e0 envoyer leurs demandes, leurs propositions, questions et suggestions \u00e0 son <a rel=\"noreferrer noopener\" aria-label=\"adresse E-mail (s\u2019ouvre dans un nouvel onglet)\" href=\"studio@expressfm.tn\" target=\"_blank\"><strong>adresse E-mail<\/strong><\/a>, via sa page <a rel=\"noreferrer noopener\" aria-label=\"Facebook (s\u2019ouvre dans un nouvel onglet)\" href=\"https:\/\/www.facebook.com\/RadioExpressFm\/\" target=\"_blank\"><strong>Facebook<\/strong><\/a>, ou par t\u00e9l\u00e9phone (+216 &#8211; 93 540219). <\/p>\n\n\n\n<p class=\"has-text-align-right\"><strong>A. M.<\/strong><\/p>\n\n\n\n<p> <\/p>\n","protected":false},"excerpt":{"rendered":"<p>La radio g\u00e9n\u00e9raliste \u00e0 vocation \u00e9conomique, Express FM, organise une journ\u00e9e sp\u00e9ciale, le mardi 24 mars 2020, de 7:00 \u00e0 17:00, sur le th\u00e8me : \u00abSauvons nos entreprises pour pr\u00e9server nos emplois\u00bb, face \u00e0 la menace de la pand\u00e9mie du Coronavirus.<\/p>\n","protected":false},"author":22,"featured_media":290115,"comment_status":"open","ping_status":"open","sticky":false,"template":"","format":"standard","meta":{"footnotes":""},"categories":[995,996,2433],"tags":[76892,73060,20470,76891],"class_list":["post-290073","post","type-post","status-publish","format-standard","has-post-thumbnail","hentry","category-economie","category-media","category-tunisie","tag-sauvons-nos-entreprises-pour-preserver-nos-emplois","tag-coronavirus","tag-express-fm","tag-journee-speciale-du-24-mars-2020"],"yoast_head":"<!-- This site is optimized with the Yoast SEO plugin v26.6 - https:\/\/yoast.com\/wordpress\/plugins\/seo\/ -->\n<title>Coronavirus : Express FM consacre une journ\u00e9e au sauvetage des entreprises et \u00e0 la pr\u00e9servation des emplois - Kapitalis<\/title>\n<meta name=\"robots\" content=\"index, follow, max-snippet:-1, max-image-preview:large, max-video-preview:-1\" \/>\n<link rel=\"canonical\" href=\"https:\/\/kapitalis.com\/tunisie\/2020\/03\/23\/coronavirus-express-fm-consacre-une-journee-au-sauvetage-des-entreprises-et-a-la-preservation-des-emplois\/\" \/>\n<meta property=\"og:locale\" content=\"fr_FR\" \/>\n<meta property=\"og:type\" content=\"article\" \/>\n<meta property=\"og:title\" content=\"Coronavirus : Express FM consacre une journ\u00e9e au sauvetage des entreprises et \u00e0 la pr\u00e9servation des emplois - Kapitalis\" \/>\n<meta property=\"og:description\" content=\"La radio g\u00e9n\u00e9raliste \u00e0 vocation \u00e9conomique, Express FM, organise une journ\u00e9e sp\u00e9ciale, le mardi 24 mars 2020, de 7:00 \u00e0 17:00, sur le th\u00e8me : \u00abSauvons nos entreprises pour pr\u00e9server nos emplois\u00bb, face \u00e0 la menace de la pand\u00e9mie du Coronavirus.\" \/>\n<meta property=\"og:url\" content=\"https:\/\/kapitalis.com\/tunisie\/2020\/03\/23\/coronavirus-express-fm-consacre-une-journee-au-sauvetage-des-entreprises-et-a-la-preservation-des-emplois\/\" \/>\n<meta property=\"og:site_name\" content=\"Kapitalis\" \/>\n<meta property=\"article:publisher\" content=\"https:\/\/www.facebook.com\/KapitalisInfo\/\" \/>\n<meta property=\"article:published_time\" content=\"2020-03-23T13:28:49+00:00\" \/>\n<meta property=\"article:modified_time\" content=\"2020-03-23T13:28:51+00:00\" \/>\n<meta property=\"og:image\" content=\"https:\/\/kapitalis.com\/tunisie\/wp-content\/uploads\/2022\/05\/kapitalis-logo-fb.png\" \/>\n\t<meta property=\"og:image:width\" content=\"1200\" \/>\n\t<meta property=\"og:image:height\" content=\"630\" \/>\n\t<meta property=\"og:image:type\" content=\"image\/png\" \/>\n<meta name=\"author\" content=\"Amina Mkada\" \/>\n<meta name=\"twitter:card\" content=\"summary_large_image\" \/>\n<meta name=\"twitter:creator\" content=\"@KapitalisInfo\" \/>\n<meta name=\"twitter:site\" content=\"@KapitalisInfo\" \/>\n<meta name=\"twitter:label1\" content=\"\u00c9crit par\" \/>\n\t<meta name=\"twitter:data1\" content=\"Amina Mkada\" \/>\n\t<meta name=\"twitter:label2\" content=\"Dur\u00e9e de lecture estim\u00e9e\" \/>\n\t<meta name=\"twitter:data2\" content=\"2 minutes\" \/>\n<script type=\"application\/ld+json\" class=\"yoast-schema-graph\">{\"@context\":\"https:\/\/schema.org\",\"@graph\":[{\"@type\":\"Article\",\"@id\":\"https:\/\/kapitalis.com\/tunisie\/2020\/03\/23\/coronavirus-express-fm-consacre-une-journee-au-sauvetage-des-entreprises-et-a-la-preservation-des-emplois\/#article\",\"isPartOf\":{\"@id\":\"https:\/\/kapitalis.com\/tunisie\/2020\/03\/23\/coronavirus-express-fm-consacre-une-journee-au-sauvetage-des-entreprises-et-a-la-preservation-des-emplois\/\"},\"author\":{\"name\":\"Amina Mkada\",\"@id\":\"https:\/\/kapitalis.com\/tunisie\/#\/schema\/person\/093913313d3017554cb3ad077fff3fbd\"},\"headline\":\"Coronavirus : Express FM consacre une journ\u00e9e au sauvetage des entreprises et \u00e0 la pr\u00e9servation des emplois\",\"datePublished\":\"2020-03-23T13:28:49+00:00\",\"dateModified\":\"2020-03-23T13:28:51+00:00\",\"mainEntityOfPage\":{\"@id\":\"https:\/\/kapitalis.com\/tunisie\/2020\/03\/23\/coronavirus-express-fm-consacre-une-journee-au-sauvetage-des-entreprises-et-a-la-preservation-des-emplois\/\"},\"wordCount\":354,\"commentCount\":0,\"publisher\":{\"@id\":\"https:\/\/kapitalis.com\/tunisie\/#organization\"},\"image\":{\"@id\":\"https:\/\/kapitalis.com\/tunisie\/2020\/03\/23\/coronavirus-express-fm-consacre-une-journee-au-sauvetage-des-entreprises-et-a-la-preservation-des-emplois\/#primaryimage\"},\"thumbnailUrl\":\"\",\"keywords\":[\"&quot;sauvons nos entreprises pour pr\u00e9server nos emplois&quot;\",\"Coronavirus\",\"Express FM\",\"journ\u00e9e sp\u00e9ciale du 24 mars 2020\"],\"articleSection\":[\"ECONOMIE\",\"MEDIA\",\"Tunisie\"],\"inLanguage\":\"fr-FR\",\"potentialAction\":[{\"@type\":\"CommentAction\",\"name\":\"Comment\",\"target\":[\"https:\/\/kapitalis.com\/tunisie\/2020\/03\/23\/coronavirus-express-fm-consacre-une-journee-au-sauvetage-des-entreprises-et-a-la-preservation-des-emplois\/#respond\"]}]},{\"@type\":\"WebPage\",\"@id\":\"https:\/\/kapitalis.com\/tunisie\/2020\/03\/23\/coronavirus-express-fm-consacre-une-journee-au-sauvetage-des-entreprises-et-a-la-preservation-des-emplois\/\",\"url\":\"https:\/\/kapitalis.com\/tunisie\/2020\/03\/23\/coronavirus-express-fm-consacre-une-journee-au-sauvetage-des-entreprises-et-a-la-preservation-des-emplois\/\",\"name\":\"Coronavirus : Express FM consacre une journ\u00e9e au sauvetage des entreprises et \u00e0 la pr\u00e9servation des emplois - Kapitalis\",\"isPartOf\":{\"@id\":\"https:\/\/kapitalis.com\/tunisie\/#website\"},\"primaryImageOfPage\":{\"@id\":\"https:\/\/kapitalis.com\/tunisie\/2020\/03\/23\/coronavirus-express-fm-consacre-une-journee-au-sauvetage-des-entreprises-et-a-la-preservation-des-emplois\/#primaryimage\"},\"image\":{\"@id\":\"https:\/\/kapitalis.com\/tunisie\/2020\/03\/23\/coronavirus-express-fm-consacre-une-journee-au-sauvetage-des-entreprises-et-a-la-preservation-des-emplois\/#primaryimage\"},\"thumbnailUrl\":\"\",\"datePublished\":\"2020-03-23T13:28:49+00:00\",\"dateModified\":\"2020-03-23T13:28:51+00:00\",\"breadcrumb\":{\"@id\":\"https:\/\/kapitalis.com\/tunisie\/2020\/03\/23\/coronavirus-express-fm-consacre-une-journee-au-sauvetage-des-entreprises-et-a-la-preservation-des-emplois\/#breadcrumb\"},\"inLanguage\":\"fr-FR\",\"potentialAction\":[{\"@type\":\"ReadAction\",\"target\":[\"https:\/\/kapitalis.com\/tunisie\/2020\/03\/23\/coronavirus-express-fm-consacre-une-journee-au-sauvetage-des-entreprises-et-a-la-preservation-des-emplois\/\"]}]},{\"@type\":\"ImageObject\",\"inLanguage\":\"fr-FR\",\"@id\":\"https:\/\/kapitalis.com\/tunisie\/2020\/03\/23\/coronavirus-express-fm-consacre-une-journee-au-sauvetage-des-entreprises-et-a-la-preservation-des-emplois\/#primaryimage\",\"url\":\"\",\"contentUrl\":\"\"},{\"@type\":\"BreadcrumbList\",\"@id\":\"https:\/\/kapitalis.com\/tunisie\/2020\/03\/23\/coronavirus-express-fm-consacre-une-journee-au-sauvetage-des-entreprises-et-a-la-preservation-des-emplois\/#breadcrumb\",\"itemListElement\":[{\"@type\":\"ListItem\",\"position\":1,\"name\":\"Accueil\",\"item\":\"https:\/\/kapitalis.com\/tunisie\/\"},{\"@type\":\"ListItem\",\"position\":2,\"name\":\"Coronavirus : Express FM consacre une journ\u00e9e au sauvetage des entreprises et \u00e0 la pr\u00e9servation des emplois\"}]},{\"@type\":\"WebSite\",\"@id\":\"https:\/\/kapitalis.com\/tunisie\/#website\",\"url\":\"https:\/\/kapitalis.com\/tunisie\/\",\"name\":\"Kapitalis\",\"description\":\"L&#039;actualit\u00e9 en Tunisie et dans le monde\",\"publisher\":{\"@id\":\"https:\/\/kapitalis.com\/tunisie\/#organization\"},\"potentialAction\":[{\"@type\":\"SearchAction\",\"target\":{\"@type\":\"EntryPoint\",\"urlTemplate\":\"https:\/\/kapitalis.com\/tunisie\/?s={search_term_string}\"},\"query-input\":{\"@type\":\"PropertyValueSpecification\",\"valueRequired\":true,\"valueName\":\"search_term_string\"}}],\"inLanguage\":\"fr-FR\"},{\"@type\":\"Organization\",\"@id\":\"https:\/\/kapitalis.com\/tunisie\/#organization\",\"name\":\"Kapitalis\",\"url\":\"https:\/\/kapitalis.com\/tunisie\/\",\"logo\":{\"@type\":\"ImageObject\",\"inLanguage\":\"fr-FR\",\"@id\":\"https:\/\/kapitalis.com\/tunisie\/#\/schema\/logo\/image\/\",\"url\":\"https:\/\/kapitalis.com\/tunisie\/wp-content\/uploads\/2022\/05\/Kapitalis-big-size.png\",\"contentUrl\":\"https:\/\/kapitalis.com\/tunisie\/wp-content\/uploads\/2022\/05\/Kapitalis-big-size.png\",\"width\":5000,\"height\":1500,\"caption\":\"Kapitalis\"},\"image\":{\"@id\":\"https:\/\/kapitalis.com\/tunisie\/#\/schema\/logo\/image\/\"},\"sameAs\":[\"https:\/\/www.facebook.com\/KapitalisInfo\/\",\"https:\/\/x.com\/KapitalisInfo\",\"https:\/\/www.youtube.com\/channel\/UC-yDYrHyfFBWWZaOw3FPg9Q\"]},{\"@type\":\"Person\",\"@id\":\"https:\/\/kapitalis.com\/tunisie\/#\/schema\/person\/093913313d3017554cb3ad077fff3fbd\",\"name\":\"Amina Mkada\",\"url\":\"https:\/\/kapitalis.com\/tunisie\/author\/amina\/\"}]}<\/script>\n<!-- \/ Yoast SEO plugin. -->","yoast_head_json":{"title":"Coronavirus : Express FM consacre une journ\u00e9e au sauvetage des entreprises et \u00e0 la pr\u00e9servation des emplois - Kapitalis","robots":{"index":"index","follow":"follow","max-snippet":"max-snippet:-1","max-image-preview":"max-image-preview:large","max-video-preview":"max-video-preview:-1"},"canonical":"https:\/\/kapitalis.com\/tunisie\/2020\/03\/23\/coronavirus-express-fm-consacre-une-journee-au-sauvetage-des-entreprises-et-a-la-preservation-des-emplois\/","og_locale":"fr_FR","og_type":"article","og_title":"Coronavirus : Express FM consacre une journ\u00e9e au sauvetage des entreprises et \u00e0 la pr\u00e9servation des emplois - Kapitalis","og_description":"La radio g\u00e9n\u00e9raliste \u00e0 vocation \u00e9conomique, Express FM, organise une journ\u00e9e sp\u00e9ciale, le mardi 24 mars 2020, de 7:00 \u00e0 17:00, sur le th\u00e8me : \u00abSauvons nos entreprises pour pr\u00e9server nos emplois\u00bb, face \u00e0 la menace de la pand\u00e9mie du Coronavirus.","og_url":"https:\/\/kapitalis.com\/tunisie\/2020\/03\/23\/coronavirus-express-fm-consacre-une-journee-au-sauvetage-des-entreprises-et-a-la-preservation-des-emplois\/","og_site_name":"Kapitalis","article_publisher":"https:\/\/www.facebook.com\/KapitalisInfo\/","article_published_time":"2020-03-23T13:28:49+00:00","article_modified_time":"2020-03-23T13:28:51+00:00","og_image":[{"width":1200,"height":630,"url":"https:\/\/kapitalis.com\/tunisie\/wp-content\/uploads\/2022\/05\/kapitalis-logo-fb.png","type":"image\/png"}],"author":"Amina Mkada","twitter_card":"summary_large_image","twitter_creator":"@KapitalisInfo","twitter_site":"@KapitalisInfo","twitter_misc":{"\u00c9crit par":"Amina Mkada","Dur\u00e9e de lecture estim\u00e9e":"2 minutes"},"schema":{"@context":"https:\/\/schema.org","@graph":[{"@type":"Article","@id":"https:\/\/kapitalis.com\/tunisie\/2020\/03\/23\/coronavirus-express-fm-consacre-une-journee-au-sauvetage-des-entreprises-et-a-la-preservation-des-emplois\/#article","isPartOf":{"@id":"https:\/\/kapitalis.com\/tunisie\/2020\/03\/23\/coronavirus-express-fm-consacre-une-journee-au-sauvetage-des-entreprises-et-a-la-preservation-des-emplois\/"},"author":{"name":"Amina Mkada","@id":"https:\/\/kapitalis.com\/tunisie\/#\/schema\/person\/093913313d3017554cb3ad077fff3fbd"},"headline":"Coronavirus : Express FM consacre une journ\u00e9e au sauvetage des entreprises et \u00e0 la pr\u00e9servation des emplois","datePublished":"2020-03-23T13:28:49+00:00","dateModified":"2020-03-23T13:28:51+00:00","mainEntityOfPage":{"@id":"https:\/\/kapitalis.com\/tunisie\/2020\/03\/23\/coronavirus-express-fm-consacre-une-journee-au-sauvetage-des-entreprises-et-a-la-preservation-des-emplois\/"},"wordCount":354,"commentCount":0,"publisher":{"@id":"https:\/\/kapitalis.com\/tunisie\/#organization"},"image":{"@id":"https:\/\/kapitalis.com\/tunisie\/2020\/03\/23\/coronavirus-express-fm-consacre-une-journee-au-sauvetage-des-entreprises-et-a-la-preservation-des-emplois\/#primaryimage"},"thumbnailUrl":"","keywords":["&quot;sauvons nos entreprises pour pr\u00e9server nos emplois&quot;","Coronavirus","Express FM","journ\u00e9e sp\u00e9ciale du 24 mars 2020"],"articleSection":["ECONOMIE","MEDIA","Tunisie"],"inLanguage":"fr-FR","potentialAction":[{"@type":"CommentAction","name":"Comment","target":["https:\/\/kapitalis.com\/tunisie\/2020\/03\/23\/coronavirus-express-fm-consacre-une-journee-au-sauvetage-des-entreprises-et-a-la-preservation-des-emplois\/#respond"]}]},{"@type":"WebPage","@id":"https:\/\/kapitalis.com\/tunisie\/2020\/03\/23\/coronavirus-express-fm-consacre-une-journee-au-sauvetage-des-entreprises-et-a-la-preservation-des-emplois\/","url":"https:\/\/kapitalis.com\/tunisie\/2020\/03\/23\/coronavirus-express-fm-consacre-une-journee-au-sauvetage-des-entreprises-et-a-la-preservation-des-emplois\/","name":"Coronavirus : Express FM consacre une journ\u00e9e au sauvetage des entreprises et \u00e0 la pr\u00e9servation des emplois - Kapitalis","isPartOf":{"@id":"https:\/\/kapitalis.com\/tunisie\/#website"},"primaryImageOfPage":{"@id":"https:\/\/kapitalis.com\/tunisie\/2020\/03\/23\/coronavirus-express-fm-consacre-une-journee-au-sauvetage-des-entreprises-et-a-la-preservation-des-emplois\/#primaryimage"},"image":{"@id":"https:\/\/kapitalis.com\/tunisie\/2020\/03\/23\/coronavirus-express-fm-consacre-une-journee-au-sauvetage-des-entreprises-et-a-la-preservation-des-emplois\/#primaryimage"},"thumbnailUrl":"","datePublished":"2020-03-23T13:28:49+00:00","dateModified":"2020-03-23T13:28:51+00:00","breadcrumb":{"@id":"https:\/\/kapitalis.com\/tunisie\/2020\/03\/23\/coronavirus-express-fm-consacre-une-journee-au-sauvetage-des-entreprises-et-a-la-preservation-des-emplois\/#breadcrumb"},"inLanguage":"fr-FR","potentialAction":[{"@type":"ReadAction","target":["https:\/\/kapitalis.com\/tunisie\/2020\/03\/23\/coronavirus-express-fm-consacre-une-journee-au-sauvetage-des-entreprises-et-a-la-preservation-des-emplois\/"]}]},{"@type":"ImageObject","inLanguage":"fr-FR","@id":"https:\/\/kapitalis.com\/tunisie\/2020\/03\/23\/coronavirus-express-fm-consacre-une-journee-au-sauvetage-des-entreprises-et-a-la-preservation-des-emplois\/#primaryimage","url":"","contentUrl":""},{"@type":"BreadcrumbList","@id":"https:\/\/kapitalis.com\/tunisie\/2020\/03\/23\/coronavirus-express-fm-consacre-une-journee-au-sauvetage-des-entreprises-et-a-la-preservation-des-emplois\/#breadcrumb","itemListElement":[{"@type":"ListItem","position":1,"name":"Accueil","item":"https:\/\/kapitalis.com\/tunisie\/"},{"@type":"ListItem","position":2,"name":"Coronavirus : Express FM consacre une journ\u00e9e au sauvetage des entreprises et \u00e0 la pr\u00e9servation des emplois"}]},{"@type":"WebSite","@id":"https:\/\/kapitalis.com\/tunisie\/#website","url":"https:\/\/kapitalis.com\/tunisie\/","name":"Kapitalis","description":"L&#039;actualit\u00e9 en Tunisie et dans le monde","publisher":{"@id":"https:\/\/kapitalis.com\/tunisie\/#organization"},"potentialAction":[{"@type":"SearchAction","target":{"@type":"EntryPoint","urlTemplate":"https:\/\/kapitalis.com\/tunisie\/?s={search_term_string}"},"query-input":{"@type":"PropertyValueSpecification","valueRequired":true,"valueName":"search_term_string"}}],"inLanguage":"fr-FR"},{"@type":"Organization","@id":"https:\/\/kapitalis.com\/tunisie\/#organization","name":"Kapitalis","url":"https:\/\/kapitalis.com\/tunisie\/","logo":{"@type":"ImageObject","inLanguage":"fr-FR","@id":"https:\/\/kapitalis.com\/tunisie\/#\/schema\/logo\/image\/","url":"https:\/\/kapitalis.com\/tunisie\/wp-content\/uploads\/2022\/05\/Kapitalis-big-size.png","contentUrl":"https:\/\/kapitalis.com\/tunisie\/wp-content\/uploads\/2022\/05\/Kapitalis-big-size.png","width":5000,"height":1500,"caption":"Kapitalis"},"image":{"@id":"https:\/\/kapitalis.com\/tunisie\/#\/schema\/logo\/image\/"},"sameAs":["https:\/\/www.facebook.com\/KapitalisInfo\/","https:\/\/x.com\/KapitalisInfo","https:\/\/www.youtube.com\/channel\/UC-yDYrHyfFBWWZaOw3FPg9Q"]},{"@type":"Person","@id":"https:\/\/kapitalis.com\/tunisie\/#\/schema\/person\/093913313d3017554cb3ad077fff3fbd","name":"Amina Mkada","url":"https:\/\/kapitalis.com\/tunisie\/author\/amina\/"}]}},"_links":{"self":[{"href":"https:\/\/kapitalis.com\/tunisie\/wp-json\/wp\/v2\/posts\/290073","targetHints":{"allow":["GET"]}}],"collection":[{"href":"https:\/\/kapitalis.com\/tunisie\/wp-json\/wp\/v2\/posts"}],"about":[{"href":"https:\/\/kapitalis.com\/tunisie\/wp-json\/wp\/v2\/types\/post"}],"author":[{"embeddable":true,"href":"https:\/\/kapitalis.com\/tunisie\/wp-json\/wp\/v2\/users\/22"}],"replies":[{"embeddable":true,"href":"https:\/\/kapitalis.com\/tunisie\/wp-json\/wp\/v2\/comments?post=290073"}],"version-history":[{"count":0,"href":"https:\/\/kapitalis.com\/tunisie\/wp-json\/wp\/v2\/posts\/290073\/revisions"}],"wp:featuredmedia":[{"embeddable":true,"href":"https:\/\/kapitalis.com\/tunisie\/wp-json\/wp\/v2\/media\/290115"}],"wp:attachment":[{"href":"https:\/\/kapitalis.com\/tunisie\/wp-json\/wp\/v2\/media?parent=290073"}],"wp:term":[{"taxonomy":"category","embeddable":true,"href":"https:\/\/kapitalis.com\/tunisie\/wp-json\/wp\/v2\/categories?post=290073"},{"taxonomy":"post_tag","embeddable":true,"href":"https:\/\/kapitalis.com\/tunisie\/wp-json\/wp\/v2\/tags?post=290073"}],"curies":[{"name":"wp","href":"https:\/\/api.w.org\/{rel}","templated":true}]}}