{"id":290422,"date":"2020-03-24T15:09:14","date_gmt":"2020-03-24T14:09:14","guid":{"rendered":"http:\/\/kapitalis.com\/tunisie\/?p=290422"},"modified":"2020-03-24T15:09:16","modified_gmt":"2020-03-24T14:09:16","slug":"pour-cause-de-pandemie-de-covid-19-les-jo-de-tokyo-reportes-a-2021","status":"publish","type":"post","link":"https:\/\/kapitalis.com\/tunisie\/2020\/03\/24\/pour-cause-de-pandemie-de-covid-19-les-jo-de-tokyo-reportes-a-2021\/","title":{"rendered":"Pour cause de pand\u00e9mie de Covid-19 : Les JO de Tokyo report\u00e9s \u00e0 2021"},"content":{"rendered":"\n<figure class=\"wp-block-image size-large\"><img decoding=\"async\" src=\"http:\/\/kapitalis.com\/tunisie\/wp-content\/uploads\/2020\/03\/Coronavirus-Tokyo-2020.jpg\" alt=\"\" class=\"wp-image-290423\"\/><\/figure>\n\n\n\n<p><strong><em> Le Japon a propos\u00e9 le report d\u2019un an des Jeux olympiques d\u2019\u00e9t\u00e9 de Tokyo 2020 en raison de la pand\u00e9mie de coronavirus (Covid-19), et le Comit\u00e9 international olympique (CIO) a accept\u00e9, a annonc\u00e9, aujourd\u2019hui, mardi 24 mars 2020, le Premier ministre japonais Shinzo Abe.<\/em><\/strong><\/p>\n\n\n\n<!--more-->\n\n\n\n<p> Les JO de Tokyo sont report\u00e9s <em>\u00abau plus tard \u00e0 l\u2019\u00e9t\u00e9 2021\u00bb<\/em> a annonc\u00e9 le CIO. Les nouvelles dates n\u2019ont pas encore \u00e9t\u00e9 communiqu\u00e9es.<\/p>\n\n\n\n<p> Les JO \u00e9taient cens\u00e9s se d\u00e9rouler du 24 juillet au 9 ao\u00fbt 2020. La gouverneure de la capitale nippone a pr\u00e9cis\u00e9 que l\u2019appellation resterait la m\u00eame : Tokyo 2020.<\/p>\n\n\n\n<p> L\u2019annonce de ce report n\u2019est pas la plus importante car on le sentait venir puisque plusieurs pays, techniciens et sportifs l\u2019ont r\u00e9cemment demand\u00e9 avec force, en raison de la propagation universelle du coronavirus.<\/p>\n\n\n\n<p> Le pr\u00e9sident du CIO, l\u2019Allemand Thomas Bach, a pr\u00e9vu ce report dans communiqu\u00e9 diffus\u00e9 il y a 5 jours, dans lequel il annon\u00e7ait qu\u2019il allait engager, en partenariat \u00e9troit avec le comit\u00e9 d\u2019organisation, les autorit\u00e9s japonaises et le gouvernement m\u00e9tropolitain de Tokyo, <em>\u00abdes discussions approfondies pour \u00e9valuer l\u2019\u00e9volution rapide de la situation sanitaire mondiale et son impact sur les Jeux olympiques, y compris le sc\u00e9nario d\u2019un report\u00bb. <\/em><\/p>\n\n\n\n<p> Cette alternative \u00e9tait donc dans les pr\u00e9visions du CIO, pour ne pas dire une certitude.<\/p>\n\n\n\n<p> Une <em>\u00aboption\u00bb<\/em> qui a visiblement rassur\u00e9 Shinzo Abe, le Premier ministre japonais, qui lui a embo\u00eet\u00e9 le pas.  <\/p>\n\n\n\n<p class=\"has-text-align-right\"><strong> H. M. <\/strong><\/p>\n","protected":false},"excerpt":{"rendered":"<p>Le Japon a propos\u00e9 le report d\u2019un an des Jeux olympiques d\u2019\u00e9t\u00e9 de Tokyo 2020 en raison de la pand\u00e9mie de coronavirus (Covid-19), et le Comit\u00e9 international olympique (CIO) a accept\u00e9, a annonc\u00e9, aujourd\u2019hui, mardi 24 mars 2020, le Premier ministre japonais Shinzo Abe.<\/p>\n","protected":false},"author":8,"featured_media":290423,"comment_status":"open","ping_status":"open","sticky":false,"template":"","format":"standard","meta":{"footnotes":""},"categories":[998,999],"tags":[76947,76948,76310,76949,76950],"class_list":["post-290422","post","type-post","status-publish","format-standard","has-post-thumbnail","hentry","category-societe","category-sport","tag-comite-international-olympique","tag-jeux-olympiques-dete-de-tokyo-2020","tag-jo-de-tokyo-2020","tag-shinzo-abe","tag-thomas-bach"],"yoast_head":"<!-- This site is optimized with the Yoast SEO plugin v26.6 - https:\/\/yoast.com\/wordpress\/plugins\/seo\/ -->\n<title>Pour cause de pand\u00e9mie de Covid-19 : Les JO de Tokyo report\u00e9s \u00e0 2021 - Kapitalis<\/title>\n<meta name=\"robots\" content=\"index, follow, max-snippet:-1, max-image-preview:large, max-video-preview:-1\" \/>\n<link rel=\"canonical\" href=\"https:\/\/kapitalis.com\/tunisie\/2020\/03\/24\/pour-cause-de-pandemie-de-covid-19-les-jo-de-tokyo-reportes-a-2021\/\" \/>\n<meta property=\"og:locale\" content=\"fr_FR\" \/>\n<meta property=\"og:type\" content=\"article\" \/>\n<meta property=\"og:title\" content=\"Pour cause de pand\u00e9mie de Covid-19 : Les JO de Tokyo report\u00e9s \u00e0 2021 - Kapitalis\" \/>\n<meta property=\"og:description\" content=\"Le Japon a propos\u00e9 le report d\u2019un an des Jeux olympiques d\u2019\u00e9t\u00e9 de Tokyo 2020 en raison de la pand\u00e9mie de coronavirus (Covid-19), et le Comit\u00e9 international olympique (CIO) a accept\u00e9, a annonc\u00e9, aujourd\u2019hui, mardi 24 mars 2020, le Premier ministre japonais Shinzo Abe.\" \/>\n<meta property=\"og:url\" content=\"https:\/\/kapitalis.com\/tunisie\/2020\/03\/24\/pour-cause-de-pandemie-de-covid-19-les-jo-de-tokyo-reportes-a-2021\/\" \/>\n<meta property=\"og:site_name\" content=\"Kapitalis\" \/>\n<meta property=\"article:publisher\" content=\"https:\/\/www.facebook.com\/KapitalisInfo\/\" \/>\n<meta property=\"article:published_time\" content=\"2020-03-24T14:09:14+00:00\" \/>\n<meta property=\"article:modified_time\" content=\"2020-03-24T14:09:16+00:00\" \/>\n<meta property=\"og:image\" content=\"https:\/\/kapitalis.com\/tunisie\/wp-content\/uploads\/2022\/05\/kapitalis-logo-fb.png\" \/>\n\t<meta property=\"og:image:width\" content=\"1200\" \/>\n\t<meta property=\"og:image:height\" content=\"630\" \/>\n\t<meta property=\"og:image:type\" content=\"image\/png\" \/>\n<meta name=\"author\" content=\"webmaster kapitalis\" \/>\n<meta name=\"twitter:card\" content=\"summary_large_image\" \/>\n<meta name=\"twitter:creator\" content=\"@KapitalisInfo\" \/>\n<meta name=\"twitter:site\" content=\"@KapitalisInfo\" \/>\n<meta name=\"twitter:label1\" content=\"\u00c9crit par\" \/>\n\t<meta name=\"twitter:data1\" content=\"webmaster kapitalis\" \/>\n\t<meta name=\"twitter:label2\" content=\"Dur\u00e9e de lecture estim\u00e9e\" \/>\n\t<meta name=\"twitter:data2\" content=\"1 minute\" \/>\n<script type=\"application\/ld+json\" class=\"yoast-schema-graph\">{\"@context\":\"https:\/\/schema.org\",\"@graph\":[{\"@type\":\"Article\",\"@id\":\"https:\/\/kapitalis.com\/tunisie\/2020\/03\/24\/pour-cause-de-pandemie-de-covid-19-les-jo-de-tokyo-reportes-a-2021\/#article\",\"isPartOf\":{\"@id\":\"https:\/\/kapitalis.com\/tunisie\/2020\/03\/24\/pour-cause-de-pandemie-de-covid-19-les-jo-de-tokyo-reportes-a-2021\/\"},\"author\":{\"name\":\"webmaster kapitalis\",\"@id\":\"https:\/\/kapitalis.com\/tunisie\/#\/schema\/person\/d71f33a9ca44f7bad4698210b480c8e9\"},\"headline\":\"Pour cause de pand\u00e9mie de Covid-19 : Les JO de Tokyo report\u00e9s \u00e0 2021\",\"datePublished\":\"2020-03-24T14:09:14+00:00\",\"dateModified\":\"2020-03-24T14:09:16+00:00\",\"mainEntityOfPage\":{\"@id\":\"https:\/\/kapitalis.com\/tunisie\/2020\/03\/24\/pour-cause-de-pandemie-de-covid-19-les-jo-de-tokyo-reportes-a-2021\/\"},\"wordCount\":265,\"commentCount\":0,\"publisher\":{\"@id\":\"https:\/\/kapitalis.com\/tunisie\/#organization\"},\"image\":{\"@id\":\"https:\/\/kapitalis.com\/tunisie\/2020\/03\/24\/pour-cause-de-pandemie-de-covid-19-les-jo-de-tokyo-reportes-a-2021\/#primaryimage\"},\"thumbnailUrl\":\"\",\"keywords\":[\"Comit\u00e9 international olympique\",\"Jeux olympiques d\u2019\u00e9t\u00e9 de Tokyo 2020\",\"JO de Tokyo 2020\",\"Shinzo Abe\",\"Thomas Bach\"],\"articleSection\":[\"SOCIETE\",\"SPORT\"],\"inLanguage\":\"fr-FR\",\"potentialAction\":[{\"@type\":\"CommentAction\",\"name\":\"Comment\",\"target\":[\"https:\/\/kapitalis.com\/tunisie\/2020\/03\/24\/pour-cause-de-pandemie-de-covid-19-les-jo-de-tokyo-reportes-a-2021\/#respond\"]}]},{\"@type\":\"WebPage\",\"@id\":\"https:\/\/kapitalis.com\/tunisie\/2020\/03\/24\/pour-cause-de-pandemie-de-covid-19-les-jo-de-tokyo-reportes-a-2021\/\",\"url\":\"https:\/\/kapitalis.com\/tunisie\/2020\/03\/24\/pour-cause-de-pandemie-de-covid-19-les-jo-de-tokyo-reportes-a-2021\/\",\"name\":\"Pour cause de pand\u00e9mie de Covid-19 : Les JO de Tokyo report\u00e9s \u00e0 2021 - Kapitalis\",\"isPartOf\":{\"@id\":\"https:\/\/kapitalis.com\/tunisie\/#website\"},\"primaryImageOfPage\":{\"@id\":\"https:\/\/kapitalis.com\/tunisie\/2020\/03\/24\/pour-cause-de-pandemie-de-covid-19-les-jo-de-tokyo-reportes-a-2021\/#primaryimage\"},\"image\":{\"@id\":\"https:\/\/kapitalis.com\/tunisie\/2020\/03\/24\/pour-cause-de-pandemie-de-covid-19-les-jo-de-tokyo-reportes-a-2021\/#primaryimage\"},\"thumbnailUrl\":\"\",\"datePublished\":\"2020-03-24T14:09:14+00:00\",\"dateModified\":\"2020-03-24T14:09:16+00:00\",\"breadcrumb\":{\"@id\":\"https:\/\/kapitalis.com\/tunisie\/2020\/03\/24\/pour-cause-de-pandemie-de-covid-19-les-jo-de-tokyo-reportes-a-2021\/#breadcrumb\"},\"inLanguage\":\"fr-FR\",\"potentialAction\":[{\"@type\":\"ReadAction\",\"target\":[\"https:\/\/kapitalis.com\/tunisie\/2020\/03\/24\/pour-cause-de-pandemie-de-covid-19-les-jo-de-tokyo-reportes-a-2021\/\"]}]},{\"@type\":\"ImageObject\",\"inLanguage\":\"fr-FR\",\"@id\":\"https:\/\/kapitalis.com\/tunisie\/2020\/03\/24\/pour-cause-de-pandemie-de-covid-19-les-jo-de-tokyo-reportes-a-2021\/#primaryimage\",\"url\":\"\",\"contentUrl\":\"\"},{\"@type\":\"BreadcrumbList\",\"@id\":\"https:\/\/kapitalis.com\/tunisie\/2020\/03\/24\/pour-cause-de-pandemie-de-covid-19-les-jo-de-tokyo-reportes-a-2021\/#breadcrumb\",\"itemListElement\":[{\"@type\":\"ListItem\",\"position\":1,\"name\":\"Accueil\",\"item\":\"https:\/\/kapitalis.com\/tunisie\/\"},{\"@type\":\"ListItem\",\"position\":2,\"name\":\"Pour cause de pand\u00e9mie de Covid-19 : Les JO de Tokyo report\u00e9s \u00e0 2021\"}]},{\"@type\":\"WebSite\",\"@id\":\"https:\/\/kapitalis.com\/tunisie\/#website\",\"url\":\"https:\/\/kapitalis.com\/tunisie\/\",\"name\":\"Kapitalis\",\"description\":\"L&#039;actualit\u00e9 en Tunisie et dans le monde\",\"publisher\":{\"@id\":\"https:\/\/kapitalis.com\/tunisie\/#organization\"},\"potentialAction\":[{\"@type\":\"SearchAction\",\"target\":{\"@type\":\"EntryPoint\",\"urlTemplate\":\"https:\/\/kapitalis.com\/tunisie\/?s={search_term_string}\"},\"query-input\":{\"@type\":\"PropertyValueSpecification\",\"valueRequired\":true,\"valueName\":\"search_term_string\"}}],\"inLanguage\":\"fr-FR\"},{\"@type\":\"Organization\",\"@id\":\"https:\/\/kapitalis.com\/tunisie\/#organization\",\"name\":\"Kapitalis\",\"url\":\"https:\/\/kapitalis.com\/tunisie\/\",\"logo\":{\"@type\":\"ImageObject\",\"inLanguage\":\"fr-FR\",\"@id\":\"https:\/\/kapitalis.com\/tunisie\/#\/schema\/logo\/image\/\",\"url\":\"https:\/\/kapitalis.com\/tunisie\/wp-content\/uploads\/2022\/05\/Kapitalis-big-size.png\",\"contentUrl\":\"https:\/\/kapitalis.com\/tunisie\/wp-content\/uploads\/2022\/05\/Kapitalis-big-size.png\",\"width\":5000,\"height\":1500,\"caption\":\"Kapitalis\"},\"image\":{\"@id\":\"https:\/\/kapitalis.com\/tunisie\/#\/schema\/logo\/image\/\"},\"sameAs\":[\"https:\/\/www.facebook.com\/KapitalisInfo\/\",\"https:\/\/x.com\/KapitalisInfo\",\"https:\/\/www.youtube.com\/channel\/UC-yDYrHyfFBWWZaOw3FPg9Q\"]},{\"@type\":\"Person\",\"@id\":\"https:\/\/kapitalis.com\/tunisie\/#\/schema\/person\/d71f33a9ca44f7bad4698210b480c8e9\",\"name\":\"webmaster kapitalis\",\"url\":\"https:\/\/kapitalis.com\/tunisie\/author\/webmaster-kapitalis\/\"}]}<\/script>\n<!-- \/ Yoast SEO plugin. -->","yoast_head_json":{"title":"Pour cause de pand\u00e9mie de Covid-19 : Les JO de Tokyo report\u00e9s \u00e0 2021 - Kapitalis","robots":{"index":"index","follow":"follow","max-snippet":"max-snippet:-1","max-image-preview":"max-image-preview:large","max-video-preview":"max-video-preview:-1"},"canonical":"https:\/\/kapitalis.com\/tunisie\/2020\/03\/24\/pour-cause-de-pandemie-de-covid-19-les-jo-de-tokyo-reportes-a-2021\/","og_locale":"fr_FR","og_type":"article","og_title":"Pour cause de pand\u00e9mie de Covid-19 : Les JO de Tokyo report\u00e9s \u00e0 2021 - Kapitalis","og_description":"Le Japon a propos\u00e9 le report d\u2019un an des Jeux olympiques d\u2019\u00e9t\u00e9 de Tokyo 2020 en raison de la pand\u00e9mie de coronavirus (Covid-19), et le Comit\u00e9 international olympique (CIO) a accept\u00e9, a annonc\u00e9, aujourd\u2019hui, mardi 24 mars 2020, le Premier ministre japonais Shinzo Abe.","og_url":"https:\/\/kapitalis.com\/tunisie\/2020\/03\/24\/pour-cause-de-pandemie-de-covid-19-les-jo-de-tokyo-reportes-a-2021\/","og_site_name":"Kapitalis","article_publisher":"https:\/\/www.facebook.com\/KapitalisInfo\/","article_published_time":"2020-03-24T14:09:14+00:00","article_modified_time":"2020-03-24T14:09:16+00:00","og_image":[{"width":1200,"height":630,"url":"https:\/\/kapitalis.com\/tunisie\/wp-content\/uploads\/2022\/05\/kapitalis-logo-fb.png","type":"image\/png"}],"author":"webmaster kapitalis","twitter_card":"summary_large_image","twitter_creator":"@KapitalisInfo","twitter_site":"@KapitalisInfo","twitter_misc":{"\u00c9crit par":"webmaster kapitalis","Dur\u00e9e de lecture estim\u00e9e":"1 minute"},"schema":{"@context":"https:\/\/schema.org","@graph":[{"@type":"Article","@id":"https:\/\/kapitalis.com\/tunisie\/2020\/03\/24\/pour-cause-de-pandemie-de-covid-19-les-jo-de-tokyo-reportes-a-2021\/#article","isPartOf":{"@id":"https:\/\/kapitalis.com\/tunisie\/2020\/03\/24\/pour-cause-de-pandemie-de-covid-19-les-jo-de-tokyo-reportes-a-2021\/"},"author":{"name":"webmaster kapitalis","@id":"https:\/\/kapitalis.com\/tunisie\/#\/schema\/person\/d71f33a9ca44f7bad4698210b480c8e9"},"headline":"Pour cause de pand\u00e9mie de Covid-19 : Les JO de Tokyo report\u00e9s \u00e0 2021","datePublished":"2020-03-24T14:09:14+00:00","dateModified":"2020-03-24T14:09:16+00:00","mainEntityOfPage":{"@id":"https:\/\/kapitalis.com\/tunisie\/2020\/03\/24\/pour-cause-de-pandemie-de-covid-19-les-jo-de-tokyo-reportes-a-2021\/"},"wordCount":265,"commentCount":0,"publisher":{"@id":"https:\/\/kapitalis.com\/tunisie\/#organization"},"image":{"@id":"https:\/\/kapitalis.com\/tunisie\/2020\/03\/24\/pour-cause-de-pandemie-de-covid-19-les-jo-de-tokyo-reportes-a-2021\/#primaryimage"},"thumbnailUrl":"","keywords":["Comit\u00e9 international olympique","Jeux olympiques d\u2019\u00e9t\u00e9 de Tokyo 2020","JO de Tokyo 2020","Shinzo Abe","Thomas Bach"],"articleSection":["SOCIETE","SPORT"],"inLanguage":"fr-FR","potentialAction":[{"@type":"CommentAction","name":"Comment","target":["https:\/\/kapitalis.com\/tunisie\/2020\/03\/24\/pour-cause-de-pandemie-de-covid-19-les-jo-de-tokyo-reportes-a-2021\/#respond"]}]},{"@type":"WebPage","@id":"https:\/\/kapitalis.com\/tunisie\/2020\/03\/24\/pour-cause-de-pandemie-de-covid-19-les-jo-de-tokyo-reportes-a-2021\/","url":"https:\/\/kapitalis.com\/tunisie\/2020\/03\/24\/pour-cause-de-pandemie-de-covid-19-les-jo-de-tokyo-reportes-a-2021\/","name":"Pour cause de pand\u00e9mie de Covid-19 : Les JO de Tokyo report\u00e9s \u00e0 2021 - Kapitalis","isPartOf":{"@id":"https:\/\/kapitalis.com\/tunisie\/#website"},"primaryImageOfPage":{"@id":"https:\/\/kapitalis.com\/tunisie\/2020\/03\/24\/pour-cause-de-pandemie-de-covid-19-les-jo-de-tokyo-reportes-a-2021\/#primaryimage"},"image":{"@id":"https:\/\/kapitalis.com\/tunisie\/2020\/03\/24\/pour-cause-de-pandemie-de-covid-19-les-jo-de-tokyo-reportes-a-2021\/#primaryimage"},"thumbnailUrl":"","datePublished":"2020-03-24T14:09:14+00:00","dateModified":"2020-03-24T14:09:16+00:00","breadcrumb":{"@id":"https:\/\/kapitalis.com\/tunisie\/2020\/03\/24\/pour-cause-de-pandemie-de-covid-19-les-jo-de-tokyo-reportes-a-2021\/#breadcrumb"},"inLanguage":"fr-FR","potentialAction":[{"@type":"ReadAction","target":["https:\/\/kapitalis.com\/tunisie\/2020\/03\/24\/pour-cause-de-pandemie-de-covid-19-les-jo-de-tokyo-reportes-a-2021\/"]}]},{"@type":"ImageObject","inLanguage":"fr-FR","@id":"https:\/\/kapitalis.com\/tunisie\/2020\/03\/24\/pour-cause-de-pandemie-de-covid-19-les-jo-de-tokyo-reportes-a-2021\/#primaryimage","url":"","contentUrl":""},{"@type":"BreadcrumbList","@id":"https:\/\/kapitalis.com\/tunisie\/2020\/03\/24\/pour-cause-de-pandemie-de-covid-19-les-jo-de-tokyo-reportes-a-2021\/#breadcrumb","itemListElement":[{"@type":"ListItem","position":1,"name":"Accueil","item":"https:\/\/kapitalis.com\/tunisie\/"},{"@type":"ListItem","position":2,"name":"Pour cause de pand\u00e9mie de Covid-19 : Les JO de Tokyo report\u00e9s \u00e0 2021"}]},{"@type":"WebSite","@id":"https:\/\/kapitalis.com\/tunisie\/#website","url":"https:\/\/kapitalis.com\/tunisie\/","name":"Kapitalis","description":"L&#039;actualit\u00e9 en Tunisie et dans le monde","publisher":{"@id":"https:\/\/kapitalis.com\/tunisie\/#organization"},"potentialAction":[{"@type":"SearchAction","target":{"@type":"EntryPoint","urlTemplate":"https:\/\/kapitalis.com\/tunisie\/?s={search_term_string}"},"query-input":{"@type":"PropertyValueSpecification","valueRequired":true,"valueName":"search_term_string"}}],"inLanguage":"fr-FR"},{"@type":"Organization","@id":"https:\/\/kapitalis.com\/tunisie\/#organization","name":"Kapitalis","url":"https:\/\/kapitalis.com\/tunisie\/","logo":{"@type":"ImageObject","inLanguage":"fr-FR","@id":"https:\/\/kapitalis.com\/tunisie\/#\/schema\/logo\/image\/","url":"https:\/\/kapitalis.com\/tunisie\/wp-content\/uploads\/2022\/05\/Kapitalis-big-size.png","contentUrl":"https:\/\/kapitalis.com\/tunisie\/wp-content\/uploads\/2022\/05\/Kapitalis-big-size.png","width":5000,"height":1500,"caption":"Kapitalis"},"image":{"@id":"https:\/\/kapitalis.com\/tunisie\/#\/schema\/logo\/image\/"},"sameAs":["https:\/\/www.facebook.com\/KapitalisInfo\/","https:\/\/x.com\/KapitalisInfo","https:\/\/www.youtube.com\/channel\/UC-yDYrHyfFBWWZaOw3FPg9Q"]},{"@type":"Person","@id":"https:\/\/kapitalis.com\/tunisie\/#\/schema\/person\/d71f33a9ca44f7bad4698210b480c8e9","name":"webmaster kapitalis","url":"https:\/\/kapitalis.com\/tunisie\/author\/webmaster-kapitalis\/"}]}},"_links":{"self":[{"href":"https:\/\/kapitalis.com\/tunisie\/wp-json\/wp\/v2\/posts\/290422","targetHints":{"allow":["GET"]}}],"collection":[{"href":"https:\/\/kapitalis.com\/tunisie\/wp-json\/wp\/v2\/posts"}],"about":[{"href":"https:\/\/kapitalis.com\/tunisie\/wp-json\/wp\/v2\/types\/post"}],"author":[{"embeddable":true,"href":"https:\/\/kapitalis.com\/tunisie\/wp-json\/wp\/v2\/users\/8"}],"replies":[{"embeddable":true,"href":"https:\/\/kapitalis.com\/tunisie\/wp-json\/wp\/v2\/comments?post=290422"}],"version-history":[{"count":0,"href":"https:\/\/kapitalis.com\/tunisie\/wp-json\/wp\/v2\/posts\/290422\/revisions"}],"wp:featuredmedia":[{"embeddable":true,"href":"https:\/\/kapitalis.com\/tunisie\/wp-json\/wp\/v2\/media\/290423"}],"wp:attachment":[{"href":"https:\/\/kapitalis.com\/tunisie\/wp-json\/wp\/v2\/media?parent=290422"}],"wp:term":[{"taxonomy":"category","embeddable":true,"href":"https:\/\/kapitalis.com\/tunisie\/wp-json\/wp\/v2\/categories?post=290422"},{"taxonomy":"post_tag","embeddable":true,"href":"https:\/\/kapitalis.com\/tunisie\/wp-json\/wp\/v2\/tags?post=290422"}],"curies":[{"name":"wp","href":"https:\/\/api.w.org\/{rel}","templated":true}]}}