{"id":290615,"date":"2020-03-25T14:16:20","date_gmt":"2020-03-25T13:16:20","guid":{"rendered":"http:\/\/kapitalis.com\/tunisie\/?p=290615"},"modified":"2020-03-25T14:17:05","modified_gmt":"2020-03-25T13:17:05","slug":"les-hopitaux-1ere-ligne-de-defense-contre-le-coronavirus-doivent-etre-mis-en-ordre-de-bataille","status":"publish","type":"post","link":"https:\/\/kapitalis.com\/tunisie\/2020\/03\/25\/les-hopitaux-1ere-ligne-de-defense-contre-le-coronavirus-doivent-etre-mis-en-ordre-de-bataille\/","title":{"rendered":"Les h\u00f4pitaux, 1\u00e8re ligne de d\u00e9fense contre le coronavirus, doivent \u00eatre mis en ordre de bataille"},"content":{"rendered":"\n<figure class=\"wp-block-image size-large\"><img decoding=\"async\" src=\"http:\/\/kapitalis.com\/tunisie\/wp-content\/uploads\/2018\/11\/Hopital-medecins-tunisie.jpg\" alt=\"\" class=\"wp-image-183023\"\/><\/figure>\n\n\n\n<p><strong><em> L\u2019\u00e9pid\u00e9mie du coronavirus (Covid-2019) progresse rapidement sur le territoire de la Tunisie, comme partout ailleurs. Il faut pr\u00e9parer vite nos h\u00f4pitaux et mettre tous les moyens n\u00e9cessaires de toute nature pour faire face \u00e0 l\u2019aggravation de la situation sanitaire.<\/em><\/strong><\/p>\n\n\n\n<p> Par<strong> Amine Ben Gamra <\/strong>*<\/p>\n\n\n\n<!--more-->\n\n\n\n<div class=\"wp-block-image\"><figure class=\"alignleft size-large\"><img decoding=\"async\" src=\"http:\/\/kapitalis.com\/tunisie\/wp-content\/uploads\/2019\/10\/Mohamed-Amine-Ben-Gamra.jpg\" alt=\"\" class=\"wp-image-250347\"\/><\/figure><\/div>\n\n\n\n<p> Il faut pr\u00e9parer aussi les \u00e9tablissements de sant\u00e9 r\u00e9partis sur tout le territoire pour recevoir des personnes atteintes du Covid-19. Et se mettre en ordre de bataille avec l\u2019installation de tentes \u00e0 l\u2019ext\u00e9rieur des b\u00e2timents, la mise en place d\u2019un circuit isol\u00e9 de transfert des personnes atteintes du Covid-19, l\u2019adaptation des respirateurs des blocs op\u00e9ratoires et la formation acc\u00e9l\u00e9r\u00e9e du personnel soignant aux gestes m\u00e9dicaux.<\/p>\n\n\n\n<p> La disponibilit\u00e9 des masques et des \u00e9quipements de protection est une urgence absolue. Un seul h\u00f4pital peut consommer un millier par jour pour prot\u00e9ger son personnel et les malades qui y sont soign\u00e9s. C\u2019est une ressource essentielle en premi\u00e8re ligne face \u00e0 l\u2019\u00e9pid\u00e9mie, il faut en avoir un stock strat\u00e9gique par h\u00f4pital destin\u00e9 \u00e0 recevoir des personnes atteintes du Covid-19. Des experts en hygi\u00e8ne, en ing\u00e9nierie biom\u00e9dicale et en logistique doivent \u00eatre mis \u00e0 la disposition des \u00e9tablissements de sant\u00e9 pour parer au plus urgent et trouver des solutions rapides aux probl\u00e8mes \u00e9mergents au fur et \u00e0 mesure.<\/p>\n\n\n\n<p> Pour freiner l\u2019avanc\u00e9e du virus, il faut agir vite et prendre des d\u00e9cisions rapidement pour renforcer les moyens humains et techniques de nos h\u00f4pitaux, qui, bien avant cette \u00e9pid\u00e9mie, \u00e9taient tr\u00e8s mal dot\u00e9es. Il va falloir d\u00e9sormais les privil\u00e9gier et leur accorder le maximum de financement. <\/p>\n\n\n\n<p> Il faut renforcer tous les moyens \u00e0 disposition, qu\u2019il s\u2019agisse des lits, des \u00e9quipements, des m\u00e9dicaments, du personnel sanitaire, et ordonner la r\u00e9quisition de tous biens et services n\u00e9cessaires \u00e0 la lutte contre la catastrophe sanitaire, par exemple, utiliser des taxis et des h\u00f4tels pour le personnel soignant, r\u00e9quisitionner du mat\u00e9riel m\u00e9dical, des masques de protection pour les professionnels de sant\u00e9 ou certaines populations \u00e0 risque\u2026 Certaines de ces mesures ont d\u00e9j\u00e0 \u00e9t\u00e9 prises et mises en \u0153uvre ; il va falloir maintenir la mobilisation et la pression. Tout rel\u00e2chement pourra \u00eatre fatal. <\/p>\n\n\n\n<p> On parle du certain pourcentage d\u2019atteinte de la population, mais il faut penser aussi au pourcentage d\u2019atteinte du personnel m\u00e9dical, param\u00e9dical et administratif. Aussi doit-on identifier les risques au niveau des h\u00f4pitaux et mettre en place des proc\u00e9dures efficaces pour limiter les risques de contagion au niveau des \u00e9tablissements de sant\u00e9.<\/p>\n\n\n\n<p> Par ailleurs, o ne peut continuer \u00e0 effectuer quelques dizaines de tests par jour, car pour avoir une id\u00e9e plus pr\u00e9cise de l\u2019\u00e9tat de l\u2019\u00e9pid\u00e9mie, il faut renforcer la capacit\u00e9 d\u2019analyse en multipliant les laboratoires en mesure d\u2019effectuer les tests de d\u00e9tection du Covid-19. Et pas seulement \u00e0 Tunis, l\u2019\u00e9pid\u00e9mie ayant d\u00e9sormais essaim\u00e9 du nord au sud du pays. <\/p>\n\n\n\n<p> Des mesures doivent \u00eatre prises urgemment, notamment au niveau de l\u2019Assembl\u00e9e des repr\u00e9sentants du peuple (ARP) pour lib\u00e9rer les mains du gouvernement et lui permettre notamment d\u2019effectuer les achats d\u2019urgence sans appel d\u2019offre.<\/p>\n\n\n\n<p> Tous les h\u00f4pitaux de secteur public et les cliniques priv\u00e9es doivent \u00eatre mis \u00e0 contribution et coordonner leurs moyens, techniques et humains, pour faire face \u00e0 cette \u00e9pid\u00e9mie. Il faut lib\u00e9rer des lits, des \u00e9quipements, du personnel\u2026 Et m\u00eame en ajouter, selon les besoins\u2026 A cet effet, le ministre de la Sant\u00e9 doit penser \u00e0 rappeler des m\u00e9decins et des infirmiers retrait\u00e9s, apr\u00e8s l\u2019\u00e9limination des proc\u00e9dures administratives emp\u00eachant un tel recours.<\/p>\n\n\n\n<p> Nous sommes dans une course contre la montre. Pour freiner le virus, il faut agir vite, prendre des d\u00e9cisions rapidement, mettre de c\u00f4t\u00e9 les r\u00e8gles ordinaires, agir dans le sens de la sauvegarde de l\u2019int\u00e9r\u00eat g\u00e9n\u00e9ral.<\/p>\n\n\n\n<p> Il n\u2019y a pas de raison de paniquer. Car, ensemble et avec une bonne organisation, on est capable de surmonter cette crise.<\/p>\n\n\n\n<p><em>* Expert comptable, commissaire aux comptes, membre de l\u2019Ordre des experts comptables de Tunisie.<\/em><\/p>\n","protected":false},"excerpt":{"rendered":"<p>L\u2019\u00e9pid\u00e9mie du coronavirus (Covid-2019) progresse rapidement sur le territoire de la Tunisie, comme partout ailleurs. Il faut pr\u00e9parer vite nos h\u00f4pitaux et mettre tous les moyens n\u00e9cessaires de toute nature pour faire face \u00e0 l\u2019aggravation de la situation sanitaire. Par Amine Ben Gamra *<\/p>\n","protected":false},"author":8,"featured_media":0,"comment_status":"open","ping_status":"open","sticky":false,"template":"","format":"standard","meta":{"footnotes":""},"categories":[992,998,1000,2433],"tags":[73060,75291,11651],"class_list":["post-290615","post","type-post","status-publish","format-standard","hentry","category-a-la-une","category-societe","category-tribune","category-tunisie","tag-coronavirus","tag-covid-19","tag-hopitaux-publics"],"yoast_head":"<!-- This site is optimized with the Yoast SEO plugin v26.6 - https:\/\/yoast.com\/wordpress\/plugins\/seo\/ -->\n<title>Les h\u00f4pitaux, 1\u00e8re ligne de d\u00e9fense contre le coronavirus, doivent \u00eatre mis en ordre de bataille - Kapitalis<\/title>\n<meta name=\"robots\" content=\"index, follow, max-snippet:-1, max-image-preview:large, max-video-preview:-1\" \/>\n<link rel=\"canonical\" href=\"https:\/\/kapitalis.com\/tunisie\/2020\/03\/25\/les-hopitaux-1ere-ligne-de-defense-contre-le-coronavirus-doivent-etre-mis-en-ordre-de-bataille\/\" \/>\n<meta property=\"og:locale\" content=\"fr_FR\" \/>\n<meta property=\"og:type\" content=\"article\" \/>\n<meta property=\"og:title\" content=\"Les h\u00f4pitaux, 1\u00e8re ligne de d\u00e9fense contre le coronavirus, doivent \u00eatre mis en ordre de bataille - Kapitalis\" \/>\n<meta property=\"og:description\" content=\"L\u2019\u00e9pid\u00e9mie du coronavirus (Covid-2019) progresse rapidement sur le territoire de la Tunisie, comme partout ailleurs. Il faut pr\u00e9parer vite nos h\u00f4pitaux et mettre tous les moyens n\u00e9cessaires de toute nature pour faire face \u00e0 l\u2019aggravation de la situation sanitaire. Par Amine Ben Gamra *\" \/>\n<meta property=\"og:url\" content=\"https:\/\/kapitalis.com\/tunisie\/2020\/03\/25\/les-hopitaux-1ere-ligne-de-defense-contre-le-coronavirus-doivent-etre-mis-en-ordre-de-bataille\/\" \/>\n<meta property=\"og:site_name\" content=\"Kapitalis\" \/>\n<meta property=\"article:publisher\" content=\"https:\/\/www.facebook.com\/KapitalisInfo\/\" \/>\n<meta property=\"article:published_time\" content=\"2020-03-25T13:16:20+00:00\" \/>\n<meta property=\"article:modified_time\" content=\"2020-03-25T13:17:05+00:00\" \/>\n<meta property=\"og:image\" content=\"http:\/\/kapitalis.com\/tunisie\/wp-content\/uploads\/2018\/11\/Hopital-medecins-tunisie.jpg\" \/>\n<meta name=\"author\" content=\"webmaster kapitalis\" \/>\n<meta name=\"twitter:card\" content=\"summary_large_image\" \/>\n<meta name=\"twitter:creator\" content=\"@KapitalisInfo\" \/>\n<meta name=\"twitter:site\" content=\"@KapitalisInfo\" \/>\n<meta name=\"twitter:label1\" content=\"\u00c9crit par\" \/>\n\t<meta name=\"twitter:data1\" content=\"webmaster kapitalis\" \/>\n\t<meta name=\"twitter:label2\" content=\"Dur\u00e9e de lecture estim\u00e9e\" \/>\n\t<meta name=\"twitter:data2\" content=\"4 minutes\" \/>\n<script type=\"application\/ld+json\" class=\"yoast-schema-graph\">{\"@context\":\"https:\/\/schema.org\",\"@graph\":[{\"@type\":\"Article\",\"@id\":\"https:\/\/kapitalis.com\/tunisie\/2020\/03\/25\/les-hopitaux-1ere-ligne-de-defense-contre-le-coronavirus-doivent-etre-mis-en-ordre-de-bataille\/#article\",\"isPartOf\":{\"@id\":\"https:\/\/kapitalis.com\/tunisie\/2020\/03\/25\/les-hopitaux-1ere-ligne-de-defense-contre-le-coronavirus-doivent-etre-mis-en-ordre-de-bataille\/\"},\"author\":{\"name\":\"webmaster kapitalis\",\"@id\":\"https:\/\/kapitalis.com\/tunisie\/#\/schema\/person\/d71f33a9ca44f7bad4698210b480c8e9\"},\"headline\":\"Les h\u00f4pitaux, 1\u00e8re ligne de d\u00e9fense contre le coronavirus, doivent \u00eatre mis en ordre de bataille\",\"datePublished\":\"2020-03-25T13:16:20+00:00\",\"dateModified\":\"2020-03-25T13:17:05+00:00\",\"mainEntityOfPage\":{\"@id\":\"https:\/\/kapitalis.com\/tunisie\/2020\/03\/25\/les-hopitaux-1ere-ligne-de-defense-contre-le-coronavirus-doivent-etre-mis-en-ordre-de-bataille\/\"},\"wordCount\":730,\"commentCount\":3,\"publisher\":{\"@id\":\"https:\/\/kapitalis.com\/tunisie\/#organization\"},\"image\":{\"@id\":\"https:\/\/kapitalis.com\/tunisie\/2020\/03\/25\/les-hopitaux-1ere-ligne-de-defense-contre-le-coronavirus-doivent-etre-mis-en-ordre-de-bataille\/#primaryimage\"},\"thumbnailUrl\":\"http:\/\/kapitalis.com\/tunisie\/wp-content\/uploads\/2018\/11\/Hopital-medecins-tunisie.jpg\",\"keywords\":[\"Coronavirus\",\"Covid-19\",\"h\u00f4pitaux publics\"],\"articleSection\":[\"A LA UNE\",\"SOCIETE\",\"TRIBUNE\",\"Tunisie\"],\"inLanguage\":\"fr-FR\",\"potentialAction\":[{\"@type\":\"CommentAction\",\"name\":\"Comment\",\"target\":[\"https:\/\/kapitalis.com\/tunisie\/2020\/03\/25\/les-hopitaux-1ere-ligne-de-defense-contre-le-coronavirus-doivent-etre-mis-en-ordre-de-bataille\/#respond\"]}]},{\"@type\":\"WebPage\",\"@id\":\"https:\/\/kapitalis.com\/tunisie\/2020\/03\/25\/les-hopitaux-1ere-ligne-de-defense-contre-le-coronavirus-doivent-etre-mis-en-ordre-de-bataille\/\",\"url\":\"https:\/\/kapitalis.com\/tunisie\/2020\/03\/25\/les-hopitaux-1ere-ligne-de-defense-contre-le-coronavirus-doivent-etre-mis-en-ordre-de-bataille\/\",\"name\":\"Les h\u00f4pitaux, 1\u00e8re ligne de d\u00e9fense contre le coronavirus, doivent \u00eatre mis en ordre de bataille - Kapitalis\",\"isPartOf\":{\"@id\":\"https:\/\/kapitalis.com\/tunisie\/#website\"},\"primaryImageOfPage\":{\"@id\":\"https:\/\/kapitalis.com\/tunisie\/2020\/03\/25\/les-hopitaux-1ere-ligne-de-defense-contre-le-coronavirus-doivent-etre-mis-en-ordre-de-bataille\/#primaryimage\"},\"image\":{\"@id\":\"https:\/\/kapitalis.com\/tunisie\/2020\/03\/25\/les-hopitaux-1ere-ligne-de-defense-contre-le-coronavirus-doivent-etre-mis-en-ordre-de-bataille\/#primaryimage\"},\"thumbnailUrl\":\"http:\/\/kapitalis.com\/tunisie\/wp-content\/uploads\/2018\/11\/Hopital-medecins-tunisie.jpg\",\"datePublished\":\"2020-03-25T13:16:20+00:00\",\"dateModified\":\"2020-03-25T13:17:05+00:00\",\"breadcrumb\":{\"@id\":\"https:\/\/kapitalis.com\/tunisie\/2020\/03\/25\/les-hopitaux-1ere-ligne-de-defense-contre-le-coronavirus-doivent-etre-mis-en-ordre-de-bataille\/#breadcrumb\"},\"inLanguage\":\"fr-FR\",\"potentialAction\":[{\"@type\":\"ReadAction\",\"target\":[\"https:\/\/kapitalis.com\/tunisie\/2020\/03\/25\/les-hopitaux-1ere-ligne-de-defense-contre-le-coronavirus-doivent-etre-mis-en-ordre-de-bataille\/\"]}]},{\"@type\":\"ImageObject\",\"inLanguage\":\"fr-FR\",\"@id\":\"https:\/\/kapitalis.com\/tunisie\/2020\/03\/25\/les-hopitaux-1ere-ligne-de-defense-contre-le-coronavirus-doivent-etre-mis-en-ordre-de-bataille\/#primaryimage\",\"url\":\"http:\/\/kapitalis.com\/tunisie\/wp-content\/uploads\/2018\/11\/Hopital-medecins-tunisie.jpg\",\"contentUrl\":\"http:\/\/kapitalis.com\/tunisie\/wp-content\/uploads\/2018\/11\/Hopital-medecins-tunisie.jpg\"},{\"@type\":\"BreadcrumbList\",\"@id\":\"https:\/\/kapitalis.com\/tunisie\/2020\/03\/25\/les-hopitaux-1ere-ligne-de-defense-contre-le-coronavirus-doivent-etre-mis-en-ordre-de-bataille\/#breadcrumb\",\"itemListElement\":[{\"@type\":\"ListItem\",\"position\":1,\"name\":\"Accueil\",\"item\":\"https:\/\/kapitalis.com\/tunisie\/\"},{\"@type\":\"ListItem\",\"position\":2,\"name\":\"Les h\u00f4pitaux, 1\u00e8re ligne de d\u00e9fense contre le coronavirus, doivent \u00eatre mis en ordre de bataille\"}]},{\"@type\":\"WebSite\",\"@id\":\"https:\/\/kapitalis.com\/tunisie\/#website\",\"url\":\"https:\/\/kapitalis.com\/tunisie\/\",\"name\":\"Kapitalis\",\"description\":\"L&#039;actualit\u00e9 en Tunisie et dans le monde\",\"publisher\":{\"@id\":\"https:\/\/kapitalis.com\/tunisie\/#organization\"},\"potentialAction\":[{\"@type\":\"SearchAction\",\"target\":{\"@type\":\"EntryPoint\",\"urlTemplate\":\"https:\/\/kapitalis.com\/tunisie\/?s={search_term_string}\"},\"query-input\":{\"@type\":\"PropertyValueSpecification\",\"valueRequired\":true,\"valueName\":\"search_term_string\"}}],\"inLanguage\":\"fr-FR\"},{\"@type\":\"Organization\",\"@id\":\"https:\/\/kapitalis.com\/tunisie\/#organization\",\"name\":\"Kapitalis\",\"url\":\"https:\/\/kapitalis.com\/tunisie\/\",\"logo\":{\"@type\":\"ImageObject\",\"inLanguage\":\"fr-FR\",\"@id\":\"https:\/\/kapitalis.com\/tunisie\/#\/schema\/logo\/image\/\",\"url\":\"https:\/\/kapitalis.com\/tunisie\/wp-content\/uploads\/2022\/05\/Kapitalis-big-size.png\",\"contentUrl\":\"https:\/\/kapitalis.com\/tunisie\/wp-content\/uploads\/2022\/05\/Kapitalis-big-size.png\",\"width\":5000,\"height\":1500,\"caption\":\"Kapitalis\"},\"image\":{\"@id\":\"https:\/\/kapitalis.com\/tunisie\/#\/schema\/logo\/image\/\"},\"sameAs\":[\"https:\/\/www.facebook.com\/KapitalisInfo\/\",\"https:\/\/x.com\/KapitalisInfo\",\"https:\/\/www.youtube.com\/channel\/UC-yDYrHyfFBWWZaOw3FPg9Q\"]},{\"@type\":\"Person\",\"@id\":\"https:\/\/kapitalis.com\/tunisie\/#\/schema\/person\/d71f33a9ca44f7bad4698210b480c8e9\",\"name\":\"webmaster kapitalis\",\"url\":\"https:\/\/kapitalis.com\/tunisie\/author\/webmaster-kapitalis\/\"}]}<\/script>\n<!-- \/ Yoast SEO plugin. -->","yoast_head_json":{"title":"Les h\u00f4pitaux, 1\u00e8re ligne de d\u00e9fense contre le coronavirus, doivent \u00eatre mis en ordre de bataille - Kapitalis","robots":{"index":"index","follow":"follow","max-snippet":"max-snippet:-1","max-image-preview":"max-image-preview:large","max-video-preview":"max-video-preview:-1"},"canonical":"https:\/\/kapitalis.com\/tunisie\/2020\/03\/25\/les-hopitaux-1ere-ligne-de-defense-contre-le-coronavirus-doivent-etre-mis-en-ordre-de-bataille\/","og_locale":"fr_FR","og_type":"article","og_title":"Les h\u00f4pitaux, 1\u00e8re ligne de d\u00e9fense contre le coronavirus, doivent \u00eatre mis en ordre de bataille - Kapitalis","og_description":"L\u2019\u00e9pid\u00e9mie du coronavirus (Covid-2019) progresse rapidement sur le territoire de la Tunisie, comme partout ailleurs. Il faut pr\u00e9parer vite nos h\u00f4pitaux et mettre tous les moyens n\u00e9cessaires de toute nature pour faire face \u00e0 l\u2019aggravation de la situation sanitaire. Par Amine Ben Gamra *","og_url":"https:\/\/kapitalis.com\/tunisie\/2020\/03\/25\/les-hopitaux-1ere-ligne-de-defense-contre-le-coronavirus-doivent-etre-mis-en-ordre-de-bataille\/","og_site_name":"Kapitalis","article_publisher":"https:\/\/www.facebook.com\/KapitalisInfo\/","article_published_time":"2020-03-25T13:16:20+00:00","article_modified_time":"2020-03-25T13:17:05+00:00","og_image":[{"url":"http:\/\/kapitalis.com\/tunisie\/wp-content\/uploads\/2018\/11\/Hopital-medecins-tunisie.jpg","type":"","width":"","height":""}],"author":"webmaster kapitalis","twitter_card":"summary_large_image","twitter_creator":"@KapitalisInfo","twitter_site":"@KapitalisInfo","twitter_misc":{"\u00c9crit par":"webmaster kapitalis","Dur\u00e9e de lecture estim\u00e9e":"4 minutes"},"schema":{"@context":"https:\/\/schema.org","@graph":[{"@type":"Article","@id":"https:\/\/kapitalis.com\/tunisie\/2020\/03\/25\/les-hopitaux-1ere-ligne-de-defense-contre-le-coronavirus-doivent-etre-mis-en-ordre-de-bataille\/#article","isPartOf":{"@id":"https:\/\/kapitalis.com\/tunisie\/2020\/03\/25\/les-hopitaux-1ere-ligne-de-defense-contre-le-coronavirus-doivent-etre-mis-en-ordre-de-bataille\/"},"author":{"name":"webmaster kapitalis","@id":"https:\/\/kapitalis.com\/tunisie\/#\/schema\/person\/d71f33a9ca44f7bad4698210b480c8e9"},"headline":"Les h\u00f4pitaux, 1\u00e8re ligne de d\u00e9fense contre le coronavirus, doivent \u00eatre mis en ordre de bataille","datePublished":"2020-03-25T13:16:20+00:00","dateModified":"2020-03-25T13:17:05+00:00","mainEntityOfPage":{"@id":"https:\/\/kapitalis.com\/tunisie\/2020\/03\/25\/les-hopitaux-1ere-ligne-de-defense-contre-le-coronavirus-doivent-etre-mis-en-ordre-de-bataille\/"},"wordCount":730,"commentCount":3,"publisher":{"@id":"https:\/\/kapitalis.com\/tunisie\/#organization"},"image":{"@id":"https:\/\/kapitalis.com\/tunisie\/2020\/03\/25\/les-hopitaux-1ere-ligne-de-defense-contre-le-coronavirus-doivent-etre-mis-en-ordre-de-bataille\/#primaryimage"},"thumbnailUrl":"http:\/\/kapitalis.com\/tunisie\/wp-content\/uploads\/2018\/11\/Hopital-medecins-tunisie.jpg","keywords":["Coronavirus","Covid-19","h\u00f4pitaux publics"],"articleSection":["A LA UNE","SOCIETE","TRIBUNE","Tunisie"],"inLanguage":"fr-FR","potentialAction":[{"@type":"CommentAction","name":"Comment","target":["https:\/\/kapitalis.com\/tunisie\/2020\/03\/25\/les-hopitaux-1ere-ligne-de-defense-contre-le-coronavirus-doivent-etre-mis-en-ordre-de-bataille\/#respond"]}]},{"@type":"WebPage","@id":"https:\/\/kapitalis.com\/tunisie\/2020\/03\/25\/les-hopitaux-1ere-ligne-de-defense-contre-le-coronavirus-doivent-etre-mis-en-ordre-de-bataille\/","url":"https:\/\/kapitalis.com\/tunisie\/2020\/03\/25\/les-hopitaux-1ere-ligne-de-defense-contre-le-coronavirus-doivent-etre-mis-en-ordre-de-bataille\/","name":"Les h\u00f4pitaux, 1\u00e8re ligne de d\u00e9fense contre le coronavirus, doivent \u00eatre mis en ordre de bataille - Kapitalis","isPartOf":{"@id":"https:\/\/kapitalis.com\/tunisie\/#website"},"primaryImageOfPage":{"@id":"https:\/\/kapitalis.com\/tunisie\/2020\/03\/25\/les-hopitaux-1ere-ligne-de-defense-contre-le-coronavirus-doivent-etre-mis-en-ordre-de-bataille\/#primaryimage"},"image":{"@id":"https:\/\/kapitalis.com\/tunisie\/2020\/03\/25\/les-hopitaux-1ere-ligne-de-defense-contre-le-coronavirus-doivent-etre-mis-en-ordre-de-bataille\/#primaryimage"},"thumbnailUrl":"http:\/\/kapitalis.com\/tunisie\/wp-content\/uploads\/2018\/11\/Hopital-medecins-tunisie.jpg","datePublished":"2020-03-25T13:16:20+00:00","dateModified":"2020-03-25T13:17:05+00:00","breadcrumb":{"@id":"https:\/\/kapitalis.com\/tunisie\/2020\/03\/25\/les-hopitaux-1ere-ligne-de-defense-contre-le-coronavirus-doivent-etre-mis-en-ordre-de-bataille\/#breadcrumb"},"inLanguage":"fr-FR","potentialAction":[{"@type":"ReadAction","target":["https:\/\/kapitalis.com\/tunisie\/2020\/03\/25\/les-hopitaux-1ere-ligne-de-defense-contre-le-coronavirus-doivent-etre-mis-en-ordre-de-bataille\/"]}]},{"@type":"ImageObject","inLanguage":"fr-FR","@id":"https:\/\/kapitalis.com\/tunisie\/2020\/03\/25\/les-hopitaux-1ere-ligne-de-defense-contre-le-coronavirus-doivent-etre-mis-en-ordre-de-bataille\/#primaryimage","url":"http:\/\/kapitalis.com\/tunisie\/wp-content\/uploads\/2018\/11\/Hopital-medecins-tunisie.jpg","contentUrl":"http:\/\/kapitalis.com\/tunisie\/wp-content\/uploads\/2018\/11\/Hopital-medecins-tunisie.jpg"},{"@type":"BreadcrumbList","@id":"https:\/\/kapitalis.com\/tunisie\/2020\/03\/25\/les-hopitaux-1ere-ligne-de-defense-contre-le-coronavirus-doivent-etre-mis-en-ordre-de-bataille\/#breadcrumb","itemListElement":[{"@type":"ListItem","position":1,"name":"Accueil","item":"https:\/\/kapitalis.com\/tunisie\/"},{"@type":"ListItem","position":2,"name":"Les h\u00f4pitaux, 1\u00e8re ligne de d\u00e9fense contre le coronavirus, doivent \u00eatre mis en ordre de bataille"}]},{"@type":"WebSite","@id":"https:\/\/kapitalis.com\/tunisie\/#website","url":"https:\/\/kapitalis.com\/tunisie\/","name":"Kapitalis","description":"L&#039;actualit\u00e9 en Tunisie et dans le monde","publisher":{"@id":"https:\/\/kapitalis.com\/tunisie\/#organization"},"potentialAction":[{"@type":"SearchAction","target":{"@type":"EntryPoint","urlTemplate":"https:\/\/kapitalis.com\/tunisie\/?s={search_term_string}"},"query-input":{"@type":"PropertyValueSpecification","valueRequired":true,"valueName":"search_term_string"}}],"inLanguage":"fr-FR"},{"@type":"Organization","@id":"https:\/\/kapitalis.com\/tunisie\/#organization","name":"Kapitalis","url":"https:\/\/kapitalis.com\/tunisie\/","logo":{"@type":"ImageObject","inLanguage":"fr-FR","@id":"https:\/\/kapitalis.com\/tunisie\/#\/schema\/logo\/image\/","url":"https:\/\/kapitalis.com\/tunisie\/wp-content\/uploads\/2022\/05\/Kapitalis-big-size.png","contentUrl":"https:\/\/kapitalis.com\/tunisie\/wp-content\/uploads\/2022\/05\/Kapitalis-big-size.png","width":5000,"height":1500,"caption":"Kapitalis"},"image":{"@id":"https:\/\/kapitalis.com\/tunisie\/#\/schema\/logo\/image\/"},"sameAs":["https:\/\/www.facebook.com\/KapitalisInfo\/","https:\/\/x.com\/KapitalisInfo","https:\/\/www.youtube.com\/channel\/UC-yDYrHyfFBWWZaOw3FPg9Q"]},{"@type":"Person","@id":"https:\/\/kapitalis.com\/tunisie\/#\/schema\/person\/d71f33a9ca44f7bad4698210b480c8e9","name":"webmaster kapitalis","url":"https:\/\/kapitalis.com\/tunisie\/author\/webmaster-kapitalis\/"}]}},"_links":{"self":[{"href":"https:\/\/kapitalis.com\/tunisie\/wp-json\/wp\/v2\/posts\/290615","targetHints":{"allow":["GET"]}}],"collection":[{"href":"https:\/\/kapitalis.com\/tunisie\/wp-json\/wp\/v2\/posts"}],"about":[{"href":"https:\/\/kapitalis.com\/tunisie\/wp-json\/wp\/v2\/types\/post"}],"author":[{"embeddable":true,"href":"https:\/\/kapitalis.com\/tunisie\/wp-json\/wp\/v2\/users\/8"}],"replies":[{"embeddable":true,"href":"https:\/\/kapitalis.com\/tunisie\/wp-json\/wp\/v2\/comments?post=290615"}],"version-history":[{"count":0,"href":"https:\/\/kapitalis.com\/tunisie\/wp-json\/wp\/v2\/posts\/290615\/revisions"}],"wp:attachment":[{"href":"https:\/\/kapitalis.com\/tunisie\/wp-json\/wp\/v2\/media?parent=290615"}],"wp:term":[{"taxonomy":"category","embeddable":true,"href":"https:\/\/kapitalis.com\/tunisie\/wp-json\/wp\/v2\/categories?post=290615"},{"taxonomy":"post_tag","embeddable":true,"href":"https:\/\/kapitalis.com\/tunisie\/wp-json\/wp\/v2\/tags?post=290615"}],"curies":[{"name":"wp","href":"https:\/\/api.w.org\/{rel}","templated":true}]}}