{"id":290617,"date":"2020-03-25T15:40:04","date_gmt":"2020-03-25T14:40:04","guid":{"rendered":"http:\/\/kapitalis.com\/tunisie\/?p=290617"},"modified":"2020-03-25T15:40:52","modified_gmt":"2020-03-25T14:40:52","slug":"coronavirus-la-prison-de-manouba-installe-un-atelier-pour-coudre-des-masques-de-protection","status":"publish","type":"post","link":"https:\/\/kapitalis.com\/tunisie\/2020\/03\/25\/coronavirus-la-prison-de-manouba-installe-un-atelier-pour-coudre-des-masques-de-protection\/","title":{"rendered":"Coronavirus : la prison de Manouba installe un atelier pour coudre des masques de protection"},"content":{"rendered":"\n<figure class=\"wp-block-image size-large\"><img decoding=\"async\" src=\"http:\/\/kapitalis.com\/tunisie\/wp-content\/uploads\/2020\/03\/prison-manouba.jpg\" alt=\"\" class=\"wp-image-290622\"\/><\/figure>\n\n\n\n<p><strong><em>La prison des femmes de Manouba, \u00e0 l&rsquo;ouest de Tunis, a install\u00e9 un atelier de couture pour confectionner des masques de protection du risque de contagion par le coronavirus.<\/em><\/strong><\/p>\n\n\n\n<!--more-->\n\n\n\n<p>Selon la d\u00e9claration de la Direction g\u00e9n\u00e9rale des prisons et de la r\u00e9\u00e9ducation, ce mercredi 25 mars 2020, les masques cousus par cet atelier au profit du minist\u00e8re de la Sant\u00e9 sont conformes aux normes d&rsquo;hygi\u00e8ne.<\/p>\n\n\n\n<p>Par ailleurs, un nombre important de masques et de gants de protection, ainsi que des thermom\u00e8tres et des produits d\u00e9sinfectants pour les prisons ont aussi \u00e9t\u00e9 acquis, selon cette administration p\u00e9nitentiaire, pour prot\u00e9ger les prisonniers. <\/p>\n\n\n\n<p class=\"has-text-align-right\"><strong>A. M.<\/strong><\/p>\n","protected":false},"excerpt":{"rendered":"<p>La prison des femmes de Manouba, \u00e0 l&rsquo;ouest de Tunis, a install\u00e9 un atelier de couture pour confectionner des masques de protection du risque de contagion par le coronavirus.<\/p>\n","protected":false},"author":22,"featured_media":290622,"comment_status":"open","ping_status":"open","sticky":false,"template":"","format":"standard","meta":{"footnotes":""},"categories":[998,2433],"tags":[73060,76983,76982],"class_list":["post-290617","post","type-post","status-publish","format-standard","has-post-thumbnail","hentry","category-societe","category-tunisie","tag-coronavirus","tag-direction-generale-des-prisons-et-de-la-reeducation","tag-prison-de-manouba"],"yoast_head":"<!-- This site is optimized with the Yoast SEO plugin v26.6 - https:\/\/yoast.com\/wordpress\/plugins\/seo\/ -->\n<title>Coronavirus : la prison de Manouba installe un atelier pour coudre des masques de protection - Kapitalis<\/title>\n<meta name=\"robots\" content=\"index, follow, max-snippet:-1, max-image-preview:large, max-video-preview:-1\" \/>\n<link rel=\"canonical\" href=\"https:\/\/kapitalis.com\/tunisie\/2020\/03\/25\/coronavirus-la-prison-de-manouba-installe-un-atelier-pour-coudre-des-masques-de-protection\/\" \/>\n<meta property=\"og:locale\" content=\"fr_FR\" \/>\n<meta property=\"og:type\" content=\"article\" \/>\n<meta property=\"og:title\" content=\"Coronavirus : la prison de Manouba installe un atelier pour coudre des masques de protection - Kapitalis\" \/>\n<meta property=\"og:description\" content=\"La prison des femmes de Manouba, \u00e0 l&rsquo;ouest de Tunis, a install\u00e9 un atelier de couture pour confectionner des masques de protection du risque de contagion par le coronavirus.\" \/>\n<meta property=\"og:url\" content=\"https:\/\/kapitalis.com\/tunisie\/2020\/03\/25\/coronavirus-la-prison-de-manouba-installe-un-atelier-pour-coudre-des-masques-de-protection\/\" \/>\n<meta property=\"og:site_name\" content=\"Kapitalis\" \/>\n<meta property=\"article:publisher\" content=\"https:\/\/www.facebook.com\/KapitalisInfo\/\" \/>\n<meta property=\"article:published_time\" content=\"2020-03-25T14:40:04+00:00\" \/>\n<meta property=\"article:modified_time\" content=\"2020-03-25T14:40:52+00:00\" \/>\n<meta property=\"og:image\" content=\"https:\/\/kapitalis.com\/tunisie\/wp-content\/uploads\/2022\/05\/kapitalis-logo-fb.png\" \/>\n\t<meta property=\"og:image:width\" content=\"1200\" \/>\n\t<meta property=\"og:image:height\" content=\"630\" \/>\n\t<meta property=\"og:image:type\" content=\"image\/png\" \/>\n<meta name=\"author\" content=\"Amina Mkada\" \/>\n<meta name=\"twitter:card\" content=\"summary_large_image\" \/>\n<meta name=\"twitter:creator\" content=\"@KapitalisInfo\" \/>\n<meta name=\"twitter:site\" content=\"@KapitalisInfo\" \/>\n<meta name=\"twitter:label1\" content=\"\u00c9crit par\" \/>\n\t<meta name=\"twitter:data1\" content=\"Amina Mkada\" \/>\n\t<meta name=\"twitter:label2\" content=\"Dur\u00e9e de lecture estim\u00e9e\" \/>\n\t<meta name=\"twitter:data2\" content=\"1 minute\" \/>\n<script type=\"application\/ld+json\" class=\"yoast-schema-graph\">{\"@context\":\"https:\/\/schema.org\",\"@graph\":[{\"@type\":\"Article\",\"@id\":\"https:\/\/kapitalis.com\/tunisie\/2020\/03\/25\/coronavirus-la-prison-de-manouba-installe-un-atelier-pour-coudre-des-masques-de-protection\/#article\",\"isPartOf\":{\"@id\":\"https:\/\/kapitalis.com\/tunisie\/2020\/03\/25\/coronavirus-la-prison-de-manouba-installe-un-atelier-pour-coudre-des-masques-de-protection\/\"},\"author\":{\"name\":\"Amina Mkada\",\"@id\":\"https:\/\/kapitalis.com\/tunisie\/#\/schema\/person\/093913313d3017554cb3ad077fff3fbd\"},\"headline\":\"Coronavirus : la prison de Manouba installe un atelier pour coudre des masques de protection\",\"datePublished\":\"2020-03-25T14:40:04+00:00\",\"dateModified\":\"2020-03-25T14:40:52+00:00\",\"mainEntityOfPage\":{\"@id\":\"https:\/\/kapitalis.com\/tunisie\/2020\/03\/25\/coronavirus-la-prison-de-manouba-installe-un-atelier-pour-coudre-des-masques-de-protection\/\"},\"wordCount\":123,\"commentCount\":2,\"publisher\":{\"@id\":\"https:\/\/kapitalis.com\/tunisie\/#organization\"},\"image\":{\"@id\":\"https:\/\/kapitalis.com\/tunisie\/2020\/03\/25\/coronavirus-la-prison-de-manouba-installe-un-atelier-pour-coudre-des-masques-de-protection\/#primaryimage\"},\"thumbnailUrl\":\"\",\"keywords\":[\"Coronavirus\",\"Direction g\u00e9n\u00e9rale des Prisons et de la R\u00e9\u00e9ducation\",\"prison de Manouba\"],\"articleSection\":[\"SOCIETE\",\"Tunisie\"],\"inLanguage\":\"fr-FR\",\"potentialAction\":[{\"@type\":\"CommentAction\",\"name\":\"Comment\",\"target\":[\"https:\/\/kapitalis.com\/tunisie\/2020\/03\/25\/coronavirus-la-prison-de-manouba-installe-un-atelier-pour-coudre-des-masques-de-protection\/#respond\"]}]},{\"@type\":\"WebPage\",\"@id\":\"https:\/\/kapitalis.com\/tunisie\/2020\/03\/25\/coronavirus-la-prison-de-manouba-installe-un-atelier-pour-coudre-des-masques-de-protection\/\",\"url\":\"https:\/\/kapitalis.com\/tunisie\/2020\/03\/25\/coronavirus-la-prison-de-manouba-installe-un-atelier-pour-coudre-des-masques-de-protection\/\",\"name\":\"Coronavirus : la prison de Manouba installe un atelier pour coudre des masques de protection - Kapitalis\",\"isPartOf\":{\"@id\":\"https:\/\/kapitalis.com\/tunisie\/#website\"},\"primaryImageOfPage\":{\"@id\":\"https:\/\/kapitalis.com\/tunisie\/2020\/03\/25\/coronavirus-la-prison-de-manouba-installe-un-atelier-pour-coudre-des-masques-de-protection\/#primaryimage\"},\"image\":{\"@id\":\"https:\/\/kapitalis.com\/tunisie\/2020\/03\/25\/coronavirus-la-prison-de-manouba-installe-un-atelier-pour-coudre-des-masques-de-protection\/#primaryimage\"},\"thumbnailUrl\":\"\",\"datePublished\":\"2020-03-25T14:40:04+00:00\",\"dateModified\":\"2020-03-25T14:40:52+00:00\",\"breadcrumb\":{\"@id\":\"https:\/\/kapitalis.com\/tunisie\/2020\/03\/25\/coronavirus-la-prison-de-manouba-installe-un-atelier-pour-coudre-des-masques-de-protection\/#breadcrumb\"},\"inLanguage\":\"fr-FR\",\"potentialAction\":[{\"@type\":\"ReadAction\",\"target\":[\"https:\/\/kapitalis.com\/tunisie\/2020\/03\/25\/coronavirus-la-prison-de-manouba-installe-un-atelier-pour-coudre-des-masques-de-protection\/\"]}]},{\"@type\":\"ImageObject\",\"inLanguage\":\"fr-FR\",\"@id\":\"https:\/\/kapitalis.com\/tunisie\/2020\/03\/25\/coronavirus-la-prison-de-manouba-installe-un-atelier-pour-coudre-des-masques-de-protection\/#primaryimage\",\"url\":\"\",\"contentUrl\":\"\"},{\"@type\":\"BreadcrumbList\",\"@id\":\"https:\/\/kapitalis.com\/tunisie\/2020\/03\/25\/coronavirus-la-prison-de-manouba-installe-un-atelier-pour-coudre-des-masques-de-protection\/#breadcrumb\",\"itemListElement\":[{\"@type\":\"ListItem\",\"position\":1,\"name\":\"Accueil\",\"item\":\"https:\/\/kapitalis.com\/tunisie\/\"},{\"@type\":\"ListItem\",\"position\":2,\"name\":\"Coronavirus : la prison de Manouba installe un atelier pour coudre des masques de protection\"}]},{\"@type\":\"WebSite\",\"@id\":\"https:\/\/kapitalis.com\/tunisie\/#website\",\"url\":\"https:\/\/kapitalis.com\/tunisie\/\",\"name\":\"Kapitalis\",\"description\":\"L&#039;actualit\u00e9 en Tunisie et dans le monde\",\"publisher\":{\"@id\":\"https:\/\/kapitalis.com\/tunisie\/#organization\"},\"potentialAction\":[{\"@type\":\"SearchAction\",\"target\":{\"@type\":\"EntryPoint\",\"urlTemplate\":\"https:\/\/kapitalis.com\/tunisie\/?s={search_term_string}\"},\"query-input\":{\"@type\":\"PropertyValueSpecification\",\"valueRequired\":true,\"valueName\":\"search_term_string\"}}],\"inLanguage\":\"fr-FR\"},{\"@type\":\"Organization\",\"@id\":\"https:\/\/kapitalis.com\/tunisie\/#organization\",\"name\":\"Kapitalis\",\"url\":\"https:\/\/kapitalis.com\/tunisie\/\",\"logo\":{\"@type\":\"ImageObject\",\"inLanguage\":\"fr-FR\",\"@id\":\"https:\/\/kapitalis.com\/tunisie\/#\/schema\/logo\/image\/\",\"url\":\"https:\/\/kapitalis.com\/tunisie\/wp-content\/uploads\/2022\/05\/Kapitalis-big-size.png\",\"contentUrl\":\"https:\/\/kapitalis.com\/tunisie\/wp-content\/uploads\/2022\/05\/Kapitalis-big-size.png\",\"width\":5000,\"height\":1500,\"caption\":\"Kapitalis\"},\"image\":{\"@id\":\"https:\/\/kapitalis.com\/tunisie\/#\/schema\/logo\/image\/\"},\"sameAs\":[\"https:\/\/www.facebook.com\/KapitalisInfo\/\",\"https:\/\/x.com\/KapitalisInfo\",\"https:\/\/www.youtube.com\/channel\/UC-yDYrHyfFBWWZaOw3FPg9Q\"]},{\"@type\":\"Person\",\"@id\":\"https:\/\/kapitalis.com\/tunisie\/#\/schema\/person\/093913313d3017554cb3ad077fff3fbd\",\"name\":\"Amina Mkada\",\"url\":\"https:\/\/kapitalis.com\/tunisie\/author\/amina\/\"}]}<\/script>\n<!-- \/ Yoast SEO plugin. -->","yoast_head_json":{"title":"Coronavirus : la prison de Manouba installe un atelier pour coudre des masques de protection - Kapitalis","robots":{"index":"index","follow":"follow","max-snippet":"max-snippet:-1","max-image-preview":"max-image-preview:large","max-video-preview":"max-video-preview:-1"},"canonical":"https:\/\/kapitalis.com\/tunisie\/2020\/03\/25\/coronavirus-la-prison-de-manouba-installe-un-atelier-pour-coudre-des-masques-de-protection\/","og_locale":"fr_FR","og_type":"article","og_title":"Coronavirus : la prison de Manouba installe un atelier pour coudre des masques de protection - Kapitalis","og_description":"La prison des femmes de Manouba, \u00e0 l&rsquo;ouest de Tunis, a install\u00e9 un atelier de couture pour confectionner des masques de protection du risque de contagion par le coronavirus.","og_url":"https:\/\/kapitalis.com\/tunisie\/2020\/03\/25\/coronavirus-la-prison-de-manouba-installe-un-atelier-pour-coudre-des-masques-de-protection\/","og_site_name":"Kapitalis","article_publisher":"https:\/\/www.facebook.com\/KapitalisInfo\/","article_published_time":"2020-03-25T14:40:04+00:00","article_modified_time":"2020-03-25T14:40:52+00:00","og_image":[{"width":1200,"height":630,"url":"https:\/\/kapitalis.com\/tunisie\/wp-content\/uploads\/2022\/05\/kapitalis-logo-fb.png","type":"image\/png"}],"author":"Amina Mkada","twitter_card":"summary_large_image","twitter_creator":"@KapitalisInfo","twitter_site":"@KapitalisInfo","twitter_misc":{"\u00c9crit par":"Amina Mkada","Dur\u00e9e de lecture estim\u00e9e":"1 minute"},"schema":{"@context":"https:\/\/schema.org","@graph":[{"@type":"Article","@id":"https:\/\/kapitalis.com\/tunisie\/2020\/03\/25\/coronavirus-la-prison-de-manouba-installe-un-atelier-pour-coudre-des-masques-de-protection\/#article","isPartOf":{"@id":"https:\/\/kapitalis.com\/tunisie\/2020\/03\/25\/coronavirus-la-prison-de-manouba-installe-un-atelier-pour-coudre-des-masques-de-protection\/"},"author":{"name":"Amina Mkada","@id":"https:\/\/kapitalis.com\/tunisie\/#\/schema\/person\/093913313d3017554cb3ad077fff3fbd"},"headline":"Coronavirus : la prison de Manouba installe un atelier pour coudre des masques de protection","datePublished":"2020-03-25T14:40:04+00:00","dateModified":"2020-03-25T14:40:52+00:00","mainEntityOfPage":{"@id":"https:\/\/kapitalis.com\/tunisie\/2020\/03\/25\/coronavirus-la-prison-de-manouba-installe-un-atelier-pour-coudre-des-masques-de-protection\/"},"wordCount":123,"commentCount":2,"publisher":{"@id":"https:\/\/kapitalis.com\/tunisie\/#organization"},"image":{"@id":"https:\/\/kapitalis.com\/tunisie\/2020\/03\/25\/coronavirus-la-prison-de-manouba-installe-un-atelier-pour-coudre-des-masques-de-protection\/#primaryimage"},"thumbnailUrl":"","keywords":["Coronavirus","Direction g\u00e9n\u00e9rale des Prisons et de la R\u00e9\u00e9ducation","prison de Manouba"],"articleSection":["SOCIETE","Tunisie"],"inLanguage":"fr-FR","potentialAction":[{"@type":"CommentAction","name":"Comment","target":["https:\/\/kapitalis.com\/tunisie\/2020\/03\/25\/coronavirus-la-prison-de-manouba-installe-un-atelier-pour-coudre-des-masques-de-protection\/#respond"]}]},{"@type":"WebPage","@id":"https:\/\/kapitalis.com\/tunisie\/2020\/03\/25\/coronavirus-la-prison-de-manouba-installe-un-atelier-pour-coudre-des-masques-de-protection\/","url":"https:\/\/kapitalis.com\/tunisie\/2020\/03\/25\/coronavirus-la-prison-de-manouba-installe-un-atelier-pour-coudre-des-masques-de-protection\/","name":"Coronavirus : la prison de Manouba installe un atelier pour coudre des masques de protection - Kapitalis","isPartOf":{"@id":"https:\/\/kapitalis.com\/tunisie\/#website"},"primaryImageOfPage":{"@id":"https:\/\/kapitalis.com\/tunisie\/2020\/03\/25\/coronavirus-la-prison-de-manouba-installe-un-atelier-pour-coudre-des-masques-de-protection\/#primaryimage"},"image":{"@id":"https:\/\/kapitalis.com\/tunisie\/2020\/03\/25\/coronavirus-la-prison-de-manouba-installe-un-atelier-pour-coudre-des-masques-de-protection\/#primaryimage"},"thumbnailUrl":"","datePublished":"2020-03-25T14:40:04+00:00","dateModified":"2020-03-25T14:40:52+00:00","breadcrumb":{"@id":"https:\/\/kapitalis.com\/tunisie\/2020\/03\/25\/coronavirus-la-prison-de-manouba-installe-un-atelier-pour-coudre-des-masques-de-protection\/#breadcrumb"},"inLanguage":"fr-FR","potentialAction":[{"@type":"ReadAction","target":["https:\/\/kapitalis.com\/tunisie\/2020\/03\/25\/coronavirus-la-prison-de-manouba-installe-un-atelier-pour-coudre-des-masques-de-protection\/"]}]},{"@type":"ImageObject","inLanguage":"fr-FR","@id":"https:\/\/kapitalis.com\/tunisie\/2020\/03\/25\/coronavirus-la-prison-de-manouba-installe-un-atelier-pour-coudre-des-masques-de-protection\/#primaryimage","url":"","contentUrl":""},{"@type":"BreadcrumbList","@id":"https:\/\/kapitalis.com\/tunisie\/2020\/03\/25\/coronavirus-la-prison-de-manouba-installe-un-atelier-pour-coudre-des-masques-de-protection\/#breadcrumb","itemListElement":[{"@type":"ListItem","position":1,"name":"Accueil","item":"https:\/\/kapitalis.com\/tunisie\/"},{"@type":"ListItem","position":2,"name":"Coronavirus : la prison de Manouba installe un atelier pour coudre des masques de protection"}]},{"@type":"WebSite","@id":"https:\/\/kapitalis.com\/tunisie\/#website","url":"https:\/\/kapitalis.com\/tunisie\/","name":"Kapitalis","description":"L&#039;actualit\u00e9 en Tunisie et dans le monde","publisher":{"@id":"https:\/\/kapitalis.com\/tunisie\/#organization"},"potentialAction":[{"@type":"SearchAction","target":{"@type":"EntryPoint","urlTemplate":"https:\/\/kapitalis.com\/tunisie\/?s={search_term_string}"},"query-input":{"@type":"PropertyValueSpecification","valueRequired":true,"valueName":"search_term_string"}}],"inLanguage":"fr-FR"},{"@type":"Organization","@id":"https:\/\/kapitalis.com\/tunisie\/#organization","name":"Kapitalis","url":"https:\/\/kapitalis.com\/tunisie\/","logo":{"@type":"ImageObject","inLanguage":"fr-FR","@id":"https:\/\/kapitalis.com\/tunisie\/#\/schema\/logo\/image\/","url":"https:\/\/kapitalis.com\/tunisie\/wp-content\/uploads\/2022\/05\/Kapitalis-big-size.png","contentUrl":"https:\/\/kapitalis.com\/tunisie\/wp-content\/uploads\/2022\/05\/Kapitalis-big-size.png","width":5000,"height":1500,"caption":"Kapitalis"},"image":{"@id":"https:\/\/kapitalis.com\/tunisie\/#\/schema\/logo\/image\/"},"sameAs":["https:\/\/www.facebook.com\/KapitalisInfo\/","https:\/\/x.com\/KapitalisInfo","https:\/\/www.youtube.com\/channel\/UC-yDYrHyfFBWWZaOw3FPg9Q"]},{"@type":"Person","@id":"https:\/\/kapitalis.com\/tunisie\/#\/schema\/person\/093913313d3017554cb3ad077fff3fbd","name":"Amina Mkada","url":"https:\/\/kapitalis.com\/tunisie\/author\/amina\/"}]}},"_links":{"self":[{"href":"https:\/\/kapitalis.com\/tunisie\/wp-json\/wp\/v2\/posts\/290617","targetHints":{"allow":["GET"]}}],"collection":[{"href":"https:\/\/kapitalis.com\/tunisie\/wp-json\/wp\/v2\/posts"}],"about":[{"href":"https:\/\/kapitalis.com\/tunisie\/wp-json\/wp\/v2\/types\/post"}],"author":[{"embeddable":true,"href":"https:\/\/kapitalis.com\/tunisie\/wp-json\/wp\/v2\/users\/22"}],"replies":[{"embeddable":true,"href":"https:\/\/kapitalis.com\/tunisie\/wp-json\/wp\/v2\/comments?post=290617"}],"version-history":[{"count":0,"href":"https:\/\/kapitalis.com\/tunisie\/wp-json\/wp\/v2\/posts\/290617\/revisions"}],"wp:featuredmedia":[{"embeddable":true,"href":"https:\/\/kapitalis.com\/tunisie\/wp-json\/wp\/v2\/media\/290622"}],"wp:attachment":[{"href":"https:\/\/kapitalis.com\/tunisie\/wp-json\/wp\/v2\/media?parent=290617"}],"wp:term":[{"taxonomy":"category","embeddable":true,"href":"https:\/\/kapitalis.com\/tunisie\/wp-json\/wp\/v2\/categories?post=290617"},{"taxonomy":"post_tag","embeddable":true,"href":"https:\/\/kapitalis.com\/tunisie\/wp-json\/wp\/v2\/tags?post=290617"}],"curies":[{"name":"wp","href":"https:\/\/api.w.org\/{rel}","templated":true}]}}