{"id":290644,"date":"2020-03-25T16:31:59","date_gmt":"2020-03-25T15:31:59","guid":{"rendered":"http:\/\/kapitalis.com\/tunisie\/?p=290644"},"modified":"2020-03-25T16:34:25","modified_gmt":"2020-03-25T15:34:25","slug":"coronavirus-le-patron-dun-hotel-a-chott-mariem-et-son-epouse-fuient-le-confinement-sanitaire","status":"publish","type":"post","link":"https:\/\/kapitalis.com\/tunisie\/2020\/03\/25\/coronavirus-le-patron-dun-hotel-a-chott-mariem-et-son-epouse-fuient-le-confinement-sanitaire\/","title":{"rendered":"Coronavirus : le patron d&rsquo;un h\u00f4tel \u00e0 Chott Mariem et son \u00e9pouse fuient le confinement sanitaire"},"content":{"rendered":"\n<figure class=\"wp-block-image size-large\"><img decoding=\"async\" src=\"http:\/\/kapitalis.com\/tunisie\/wp-content\/uploads\/2020\/03\/Chott-Mariem.jpg\" alt=\"\" class=\"wp-image-290676\"\/><\/figure>\n\n\n\n<p><strong><em>Selon Imen Hamida, porte parole du Tribunal de Sousse 2, un couple s&rsquo;est enfui de l&rsquo;h\u00f4tel de son confinement \u00e0 Chott Meriem (Sousse). Il s&rsquo;agit, en l&rsquo;occurrence, du patron m\u00eame de l&rsquo;h\u00f4tel et de son \u00e9pouse. <\/em><\/strong><\/p>\n\n\n\n<!--more-->\n\n\n\n<p>L&rsquo;h\u00f4tel est r\u00e9serv\u00e9 pour le confinement de 245 Tunisiens revenus de l&rsquo;\u00e9tranger, selon le r\u00e8glement en vigueur en Tunisie depuis l&rsquo;apparition du coronavirus.<\/p>\n\n\n\n<p>Le propri\u00e9taire de l&rsquo;h\u00f4tel et son \u00e9pouse ont r\u00e9ussi \u00e0 s&rsquo;enfuir de l&rsquo;\u00e9tablissement, en profitant du remue-m\u00e9nage occasionn\u00e9 par les protestations des habitants de cette r\u00e9gion.<\/p>\n\n\n\n<p>Ils sont partis \u00e0 Nabeul en utilisant le minibus qui devait transporter des \u00e9quipements m\u00e9dicaux et para-m\u00e9dicaux destin\u00e9s aux r\u00e9sidents tunisiens confin\u00e9s \u00e0 l&rsquo;h\u00f4tel. <\/p>\n\n\n\n<p>La police a \u00e9t\u00e9 inform\u00e9e de la fugue par le gardien de l&rsquo;h\u00f4tel qui a constat\u00e9 l&rsquo;absence du couple.<\/p>\n\n\n\n<p class=\"has-text-align-right\"><strong>A. M.<\/strong><\/p>\n","protected":false},"excerpt":{"rendered":"<p>Selon Imen Hamida, porte parole du Tribunal de Sousse 2, un couple s&rsquo;est enfui de l&rsquo;h\u00f4tel de son confinement \u00e0 Chott Meriem (Sousse). Il s&rsquo;agit, en l&rsquo;occurrence, du patron m\u00eame de l&rsquo;h\u00f4tel et de son \u00e9pouse.<\/p>\n","protected":false},"author":22,"featured_media":290676,"comment_status":"open","ping_status":"open","sticky":false,"template":"","format":"standard","meta":{"footnotes":""},"categories":[998,2433],"tags":[19756,73060,76988,76989,650,76990],"class_list":["post-290644","post","type-post","status-publish","format-standard","has-post-thumbnail","hentry","category-societe","category-tunisie","tag-chott-meriem","tag-coronavirus","tag-hotel-de-confinement-des-tunisiens-revenus-de-letranger","tag-imen-hamida","tag-nabeul","tag-tribunal-de-sousse-2"],"yoast_head":"<!-- This site is optimized with the Yoast SEO plugin v26.6 - https:\/\/yoast.com\/wordpress\/plugins\/seo\/ -->\n<title>Coronavirus : le patron d&#039;un h\u00f4tel \u00e0 Chott Mariem et son \u00e9pouse fuient le confinement sanitaire - Kapitalis<\/title>\n<meta name=\"robots\" content=\"index, follow, max-snippet:-1, max-image-preview:large, max-video-preview:-1\" \/>\n<link rel=\"canonical\" href=\"https:\/\/kapitalis.com\/tunisie\/2020\/03\/25\/coronavirus-le-patron-dun-hotel-a-chott-mariem-et-son-epouse-fuient-le-confinement-sanitaire\/\" \/>\n<meta property=\"og:locale\" content=\"fr_FR\" \/>\n<meta property=\"og:type\" content=\"article\" \/>\n<meta property=\"og:title\" content=\"Coronavirus : le patron d&#039;un h\u00f4tel \u00e0 Chott Mariem et son \u00e9pouse fuient le confinement sanitaire - Kapitalis\" \/>\n<meta property=\"og:description\" content=\"Selon Imen Hamida, porte parole du Tribunal de Sousse 2, un couple s&rsquo;est enfui de l&rsquo;h\u00f4tel de son confinement \u00e0 Chott Meriem (Sousse). Il s&rsquo;agit, en l&rsquo;occurrence, du patron m\u00eame de l&rsquo;h\u00f4tel et de son \u00e9pouse.\" \/>\n<meta property=\"og:url\" content=\"https:\/\/kapitalis.com\/tunisie\/2020\/03\/25\/coronavirus-le-patron-dun-hotel-a-chott-mariem-et-son-epouse-fuient-le-confinement-sanitaire\/\" \/>\n<meta property=\"og:site_name\" content=\"Kapitalis\" \/>\n<meta property=\"article:publisher\" content=\"https:\/\/www.facebook.com\/KapitalisInfo\/\" \/>\n<meta property=\"article:published_time\" content=\"2020-03-25T15:31:59+00:00\" \/>\n<meta property=\"article:modified_time\" content=\"2020-03-25T15:34:25+00:00\" \/>\n<meta property=\"og:image\" content=\"https:\/\/kapitalis.com\/tunisie\/wp-content\/uploads\/2022\/05\/kapitalis-logo-fb.png\" \/>\n\t<meta property=\"og:image:width\" content=\"1200\" \/>\n\t<meta property=\"og:image:height\" content=\"630\" \/>\n\t<meta property=\"og:image:type\" content=\"image\/png\" \/>\n<meta name=\"author\" content=\"Amina Mkada\" \/>\n<meta name=\"twitter:card\" content=\"summary_large_image\" \/>\n<meta name=\"twitter:creator\" content=\"@KapitalisInfo\" \/>\n<meta name=\"twitter:site\" content=\"@KapitalisInfo\" \/>\n<meta name=\"twitter:label1\" content=\"\u00c9crit par\" \/>\n\t<meta name=\"twitter:data1\" content=\"Amina Mkada\" \/>\n\t<meta name=\"twitter:label2\" content=\"Dur\u00e9e de lecture estim\u00e9e\" \/>\n\t<meta name=\"twitter:data2\" content=\"1 minute\" \/>\n<script type=\"application\/ld+json\" class=\"yoast-schema-graph\">{\"@context\":\"https:\/\/schema.org\",\"@graph\":[{\"@type\":\"Article\",\"@id\":\"https:\/\/kapitalis.com\/tunisie\/2020\/03\/25\/coronavirus-le-patron-dun-hotel-a-chott-mariem-et-son-epouse-fuient-le-confinement-sanitaire\/#article\",\"isPartOf\":{\"@id\":\"https:\/\/kapitalis.com\/tunisie\/2020\/03\/25\/coronavirus-le-patron-dun-hotel-a-chott-mariem-et-son-epouse-fuient-le-confinement-sanitaire\/\"},\"author\":{\"name\":\"Amina Mkada\",\"@id\":\"https:\/\/kapitalis.com\/tunisie\/#\/schema\/person\/093913313d3017554cb3ad077fff3fbd\"},\"headline\":\"Coronavirus : le patron d&rsquo;un h\u00f4tel \u00e0 Chott Mariem et son \u00e9pouse fuient le confinement sanitaire\",\"datePublished\":\"2020-03-25T15:31:59+00:00\",\"dateModified\":\"2020-03-25T15:34:25+00:00\",\"mainEntityOfPage\":{\"@id\":\"https:\/\/kapitalis.com\/tunisie\/2020\/03\/25\/coronavirus-le-patron-dun-hotel-a-chott-mariem-et-son-epouse-fuient-le-confinement-sanitaire\/\"},\"wordCount\":160,\"commentCount\":0,\"publisher\":{\"@id\":\"https:\/\/kapitalis.com\/tunisie\/#organization\"},\"image\":{\"@id\":\"https:\/\/kapitalis.com\/tunisie\/2020\/03\/25\/coronavirus-le-patron-dun-hotel-a-chott-mariem-et-son-epouse-fuient-le-confinement-sanitaire\/#primaryimage\"},\"thumbnailUrl\":\"\",\"keywords\":[\"Chott Meriem\",\"Coronavirus\",\"h\u00f4tel de confinement des tunisiens revenus de l\u00e9tranger\",\"Imen Hamida\",\"Nabeul\",\"Tribunal de Sousse 2\"],\"articleSection\":[\"SOCIETE\",\"Tunisie\"],\"inLanguage\":\"fr-FR\",\"potentialAction\":[{\"@type\":\"CommentAction\",\"name\":\"Comment\",\"target\":[\"https:\/\/kapitalis.com\/tunisie\/2020\/03\/25\/coronavirus-le-patron-dun-hotel-a-chott-mariem-et-son-epouse-fuient-le-confinement-sanitaire\/#respond\"]}]},{\"@type\":\"WebPage\",\"@id\":\"https:\/\/kapitalis.com\/tunisie\/2020\/03\/25\/coronavirus-le-patron-dun-hotel-a-chott-mariem-et-son-epouse-fuient-le-confinement-sanitaire\/\",\"url\":\"https:\/\/kapitalis.com\/tunisie\/2020\/03\/25\/coronavirus-le-patron-dun-hotel-a-chott-mariem-et-son-epouse-fuient-le-confinement-sanitaire\/\",\"name\":\"Coronavirus : le patron d'un h\u00f4tel \u00e0 Chott Mariem et son \u00e9pouse fuient le confinement sanitaire - Kapitalis\",\"isPartOf\":{\"@id\":\"https:\/\/kapitalis.com\/tunisie\/#website\"},\"primaryImageOfPage\":{\"@id\":\"https:\/\/kapitalis.com\/tunisie\/2020\/03\/25\/coronavirus-le-patron-dun-hotel-a-chott-mariem-et-son-epouse-fuient-le-confinement-sanitaire\/#primaryimage\"},\"image\":{\"@id\":\"https:\/\/kapitalis.com\/tunisie\/2020\/03\/25\/coronavirus-le-patron-dun-hotel-a-chott-mariem-et-son-epouse-fuient-le-confinement-sanitaire\/#primaryimage\"},\"thumbnailUrl\":\"\",\"datePublished\":\"2020-03-25T15:31:59+00:00\",\"dateModified\":\"2020-03-25T15:34:25+00:00\",\"breadcrumb\":{\"@id\":\"https:\/\/kapitalis.com\/tunisie\/2020\/03\/25\/coronavirus-le-patron-dun-hotel-a-chott-mariem-et-son-epouse-fuient-le-confinement-sanitaire\/#breadcrumb\"},\"inLanguage\":\"fr-FR\",\"potentialAction\":[{\"@type\":\"ReadAction\",\"target\":[\"https:\/\/kapitalis.com\/tunisie\/2020\/03\/25\/coronavirus-le-patron-dun-hotel-a-chott-mariem-et-son-epouse-fuient-le-confinement-sanitaire\/\"]}]},{\"@type\":\"ImageObject\",\"inLanguage\":\"fr-FR\",\"@id\":\"https:\/\/kapitalis.com\/tunisie\/2020\/03\/25\/coronavirus-le-patron-dun-hotel-a-chott-mariem-et-son-epouse-fuient-le-confinement-sanitaire\/#primaryimage\",\"url\":\"\",\"contentUrl\":\"\"},{\"@type\":\"BreadcrumbList\",\"@id\":\"https:\/\/kapitalis.com\/tunisie\/2020\/03\/25\/coronavirus-le-patron-dun-hotel-a-chott-mariem-et-son-epouse-fuient-le-confinement-sanitaire\/#breadcrumb\",\"itemListElement\":[{\"@type\":\"ListItem\",\"position\":1,\"name\":\"Accueil\",\"item\":\"https:\/\/kapitalis.com\/tunisie\/\"},{\"@type\":\"ListItem\",\"position\":2,\"name\":\"Coronavirus : le patron d&rsquo;un h\u00f4tel \u00e0 Chott Mariem et son \u00e9pouse fuient le confinement sanitaire\"}]},{\"@type\":\"WebSite\",\"@id\":\"https:\/\/kapitalis.com\/tunisie\/#website\",\"url\":\"https:\/\/kapitalis.com\/tunisie\/\",\"name\":\"Kapitalis\",\"description\":\"L&#039;actualit\u00e9 en Tunisie et dans le monde\",\"publisher\":{\"@id\":\"https:\/\/kapitalis.com\/tunisie\/#organization\"},\"potentialAction\":[{\"@type\":\"SearchAction\",\"target\":{\"@type\":\"EntryPoint\",\"urlTemplate\":\"https:\/\/kapitalis.com\/tunisie\/?s={search_term_string}\"},\"query-input\":{\"@type\":\"PropertyValueSpecification\",\"valueRequired\":true,\"valueName\":\"search_term_string\"}}],\"inLanguage\":\"fr-FR\"},{\"@type\":\"Organization\",\"@id\":\"https:\/\/kapitalis.com\/tunisie\/#organization\",\"name\":\"Kapitalis\",\"url\":\"https:\/\/kapitalis.com\/tunisie\/\",\"logo\":{\"@type\":\"ImageObject\",\"inLanguage\":\"fr-FR\",\"@id\":\"https:\/\/kapitalis.com\/tunisie\/#\/schema\/logo\/image\/\",\"url\":\"https:\/\/kapitalis.com\/tunisie\/wp-content\/uploads\/2022\/05\/Kapitalis-big-size.png\",\"contentUrl\":\"https:\/\/kapitalis.com\/tunisie\/wp-content\/uploads\/2022\/05\/Kapitalis-big-size.png\",\"width\":5000,\"height\":1500,\"caption\":\"Kapitalis\"},\"image\":{\"@id\":\"https:\/\/kapitalis.com\/tunisie\/#\/schema\/logo\/image\/\"},\"sameAs\":[\"https:\/\/www.facebook.com\/KapitalisInfo\/\",\"https:\/\/x.com\/KapitalisInfo\",\"https:\/\/www.youtube.com\/channel\/UC-yDYrHyfFBWWZaOw3FPg9Q\"]},{\"@type\":\"Person\",\"@id\":\"https:\/\/kapitalis.com\/tunisie\/#\/schema\/person\/093913313d3017554cb3ad077fff3fbd\",\"name\":\"Amina Mkada\",\"url\":\"https:\/\/kapitalis.com\/tunisie\/author\/amina\/\"}]}<\/script>\n<!-- \/ Yoast SEO plugin. -->","yoast_head_json":{"title":"Coronavirus : le patron d'un h\u00f4tel \u00e0 Chott Mariem et son \u00e9pouse fuient le confinement sanitaire - Kapitalis","robots":{"index":"index","follow":"follow","max-snippet":"max-snippet:-1","max-image-preview":"max-image-preview:large","max-video-preview":"max-video-preview:-1"},"canonical":"https:\/\/kapitalis.com\/tunisie\/2020\/03\/25\/coronavirus-le-patron-dun-hotel-a-chott-mariem-et-son-epouse-fuient-le-confinement-sanitaire\/","og_locale":"fr_FR","og_type":"article","og_title":"Coronavirus : le patron d'un h\u00f4tel \u00e0 Chott Mariem et son \u00e9pouse fuient le confinement sanitaire - Kapitalis","og_description":"Selon Imen Hamida, porte parole du Tribunal de Sousse 2, un couple s&rsquo;est enfui de l&rsquo;h\u00f4tel de son confinement \u00e0 Chott Meriem (Sousse). Il s&rsquo;agit, en l&rsquo;occurrence, du patron m\u00eame de l&rsquo;h\u00f4tel et de son \u00e9pouse.","og_url":"https:\/\/kapitalis.com\/tunisie\/2020\/03\/25\/coronavirus-le-patron-dun-hotel-a-chott-mariem-et-son-epouse-fuient-le-confinement-sanitaire\/","og_site_name":"Kapitalis","article_publisher":"https:\/\/www.facebook.com\/KapitalisInfo\/","article_published_time":"2020-03-25T15:31:59+00:00","article_modified_time":"2020-03-25T15:34:25+00:00","og_image":[{"width":1200,"height":630,"url":"https:\/\/kapitalis.com\/tunisie\/wp-content\/uploads\/2022\/05\/kapitalis-logo-fb.png","type":"image\/png"}],"author":"Amina Mkada","twitter_card":"summary_large_image","twitter_creator":"@KapitalisInfo","twitter_site":"@KapitalisInfo","twitter_misc":{"\u00c9crit par":"Amina Mkada","Dur\u00e9e de lecture estim\u00e9e":"1 minute"},"schema":{"@context":"https:\/\/schema.org","@graph":[{"@type":"Article","@id":"https:\/\/kapitalis.com\/tunisie\/2020\/03\/25\/coronavirus-le-patron-dun-hotel-a-chott-mariem-et-son-epouse-fuient-le-confinement-sanitaire\/#article","isPartOf":{"@id":"https:\/\/kapitalis.com\/tunisie\/2020\/03\/25\/coronavirus-le-patron-dun-hotel-a-chott-mariem-et-son-epouse-fuient-le-confinement-sanitaire\/"},"author":{"name":"Amina Mkada","@id":"https:\/\/kapitalis.com\/tunisie\/#\/schema\/person\/093913313d3017554cb3ad077fff3fbd"},"headline":"Coronavirus : le patron d&rsquo;un h\u00f4tel \u00e0 Chott Mariem et son \u00e9pouse fuient le confinement sanitaire","datePublished":"2020-03-25T15:31:59+00:00","dateModified":"2020-03-25T15:34:25+00:00","mainEntityOfPage":{"@id":"https:\/\/kapitalis.com\/tunisie\/2020\/03\/25\/coronavirus-le-patron-dun-hotel-a-chott-mariem-et-son-epouse-fuient-le-confinement-sanitaire\/"},"wordCount":160,"commentCount":0,"publisher":{"@id":"https:\/\/kapitalis.com\/tunisie\/#organization"},"image":{"@id":"https:\/\/kapitalis.com\/tunisie\/2020\/03\/25\/coronavirus-le-patron-dun-hotel-a-chott-mariem-et-son-epouse-fuient-le-confinement-sanitaire\/#primaryimage"},"thumbnailUrl":"","keywords":["Chott Meriem","Coronavirus","h\u00f4tel de confinement des tunisiens revenus de l\u00e9tranger","Imen Hamida","Nabeul","Tribunal de Sousse 2"],"articleSection":["SOCIETE","Tunisie"],"inLanguage":"fr-FR","potentialAction":[{"@type":"CommentAction","name":"Comment","target":["https:\/\/kapitalis.com\/tunisie\/2020\/03\/25\/coronavirus-le-patron-dun-hotel-a-chott-mariem-et-son-epouse-fuient-le-confinement-sanitaire\/#respond"]}]},{"@type":"WebPage","@id":"https:\/\/kapitalis.com\/tunisie\/2020\/03\/25\/coronavirus-le-patron-dun-hotel-a-chott-mariem-et-son-epouse-fuient-le-confinement-sanitaire\/","url":"https:\/\/kapitalis.com\/tunisie\/2020\/03\/25\/coronavirus-le-patron-dun-hotel-a-chott-mariem-et-son-epouse-fuient-le-confinement-sanitaire\/","name":"Coronavirus : le patron d'un h\u00f4tel \u00e0 Chott Mariem et son \u00e9pouse fuient le confinement sanitaire - Kapitalis","isPartOf":{"@id":"https:\/\/kapitalis.com\/tunisie\/#website"},"primaryImageOfPage":{"@id":"https:\/\/kapitalis.com\/tunisie\/2020\/03\/25\/coronavirus-le-patron-dun-hotel-a-chott-mariem-et-son-epouse-fuient-le-confinement-sanitaire\/#primaryimage"},"image":{"@id":"https:\/\/kapitalis.com\/tunisie\/2020\/03\/25\/coronavirus-le-patron-dun-hotel-a-chott-mariem-et-son-epouse-fuient-le-confinement-sanitaire\/#primaryimage"},"thumbnailUrl":"","datePublished":"2020-03-25T15:31:59+00:00","dateModified":"2020-03-25T15:34:25+00:00","breadcrumb":{"@id":"https:\/\/kapitalis.com\/tunisie\/2020\/03\/25\/coronavirus-le-patron-dun-hotel-a-chott-mariem-et-son-epouse-fuient-le-confinement-sanitaire\/#breadcrumb"},"inLanguage":"fr-FR","potentialAction":[{"@type":"ReadAction","target":["https:\/\/kapitalis.com\/tunisie\/2020\/03\/25\/coronavirus-le-patron-dun-hotel-a-chott-mariem-et-son-epouse-fuient-le-confinement-sanitaire\/"]}]},{"@type":"ImageObject","inLanguage":"fr-FR","@id":"https:\/\/kapitalis.com\/tunisie\/2020\/03\/25\/coronavirus-le-patron-dun-hotel-a-chott-mariem-et-son-epouse-fuient-le-confinement-sanitaire\/#primaryimage","url":"","contentUrl":""},{"@type":"BreadcrumbList","@id":"https:\/\/kapitalis.com\/tunisie\/2020\/03\/25\/coronavirus-le-patron-dun-hotel-a-chott-mariem-et-son-epouse-fuient-le-confinement-sanitaire\/#breadcrumb","itemListElement":[{"@type":"ListItem","position":1,"name":"Accueil","item":"https:\/\/kapitalis.com\/tunisie\/"},{"@type":"ListItem","position":2,"name":"Coronavirus : le patron d&rsquo;un h\u00f4tel \u00e0 Chott Mariem et son \u00e9pouse fuient le confinement sanitaire"}]},{"@type":"WebSite","@id":"https:\/\/kapitalis.com\/tunisie\/#website","url":"https:\/\/kapitalis.com\/tunisie\/","name":"Kapitalis","description":"L&#039;actualit\u00e9 en Tunisie et dans le monde","publisher":{"@id":"https:\/\/kapitalis.com\/tunisie\/#organization"},"potentialAction":[{"@type":"SearchAction","target":{"@type":"EntryPoint","urlTemplate":"https:\/\/kapitalis.com\/tunisie\/?s={search_term_string}"},"query-input":{"@type":"PropertyValueSpecification","valueRequired":true,"valueName":"search_term_string"}}],"inLanguage":"fr-FR"},{"@type":"Organization","@id":"https:\/\/kapitalis.com\/tunisie\/#organization","name":"Kapitalis","url":"https:\/\/kapitalis.com\/tunisie\/","logo":{"@type":"ImageObject","inLanguage":"fr-FR","@id":"https:\/\/kapitalis.com\/tunisie\/#\/schema\/logo\/image\/","url":"https:\/\/kapitalis.com\/tunisie\/wp-content\/uploads\/2022\/05\/Kapitalis-big-size.png","contentUrl":"https:\/\/kapitalis.com\/tunisie\/wp-content\/uploads\/2022\/05\/Kapitalis-big-size.png","width":5000,"height":1500,"caption":"Kapitalis"},"image":{"@id":"https:\/\/kapitalis.com\/tunisie\/#\/schema\/logo\/image\/"},"sameAs":["https:\/\/www.facebook.com\/KapitalisInfo\/","https:\/\/x.com\/KapitalisInfo","https:\/\/www.youtube.com\/channel\/UC-yDYrHyfFBWWZaOw3FPg9Q"]},{"@type":"Person","@id":"https:\/\/kapitalis.com\/tunisie\/#\/schema\/person\/093913313d3017554cb3ad077fff3fbd","name":"Amina Mkada","url":"https:\/\/kapitalis.com\/tunisie\/author\/amina\/"}]}},"_links":{"self":[{"href":"https:\/\/kapitalis.com\/tunisie\/wp-json\/wp\/v2\/posts\/290644","targetHints":{"allow":["GET"]}}],"collection":[{"href":"https:\/\/kapitalis.com\/tunisie\/wp-json\/wp\/v2\/posts"}],"about":[{"href":"https:\/\/kapitalis.com\/tunisie\/wp-json\/wp\/v2\/types\/post"}],"author":[{"embeddable":true,"href":"https:\/\/kapitalis.com\/tunisie\/wp-json\/wp\/v2\/users\/22"}],"replies":[{"embeddable":true,"href":"https:\/\/kapitalis.com\/tunisie\/wp-json\/wp\/v2\/comments?post=290644"}],"version-history":[{"count":0,"href":"https:\/\/kapitalis.com\/tunisie\/wp-json\/wp\/v2\/posts\/290644\/revisions"}],"wp:featuredmedia":[{"embeddable":true,"href":"https:\/\/kapitalis.com\/tunisie\/wp-json\/wp\/v2\/media\/290676"}],"wp:attachment":[{"href":"https:\/\/kapitalis.com\/tunisie\/wp-json\/wp\/v2\/media?parent=290644"}],"wp:term":[{"taxonomy":"category","embeddable":true,"href":"https:\/\/kapitalis.com\/tunisie\/wp-json\/wp\/v2\/categories?post=290644"},{"taxonomy":"post_tag","embeddable":true,"href":"https:\/\/kapitalis.com\/tunisie\/wp-json\/wp\/v2\/tags?post=290644"}],"curies":[{"name":"wp","href":"https:\/\/api.w.org\/{rel}","templated":true}]}}